{"id":923,"date":"2010-09-08T10:00:56","date_gmt":"2010-09-08T10:00:56","guid":{"rendered":"http:\/\/www.dabus.com.br\/blog\/?p=923"},"modified":"2022-07-25T20:12:00","modified_gmt":"2022-07-25T17:12:00","slug":"a-arquitetura-corporativa-conectada-com-a-geracao-y","status":"publish","type":"post","link":"https:\/\/www.dabusarquitetura.com.br\/blog\/a-arquitetura-corporativa-conectada-com-a-geracao-y\/","title":{"rendered":"A Arquitetura Corporativa conectada com a Gera\u00e7\u00e3o Y"},"content":{"rendered":"<p><img decoding=\"async\" loading=\"lazy\" class=\"size-full wp-image-1159 alignleft\" title=\"Gera\u00e7\u00e3o Y\" src=\"http:\/\/www.dabusarquitetura.com.br\/blog\/wp-content\/uploads\/2010\/09\/Gera\u00e7\u00e3o-Y.jpg\" alt=\"\" width=\"129\" height=\"146\" srcset=\"https:\/\/www.dabusarquitetura.com.br\/blog\/wp-content\/uploads\/2010\/09\/Gera\u00e7\u00e3o-Y.jpg 330w, https:\/\/www.dabusarquitetura.com.br\/blog\/wp-content\/uploads\/2010\/09\/Gera\u00e7\u00e3o-Y-264x300.jpg 264w\" sizes=\"(max-width: 129px) 100vw, 129px\" \/><\/p>\n<p>Ela est\u00e1 a\u00ed, cada vez mais influente, <strong>se destacando no mercado de trabalho,<\/strong> contribuindo com os avan\u00e7os tecnol\u00f3gicos, sendo ao mesmo tempo um elemento de <strong>grandes benef\u00edcios <\/strong>para as empresas como um <strong>desafio <\/strong>para as mesmas.<\/p>\n<p>A chamada <strong>Gera\u00e7\u00e3o Y<\/strong> \u00e9 caracterizada por jovens nascidos <strong>depois de 1980,<\/strong> acostumados (e apaixonados) com as <strong>novas tecnologias, a internet e as redes sociais.<\/strong> Superconectados com o mundo, esses jovens s\u00e3o conhecidos tamb\u00e9m por serem<strong> criativos, afoitos por mudan\u00e7as, \u00e1geis, descontra\u00eddos e bastante cr\u00edticos&#8230;<\/strong><\/p>\n<p>Os <strong>&#8220;Ys&#8221; <\/strong>questionam conceitos e o modo de atuar das empresas. Eles as observam atentamente e <strong>escolhem onde querem trabalhar,<\/strong> fazendo da <strong>marca e da Arquitetura Corporativa <\/strong>elementos de extrema relev\u00e2ncia. Sempre <strong>em busca de novas oportunidades,<\/strong> valorizam <strong>ambientes confort\u00e1veis e tecnol\u00f3gicos, <\/strong>onde possam criar e se expressar livremente. Gostam de tudo o que \u00e9 <strong>personalizado <\/strong>e est\u00e3o sempre prontos para <strong>quebrar paradigmas.<\/strong><\/p>\n<p>Em um <strong>mundo cada vez mais conectado e din\u00e2mico, <\/strong>s\u00e3o ineg\u00e1veis as grandes potencialidades e contribui\u00e7\u00f5es dessa gera\u00e7\u00e3o, mas \u00e9 preciso estar preparado para saber estimul\u00e1-la e aproveit\u00e1-la da melhor forma poss\u00edvel.<\/p>\n<p>Um <strong>projeto de Arquitetura Corporativa,<\/strong> mais do que nunca, precisa ser <strong>inovador, jovem e bem humorado.<\/strong> Estamos falando de uma<strong> tend\u00eancia comportamental <\/strong>que deve ser traduzida com originalidade em <strong>ambientes bem equipados e descontra\u00eddos,<\/strong> mas que, em nenhum momento, abrir\u00e1 m\u00e3o da<strong> identidade e cultura corporativa,<\/strong> tampouco da <strong>efici\u00eancia do trabalho.<\/strong><\/p>\n<div id=\"attachment_1156\" style=\"width: 287px\" class=\"wp-caption aligncenter\"><a title=\"Saiba mais sobre este projeto!\" href=\"http:\/\/www.dabusarquitetura.com.br\/site\/arquitetura-corporativa\/projeto-votorantim-ccti.html\" target=\"_blank\" rel=\"noopener noreferrer\"><img aria-describedby=\"caption-attachment-1156\" decoding=\"async\" loading=\"lazy\" class=\"size-full wp-image-1156 \" title=\"Dabus Arquitetura - CCTI Votorantim \u00c1rea Trabalho\" src=\"http:\/\/www.dabusarquitetura.com.br\/blog\/wp-content\/uploads\/2010\/09\/Dabus-Arquitetura-CCTI-Votorantim-\u00c1rea-Trabalho.jpg\" alt=\"\" width=\"277\" height=\"208\"><\/a><p id=\"caption-attachment-1156\" class=\"wp-caption-text\">Projeto da DABUS ARQUITETURA para escrit\u00f3rio do CCTI Votorantim em S\u00e3o Paulo - \u00c1rea de Trabalho.<\/p><\/div>\n<p>Estimulada a partir de <strong>ambientes com os quais se identifica,<\/strong> a <strong>Gera\u00e7\u00e3o Y <\/strong>\u00e9 capaz de produzir muito mais, at\u00e9 estendendo suas horas de trabalho. <strong>Espa\u00e7os de descontra\u00e7\u00e3o<\/strong> s\u00e3o muito bem-vindos por esses jovens que necessitam trocar experi\u00eancias, fazer conex\u00f5es e criar de modo espont\u00e2neo e divertido.<\/p>\n<a title=\"Saiba mais sobre estse projeto!\" href=\"http:\/\/www.dabusarquitetura.com.br\/site\/arquitetura-corporativa\/projeto-votorantim-ccti.html\" target=\"_blank\" rel=\"noopener noreferrer\"><img decoding=\"async\" loading=\"lazy\" class=\"size-full wp-image-1152 \" title=\"Dabus Arquitetura - Escrit\u00f3rio CCTI Votorantim Espa\u00e7o Integra\" src=\"http:\/\/www.dabusarquitetura.com.br\/blog\/wp-content\/uploads\/2010\/09\/Dabus-Arquitetura-CCTI-Votorantim-Espa\u00e7o-Integra.jpg\" alt=\"\" width=\"277\" height=\"209\"><\/a>\n<p>Por estarem sempre em contato com equipamentos, principalmente o <strong>computador,<\/strong> a <strong>ergonomia <\/strong>se torna um elemento vital. <strong>Mobili\u00e1rio leve, flex\u00edvel e descontra\u00eddo <\/strong>devem se somar \u00e0<strong> ilumina\u00e7\u00e3o adequada<\/strong> que n\u00e3o cansa ou prejudica a vis\u00e3o em constante exposi\u00e7\u00e3o a luz das telas, promovendo, assim, um <strong>ambiente de trabalho confort\u00e1vel e motivador<\/strong> para essa <strong>gera\u00e7\u00e3o aficionada por tecnologia.<\/strong><\/p>\n<p>Sempre em busca de inova\u00e7\u00e3o, a<strong> DABUS ARQUITETURA<\/strong> pode realizar o seu projeto de A<strong>rquitetura Corporativa<\/strong>, preparando-o para oferecer os elementos essenciais compat\u00edveis com <strong>Gera\u00e7\u00e3o Y. <\/strong>Para isso, basta <a title=\"Clique aqui!\" href=\"..\/..\/..\/..\/..\/fale-conosco\/\" target=\"_self\" rel=\"noopener noreferrer\"><strong>entrar em contato conosco.<\/strong><\/a><\/p>\n<p>Juntos encontraremos as solu\u00e7\u00f5es ideais para estimular ainda mais essa gera\u00e7\u00e3o <strong>jovem e cheia de talento!<\/strong><\/p>\n","protected":false},"excerpt":{"rendered":"<p>Ela est\u00e1 a\u00ed, cada vez mais influente, se destacando no mercado de trabalho, contribuindo com os avan\u00e7os tecnol\u00f3gicos, sendo ao mesmo tempo um elemento de [&hellip;]<\/p>\n","protected":false},"author":3,"featured_media":0,"comment_status":"open","ping_status":"open","sticky":false,"template":"","format":"standard","meta":[],"categories":[7,49],"tags":[86,87,83,23,29,75,85,84,65],"yoast_head":"<!-- This site is optimized with the Yoast SEO plugin v20.8 - https:\/\/yoast.com\/wordpress\/plugins\/seo\/ -->\n<title>A Arquitetura Corporativa conectada com a Gera\u00e7\u00e3o Y - DABUS ARQUITETURA<\/title>\n<meta name=\"robots\" content=\"index, follow, max-snippet:-1, max-image-preview:large, max-video-preview:-1\" \/>\n<link rel=\"canonical\" href=\"https:\/\/www.dabusarquitetura.com.br\/blog\/a-arquitetura-corporativa-conectada-com-a-geracao-y\/\" \/>\n<meta property=\"og:locale\" content=\"pt_BR\" \/>\n<meta property=\"og:type\" content=\"article\" \/>\n<meta property=\"og:title\" content=\"A Arquitetura Corporativa conectada com a Gera\u00e7\u00e3o Y - DABUS ARQUITETURA\" \/>\n<meta property=\"og:description\" content=\"Ela est\u00e1 a\u00ed, cada vez mais influente, se destacando no mercado de trabalho, contribuindo com os avan\u00e7os tecnol\u00f3gicos, sendo ao mesmo tempo um elemento de [&hellip;]\" \/>\n<meta property=\"og:url\" content=\"https:\/\/www.dabusarquitetura.com.br\/blog\/a-arquitetura-corporativa-conectada-com-a-geracao-y\/\" \/>\n<meta property=\"og:site_name\" content=\"DABUS ARQUITETURA\" \/>\n<meta property=\"article:published_time\" content=\"2010-09-08T10:00:56+00:00\" \/>\n<meta property=\"article:modified_time\" content=\"2022-07-25T17:12:00+00:00\" \/>\n<meta name=\"author\" content=\"heloisa.dabus\" \/>\n<meta name=\"twitter:card\" content=\"summary_large_image\" \/>\n<meta name=\"twitter:label1\" content=\"Escrito por\" \/>\n\t<meta name=\"twitter:data1\" content=\"heloisa.dabus\" \/>\n\t<meta name=\"twitter:label2\" content=\"Est. tempo de leitura\" \/>\n\t<meta name=\"twitter:data2\" content=\"2 minutos\" \/>\n<script type=\"application\/ld+json\" class=\"yoast-schema-graph\">{\"@context\":\"https:\/\/schema.org\",\"@graph\":[{\"@type\":\"WebPage\",\"@id\":\"https:\/\/www.dabusarquitetura.com.br\/blog\/a-arquitetura-corporativa-conectada-com-a-geracao-y\/\",\"url\":\"https:\/\/www.dabusarquitetura.com.br\/blog\/a-arquitetura-corporativa-conectada-com-a-geracao-y\/\",\"name\":\"A Arquitetura Corporativa conectada com a Gera\u00e7\u00e3o Y - DABUS ARQUITETURA\",\"isPartOf\":{\"@id\":\"https:\/\/www.dabusarquitetura.com.br\/blog\/#website\"},\"datePublished\":\"2010-09-08T10:00:56+00:00\",\"dateModified\":\"2022-07-25T17:12:00+00:00\",\"author\":{\"@id\":\"https:\/\/www.dabusarquitetura.com.br\/blog\/#\/schema\/person\/978b78d74759412a1cd43634996237c4\"},\"breadcrumb\":{\"@id\":\"https:\/\/www.dabusarquitetura.com.br\/blog\/a-arquitetura-corporativa-conectada-com-a-geracao-y\/#breadcrumb\"},\"inLanguage\":\"pt-BR\",\"potentialAction\":[{\"@type\":\"ReadAction\",\"target\":[\"https:\/\/www.dabusarquitetura.com.br\/blog\/a-arquitetura-corporativa-conectada-com-a-geracao-y\/\"]}]},{\"@type\":\"BreadcrumbList\",\"@id\":\"https:\/\/www.dabusarquitetura.com.br\/blog\/a-arquitetura-corporativa-conectada-com-a-geracao-y\/#breadcrumb\",\"itemListElement\":[{\"@type\":\"ListItem\",\"position\":1,\"name\":\"In\u00edcio\",\"item\":\"https:\/\/www.dabusarquitetura.com.br\/blog\/\"},{\"@type\":\"ListItem\",\"position\":2,\"name\":\"A Arquitetura Corporativa conectada com a Gera\u00e7\u00e3o Y\"}]},{\"@type\":\"WebSite\",\"@id\":\"https:\/\/www.dabusarquitetura.com.br\/blog\/#website\",\"url\":\"https:\/\/www.dabusarquitetura.com.br\/blog\/\",\"name\":\"DABUS ARQUITETURA\",\"description\":\"Arquitetura Corporativa\",\"potentialAction\":[{\"@type\":\"SearchAction\",\"target\":{\"@type\":\"EntryPoint\",\"urlTemplate\":\"https:\/\/www.dabusarquitetura.com.br\/blog\/?s={search_term_string}\"},\"query-input\":\"required name=search_term_string\"}],\"inLanguage\":\"pt-BR\"},{\"@type\":\"Person\",\"@id\":\"https:\/\/www.dabusarquitetura.com.br\/blog\/#\/schema\/person\/978b78d74759412a1cd43634996237c4\",\"name\":\"heloisa.dabus\",\"image\":{\"@type\":\"ImageObject\",\"inLanguage\":\"pt-BR\",\"@id\":\"https:\/\/www.dabusarquitetura.com.br\/blog\/#\/schema\/person\/image\/\",\"url\":\"https:\/\/secure.gravatar.com\/avatar\/4078f4f8e54fb70a99a5e9edc642ecb1?s=96&d=mm&r=g\",\"contentUrl\":\"https:\/\/secure.gravatar.com\/avatar\/4078f4f8e54fb70a99a5e9edc642ecb1?s=96&d=mm&r=g\",\"caption\":\"heloisa.dabus\"},\"url\":\"https:\/\/www.dabusarquitetura.com.br\/blog\/author\/heloisa-dabus\/\"}]}<\/script>\n<!-- \/ Yoast SEO plugin. -->","yoast_head_json":{"title":"A Arquitetura Corporativa conectada com a Gera\u00e7\u00e3o Y - DABUS ARQUITETURA","robots":{"index":"index","follow":"follow","max-snippet":"max-snippet:-1","max-image-preview":"max-image-preview:large","max-video-preview":"max-video-preview:-1"},"canonical":"https:\/\/www.dabusarquitetura.com.br\/blog\/a-arquitetura-corporativa-conectada-com-a-geracao-y\/","og_locale":"pt_BR","og_type":"article","og_title":"A Arquitetura Corporativa conectada com a Gera\u00e7\u00e3o Y - DABUS ARQUITETURA","og_description":"Ela est\u00e1 a\u00ed, cada vez mais influente, se destacando no mercado de trabalho, contribuindo com os avan\u00e7os tecnol\u00f3gicos, sendo ao mesmo tempo um elemento de [&hellip;]","og_url":"https:\/\/www.dabusarquitetura.com.br\/blog\/a-arquitetura-corporativa-conectada-com-a-geracao-y\/","og_site_name":"DABUS ARQUITETURA","article_published_time":"2010-09-08T10:00:56+00:00","article_modified_time":"2022-07-25T17:12:00+00:00","author":"heloisa.dabus","twitter_card":"summary_large_image","twitter_misc":{"Escrito por":"heloisa.dabus","Est. tempo de leitura":"2 minutos"},"schema":{"@context":"https:\/\/schema.org","@graph":[{"@type":"WebPage","@id":"https:\/\/www.dabusarquitetura.com.br\/blog\/a-arquitetura-corporativa-conectada-com-a-geracao-y\/","url":"https:\/\/www.dabusarquitetura.com.br\/blog\/a-arquitetura-corporativa-conectada-com-a-geracao-y\/","name":"A Arquitetura Corporativa conectada com a Gera\u00e7\u00e3o Y - DABUS ARQUITETURA","isPartOf":{"@id":"https:\/\/www.dabusarquitetura.com.br\/blog\/#website"},"datePublished":"2010-09-08T10:00:56+00:00","dateModified":"2022-07-25T17:12:00+00:00","author":{"@id":"https:\/\/www.dabusarquitetura.com.br\/blog\/#\/schema\/person\/978b78d74759412a1cd43634996237c4"},"breadcrumb":{"@id":"https:\/\/www.dabusarquitetura.com.br\/blog\/a-arquitetura-corporativa-conectada-com-a-geracao-y\/#breadcrumb"},"inLanguage":"pt-BR","potentialAction":[{"@type":"ReadAction","target":["https:\/\/www.dabusarquitetura.com.br\/blog\/a-arquitetura-corporativa-conectada-com-a-geracao-y\/"]}]},{"@type":"BreadcrumbList","@id":"https:\/\/www.dabusarquitetura.com.br\/blog\/a-arquitetura-corporativa-conectada-com-a-geracao-y\/#breadcrumb","itemListElement":[{"@type":"ListItem","position":1,"name":"In\u00edcio","item":"https:\/\/www.dabusarquitetura.com.br\/blog\/"},{"@type":"ListItem","position":2,"name":"A Arquitetura Corporativa conectada com a Gera\u00e7\u00e3o Y"}]},{"@type":"WebSite","@id":"https:\/\/www.dabusarquitetura.com.br\/blog\/#website","url":"https:\/\/www.dabusarquitetura.com.br\/blog\/","name":"DABUS ARQUITETURA","description":"Arquitetura Corporativa","potentialAction":[{"@type":"SearchAction","target":{"@type":"EntryPoint","urlTemplate":"https:\/\/www.dabusarquitetura.com.br\/blog\/?s={search_term_string}"},"query-input":"required name=search_term_string"}],"inLanguage":"pt-BR"},{"@type":"Person","@id":"https:\/\/www.dabusarquitetura.com.br\/blog\/#\/schema\/person\/978b78d74759412a1cd43634996237c4","name":"heloisa.dabus","image":{"@type":"ImageObject","inLanguage":"pt-BR","@id":"https:\/\/www.dabusarquitetura.com.br\/blog\/#\/schema\/person\/image\/","url":"https:\/\/secure.gravatar.com\/avatar\/4078f4f8e54fb70a99a5e9edc642ecb1?s=96&d=mm&r=g","contentUrl":"https:\/\/secure.gravatar.com\/avatar\/4078f4f8e54fb70a99a5e9edc642ecb1?s=96&d=mm&r=g","caption":"heloisa.dabus"},"url":"https:\/\/www.dabusarquitetura.com.br\/blog\/author\/heloisa-dabus\/"}]}},"_links":{"self":[{"href":"https:\/\/www.dabusarquitetura.com.br\/blog\/wp-json\/wp\/v2\/posts\/923"}],"collection":[{"href":"https:\/\/www.dabusarquitetura.com.br\/blog\/wp-json\/wp\/v2\/posts"}],"about":[{"href":"https:\/\/www.dabusarquitetura.com.br\/blog\/wp-json\/wp\/v2\/types\/post"}],"author":[{"embeddable":true,"href":"https:\/\/www.dabusarquitetura.com.br\/blog\/wp-json\/wp\/v2\/users\/3"}],"replies":[{"embeddable":true,"href":"https:\/\/www.dabusarquitetura.com.br\/blog\/wp-json\/wp\/v2\/comments?post=923"}],"version-history":[{"count":1,"href":"https:\/\/www.dabusarquitetura.com.br\/blog\/wp-json\/wp\/v2\/posts\/923\/revisions"}],"predecessor-version":[{"id":16149,"href":"https:\/\/www.dabusarquitetura.com.br\/blog\/wp-json\/wp\/v2\/posts\/923\/revisions\/16149"}],"wp:attachment":[{"href":"https:\/\/www.dabusarquitetura.com.br\/blog\/wp-json\/wp\/v2\/media?parent=923"}],"wp:term":[{"taxonomy":"category","embeddable":true,"href":"https:\/\/www.dabusarquitetura.com.br\/blog\/wp-json\/wp\/v2\/categories?post=923"},{"taxonomy":"post_tag","embeddable":true,"href":"https:\/\/www.dabusarquitetura.com.br\/blog\/wp-json\/wp\/v2\/tags?post=923"}],"curies":[{"name":"wp","href":"https:\/\/api.w.org\/{rel}","templated":true}]}}