{"id":8997,"date":"2014-12-29T10:00:31","date_gmt":"2014-12-29T10:00:31","guid":{"rendered":"http:\/\/www.dabus.com.br\/blog\/?p=8997"},"modified":"2014-12-21T03:00:57","modified_gmt":"2014-12-21T03:00:57","slug":"ouca-o-som-do-novo-tempo","status":"publish","type":"post","link":"https:\/\/www.dabusarquitetura.com.br\/blog\/ouca-o-som-do-novo-tempo\/","title":{"rendered":"Ou\u00e7a o som do novo tempo&#8230;"},"content":{"rendered":"<p style=\"text-align: center;\"><img decoding=\"async\" loading=\"lazy\" class=\"size-full wp-image-757 aligncenter\" title=\"2015\" src=\"https:\/\/cucaconteudo.files.wordpress.com\/2014\/12\/escutar-tempo-ano-novo.png\" alt=\"escutar-tempo-ano-novo\" width=\"611\" height=\"212\" \/><\/p>\n<p>Agora falta pouco. <strong>2015 j\u00e1 bate \u00e0 porta<\/strong> e pede de n\u00f3s sil\u00eancio para que ou\u00e7amos com aten\u00e7\u00e3o e respeito o nascimento de um novo tempo de possibilidades.<\/p>\n<p>Neste momento est\u00e3o sendo gestados <strong>planos<\/strong>,<strong> sonhos e mudan\u00e7as<\/strong> que enriquecem com profundos significados a vida em sua plena evolu\u00e7\u00e3o.<\/p>\n<p>Que neste R\u00e9veillon\u00a0voc\u00ea n\u00e3o apenas comemore em grande estilo, mas realize tamb\u00e9m o exerc\u00edcio da escuta para descobrir o <strong>que 2015 realmente pede de voc\u00ea<\/strong>.<\/p>\n<p><em>Feliz Ano Novo!<\/em><\/p>\n","protected":false},"excerpt":{"rendered":"<p>Agora falta pouco. 2015 j\u00e1 bate \u00e0 porta e pede de n\u00f3s sil\u00eancio para que ou\u00e7amos com aten\u00e7\u00e3o e respeito o nascimento de um novo [&hellip;]<\/p>\n","protected":false},"author":3,"featured_media":0,"comment_status":"open","ping_status":"open","sticky":false,"template":"","format":"standard","meta":[],"categories":[3],"tags":[],"yoast_head":"<!-- This site is optimized with the Yoast SEO plugin v20.8 - https:\/\/yoast.com\/wordpress\/plugins\/seo\/ -->\n<title>Ou\u00e7a o som do novo tempo... - DABUS ARQUITETURA<\/title>\n<meta name=\"robots\" content=\"index, follow, max-snippet:-1, max-image-preview:large, max-video-preview:-1\" \/>\n<link rel=\"canonical\" href=\"https:\/\/www.dabusarquitetura.com.br\/blog\/ouca-o-som-do-novo-tempo\/\" \/>\n<meta property=\"og:locale\" content=\"pt_BR\" \/>\n<meta property=\"og:type\" content=\"article\" \/>\n<meta property=\"og:title\" content=\"Ou\u00e7a o som do novo tempo... - DABUS ARQUITETURA\" \/>\n<meta property=\"og:description\" content=\"Agora falta pouco. 2015 j\u00e1 bate \u00e0 porta e pede de n\u00f3s sil\u00eancio para que ou\u00e7amos com aten\u00e7\u00e3o e respeito o nascimento de um novo [&hellip;]\" \/>\n<meta property=\"og:url\" content=\"https:\/\/www.dabusarquitetura.com.br\/blog\/ouca-o-som-do-novo-tempo\/\" \/>\n<meta property=\"og:site_name\" content=\"DABUS ARQUITETURA\" \/>\n<meta property=\"article:published_time\" content=\"2014-12-29T10:00:31+00:00\" \/>\n<meta property=\"article:modified_time\" content=\"2014-12-21T03:00:57+00:00\" \/>\n<meta property=\"og:image\" content=\"https:\/\/cucaconteudo.files.wordpress.com\/2014\/12\/escutar-tempo-ano-novo.png\" \/>\n<meta name=\"author\" content=\"heloisa.dabus\" \/>\n<meta name=\"twitter:card\" content=\"summary_large_image\" \/>\n<meta name=\"twitter:label1\" content=\"Escrito por\" \/>\n\t<meta name=\"twitter:data1\" content=\"heloisa.dabus\" \/>\n<script type=\"application\/ld+json\" class=\"yoast-schema-graph\">{\"@context\":\"https:\/\/schema.org\",\"@graph\":[{\"@type\":\"WebPage\",\"@id\":\"https:\/\/www.dabusarquitetura.com.br\/blog\/ouca-o-som-do-novo-tempo\/\",\"url\":\"https:\/\/www.dabusarquitetura.com.br\/blog\/ouca-o-som-do-novo-tempo\/\",\"name\":\"Ou\u00e7a o som do novo tempo... - DABUS ARQUITETURA\",\"isPartOf\":{\"@id\":\"https:\/\/www.dabusarquitetura.com.br\/blog\/#website\"},\"datePublished\":\"2014-12-29T10:00:31+00:00\",\"dateModified\":\"2014-12-21T03:00:57+00:00\",\"author\":{\"@id\":\"https:\/\/www.dabusarquitetura.com.br\/blog\/#\/schema\/person\/978b78d74759412a1cd43634996237c4\"},\"breadcrumb\":{\"@id\":\"https:\/\/www.dabusarquitetura.com.br\/blog\/ouca-o-som-do-novo-tempo\/#breadcrumb\"},\"inLanguage\":\"pt-BR\",\"potentialAction\":[{\"@type\":\"ReadAction\",\"target\":[\"https:\/\/www.dabusarquitetura.com.br\/blog\/ouca-o-som-do-novo-tempo\/\"]}]},{\"@type\":\"BreadcrumbList\",\"@id\":\"https:\/\/www.dabusarquitetura.com.br\/blog\/ouca-o-som-do-novo-tempo\/#breadcrumb\",\"itemListElement\":[{\"@type\":\"ListItem\",\"position\":1,\"name\":\"In\u00edcio\",\"item\":\"https:\/\/www.dabusarquitetura.com.br\/blog\/\"},{\"@type\":\"ListItem\",\"position\":2,\"name\":\"Ou\u00e7a o som do novo tempo&#8230;\"}]},{\"@type\":\"WebSite\",\"@id\":\"https:\/\/www.dabusarquitetura.com.br\/blog\/#website\",\"url\":\"https:\/\/www.dabusarquitetura.com.br\/blog\/\",\"name\":\"DABUS ARQUITETURA\",\"description\":\"Arquitetura Corporativa\",\"potentialAction\":[{\"@type\":\"SearchAction\",\"target\":{\"@type\":\"EntryPoint\",\"urlTemplate\":\"https:\/\/www.dabusarquitetura.com.br\/blog\/?s={search_term_string}\"},\"query-input\":\"required name=search_term_string\"}],\"inLanguage\":\"pt-BR\"},{\"@type\":\"Person\",\"@id\":\"https:\/\/www.dabusarquitetura.com.br\/blog\/#\/schema\/person\/978b78d74759412a1cd43634996237c4\",\"name\":\"heloisa.dabus\",\"image\":{\"@type\":\"ImageObject\",\"inLanguage\":\"pt-BR\",\"@id\":\"https:\/\/www.dabusarquitetura.com.br\/blog\/#\/schema\/person\/image\/\",\"url\":\"https:\/\/secure.gravatar.com\/avatar\/4078f4f8e54fb70a99a5e9edc642ecb1?s=96&d=mm&r=g\",\"contentUrl\":\"https:\/\/secure.gravatar.com\/avatar\/4078f4f8e54fb70a99a5e9edc642ecb1?s=96&d=mm&r=g\",\"caption\":\"heloisa.dabus\"},\"url\":\"https:\/\/www.dabusarquitetura.com.br\/blog\/author\/heloisa-dabus\/\"}]}<\/script>\n<!-- \/ Yoast SEO plugin. -->","yoast_head_json":{"title":"Ou\u00e7a o som do novo tempo... - DABUS ARQUITETURA","robots":{"index":"index","follow":"follow","max-snippet":"max-snippet:-1","max-image-preview":"max-image-preview:large","max-video-preview":"max-video-preview:-1"},"canonical":"https:\/\/www.dabusarquitetura.com.br\/blog\/ouca-o-som-do-novo-tempo\/","og_locale":"pt_BR","og_type":"article","og_title":"Ou\u00e7a o som do novo tempo... - DABUS ARQUITETURA","og_description":"Agora falta pouco. 2015 j\u00e1 bate \u00e0 porta e pede de n\u00f3s sil\u00eancio para que ou\u00e7amos com aten\u00e7\u00e3o e respeito o nascimento de um novo [&hellip;]","og_url":"https:\/\/www.dabusarquitetura.com.br\/blog\/ouca-o-som-do-novo-tempo\/","og_site_name":"DABUS ARQUITETURA","article_published_time":"2014-12-29T10:00:31+00:00","article_modified_time":"2014-12-21T03:00:57+00:00","og_image":[{"url":"https:\/\/cucaconteudo.files.wordpress.com\/2014\/12\/escutar-tempo-ano-novo.png"}],"author":"heloisa.dabus","twitter_card":"summary_large_image","twitter_misc":{"Escrito por":"heloisa.dabus"},"schema":{"@context":"https:\/\/schema.org","@graph":[{"@type":"WebPage","@id":"https:\/\/www.dabusarquitetura.com.br\/blog\/ouca-o-som-do-novo-tempo\/","url":"https:\/\/www.dabusarquitetura.com.br\/blog\/ouca-o-som-do-novo-tempo\/","name":"Ou\u00e7a o som do novo tempo... - DABUS ARQUITETURA","isPartOf":{"@id":"https:\/\/www.dabusarquitetura.com.br\/blog\/#website"},"datePublished":"2014-12-29T10:00:31+00:00","dateModified":"2014-12-21T03:00:57+00:00","author":{"@id":"https:\/\/www.dabusarquitetura.com.br\/blog\/#\/schema\/person\/978b78d74759412a1cd43634996237c4"},"breadcrumb":{"@id":"https:\/\/www.dabusarquitetura.com.br\/blog\/ouca-o-som-do-novo-tempo\/#breadcrumb"},"inLanguage":"pt-BR","potentialAction":[{"@type":"ReadAction","target":["https:\/\/www.dabusarquitetura.com.br\/blog\/ouca-o-som-do-novo-tempo\/"]}]},{"@type":"BreadcrumbList","@id":"https:\/\/www.dabusarquitetura.com.br\/blog\/ouca-o-som-do-novo-tempo\/#breadcrumb","itemListElement":[{"@type":"ListItem","position":1,"name":"In\u00edcio","item":"https:\/\/www.dabusarquitetura.com.br\/blog\/"},{"@type":"ListItem","position":2,"name":"Ou\u00e7a o som do novo tempo&#8230;"}]},{"@type":"WebSite","@id":"https:\/\/www.dabusarquitetura.com.br\/blog\/#website","url":"https:\/\/www.dabusarquitetura.com.br\/blog\/","name":"DABUS ARQUITETURA","description":"Arquitetura Corporativa","potentialAction":[{"@type":"SearchAction","target":{"@type":"EntryPoint","urlTemplate":"https:\/\/www.dabusarquitetura.com.br\/blog\/?s={search_term_string}"},"query-input":"required name=search_term_string"}],"inLanguage":"pt-BR"},{"@type":"Person","@id":"https:\/\/www.dabusarquitetura.com.br\/blog\/#\/schema\/person\/978b78d74759412a1cd43634996237c4","name":"heloisa.dabus","image":{"@type":"ImageObject","inLanguage":"pt-BR","@id":"https:\/\/www.dabusarquitetura.com.br\/blog\/#\/schema\/person\/image\/","url":"https:\/\/secure.gravatar.com\/avatar\/4078f4f8e54fb70a99a5e9edc642ecb1?s=96&d=mm&r=g","contentUrl":"https:\/\/secure.gravatar.com\/avatar\/4078f4f8e54fb70a99a5e9edc642ecb1?s=96&d=mm&r=g","caption":"heloisa.dabus"},"url":"https:\/\/www.dabusarquitetura.com.br\/blog\/author\/heloisa-dabus\/"}]}},"_links":{"self":[{"href":"https:\/\/www.dabusarquitetura.com.br\/blog\/wp-json\/wp\/v2\/posts\/8997"}],"collection":[{"href":"https:\/\/www.dabusarquitetura.com.br\/blog\/wp-json\/wp\/v2\/posts"}],"about":[{"href":"https:\/\/www.dabusarquitetura.com.br\/blog\/wp-json\/wp\/v2\/types\/post"}],"author":[{"embeddable":true,"href":"https:\/\/www.dabusarquitetura.com.br\/blog\/wp-json\/wp\/v2\/users\/3"}],"replies":[{"embeddable":true,"href":"https:\/\/www.dabusarquitetura.com.br\/blog\/wp-json\/wp\/v2\/comments?post=8997"}],"version-history":[{"count":0,"href":"https:\/\/www.dabusarquitetura.com.br\/blog\/wp-json\/wp\/v2\/posts\/8997\/revisions"}],"wp:attachment":[{"href":"https:\/\/www.dabusarquitetura.com.br\/blog\/wp-json\/wp\/v2\/media?parent=8997"}],"wp:term":[{"taxonomy":"category","embeddable":true,"href":"https:\/\/www.dabusarquitetura.com.br\/blog\/wp-json\/wp\/v2\/categories?post=8997"},{"taxonomy":"post_tag","embeddable":true,"href":"https:\/\/www.dabusarquitetura.com.br\/blog\/wp-json\/wp\/v2\/tags?post=8997"}],"curies":[{"name":"wp","href":"https:\/\/api.w.org\/{rel}","templated":true}]}}