{"id":8991,"date":"2014-12-22T10:00:03","date_gmt":"2014-12-22T10:00:03","guid":{"rendered":"http:\/\/www.dabus.com.br\/blog\/?p=8991"},"modified":"2014-12-21T01:04:18","modified_gmt":"2014-12-21T01:04:18","slug":"juntos-para-celebrar-a-vida","status":"publish","type":"post","link":"https:\/\/www.dabusarquitetura.com.br\/blog\/juntos-para-celebrar-a-vida\/","title":{"rendered":"Juntos para celebrar a vida!"},"content":{"rendered":"<p>H\u00e1 um brilho no olhar, uma paz no cora\u00e7\u00e3o que <strong>une todos n\u00f3s<\/strong> \u00e0 luz de \u00e1rvores enfeitadas e brilhos coloridos.<\/p>\n<p>\u00c9 tempo de dar as m\u00e3os esquecendo as dist\u00e2ncias para<strong> celebrar a vida em alto e bom tom<\/strong> da maneira exata como a ocasi\u00e3o enseja.<\/p>\n<p>Desfrute das boas companhias, fa\u00e7a planos e vivencie\u00a0cada segundo com intensidade. Essa \u00e9 uma excelente maneira de <strong>equilibrar o esp\u00edrito<\/strong> diante do pr\u00f3ximo ano que se aproxima.<\/p>\n<p>A <strong>DABUS ARQUITETURA<\/strong>\u00a0e toda sua equipe desejam a voc\u00ea um excelente <strong>Natal<\/strong>, farto de presen\u00e7as inestim\u00e1veis.<\/p>\n<p><img decoding=\"async\" loading=\"lazy\" class=\"aligncenter wp-image-755 size-full\" title=\"Feliz Natal!\" src=\"https:\/\/cucaconteudo.files.wordpress.com\/2014\/12\/cartao-fim-ano-dabus-arquitetura.png\" alt=\"cartao-fim-ano-dabus-arquitetura\" width=\"611\" height=\"563\" \/><\/p>\n<h2><strong>Programa\u00e7\u00e3o de fim de ano <\/strong><\/h2>\n<p>Aproveitamos a oportunidade\u00a0para comunicar que o per\u00edodo de recesso do escrit\u00f3rio ser\u00e1 <strong>de\u00a022\/12\/2014 a 05\/01\/2015<\/strong>.<\/p>\n<p>Desde j\u00e1 agradecemos a compreens\u00e3o!<\/p>\n","protected":false},"excerpt":{"rendered":"<p>H\u00e1 um brilho no olhar, uma paz no cora\u00e7\u00e3o que une todos n\u00f3s \u00e0 luz de \u00e1rvores enfeitadas e brilhos coloridos. \u00c9 tempo de dar [&hellip;]<\/p>\n","protected":false},"author":3,"featured_media":0,"comment_status":"open","ping_status":"open","sticky":false,"template":"","format":"standard","meta":[],"categories":[3],"tags":[],"yoast_head":"<!-- This site is optimized with the Yoast SEO plugin v20.8 - https:\/\/yoast.com\/wordpress\/plugins\/seo\/ -->\n<title>Juntos para celebrar a vida! - DABUS ARQUITETURA<\/title>\n<meta name=\"robots\" content=\"index, follow, max-snippet:-1, max-image-preview:large, max-video-preview:-1\" \/>\n<link rel=\"canonical\" href=\"https:\/\/www.dabusarquitetura.com.br\/blog\/juntos-para-celebrar-a-vida\/\" \/>\n<meta property=\"og:locale\" content=\"pt_BR\" \/>\n<meta property=\"og:type\" content=\"article\" \/>\n<meta property=\"og:title\" content=\"Juntos para celebrar a vida! - DABUS ARQUITETURA\" \/>\n<meta property=\"og:description\" content=\"H\u00e1 um brilho no olhar, uma paz no cora\u00e7\u00e3o que une todos n\u00f3s \u00e0 luz de \u00e1rvores enfeitadas e brilhos coloridos. \u00c9 tempo de dar [&hellip;]\" \/>\n<meta property=\"og:url\" content=\"https:\/\/www.dabusarquitetura.com.br\/blog\/juntos-para-celebrar-a-vida\/\" \/>\n<meta property=\"og:site_name\" content=\"DABUS ARQUITETURA\" \/>\n<meta property=\"article:published_time\" content=\"2014-12-22T10:00:03+00:00\" \/>\n<meta property=\"article:modified_time\" content=\"2014-12-21T01:04:18+00:00\" \/>\n<meta property=\"og:image\" content=\"https:\/\/cucaconteudo.files.wordpress.com\/2014\/12\/cartao-fim-ano-dabus-arquitetura.png\" \/>\n<meta name=\"author\" content=\"heloisa.dabus\" \/>\n<meta name=\"twitter:card\" content=\"summary_large_image\" \/>\n<meta name=\"twitter:label1\" content=\"Escrito por\" \/>\n\t<meta name=\"twitter:data1\" content=\"heloisa.dabus\" \/>\n\t<meta name=\"twitter:label2\" content=\"Est. tempo de leitura\" \/>\n\t<meta name=\"twitter:data2\" content=\"1 minuto\" \/>\n<script type=\"application\/ld+json\" class=\"yoast-schema-graph\">{\"@context\":\"https:\/\/schema.org\",\"@graph\":[{\"@type\":\"WebPage\",\"@id\":\"https:\/\/www.dabusarquitetura.com.br\/blog\/juntos-para-celebrar-a-vida\/\",\"url\":\"https:\/\/www.dabusarquitetura.com.br\/blog\/juntos-para-celebrar-a-vida\/\",\"name\":\"Juntos para celebrar a vida! - DABUS ARQUITETURA\",\"isPartOf\":{\"@id\":\"https:\/\/www.dabusarquitetura.com.br\/blog\/#website\"},\"datePublished\":\"2014-12-22T10:00:03+00:00\",\"dateModified\":\"2014-12-21T01:04:18+00:00\",\"author\":{\"@id\":\"https:\/\/www.dabusarquitetura.com.br\/blog\/#\/schema\/person\/978b78d74759412a1cd43634996237c4\"},\"breadcrumb\":{\"@id\":\"https:\/\/www.dabusarquitetura.com.br\/blog\/juntos-para-celebrar-a-vida\/#breadcrumb\"},\"inLanguage\":\"pt-BR\",\"potentialAction\":[{\"@type\":\"ReadAction\",\"target\":[\"https:\/\/www.dabusarquitetura.com.br\/blog\/juntos-para-celebrar-a-vida\/\"]}]},{\"@type\":\"BreadcrumbList\",\"@id\":\"https:\/\/www.dabusarquitetura.com.br\/blog\/juntos-para-celebrar-a-vida\/#breadcrumb\",\"itemListElement\":[{\"@type\":\"ListItem\",\"position\":1,\"name\":\"In\u00edcio\",\"item\":\"https:\/\/www.dabusarquitetura.com.br\/blog\/\"},{\"@type\":\"ListItem\",\"position\":2,\"name\":\"Juntos para celebrar a vida!\"}]},{\"@type\":\"WebSite\",\"@id\":\"https:\/\/www.dabusarquitetura.com.br\/blog\/#website\",\"url\":\"https:\/\/www.dabusarquitetura.com.br\/blog\/\",\"name\":\"DABUS ARQUITETURA\",\"description\":\"Arquitetura Corporativa\",\"potentialAction\":[{\"@type\":\"SearchAction\",\"target\":{\"@type\":\"EntryPoint\",\"urlTemplate\":\"https:\/\/www.dabusarquitetura.com.br\/blog\/?s={search_term_string}\"},\"query-input\":\"required name=search_term_string\"}],\"inLanguage\":\"pt-BR\"},{\"@type\":\"Person\",\"@id\":\"https:\/\/www.dabusarquitetura.com.br\/blog\/#\/schema\/person\/978b78d74759412a1cd43634996237c4\",\"name\":\"heloisa.dabus\",\"image\":{\"@type\":\"ImageObject\",\"inLanguage\":\"pt-BR\",\"@id\":\"https:\/\/www.dabusarquitetura.com.br\/blog\/#\/schema\/person\/image\/\",\"url\":\"https:\/\/secure.gravatar.com\/avatar\/4078f4f8e54fb70a99a5e9edc642ecb1?s=96&d=mm&r=g\",\"contentUrl\":\"https:\/\/secure.gravatar.com\/avatar\/4078f4f8e54fb70a99a5e9edc642ecb1?s=96&d=mm&r=g\",\"caption\":\"heloisa.dabus\"},\"url\":\"https:\/\/www.dabusarquitetura.com.br\/blog\/author\/heloisa-dabus\/\"}]}<\/script>\n<!-- \/ Yoast SEO plugin. -->","yoast_head_json":{"title":"Juntos para celebrar a vida! - DABUS ARQUITETURA","robots":{"index":"index","follow":"follow","max-snippet":"max-snippet:-1","max-image-preview":"max-image-preview:large","max-video-preview":"max-video-preview:-1"},"canonical":"https:\/\/www.dabusarquitetura.com.br\/blog\/juntos-para-celebrar-a-vida\/","og_locale":"pt_BR","og_type":"article","og_title":"Juntos para celebrar a vida! - DABUS ARQUITETURA","og_description":"H\u00e1 um brilho no olhar, uma paz no cora\u00e7\u00e3o que une todos n\u00f3s \u00e0 luz de \u00e1rvores enfeitadas e brilhos coloridos. \u00c9 tempo de dar [&hellip;]","og_url":"https:\/\/www.dabusarquitetura.com.br\/blog\/juntos-para-celebrar-a-vida\/","og_site_name":"DABUS ARQUITETURA","article_published_time":"2014-12-22T10:00:03+00:00","article_modified_time":"2014-12-21T01:04:18+00:00","og_image":[{"url":"https:\/\/cucaconteudo.files.wordpress.com\/2014\/12\/cartao-fim-ano-dabus-arquitetura.png"}],"author":"heloisa.dabus","twitter_card":"summary_large_image","twitter_misc":{"Escrito por":"heloisa.dabus","Est. tempo de leitura":"1 minuto"},"schema":{"@context":"https:\/\/schema.org","@graph":[{"@type":"WebPage","@id":"https:\/\/www.dabusarquitetura.com.br\/blog\/juntos-para-celebrar-a-vida\/","url":"https:\/\/www.dabusarquitetura.com.br\/blog\/juntos-para-celebrar-a-vida\/","name":"Juntos para celebrar a vida! - DABUS ARQUITETURA","isPartOf":{"@id":"https:\/\/www.dabusarquitetura.com.br\/blog\/#website"},"datePublished":"2014-12-22T10:00:03+00:00","dateModified":"2014-12-21T01:04:18+00:00","author":{"@id":"https:\/\/www.dabusarquitetura.com.br\/blog\/#\/schema\/person\/978b78d74759412a1cd43634996237c4"},"breadcrumb":{"@id":"https:\/\/www.dabusarquitetura.com.br\/blog\/juntos-para-celebrar-a-vida\/#breadcrumb"},"inLanguage":"pt-BR","potentialAction":[{"@type":"ReadAction","target":["https:\/\/www.dabusarquitetura.com.br\/blog\/juntos-para-celebrar-a-vida\/"]}]},{"@type":"BreadcrumbList","@id":"https:\/\/www.dabusarquitetura.com.br\/blog\/juntos-para-celebrar-a-vida\/#breadcrumb","itemListElement":[{"@type":"ListItem","position":1,"name":"In\u00edcio","item":"https:\/\/www.dabusarquitetura.com.br\/blog\/"},{"@type":"ListItem","position":2,"name":"Juntos para celebrar a vida!"}]},{"@type":"WebSite","@id":"https:\/\/www.dabusarquitetura.com.br\/blog\/#website","url":"https:\/\/www.dabusarquitetura.com.br\/blog\/","name":"DABUS ARQUITETURA","description":"Arquitetura Corporativa","potentialAction":[{"@type":"SearchAction","target":{"@type":"EntryPoint","urlTemplate":"https:\/\/www.dabusarquitetura.com.br\/blog\/?s={search_term_string}"},"query-input":"required name=search_term_string"}],"inLanguage":"pt-BR"},{"@type":"Person","@id":"https:\/\/www.dabusarquitetura.com.br\/blog\/#\/schema\/person\/978b78d74759412a1cd43634996237c4","name":"heloisa.dabus","image":{"@type":"ImageObject","inLanguage":"pt-BR","@id":"https:\/\/www.dabusarquitetura.com.br\/blog\/#\/schema\/person\/image\/","url":"https:\/\/secure.gravatar.com\/avatar\/4078f4f8e54fb70a99a5e9edc642ecb1?s=96&d=mm&r=g","contentUrl":"https:\/\/secure.gravatar.com\/avatar\/4078f4f8e54fb70a99a5e9edc642ecb1?s=96&d=mm&r=g","caption":"heloisa.dabus"},"url":"https:\/\/www.dabusarquitetura.com.br\/blog\/author\/heloisa-dabus\/"}]}},"_links":{"self":[{"href":"https:\/\/www.dabusarquitetura.com.br\/blog\/wp-json\/wp\/v2\/posts\/8991"}],"collection":[{"href":"https:\/\/www.dabusarquitetura.com.br\/blog\/wp-json\/wp\/v2\/posts"}],"about":[{"href":"https:\/\/www.dabusarquitetura.com.br\/blog\/wp-json\/wp\/v2\/types\/post"}],"author":[{"embeddable":true,"href":"https:\/\/www.dabusarquitetura.com.br\/blog\/wp-json\/wp\/v2\/users\/3"}],"replies":[{"embeddable":true,"href":"https:\/\/www.dabusarquitetura.com.br\/blog\/wp-json\/wp\/v2\/comments?post=8991"}],"version-history":[{"count":0,"href":"https:\/\/www.dabusarquitetura.com.br\/blog\/wp-json\/wp\/v2\/posts\/8991\/revisions"}],"wp:attachment":[{"href":"https:\/\/www.dabusarquitetura.com.br\/blog\/wp-json\/wp\/v2\/media?parent=8991"}],"wp:term":[{"taxonomy":"category","embeddable":true,"href":"https:\/\/www.dabusarquitetura.com.br\/blog\/wp-json\/wp\/v2\/categories?post=8991"},{"taxonomy":"post_tag","embeddable":true,"href":"https:\/\/www.dabusarquitetura.com.br\/blog\/wp-json\/wp\/v2\/tags?post=8991"}],"curies":[{"name":"wp","href":"https:\/\/api.w.org\/{rel}","templated":true}]}}