{"id":8893,"date":"2014-11-19T12:48:24","date_gmt":"2014-11-19T12:48:24","guid":{"rendered":"http:\/\/www.dabus.com.br\/blog\/?p=8893"},"modified":"2014-11-19T12:48:24","modified_gmt":"2014-11-19T12:48:24","slug":"fachadas-corporativas-em-estilo-minimalista","status":"publish","type":"post","link":"https:\/\/www.dabusarquitetura.com.br\/blog\/fachadas-corporativas-em-estilo-minimalista\/","title":{"rendered":"Fachadas corporativas em estilo minimalista"},"content":{"rendered":"<p>Como afirmamos no post sobre a <a title=\"Veja aqui!\" href=\"http:\/\/www.dabus.com.br\/blog\/2014\/11\/fachada-do-escritorio-em-sintonia-com-a-identidade-da-marca\/\"><strong>sintonia entre a fachada do escrit\u00f3rio e a identidade da marca<\/strong><\/a>, \u00e9 fundamental que a parte externa da <strong>Arquitetura Corporativa<\/strong> seja desenvolvida de modo a <strong>se destacar entre as incont\u00e1veis constru\u00e7\u00f5es<\/strong> que disputam a aten\u00e7\u00e3o dos indiv\u00edduos na cidade.<\/p>\n<p>Essa busca por configura\u00e7\u00f5es que permitam a apresenta\u00e7\u00e3o de <strong>elementos diferenciadores<\/strong>\u00a0n\u00e3o estabelece, por\u00e9m, qualquer\u00a0justificativa direta para a ado\u00e7\u00e3o de aplica\u00e7\u00f5es excessivas. Na verdade, a beleza e a funcionalidade est\u00e3o em maior parte refletidas no <strong>bom gosto do equil\u00edbrio<\/strong>.<\/p>\n<p>Em outras palavras, o que estamos dizendo \u00e9 que, embora o escrit\u00f3rio deva chamar a aten\u00e7\u00e3o, isso n\u00e3o significa que ele tenha de ser transformado\u00a0em uma \u00e1rvore de Natal gigante, cheia de luzes e adere\u00e7os decorativos brilhantes.<\/p>\n<p>Em meio \u00e0 conturbada paisagem urbana uma solu\u00e7\u00e3o muito interessante para se sobressair, pode ser justamente ir na <strong>contram\u00e3o dos excessos<\/strong>.\u00a0Muitas vezes a simplicidade \u00e9 o <strong>melhor caminho para surpreender<\/strong> e ainda transmitir credibilidade e agregar valor.<\/p>\n<h2><strong>Estilo comedido, mas eficiente<\/strong><\/h2>\n<p><strong>Fachadas corporativas em estilo minimalista<\/strong> podem ser muito eficientes quando adequadas \u00e0 cultura da empresa e \u00e0 identidade da marca. Com cores neutras, tra\u00e7os bem definidos, materiais industriais modernos e\u00a0uma <strong>linguagem econ\u00f4mica<\/strong>, elas oferecem conforto visual e uma bem vinda sensa\u00e7\u00e3o de solidez, criatividade e eleg\u00e2ncia.<\/p>\n<p>A <strong>ilumina\u00e7\u00e3o \u00e9 um recurso importante<\/strong> nesse tipo de composi\u00e7\u00e3o. Al\u00e9m de\u00a0criar pontos de atra\u00e7\u00e3o que conferem mais din\u00e2mica \u00e0 obra, ela ajuda a valorizar\u00a0as formas<\/p>\n<p style=\"text-align: center;\">\u00a0<img decoding=\"async\" loading=\"lazy\" class=\"aligncenter wp-image-646 size-full\" title=\"NETE\" src=\"https:\/\/cucaconteudo.files.wordpress.com\/2014\/11\/arquitetura-corporativa-fachada-minimalista-nete.png\" alt=\"arquitetura-corporativa-fachada-minimalista-nete\" width=\"455\" height=\"270\" \/><\/p>\n<p style=\"text-align: center;\"><span style=\"color: #808080;\">NETE\u00a0| Projeto de architectenbureau Wil-Ma\u00a0| Fonte: <span style=\"text-decoration: underline;\"><a href=\"http:\/\/www.archdaily.com\/517213\/office-nete-architectenbureau-wil-ma\/\" target=\"_blank\"><span style=\"color: #808080; text-decoration: underline;\">ArchDaily<\/span><\/a><\/span>.<\/span><\/p>\n<p style=\"text-align: center;\"><img decoding=\"async\" loading=\"lazy\" class=\"aligncenter wp-image-651 size-full\" title=\"Look Up Agentur\" src=\"https:\/\/cucaconteudo.files.wordpress.com\/2014\/11\/arquitetura-corporativa-fachada-minimalista-look-up-agentur.png\" alt=\"arquitetura-corporativa-fachada-minimalista-look-up-agentur\" width=\"455\" height=\"270\" \/><\/p>\n<p style=\"text-align: center;\"><span style=\"color: #808080;\">Look Up Agentur\u00a0| Projeto de Anin Jeromin Fitilidis &amp; Partner Architecture\u00a0| Fonte: <span style=\"text-decoration: underline;\"><a href=\"http:\/\/www.contemporist.com\/2011\/08\/28\/look-up-agentur-by-anin-jeromin-fitilidis-partner-architecture\/\" target=\"_blank\"><span style=\"color: #808080; text-decoration: underline;\">Contemporist<\/span><\/a><\/span>.<\/span><\/p>\n<p style=\"text-align: center;\"><img decoding=\"async\" loading=\"lazy\" class=\"aligncenter wp-image-650 size-full\" title=\"Sanibell\" src=\"https:\/\/cucaconteudo.files.wordpress.com\/2014\/11\/arquitetura-corporativa-fachada-minimalista-sanibell.png\" alt=\"arquitetura-corporativa-fachada-minimalista-sanibell\" width=\"455\" height=\"270\" \/><\/p>\n<p style=\"text-align: center;\"><span style=\"color: #808080;\">Sanibell\u00a0| Projeto de RoosRos Architecten | Fonte:\u00a0<span style=\"text-decoration: underline;\"><a href=\"http:\/\/freshome.com\/2014\/10\/02\/stacked-white-volumes-edged-in-black-sanibell-office-building-in-the-netherlands\/\" target=\"_blank\"><span style=\"color: #808080; text-decoration: underline;\">Freshome<\/span><\/a><\/span>.<\/span><\/p>\n<p style=\"text-align: center;\"><img decoding=\"async\" loading=\"lazy\" class=\"aligncenter wp-image-649 size-full\" title=\"CUNIPIC\" src=\"https:\/\/cucaconteudo.files.wordpress.com\/2014\/11\/arquitetura-corporativa-cunipic.png\" alt=\"arquitetura-corporativa-cunipic\" width=\"455\" height=\"270\" \/><\/p>\n<p style=\"text-align: center;\"><span style=\"color: #808080;\">CUNIPIC\u00a0| Projeto de CODIstudio\u00a0| Fonte: <span style=\"text-decoration: underline;\"><a href=\"http:\/\/www.archdaily.com\/362044\/cunipic-headquarters-codistudio\/\" target=\"_blank\"><span style=\"color: #808080; text-decoration: underline;\">ArchDaily<\/span><\/a><\/span>.<\/span><\/p>\n<p>Conhe\u00e7a os estilos e as melhores solu\u00e7\u00f5es para o seu projeto de <strong>Arquitetura Corporativa<\/strong>.\u00a0<strong><a title=\"Clique aqui!\" href=\"http:\/\/www.dabus.com.br\/blog\/fale-conosco\/\">Entre em contato<\/a><\/strong>\u00a0com a\u00a0<strong>DABUS ARQUITETURA\u00a0<\/strong>e saiba como podemos te ajudar!<\/p>\n","protected":false},"excerpt":{"rendered":"<p>Como afirmamos no post sobre a sintonia entre a fachada do escrit\u00f3rio e a identidade da marca, \u00e9 fundamental que a parte externa da Arquitetura [&hellip;]<\/p>\n","protected":false},"author":3,"featured_media":0,"comment_status":"open","ping_status":"open","sticky":false,"template":"","format":"standard","meta":[],"categories":[7],"tags":[],"yoast_head":"<!-- This site is optimized with the Yoast SEO plugin v20.8 - https:\/\/yoast.com\/wordpress\/plugins\/seo\/ -->\n<title>Fachadas corporativas em estilo minimalista - DABUS ARQUITETURA<\/title>\n<meta name=\"robots\" content=\"index, follow, max-snippet:-1, max-image-preview:large, max-video-preview:-1\" \/>\n<link rel=\"canonical\" href=\"https:\/\/www.dabusarquitetura.com.br\/blog\/fachadas-corporativas-em-estilo-minimalista\/\" \/>\n<meta property=\"og:locale\" content=\"pt_BR\" \/>\n<meta property=\"og:type\" content=\"article\" \/>\n<meta property=\"og:title\" content=\"Fachadas corporativas em estilo minimalista - DABUS ARQUITETURA\" \/>\n<meta property=\"og:description\" content=\"Como afirmamos no post sobre a sintonia entre a fachada do escrit\u00f3rio e a identidade da marca, \u00e9 fundamental que a parte externa da Arquitetura [&hellip;]\" \/>\n<meta property=\"og:url\" content=\"https:\/\/www.dabusarquitetura.com.br\/blog\/fachadas-corporativas-em-estilo-minimalista\/\" \/>\n<meta property=\"og:site_name\" content=\"DABUS ARQUITETURA\" \/>\n<meta property=\"article:published_time\" content=\"2014-11-19T12:48:24+00:00\" \/>\n<meta property=\"og:image\" content=\"https:\/\/cucaconteudo.files.wordpress.com\/2014\/11\/arquitetura-corporativa-fachada-minimalista-nete.png\" \/>\n<meta name=\"author\" content=\"heloisa.dabus\" \/>\n<meta name=\"twitter:card\" content=\"summary_large_image\" \/>\n<meta name=\"twitter:label1\" content=\"Escrito por\" \/>\n\t<meta name=\"twitter:data1\" content=\"heloisa.dabus\" \/>\n\t<meta name=\"twitter:label2\" content=\"Est. tempo de leitura\" \/>\n\t<meta name=\"twitter:data2\" content=\"2 minutos\" \/>\n<script type=\"application\/ld+json\" class=\"yoast-schema-graph\">{\"@context\":\"https:\/\/schema.org\",\"@graph\":[{\"@type\":\"WebPage\",\"@id\":\"https:\/\/www.dabusarquitetura.com.br\/blog\/fachadas-corporativas-em-estilo-minimalista\/\",\"url\":\"https:\/\/www.dabusarquitetura.com.br\/blog\/fachadas-corporativas-em-estilo-minimalista\/\",\"name\":\"Fachadas corporativas em estilo minimalista - DABUS ARQUITETURA\",\"isPartOf\":{\"@id\":\"https:\/\/www.dabusarquitetura.com.br\/blog\/#website\"},\"datePublished\":\"2014-11-19T12:48:24+00:00\",\"dateModified\":\"2014-11-19T12:48:24+00:00\",\"author\":{\"@id\":\"https:\/\/www.dabusarquitetura.com.br\/blog\/#\/schema\/person\/978b78d74759412a1cd43634996237c4\"},\"breadcrumb\":{\"@id\":\"https:\/\/www.dabusarquitetura.com.br\/blog\/fachadas-corporativas-em-estilo-minimalista\/#breadcrumb\"},\"inLanguage\":\"pt-BR\",\"potentialAction\":[{\"@type\":\"ReadAction\",\"target\":[\"https:\/\/www.dabusarquitetura.com.br\/blog\/fachadas-corporativas-em-estilo-minimalista\/\"]}]},{\"@type\":\"BreadcrumbList\",\"@id\":\"https:\/\/www.dabusarquitetura.com.br\/blog\/fachadas-corporativas-em-estilo-minimalista\/#breadcrumb\",\"itemListElement\":[{\"@type\":\"ListItem\",\"position\":1,\"name\":\"In\u00edcio\",\"item\":\"https:\/\/www.dabusarquitetura.com.br\/blog\/\"},{\"@type\":\"ListItem\",\"position\":2,\"name\":\"Fachadas corporativas em estilo minimalista\"}]},{\"@type\":\"WebSite\",\"@id\":\"https:\/\/www.dabusarquitetura.com.br\/blog\/#website\",\"url\":\"https:\/\/www.dabusarquitetura.com.br\/blog\/\",\"name\":\"DABUS ARQUITETURA\",\"description\":\"Arquitetura Corporativa\",\"potentialAction\":[{\"@type\":\"SearchAction\",\"target\":{\"@type\":\"EntryPoint\",\"urlTemplate\":\"https:\/\/www.dabusarquitetura.com.br\/blog\/?s={search_term_string}\"},\"query-input\":\"required name=search_term_string\"}],\"inLanguage\":\"pt-BR\"},{\"@type\":\"Person\",\"@id\":\"https:\/\/www.dabusarquitetura.com.br\/blog\/#\/schema\/person\/978b78d74759412a1cd43634996237c4\",\"name\":\"heloisa.dabus\",\"image\":{\"@type\":\"ImageObject\",\"inLanguage\":\"pt-BR\",\"@id\":\"https:\/\/www.dabusarquitetura.com.br\/blog\/#\/schema\/person\/image\/\",\"url\":\"https:\/\/secure.gravatar.com\/avatar\/4078f4f8e54fb70a99a5e9edc642ecb1?s=96&d=mm&r=g\",\"contentUrl\":\"https:\/\/secure.gravatar.com\/avatar\/4078f4f8e54fb70a99a5e9edc642ecb1?s=96&d=mm&r=g\",\"caption\":\"heloisa.dabus\"},\"url\":\"https:\/\/www.dabusarquitetura.com.br\/blog\/author\/heloisa-dabus\/\"}]}<\/script>\n<!-- \/ Yoast SEO plugin. -->","yoast_head_json":{"title":"Fachadas corporativas em estilo minimalista - DABUS ARQUITETURA","robots":{"index":"index","follow":"follow","max-snippet":"max-snippet:-1","max-image-preview":"max-image-preview:large","max-video-preview":"max-video-preview:-1"},"canonical":"https:\/\/www.dabusarquitetura.com.br\/blog\/fachadas-corporativas-em-estilo-minimalista\/","og_locale":"pt_BR","og_type":"article","og_title":"Fachadas corporativas em estilo minimalista - DABUS ARQUITETURA","og_description":"Como afirmamos no post sobre a sintonia entre a fachada do escrit\u00f3rio e a identidade da marca, \u00e9 fundamental que a parte externa da Arquitetura [&hellip;]","og_url":"https:\/\/www.dabusarquitetura.com.br\/blog\/fachadas-corporativas-em-estilo-minimalista\/","og_site_name":"DABUS ARQUITETURA","article_published_time":"2014-11-19T12:48:24+00:00","og_image":[{"url":"https:\/\/cucaconteudo.files.wordpress.com\/2014\/11\/arquitetura-corporativa-fachada-minimalista-nete.png"}],"author":"heloisa.dabus","twitter_card":"summary_large_image","twitter_misc":{"Escrito por":"heloisa.dabus","Est. tempo de leitura":"2 minutos"},"schema":{"@context":"https:\/\/schema.org","@graph":[{"@type":"WebPage","@id":"https:\/\/www.dabusarquitetura.com.br\/blog\/fachadas-corporativas-em-estilo-minimalista\/","url":"https:\/\/www.dabusarquitetura.com.br\/blog\/fachadas-corporativas-em-estilo-minimalista\/","name":"Fachadas corporativas em estilo minimalista - DABUS ARQUITETURA","isPartOf":{"@id":"https:\/\/www.dabusarquitetura.com.br\/blog\/#website"},"datePublished":"2014-11-19T12:48:24+00:00","dateModified":"2014-11-19T12:48:24+00:00","author":{"@id":"https:\/\/www.dabusarquitetura.com.br\/blog\/#\/schema\/person\/978b78d74759412a1cd43634996237c4"},"breadcrumb":{"@id":"https:\/\/www.dabusarquitetura.com.br\/blog\/fachadas-corporativas-em-estilo-minimalista\/#breadcrumb"},"inLanguage":"pt-BR","potentialAction":[{"@type":"ReadAction","target":["https:\/\/www.dabusarquitetura.com.br\/blog\/fachadas-corporativas-em-estilo-minimalista\/"]}]},{"@type":"BreadcrumbList","@id":"https:\/\/www.dabusarquitetura.com.br\/blog\/fachadas-corporativas-em-estilo-minimalista\/#breadcrumb","itemListElement":[{"@type":"ListItem","position":1,"name":"In\u00edcio","item":"https:\/\/www.dabusarquitetura.com.br\/blog\/"},{"@type":"ListItem","position":2,"name":"Fachadas corporativas em estilo minimalista"}]},{"@type":"WebSite","@id":"https:\/\/www.dabusarquitetura.com.br\/blog\/#website","url":"https:\/\/www.dabusarquitetura.com.br\/blog\/","name":"DABUS ARQUITETURA","description":"Arquitetura Corporativa","potentialAction":[{"@type":"SearchAction","target":{"@type":"EntryPoint","urlTemplate":"https:\/\/www.dabusarquitetura.com.br\/blog\/?s={search_term_string}"},"query-input":"required name=search_term_string"}],"inLanguage":"pt-BR"},{"@type":"Person","@id":"https:\/\/www.dabusarquitetura.com.br\/blog\/#\/schema\/person\/978b78d74759412a1cd43634996237c4","name":"heloisa.dabus","image":{"@type":"ImageObject","inLanguage":"pt-BR","@id":"https:\/\/www.dabusarquitetura.com.br\/blog\/#\/schema\/person\/image\/","url":"https:\/\/secure.gravatar.com\/avatar\/4078f4f8e54fb70a99a5e9edc642ecb1?s=96&d=mm&r=g","contentUrl":"https:\/\/secure.gravatar.com\/avatar\/4078f4f8e54fb70a99a5e9edc642ecb1?s=96&d=mm&r=g","caption":"heloisa.dabus"},"url":"https:\/\/www.dabusarquitetura.com.br\/blog\/author\/heloisa-dabus\/"}]}},"_links":{"self":[{"href":"https:\/\/www.dabusarquitetura.com.br\/blog\/wp-json\/wp\/v2\/posts\/8893"}],"collection":[{"href":"https:\/\/www.dabusarquitetura.com.br\/blog\/wp-json\/wp\/v2\/posts"}],"about":[{"href":"https:\/\/www.dabusarquitetura.com.br\/blog\/wp-json\/wp\/v2\/types\/post"}],"author":[{"embeddable":true,"href":"https:\/\/www.dabusarquitetura.com.br\/blog\/wp-json\/wp\/v2\/users\/3"}],"replies":[{"embeddable":true,"href":"https:\/\/www.dabusarquitetura.com.br\/blog\/wp-json\/wp\/v2\/comments?post=8893"}],"version-history":[{"count":0,"href":"https:\/\/www.dabusarquitetura.com.br\/blog\/wp-json\/wp\/v2\/posts\/8893\/revisions"}],"wp:attachment":[{"href":"https:\/\/www.dabusarquitetura.com.br\/blog\/wp-json\/wp\/v2\/media?parent=8893"}],"wp:term":[{"taxonomy":"category","embeddable":true,"href":"https:\/\/www.dabusarquitetura.com.br\/blog\/wp-json\/wp\/v2\/categories?post=8893"},{"taxonomy":"post_tag","embeddable":true,"href":"https:\/\/www.dabusarquitetura.com.br\/blog\/wp-json\/wp\/v2\/tags?post=8893"}],"curies":[{"name":"wp","href":"https:\/\/api.w.org\/{rel}","templated":true}]}}