{"id":8826,"date":"2014-10-08T13:41:42","date_gmt":"2014-10-08T13:41:42","guid":{"rendered":"http:\/\/www.dabus.com.br\/blog\/?p=8826"},"modified":"2014-10-08T13:41:42","modified_gmt":"2014-10-08T13:41:42","slug":"7-dicas-de-arquitetura-corporativa-para-a-sala-de-reuniao","status":"publish","type":"post","link":"https:\/\/www.dabusarquitetura.com.br\/blog\/7-dicas-de-arquitetura-corporativa-para-a-sala-de-reuniao\/","title":{"rendered":"7 dicas de Arquitetura Corporativa para a sala de reuni\u00e3o"},"content":{"rendered":"<p>Clima tenso, pessoas incomodadas, falta de vis\u00e3o, desorganiza\u00e7\u00e3o entre os\u00a0fios dos equipamentos, improdutividade. A sala de reuni\u00e3o deve ser um ambiente <strong>focado\u00a0nas melhorias para a empresa<\/strong> e n\u00e3o um centro de estresse.<\/p>\n<p>Em muitas organiza\u00e7\u00f5es, por\u00e9m, esse espa\u00e7o acaba se tornando um peso para a equipe, n\u00e3o pelas quest\u00f5es que s\u00e3o debatidas ali, mas sim pelo <strong>desconforto que afeta a todos<\/strong> de maneira silenciosa.<\/p>\n<p>O mobili\u00e1rio tem grande participa\u00e7\u00e3o nisso. Quando n\u00e3o \u00e9 devidamente orientado, ele gera efeitos desastrosos, que<strong> atrapalham o andamento das conven\u00e7\u00f5es<\/strong>\u00a0tornando a experi\u00eancia cansativa e\u00a0improdutiva. Apesar de existirem m\u00f3veis fabricados especialmente para as salas de reuni\u00e3o, \u00e9 preciso estudar cada caso para <strong>prever solu\u00e7\u00f5es personalizadas<\/strong>.<\/p>\n<p>Saiba mais&#8230;<\/p>\n<h2><strong>Dicas para compor a sala de reuni\u00e3o<\/strong><\/h2>\n<p><strong>1. Cores:<\/strong> O equil\u00edbrio \u00e9 sempre o melhor caminho. <strong>Cores claras ou neutras\u00a0<\/strong>s\u00e3o apostas certas. Tonalidades quentes devem ser evitadas devido \u00e0 tend\u00eancia de provocarem a agita\u00e7\u00e3o das pessoas.<\/p>\n<p style=\"text-align: center;\"><img decoding=\"async\" loading=\"lazy\" class=\"aligncenter wp-image-471 size-full\" title=\"Paramount Interiors\" src=\"https:\/\/cucaconteudo.files.wordpress.com\/2014\/10\/arquitetura-corporativa-sala-reuniao-cores.jpg\" alt=\"arquitetura-corporativa-sala-reuniao-cores\" width=\"455\" height=\"270\" \/><\/p>\n<p style=\"text-align: center;\"><span style=\"color: #808080;\">Projeto de\u00a0Paramount Interiors | Fonte: <span style=\"text-decoration: underline;\"><a href=\"http:\/\/paramountinteriors.com\/who-we-are\/\" target=\"_blank\"><span style=\"color: #808080; text-decoration: underline;\">Paramount Interiors<\/span><\/a><\/span>.<\/span><\/p>\n<p><strong>2. Isolamento Ac\u00fastico:<\/strong>\u00a0Quando o assunto envolve reuni\u00f5es corporativas\u00a0<strong>privacidade e confidencialidade<\/strong> s\u00e3o as palavras de ordem. Portanto, \u00e9\u00a0essencial garantir um bom isolamento ac\u00fastico da sala para evitar o vazamento de som e informa\u00e7\u00f5es particulares.<\/p>\n<p><img decoding=\"async\" loading=\"lazy\" class=\"aligncenter wp-image-476 size-full\" title=\"Alfa-Bank\" src=\"https:\/\/cucaconteudo.files.wordpress.com\/2014\/10\/arquitetura-corporativa-sala-reuniao-isolamento-acustico.jpg\" alt=\"arquitetura-corporativa-sala-reuniao-isolamento-acustico\" width=\"455\" height=\"270\" \/><\/p>\n<p style=\"text-align: center;\"><span style=\"color: #808080;\">Projeto de IND Architects | Fonte: <span style=\"text-decoration: underline;\"><a href=\"http:\/\/retaildesignblog.net\/2014\/07\/17\/alfa-bank-office-by-ind-architects-moscow-russia\/\" target=\"_blank\"><span style=\"color: #808080; text-decoration: underline;\">Retail Design<\/span><\/a><\/span>.<\/span><\/p>\n<p><strong>3. Mesa:<\/strong>\u00a0Seu tamanho deve ser adequado para acomodar a todos os participantes, ao mesmo tempo em que deve ser <strong>compat\u00edvel com o espa\u00e7o dispon\u00edvel<\/strong>. A mesa n\u00e3o pode dificultar\u00a0o fluxo comum no ambiente de reuni\u00f5es, nem gerar dispers\u00f5es por <strong>falta de conforto<\/strong>. \u00c9 preciso escolher modelos com <strong>sistemas inteligentes de eletrifica\u00e7\u00e3o<\/strong> que d\u00e3o f\u00e1cil acesso \u00e0s conex\u00f5es de rede, tomadas, telefonia, entradas USB e VGA. Materiais consistentes s\u00e3o indispens\u00e1veis para transmitir credibilidade, lembrando que <strong>superf\u00edcies\u00a0reflexivas<\/strong> devem ser evitadas.<\/p>\n<p><img decoding=\"async\" loading=\"lazy\" class=\"aligncenter wp-image-469 size-full\" title=\"Colnbrook\" src=\"https:\/\/cucaconteudo.files.wordpress.com\/2014\/10\/arquitetura-corporativa-sala-reuniao-mesa.jpg\" alt=\"arquitetura-corporativa-sala-reuniao-mesa\" width=\"455\" height=\"270\" \/><\/p>\n<p style=\"text-align: center;\"><span style=\"color: #808080;\">Projeto de\u00a0Sketch Studios | Fonte: <span style=\"text-decoration: underline;\"><a href=\"http:\/\/officesnapshots.com\/2014\/09\/30\/sketch-studios-colnbrook-office\/\" target=\"_blank\"><span style=\"color: #808080; text-decoration: underline;\">Office Snapshots<\/span><\/a><\/span>.<\/span><\/p>\n<p><strong>4. Cadeiras:<\/strong>\u00a0Ergonomia \u00e9 primordial. Os modelos mais indicados s\u00e3o aqueles que permitem <strong>f\u00e1cil ajuste<\/strong> por parte do usu\u00e1rio. Al\u00e9m disso, as\u00a0cadeiras devem\u00a0dialogar com o tamanho e o <em>design<\/em>\u00a0da mesa.<\/p>\n<p style=\"text-align: center;\"><img decoding=\"async\" loading=\"lazy\" class=\"aligncenter wp-image-473 size-full\" title=\"Mayhew\" src=\"https:\/\/cucaconteudo.files.wordpress.com\/2014\/10\/arquitetura-corporativa-sala-reuniao-cadeira.jpg\" alt=\"arquitetura-corporativa-sala-reuniao-cadeira\" width=\"455\" height=\"270\" \/><\/p>\n<p style=\"text-align: center;\"><span style=\"color: #808080;\">Projeto de\u00a0Mayhew | Fonte:\u00a0<span style=\"text-decoration: underline;\"><span style=\"color: #888888;\"><a href=\"http:\/\/officesnapshots.com\/2014\/09\/25\/mayhew-ontario-headquarters\/\" target=\"_blank\"><span style=\"color: #888888; text-decoration: underline;\">Office Snapshots<\/span><\/a><\/span><\/span>.<\/span><\/p>\n<p><strong>5. Equipamentos:<\/strong>\u00a0Eletr\u00f4nicos como TVs, telefones, impressoras, projetores e aparelhos para teleconfer\u00eancia ou videoconfer\u00eancia s\u00e3o indispens\u00e1veis. Sua disposi\u00e7\u00e3o na sala deve ser estrat\u00e9gica para que o<strong> acesso aos mesmos seja o mais descomplicado poss\u00edvel<\/strong>.<\/p>\n<p><img decoding=\"async\" loading=\"lazy\" class=\"aligncenter wp-image-475 size-full\" title=\"Frucor Beverages\" src=\"https:\/\/cucaconteudo.files.wordpress.com\/2014\/10\/arquitetura-corporativa-sala-reuniao-equipamentos.jpg\" alt=\"arquitetura-corporativa-sala-reuniao-equipamentos\" width=\"455\" height=\"270\" \/><\/p>\n<p style=\"text-align: center;\"><span style=\"color: #808080;\">Projeto de\u00a0Spaceworks | Fonte: <span style=\"text-decoration: underline;\"><a href=\"http:\/\/officesnapshots.com\/2014\/07\/10\/frucor-beverages-auckland-offices-spaceworks\/\" target=\"_blank\"><span style=\"color: #808080; text-decoration: underline;\">Office Snapshots<\/span><\/a><\/span>.<\/span><\/p>\n<p><strong>6. Ilumina\u00e7\u00e3o: <\/strong>A luz do sol pode ser inconstante tanto em incid\u00eancia quanto em temperatura. Por isso, a<strong>\u00a0ilumina\u00e7\u00e3o natural\u00a0deve ser substitu\u00edda pela artificial<\/strong>, que \u00e9 mais est\u00e1vel e permite um controle maior sobre os ajustes necess\u00e1rios ao ambiente.<\/p>\n<p style=\"text-align: center;\"><img decoding=\"async\" loading=\"lazy\" class=\"alignnone wp-image-470 size-full\" title=\"Lookout\" src=\"https:\/\/cucaconteudo.files.wordpress.com\/2014\/10\/arquitetura-corporativa-sala-reuniao-iluminacao.jpg\" alt=\"arquitetura-corporativa-sala-reuniao-iluminacao\" width=\"455\" height=\"270\" \/><\/p>\n<p style=\"text-align: center;\"><span style=\"color: #808080;\">Projeto de Unispace Interior Design\u00a0| Fonte: <span style=\"text-decoration: underline;\"><a href=\"http:\/\/www.unispace.com\/portfolio\/lookout\/\" target=\"_blank\"><span style=\"color: #808080; text-decoration: underline;\">Unispace Interior Design<\/span><\/a><\/span>.<\/span><\/p>\n<p><strong>7. Discri\u00e7\u00e3o: <\/strong>Excesso de mobili\u00e1rio, artigos decorativos exc\u00eantricos e cores quentes devem ser evitados no espa\u00e7o reservado para\u00a0as reuni\u00f5es da empresa. Ali, o<strong> foco \u00e9 a funcionalidade.<\/strong><\/p>\n<p><img decoding=\"async\" loading=\"lazy\" class=\"aligncenter wp-image-477 size-full\" title=\"Bausch + Lomb\" src=\"https:\/\/cucaconteudo.files.wordpress.com\/2014\/10\/arquitetura-corporativa-sala-reuniao-discricao.jpg\" alt=\"arquitetura-corporativa-sala-reuniao-discricao\" width=\"455\" height=\"270\" \/><\/p>\n<p style=\"text-align: center;\"><span style=\"color: #808080;\">Projeto da DABUS ARQUITETURA | Fonte: <span style=\"text-decoration: underline;\"><a href=\"http:\/\/www.dabus.com.br\/site\/arquitetura-corporativa\/projeto-bausch-amp-lomb.html\" target=\"_blank\"><span style=\"color: #808080; text-decoration: underline;\">DABUS.com.br<\/span><\/a><\/span>.<\/span><\/p>\n<h3><strong>Outros conte\u00fados sobre a sala de reuni\u00e3o<\/strong><\/h3>\n<p>Confira tamb\u00e9m outros posts sobre o assunto:<\/p>\n<ul>\n<li><a title=\"Clique aqui!\" href=\"http:\/\/www.dabus.com.br\/blog\/2012\/03\/a-imagem-da-marca-e-da-arquitetura-corporativa-refletida-na-mesa-da-sala-de-reunioes\/\"><strong>A imagem da marca e da Arquitetura Corporativa refletida na mesa da sala de reuni\u00f5es<\/strong><\/a><\/li>\n<li><strong><a title=\"Clique aqui!\" href=\"http:\/\/www.dabus.com.br\/blog\/2012\/07\/fatores-que-devem-ser-levados-em-conta-para-o-projeto-da-sala-de-reunioes\/\">Fatores que devem ser levados em conta para o projeto da sala de reuni\u00f5es<\/a><\/strong><\/li>\n<li><strong><a title=\"Clique aqui!\" href=\"http:\/\/www.dabus.com.br\/blog\/2010\/11\/sala-de-reunioes-as-melhores-solucoes-para-o-ambiente-das-decisoes-e-dos-negocios\/\">Sala de reuni\u00f5es: As melhores solu\u00e7\u00f5es para o ambiente das decis\u00f5es e dos neg\u00f3cios<\/a><\/strong><\/li>\n<\/ul>\n<p><strong><a title=\"Clique aqui!\" href=\"http:\/\/www.dabus.com.br\/blog\/fale-conosco\/\">Entre em contato<\/a><\/strong>\u00a0com a\u00a0<strong>DABUS ARQUITETURA<\/strong>\u00a0e\u00a0saiba como todos os ambientes da sua empresa podem ser articulados para proporcionar\u00a0resultados superiores sem abrir m\u00e3o do estilo e da beleza.<\/p>\n<p style=\"text-align: center;\"><span style=\"color: #888888;\">Refer\u00eancias:\u00a0<a href=\"http:\/\/moveisricco.wordpress.com\/2010\/11\/11\/como-montar-uma-sala-de-reuniao-mais-produtiva\/\" target=\"_blank\"><span style=\"color: #888888;\">Blog Ricc\u00f3<\/span><\/a>,\u00a0<a href=\"http:\/\/blog.giacomelli.com.br\/2012\/03\/20\/sua-sala-de-reuniao-como-deve-ser-2\/\" target=\"_blank\"><span style=\"color: #888888;\">Blog da Giacomelli<\/span><\/a>.<\/span><\/p>\n","protected":false},"excerpt":{"rendered":"<p>Clima tenso, pessoas incomodadas, falta de vis\u00e3o, desorganiza\u00e7\u00e3o entre os\u00a0fios dos equipamentos, improdutividade. A sala de reuni\u00e3o deve ser um ambiente focado\u00a0nas melhorias para a [&hellip;]<\/p>\n","protected":false},"author":3,"featured_media":0,"comment_status":"open","ping_status":"open","sticky":false,"template":"","format":"standard","meta":[],"categories":[7],"tags":[],"yoast_head":"<!-- This site is optimized with the Yoast SEO plugin v20.8 - https:\/\/yoast.com\/wordpress\/plugins\/seo\/ -->\n<title>7 dicas de Arquitetura Corporativa para a sala de reuni\u00e3o - DABUS ARQUITETURA<\/title>\n<meta name=\"robots\" content=\"index, follow, max-snippet:-1, max-image-preview:large, max-video-preview:-1\" \/>\n<link rel=\"canonical\" href=\"https:\/\/www.dabusarquitetura.com.br\/blog\/7-dicas-de-arquitetura-corporativa-para-a-sala-de-reuniao\/\" \/>\n<meta property=\"og:locale\" content=\"pt_BR\" \/>\n<meta property=\"og:type\" content=\"article\" \/>\n<meta property=\"og:title\" content=\"7 dicas de Arquitetura Corporativa para a sala de reuni\u00e3o - DABUS ARQUITETURA\" \/>\n<meta property=\"og:description\" content=\"Clima tenso, pessoas incomodadas, falta de vis\u00e3o, desorganiza\u00e7\u00e3o entre os\u00a0fios dos equipamentos, improdutividade. A sala de reuni\u00e3o deve ser um ambiente focado\u00a0nas melhorias para a [&hellip;]\" \/>\n<meta property=\"og:url\" content=\"https:\/\/www.dabusarquitetura.com.br\/blog\/7-dicas-de-arquitetura-corporativa-para-a-sala-de-reuniao\/\" \/>\n<meta property=\"og:site_name\" content=\"DABUS ARQUITETURA\" \/>\n<meta property=\"article:published_time\" content=\"2014-10-08T13:41:42+00:00\" \/>\n<meta property=\"og:image\" content=\"https:\/\/cucaconteudo.files.wordpress.com\/2014\/10\/arquitetura-corporativa-sala-reuniao-cores.jpg\" \/>\n<meta name=\"author\" content=\"heloisa.dabus\" \/>\n<meta name=\"twitter:card\" content=\"summary_large_image\" \/>\n<meta name=\"twitter:label1\" content=\"Escrito por\" \/>\n\t<meta name=\"twitter:data1\" content=\"heloisa.dabus\" \/>\n\t<meta name=\"twitter:label2\" content=\"Est. tempo de leitura\" \/>\n\t<meta name=\"twitter:data2\" content=\"3 minutos\" \/>\n<script type=\"application\/ld+json\" class=\"yoast-schema-graph\">{\"@context\":\"https:\/\/schema.org\",\"@graph\":[{\"@type\":\"WebPage\",\"@id\":\"https:\/\/www.dabusarquitetura.com.br\/blog\/7-dicas-de-arquitetura-corporativa-para-a-sala-de-reuniao\/\",\"url\":\"https:\/\/www.dabusarquitetura.com.br\/blog\/7-dicas-de-arquitetura-corporativa-para-a-sala-de-reuniao\/\",\"name\":\"7 dicas de Arquitetura Corporativa para a sala de reuni\u00e3o - DABUS ARQUITETURA\",\"isPartOf\":{\"@id\":\"https:\/\/www.dabusarquitetura.com.br\/blog\/#website\"},\"datePublished\":\"2014-10-08T13:41:42+00:00\",\"dateModified\":\"2014-10-08T13:41:42+00:00\",\"author\":{\"@id\":\"https:\/\/www.dabusarquitetura.com.br\/blog\/#\/schema\/person\/978b78d74759412a1cd43634996237c4\"},\"breadcrumb\":{\"@id\":\"https:\/\/www.dabusarquitetura.com.br\/blog\/7-dicas-de-arquitetura-corporativa-para-a-sala-de-reuniao\/#breadcrumb\"},\"inLanguage\":\"pt-BR\",\"potentialAction\":[{\"@type\":\"ReadAction\",\"target\":[\"https:\/\/www.dabusarquitetura.com.br\/blog\/7-dicas-de-arquitetura-corporativa-para-a-sala-de-reuniao\/\"]}]},{\"@type\":\"BreadcrumbList\",\"@id\":\"https:\/\/www.dabusarquitetura.com.br\/blog\/7-dicas-de-arquitetura-corporativa-para-a-sala-de-reuniao\/#breadcrumb\",\"itemListElement\":[{\"@type\":\"ListItem\",\"position\":1,\"name\":\"In\u00edcio\",\"item\":\"https:\/\/www.dabusarquitetura.com.br\/blog\/\"},{\"@type\":\"ListItem\",\"position\":2,\"name\":\"7 dicas de Arquitetura Corporativa para a sala de reuni\u00e3o\"}]},{\"@type\":\"WebSite\",\"@id\":\"https:\/\/www.dabusarquitetura.com.br\/blog\/#website\",\"url\":\"https:\/\/www.dabusarquitetura.com.br\/blog\/\",\"name\":\"DABUS ARQUITETURA\",\"description\":\"Arquitetura Corporativa\",\"potentialAction\":[{\"@type\":\"SearchAction\",\"target\":{\"@type\":\"EntryPoint\",\"urlTemplate\":\"https:\/\/www.dabusarquitetura.com.br\/blog\/?s={search_term_string}\"},\"query-input\":\"required name=search_term_string\"}],\"inLanguage\":\"pt-BR\"},{\"@type\":\"Person\",\"@id\":\"https:\/\/www.dabusarquitetura.com.br\/blog\/#\/schema\/person\/978b78d74759412a1cd43634996237c4\",\"name\":\"heloisa.dabus\",\"image\":{\"@type\":\"ImageObject\",\"inLanguage\":\"pt-BR\",\"@id\":\"https:\/\/www.dabusarquitetura.com.br\/blog\/#\/schema\/person\/image\/\",\"url\":\"https:\/\/secure.gravatar.com\/avatar\/4078f4f8e54fb70a99a5e9edc642ecb1?s=96&d=mm&r=g\",\"contentUrl\":\"https:\/\/secure.gravatar.com\/avatar\/4078f4f8e54fb70a99a5e9edc642ecb1?s=96&d=mm&r=g\",\"caption\":\"heloisa.dabus\"},\"url\":\"https:\/\/www.dabusarquitetura.com.br\/blog\/author\/heloisa-dabus\/\"}]}<\/script>\n<!-- \/ Yoast SEO plugin. -->","yoast_head_json":{"title":"7 dicas de Arquitetura Corporativa para a sala de reuni\u00e3o - DABUS ARQUITETURA","robots":{"index":"index","follow":"follow","max-snippet":"max-snippet:-1","max-image-preview":"max-image-preview:large","max-video-preview":"max-video-preview:-1"},"canonical":"https:\/\/www.dabusarquitetura.com.br\/blog\/7-dicas-de-arquitetura-corporativa-para-a-sala-de-reuniao\/","og_locale":"pt_BR","og_type":"article","og_title":"7 dicas de Arquitetura Corporativa para a sala de reuni\u00e3o - DABUS ARQUITETURA","og_description":"Clima tenso, pessoas incomodadas, falta de vis\u00e3o, desorganiza\u00e7\u00e3o entre os\u00a0fios dos equipamentos, improdutividade. A sala de reuni\u00e3o deve ser um ambiente focado\u00a0nas melhorias para a [&hellip;]","og_url":"https:\/\/www.dabusarquitetura.com.br\/blog\/7-dicas-de-arquitetura-corporativa-para-a-sala-de-reuniao\/","og_site_name":"DABUS ARQUITETURA","article_published_time":"2014-10-08T13:41:42+00:00","og_image":[{"url":"https:\/\/cucaconteudo.files.wordpress.com\/2014\/10\/arquitetura-corporativa-sala-reuniao-cores.jpg"}],"author":"heloisa.dabus","twitter_card":"summary_large_image","twitter_misc":{"Escrito por":"heloisa.dabus","Est. tempo de leitura":"3 minutos"},"schema":{"@context":"https:\/\/schema.org","@graph":[{"@type":"WebPage","@id":"https:\/\/www.dabusarquitetura.com.br\/blog\/7-dicas-de-arquitetura-corporativa-para-a-sala-de-reuniao\/","url":"https:\/\/www.dabusarquitetura.com.br\/blog\/7-dicas-de-arquitetura-corporativa-para-a-sala-de-reuniao\/","name":"7 dicas de Arquitetura Corporativa para a sala de reuni\u00e3o - DABUS ARQUITETURA","isPartOf":{"@id":"https:\/\/www.dabusarquitetura.com.br\/blog\/#website"},"datePublished":"2014-10-08T13:41:42+00:00","dateModified":"2014-10-08T13:41:42+00:00","author":{"@id":"https:\/\/www.dabusarquitetura.com.br\/blog\/#\/schema\/person\/978b78d74759412a1cd43634996237c4"},"breadcrumb":{"@id":"https:\/\/www.dabusarquitetura.com.br\/blog\/7-dicas-de-arquitetura-corporativa-para-a-sala-de-reuniao\/#breadcrumb"},"inLanguage":"pt-BR","potentialAction":[{"@type":"ReadAction","target":["https:\/\/www.dabusarquitetura.com.br\/blog\/7-dicas-de-arquitetura-corporativa-para-a-sala-de-reuniao\/"]}]},{"@type":"BreadcrumbList","@id":"https:\/\/www.dabusarquitetura.com.br\/blog\/7-dicas-de-arquitetura-corporativa-para-a-sala-de-reuniao\/#breadcrumb","itemListElement":[{"@type":"ListItem","position":1,"name":"In\u00edcio","item":"https:\/\/www.dabusarquitetura.com.br\/blog\/"},{"@type":"ListItem","position":2,"name":"7 dicas de Arquitetura Corporativa para a sala de reuni\u00e3o"}]},{"@type":"WebSite","@id":"https:\/\/www.dabusarquitetura.com.br\/blog\/#website","url":"https:\/\/www.dabusarquitetura.com.br\/blog\/","name":"DABUS ARQUITETURA","description":"Arquitetura Corporativa","potentialAction":[{"@type":"SearchAction","target":{"@type":"EntryPoint","urlTemplate":"https:\/\/www.dabusarquitetura.com.br\/blog\/?s={search_term_string}"},"query-input":"required name=search_term_string"}],"inLanguage":"pt-BR"},{"@type":"Person","@id":"https:\/\/www.dabusarquitetura.com.br\/blog\/#\/schema\/person\/978b78d74759412a1cd43634996237c4","name":"heloisa.dabus","image":{"@type":"ImageObject","inLanguage":"pt-BR","@id":"https:\/\/www.dabusarquitetura.com.br\/blog\/#\/schema\/person\/image\/","url":"https:\/\/secure.gravatar.com\/avatar\/4078f4f8e54fb70a99a5e9edc642ecb1?s=96&d=mm&r=g","contentUrl":"https:\/\/secure.gravatar.com\/avatar\/4078f4f8e54fb70a99a5e9edc642ecb1?s=96&d=mm&r=g","caption":"heloisa.dabus"},"url":"https:\/\/www.dabusarquitetura.com.br\/blog\/author\/heloisa-dabus\/"}]}},"_links":{"self":[{"href":"https:\/\/www.dabusarquitetura.com.br\/blog\/wp-json\/wp\/v2\/posts\/8826"}],"collection":[{"href":"https:\/\/www.dabusarquitetura.com.br\/blog\/wp-json\/wp\/v2\/posts"}],"about":[{"href":"https:\/\/www.dabusarquitetura.com.br\/blog\/wp-json\/wp\/v2\/types\/post"}],"author":[{"embeddable":true,"href":"https:\/\/www.dabusarquitetura.com.br\/blog\/wp-json\/wp\/v2\/users\/3"}],"replies":[{"embeddable":true,"href":"https:\/\/www.dabusarquitetura.com.br\/blog\/wp-json\/wp\/v2\/comments?post=8826"}],"version-history":[{"count":0,"href":"https:\/\/www.dabusarquitetura.com.br\/blog\/wp-json\/wp\/v2\/posts\/8826\/revisions"}],"wp:attachment":[{"href":"https:\/\/www.dabusarquitetura.com.br\/blog\/wp-json\/wp\/v2\/media?parent=8826"}],"wp:term":[{"taxonomy":"category","embeddable":true,"href":"https:\/\/www.dabusarquitetura.com.br\/blog\/wp-json\/wp\/v2\/categories?post=8826"},{"taxonomy":"post_tag","embeddable":true,"href":"https:\/\/www.dabusarquitetura.com.br\/blog\/wp-json\/wp\/v2\/tags?post=8826"}],"curies":[{"name":"wp","href":"https:\/\/api.w.org\/{rel}","templated":true}]}}