{"id":848,"date":"2010-08-26T14:07:50","date_gmt":"2010-08-26T14:07:50","guid":{"rendered":"http:\/\/www.dabus.com.br\/blog\/?p=848"},"modified":"2022-07-25T20:11:27","modified_gmt":"2022-07-25T17:11:27","slug":"a-acustica-na-arquitetura-corporativa","status":"publish","type":"post","link":"https:\/\/www.dabusarquitetura.com.br\/blog\/a-acustica-na-arquitetura-corporativa\/","title":{"rendered":"A ac\u00fastica na Arquitetura Corporativa"},"content":{"rendered":"<p>Trabalhar com qualidade, sentindo que \u00e9 poss\u00edvel realizar as atividades de modo <strong>tranquilo, seguro e concentrado<\/strong> \u00e9 fundamental quando se preza pela <strong>qualidade e produtividade<\/strong> da empresa e de seus colaboradores.<\/p>\n<p>O escrit\u00f3rio pode ser muito bem organizado, os materiais e equipamentos de trabalho de excelente qualidade, os ambientes podem ser confort\u00e1veis, a equipe cheia de talento, mas<strong> sem foco e concentra\u00e7\u00e3o fica dif\u00edcil ser eficiente&#8230;<\/strong><\/p>\n<p style=\"text-align: center;\"><strong><img decoding=\"async\" loading=\"lazy\" class=\"size-full wp-image-899 aligncenter\" title=\"Concentra\u00e7\u00e3o no Ambiente Corporativo\" src=\"http:\/\/www.dabusarquitetura.com.br\/blog\/wp-content\/uploads\/2010\/08\/Concentra\u00e7\u00e3o-no-Ambiente-Corporativo.jpg\" alt=\"\" width=\"189\" height=\"189\" srcset=\"https:\/\/www.dabusarquitetura.com.br\/blog\/wp-content\/uploads\/2010\/08\/Concentra\u00e7\u00e3o-no-Ambiente-Corporativo.jpg 250w, https:\/\/www.dabusarquitetura.com.br\/blog\/wp-content\/uploads\/2010\/08\/Concentra\u00e7\u00e3o-no-Ambiente-Corporativo-150x150.jpg 150w\" sizes=\"(max-width: 189px) 100vw, 189px\" \/><br \/>\n<\/strong><\/p>\n<p><strong>O barulho (ou ru\u00eddo) \u00e9 um grande dispersor de aten\u00e7\u00e3o,<\/strong> por isso, desde o in\u00edcio do projeto de <strong>Arquitetura Corporativa<\/strong> devem ser levadas em conta solu\u00e7\u00f5es que o eliminem, ou pelo menos minimizem.<\/p>\n<p><img decoding=\"async\" loading=\"lazy\" class=\"size-full wp-image-900 alignleft\" title=\"Isolamento Ac\u00fastico - Imagem Ilustrativa\" src=\"http:\/\/www.dabusarquitetura.com.br\/blog\/wp-content\/uploads\/2010\/08\/Isolamento-Ac\u00fastico-Imagem-Ilustrativa.jpg\" alt=\"\" width=\"195\" height=\"146\">O primeiro passo \u00e9 sempre um <strong>estudo aprofundado das necessidades da empresa<\/strong> para que, a partir da\u00ed, se possa estabelecer os <strong>objetivos ac\u00fasticos. <\/strong>Um escrit\u00f3rio de advocacia tem necessidades diferentes de uma ag\u00eancia de publicidade, por exemplo. Por isso, as solu\u00e7\u00f5es da <strong>Arquitetura Corporativa <\/strong>dever\u00e3o ser sempre <strong>muito particulares<\/strong> com rela\u00e7\u00e3o&nbsp;aos <strong>objetivos ac\u00fasticos, <\/strong>que devem n\u00e3o s\u00f3 prever<strong> o controle da intensidade do barulho,<\/strong> como tamb\u00e9m assinar <strong><em>design <\/em>e estilo compat\u00edveis com a identidade da empresa.<\/strong><\/p>\n<p>Esse tipo de projeto requer <strong>c\u00e1lculos especiais<\/strong> que levam em conta a <strong>medi\u00e7\u00e3o dos n\u00edveis de ru\u00eddo e a identifica\u00e7\u00e3o das fontes sonoras e seus meios de propaga\u00e7\u00e3o. <\/strong>\u00c9 s\u00f3 a partir de um <strong>estudo completo<\/strong> que se poder\u00e1 trabalhar com os materiais mais adequados para promover a <strong>privacidade ac\u00fastica<\/strong> no<strong> ambiente corporativo.<\/strong><\/p>\n<p>Dentro da empresa, as v\u00e1rias \u00e1reas exigem <strong>n\u00edveis de privacidade diferentes.<\/strong> <strong>Salas de reuni\u00e3o,<\/strong> por exemplo, precisam ser melhor protegidas tanto contra os ru\u00eddos que possam entrar, quanto aos que possam sair. J\u00e1 nos <strong>departamentos de escrit\u00f3rios panor\u00e2micos, <\/strong>divis\u00f3rias que permitem <strong>certo n\u00edvel de comunicabilidade sonora<\/strong> podem ser mais interessantes por tornar o contato entre a equipe mais f\u00e1cil e \u00e1gil.<\/p>\n<p>\u00c9 importante ressaltar que os<strong> n\u00edveis de isolamento ac\u00fastico <\/strong>podem (e devem) ser trabalhados de acordo com as necessidades de cada empresa sem abrir m\u00e3o do<strong> bom gosto e discri\u00e7\u00e3o.<\/strong><\/p>\n<p>Janelas duplas com v\u00e1cuo entre os vidros, portas de madeira maci\u00e7a, revestimentos fonoabsorventes, veda\u00e7\u00e3o especial, al\u00e9m de outras solu\u00e7\u00f5es, incluindo as estruturais, devem fazer parte de seu projeto de <strong>Arquitetura Corporativa<\/strong> a fim de promover o <strong>conforto ac\u00fastico<\/strong> vital para se produzir mais e com melhor qualidade.<\/p>\n<p><a title=\"Clique Aqui!\" href=\"http:\/\/www.dabusarquitetura.com.br\/blog\/fale-conosco\/\" target=\"_self\" rel=\"noopener noreferrer\"><strong>Entre em contato<\/strong><\/a> com a <strong>DABUS ARQUITETURA<\/strong> e saiba como podemos tornar a sua empresa um lugar mais agrad\u00e1vel e adequado as suas expectativas e necessidades!<\/p>\n<p><strong>&nbsp;<\/strong><\/p>\n","protected":false},"excerpt":{"rendered":"<p>Trabalhar com qualidade, sentindo que \u00e9 poss\u00edvel realizar as atividades de modo tranquilo, seguro e concentrado \u00e9 fundamental quando se preza pela qualidade e produtividade [&hellip;]<\/p>\n","protected":false},"author":3,"featured_media":0,"comment_status":"open","ping_status":"open","sticky":false,"template":"","format":"standard","meta":[],"categories":[4,7,49],"tags":[74,73,76,273,72,23,29,75,38,77],"yoast_head":"<!-- This site is optimized with the Yoast SEO plugin v20.8 - https:\/\/yoast.com\/wordpress\/plugins\/seo\/ -->\n<title>A ac\u00fastica na Arquitetura Corporativa - DABUS ARQUITETURA<\/title>\n<meta name=\"robots\" content=\"index, follow, max-snippet:-1, max-image-preview:large, max-video-preview:-1\" \/>\n<link rel=\"canonical\" href=\"https:\/\/www.dabusarquitetura.com.br\/blog\/a-acustica-na-arquitetura-corporativa\/\" \/>\n<meta property=\"og:locale\" content=\"pt_BR\" \/>\n<meta property=\"og:type\" content=\"article\" \/>\n<meta property=\"og:title\" content=\"A ac\u00fastica na Arquitetura Corporativa - DABUS ARQUITETURA\" \/>\n<meta property=\"og:description\" content=\"Trabalhar com qualidade, sentindo que \u00e9 poss\u00edvel realizar as atividades de modo tranquilo, seguro e concentrado \u00e9 fundamental quando se preza pela qualidade e produtividade [&hellip;]\" \/>\n<meta property=\"og:url\" content=\"https:\/\/www.dabusarquitetura.com.br\/blog\/a-acustica-na-arquitetura-corporativa\/\" \/>\n<meta property=\"og:site_name\" content=\"DABUS ARQUITETURA\" \/>\n<meta property=\"article:published_time\" content=\"2010-08-26T14:07:50+00:00\" \/>\n<meta property=\"article:modified_time\" content=\"2022-07-25T17:11:27+00:00\" \/>\n<meta name=\"author\" content=\"heloisa.dabus\" \/>\n<meta name=\"twitter:card\" content=\"summary_large_image\" \/>\n<meta name=\"twitter:label1\" content=\"Escrito por\" \/>\n\t<meta name=\"twitter:data1\" content=\"heloisa.dabus\" \/>\n\t<meta name=\"twitter:label2\" content=\"Est. tempo de leitura\" \/>\n\t<meta name=\"twitter:data2\" content=\"2 minutos\" \/>\n<script type=\"application\/ld+json\" class=\"yoast-schema-graph\">{\"@context\":\"https:\/\/schema.org\",\"@graph\":[{\"@type\":\"WebPage\",\"@id\":\"https:\/\/www.dabusarquitetura.com.br\/blog\/a-acustica-na-arquitetura-corporativa\/\",\"url\":\"https:\/\/www.dabusarquitetura.com.br\/blog\/a-acustica-na-arquitetura-corporativa\/\",\"name\":\"A ac\u00fastica na Arquitetura Corporativa - DABUS ARQUITETURA\",\"isPartOf\":{\"@id\":\"https:\/\/www.dabusarquitetura.com.br\/blog\/#website\"},\"datePublished\":\"2010-08-26T14:07:50+00:00\",\"dateModified\":\"2022-07-25T17:11:27+00:00\",\"author\":{\"@id\":\"https:\/\/www.dabusarquitetura.com.br\/blog\/#\/schema\/person\/978b78d74759412a1cd43634996237c4\"},\"breadcrumb\":{\"@id\":\"https:\/\/www.dabusarquitetura.com.br\/blog\/a-acustica-na-arquitetura-corporativa\/#breadcrumb\"},\"inLanguage\":\"pt-BR\",\"potentialAction\":[{\"@type\":\"ReadAction\",\"target\":[\"https:\/\/www.dabusarquitetura.com.br\/blog\/a-acustica-na-arquitetura-corporativa\/\"]}]},{\"@type\":\"BreadcrumbList\",\"@id\":\"https:\/\/www.dabusarquitetura.com.br\/blog\/a-acustica-na-arquitetura-corporativa\/#breadcrumb\",\"itemListElement\":[{\"@type\":\"ListItem\",\"position\":1,\"name\":\"In\u00edcio\",\"item\":\"https:\/\/www.dabusarquitetura.com.br\/blog\/\"},{\"@type\":\"ListItem\",\"position\":2,\"name\":\"A ac\u00fastica na Arquitetura Corporativa\"}]},{\"@type\":\"WebSite\",\"@id\":\"https:\/\/www.dabusarquitetura.com.br\/blog\/#website\",\"url\":\"https:\/\/www.dabusarquitetura.com.br\/blog\/\",\"name\":\"DABUS ARQUITETURA\",\"description\":\"Arquitetura Corporativa\",\"potentialAction\":[{\"@type\":\"SearchAction\",\"target\":{\"@type\":\"EntryPoint\",\"urlTemplate\":\"https:\/\/www.dabusarquitetura.com.br\/blog\/?s={search_term_string}\"},\"query-input\":\"required name=search_term_string\"}],\"inLanguage\":\"pt-BR\"},{\"@type\":\"Person\",\"@id\":\"https:\/\/www.dabusarquitetura.com.br\/blog\/#\/schema\/person\/978b78d74759412a1cd43634996237c4\",\"name\":\"heloisa.dabus\",\"image\":{\"@type\":\"ImageObject\",\"inLanguage\":\"pt-BR\",\"@id\":\"https:\/\/www.dabusarquitetura.com.br\/blog\/#\/schema\/person\/image\/\",\"url\":\"https:\/\/secure.gravatar.com\/avatar\/4078f4f8e54fb70a99a5e9edc642ecb1?s=96&d=mm&r=g\",\"contentUrl\":\"https:\/\/secure.gravatar.com\/avatar\/4078f4f8e54fb70a99a5e9edc642ecb1?s=96&d=mm&r=g\",\"caption\":\"heloisa.dabus\"},\"url\":\"https:\/\/www.dabusarquitetura.com.br\/blog\/author\/heloisa-dabus\/\"}]}<\/script>\n<!-- \/ Yoast SEO plugin. -->","yoast_head_json":{"title":"A ac\u00fastica na Arquitetura Corporativa - DABUS ARQUITETURA","robots":{"index":"index","follow":"follow","max-snippet":"max-snippet:-1","max-image-preview":"max-image-preview:large","max-video-preview":"max-video-preview:-1"},"canonical":"https:\/\/www.dabusarquitetura.com.br\/blog\/a-acustica-na-arquitetura-corporativa\/","og_locale":"pt_BR","og_type":"article","og_title":"A ac\u00fastica na Arquitetura Corporativa - DABUS ARQUITETURA","og_description":"Trabalhar com qualidade, sentindo que \u00e9 poss\u00edvel realizar as atividades de modo tranquilo, seguro e concentrado \u00e9 fundamental quando se preza pela qualidade e produtividade [&hellip;]","og_url":"https:\/\/www.dabusarquitetura.com.br\/blog\/a-acustica-na-arquitetura-corporativa\/","og_site_name":"DABUS ARQUITETURA","article_published_time":"2010-08-26T14:07:50+00:00","article_modified_time":"2022-07-25T17:11:27+00:00","author":"heloisa.dabus","twitter_card":"summary_large_image","twitter_misc":{"Escrito por":"heloisa.dabus","Est. tempo de leitura":"2 minutos"},"schema":{"@context":"https:\/\/schema.org","@graph":[{"@type":"WebPage","@id":"https:\/\/www.dabusarquitetura.com.br\/blog\/a-acustica-na-arquitetura-corporativa\/","url":"https:\/\/www.dabusarquitetura.com.br\/blog\/a-acustica-na-arquitetura-corporativa\/","name":"A ac\u00fastica na Arquitetura Corporativa - DABUS ARQUITETURA","isPartOf":{"@id":"https:\/\/www.dabusarquitetura.com.br\/blog\/#website"},"datePublished":"2010-08-26T14:07:50+00:00","dateModified":"2022-07-25T17:11:27+00:00","author":{"@id":"https:\/\/www.dabusarquitetura.com.br\/blog\/#\/schema\/person\/978b78d74759412a1cd43634996237c4"},"breadcrumb":{"@id":"https:\/\/www.dabusarquitetura.com.br\/blog\/a-acustica-na-arquitetura-corporativa\/#breadcrumb"},"inLanguage":"pt-BR","potentialAction":[{"@type":"ReadAction","target":["https:\/\/www.dabusarquitetura.com.br\/blog\/a-acustica-na-arquitetura-corporativa\/"]}]},{"@type":"BreadcrumbList","@id":"https:\/\/www.dabusarquitetura.com.br\/blog\/a-acustica-na-arquitetura-corporativa\/#breadcrumb","itemListElement":[{"@type":"ListItem","position":1,"name":"In\u00edcio","item":"https:\/\/www.dabusarquitetura.com.br\/blog\/"},{"@type":"ListItem","position":2,"name":"A ac\u00fastica na Arquitetura Corporativa"}]},{"@type":"WebSite","@id":"https:\/\/www.dabusarquitetura.com.br\/blog\/#website","url":"https:\/\/www.dabusarquitetura.com.br\/blog\/","name":"DABUS ARQUITETURA","description":"Arquitetura Corporativa","potentialAction":[{"@type":"SearchAction","target":{"@type":"EntryPoint","urlTemplate":"https:\/\/www.dabusarquitetura.com.br\/blog\/?s={search_term_string}"},"query-input":"required name=search_term_string"}],"inLanguage":"pt-BR"},{"@type":"Person","@id":"https:\/\/www.dabusarquitetura.com.br\/blog\/#\/schema\/person\/978b78d74759412a1cd43634996237c4","name":"heloisa.dabus","image":{"@type":"ImageObject","inLanguage":"pt-BR","@id":"https:\/\/www.dabusarquitetura.com.br\/blog\/#\/schema\/person\/image\/","url":"https:\/\/secure.gravatar.com\/avatar\/4078f4f8e54fb70a99a5e9edc642ecb1?s=96&d=mm&r=g","contentUrl":"https:\/\/secure.gravatar.com\/avatar\/4078f4f8e54fb70a99a5e9edc642ecb1?s=96&d=mm&r=g","caption":"heloisa.dabus"},"url":"https:\/\/www.dabusarquitetura.com.br\/blog\/author\/heloisa-dabus\/"}]}},"_links":{"self":[{"href":"https:\/\/www.dabusarquitetura.com.br\/blog\/wp-json\/wp\/v2\/posts\/848"}],"collection":[{"href":"https:\/\/www.dabusarquitetura.com.br\/blog\/wp-json\/wp\/v2\/posts"}],"about":[{"href":"https:\/\/www.dabusarquitetura.com.br\/blog\/wp-json\/wp\/v2\/types\/post"}],"author":[{"embeddable":true,"href":"https:\/\/www.dabusarquitetura.com.br\/blog\/wp-json\/wp\/v2\/users\/3"}],"replies":[{"embeddable":true,"href":"https:\/\/www.dabusarquitetura.com.br\/blog\/wp-json\/wp\/v2\/comments?post=848"}],"version-history":[{"count":1,"href":"https:\/\/www.dabusarquitetura.com.br\/blog\/wp-json\/wp\/v2\/posts\/848\/revisions"}],"predecessor-version":[{"id":16147,"href":"https:\/\/www.dabusarquitetura.com.br\/blog\/wp-json\/wp\/v2\/posts\/848\/revisions\/16147"}],"wp:attachment":[{"href":"https:\/\/www.dabusarquitetura.com.br\/blog\/wp-json\/wp\/v2\/media?parent=848"}],"wp:term":[{"taxonomy":"category","embeddable":true,"href":"https:\/\/www.dabusarquitetura.com.br\/blog\/wp-json\/wp\/v2\/categories?post=848"},{"taxonomy":"post_tag","embeddable":true,"href":"https:\/\/www.dabusarquitetura.com.br\/blog\/wp-json\/wp\/v2\/tags?post=848"}],"curies":[{"name":"wp","href":"https:\/\/api.w.org\/{rel}","templated":true}]}}