{"id":8099,"date":"2013-12-18T12:33:40","date_gmt":"2013-12-18T12:33:40","guid":{"rendered":"http:\/\/www.dabus.com.br\/blog\/?p=8099"},"modified":"2013-12-19T00:28:23","modified_gmt":"2013-12-19T00:28:23","slug":"preencha-os-espacos-e-boas-festas","status":"publish","type":"post","link":"https:\/\/www.dabusarquitetura.com.br\/blog\/preencha-os-espacos-e-boas-festas\/","title":{"rendered":"Preencha os espa\u00e7os e boas festas!"},"content":{"rendered":"<p>Todo mundo procura um lugar onde se encaixar. Portanto, experimentar <strong>novos espa\u00e7os<\/strong> faz parte da vida!<\/p>\n<p>H\u00e1 caminhos imperd\u00edveis a trilhar e cen\u00e1rios deslumbrantes a serem descobertos. Explore todos eles e <strong>viva essa aventura de modo intenso<\/strong>.\u00a0Contudo, n\u00e3o deixe de visitar tamb\u00e9m o seu interior. Essa \u00e9 a <strong>viagem essencial<\/strong>, que jamais pode deixar de ser feita. O melhor \u00e9 que n\u00e3o \u00e9 preciso passagem ou hora marcada para embarcar. Basta um momento de sil\u00eancio e reflex\u00e3o.<\/p>\n<p>O <strong>fim do ano<\/strong> \u00e9 a oportunidade ideal para fazer essa jornada introspectiva. Pare um instante, reveja o que passou e fa\u00e7a planos para 2014. Preencha cada espa\u00e7o com a <strong>luz da esperan\u00e7a e da bondade<\/strong> &#8211; com certeza ela te guiar\u00e1 por um belo\u00a0<strong>caminho de conquistas<\/strong>.<\/p>\n<p><a title=\"Clique para ampliar!\" href=\"http:\/\/agenciafosforo.com.br\/wp-content\/uploads\/2013\/12\/escritorio-arquitetura-natal-2013-ampliado.jpg\" target=\"_blank\"><img decoding=\"async\" loading=\"lazy\" class=\"size-full wp-image-4288 aligncenter\" src=\"http:\/\/agenciafosforo.com.br\/wp-content\/uploads\/2013\/12\/escritorio-arquitetura-natal-2013.jpg\" alt=\"escritorio-arquitetura-natal-2013\" width=\"455\" height=\"307\" \/><\/a><\/p>\n<p style=\"text-align: center;\"><span style=\"color: #999999;\">Clique na imagem para ampli\u00e1-la.<\/span><\/p>\n","protected":false},"excerpt":{"rendered":"<p>Todo mundo procura um lugar onde se encaixar. Portanto, experimentar novos espa\u00e7os faz parte da vida! H\u00e1 caminhos imperd\u00edveis a trilhar e cen\u00e1rios deslumbrantes a [&hellip;]<\/p>\n","protected":false},"author":3,"featured_media":0,"comment_status":"open","ping_status":"open","sticky":false,"template":"","format":"standard","meta":[],"categories":[3],"tags":[],"yoast_head":"<!-- This site is optimized with the Yoast SEO plugin v20.8 - https:\/\/yoast.com\/wordpress\/plugins\/seo\/ -->\n<title>Preencha os espa\u00e7os e boas festas! - DABUS ARQUITETURA<\/title>\n<meta name=\"robots\" content=\"index, follow, max-snippet:-1, max-image-preview:large, max-video-preview:-1\" \/>\n<link rel=\"canonical\" href=\"https:\/\/www.dabusarquitetura.com.br\/blog\/preencha-os-espacos-e-boas-festas\/\" \/>\n<meta property=\"og:locale\" content=\"pt_BR\" \/>\n<meta property=\"og:type\" content=\"article\" \/>\n<meta property=\"og:title\" content=\"Preencha os espa\u00e7os e boas festas! - DABUS ARQUITETURA\" \/>\n<meta property=\"og:description\" content=\"Todo mundo procura um lugar onde se encaixar. Portanto, experimentar novos espa\u00e7os faz parte da vida! H\u00e1 caminhos imperd\u00edveis a trilhar e cen\u00e1rios deslumbrantes a [&hellip;]\" \/>\n<meta property=\"og:url\" content=\"https:\/\/www.dabusarquitetura.com.br\/blog\/preencha-os-espacos-e-boas-festas\/\" \/>\n<meta property=\"og:site_name\" content=\"DABUS ARQUITETURA\" \/>\n<meta property=\"article:published_time\" content=\"2013-12-18T12:33:40+00:00\" \/>\n<meta property=\"article:modified_time\" content=\"2013-12-19T00:28:23+00:00\" \/>\n<meta property=\"og:image\" content=\"http:\/\/agenciafosforo.com.br\/wp-content\/uploads\/2013\/12\/escritorio-arquitetura-natal-2013.jpg\" \/>\n<meta name=\"author\" content=\"heloisa.dabus\" \/>\n<meta name=\"twitter:card\" content=\"summary_large_image\" \/>\n<meta name=\"twitter:label1\" content=\"Escrito por\" \/>\n\t<meta name=\"twitter:data1\" content=\"heloisa.dabus\" \/>\n\t<meta name=\"twitter:label2\" content=\"Est. tempo de leitura\" \/>\n\t<meta name=\"twitter:data2\" content=\"1 minuto\" \/>\n<script type=\"application\/ld+json\" class=\"yoast-schema-graph\">{\"@context\":\"https:\/\/schema.org\",\"@graph\":[{\"@type\":\"WebPage\",\"@id\":\"https:\/\/www.dabusarquitetura.com.br\/blog\/preencha-os-espacos-e-boas-festas\/\",\"url\":\"https:\/\/www.dabusarquitetura.com.br\/blog\/preencha-os-espacos-e-boas-festas\/\",\"name\":\"Preencha os espa\u00e7os e boas festas! - DABUS ARQUITETURA\",\"isPartOf\":{\"@id\":\"https:\/\/www.dabusarquitetura.com.br\/blog\/#website\"},\"datePublished\":\"2013-12-18T12:33:40+00:00\",\"dateModified\":\"2013-12-19T00:28:23+00:00\",\"author\":{\"@id\":\"https:\/\/www.dabusarquitetura.com.br\/blog\/#\/schema\/person\/978b78d74759412a1cd43634996237c4\"},\"breadcrumb\":{\"@id\":\"https:\/\/www.dabusarquitetura.com.br\/blog\/preencha-os-espacos-e-boas-festas\/#breadcrumb\"},\"inLanguage\":\"pt-BR\",\"potentialAction\":[{\"@type\":\"ReadAction\",\"target\":[\"https:\/\/www.dabusarquitetura.com.br\/blog\/preencha-os-espacos-e-boas-festas\/\"]}]},{\"@type\":\"BreadcrumbList\",\"@id\":\"https:\/\/www.dabusarquitetura.com.br\/blog\/preencha-os-espacos-e-boas-festas\/#breadcrumb\",\"itemListElement\":[{\"@type\":\"ListItem\",\"position\":1,\"name\":\"In\u00edcio\",\"item\":\"https:\/\/www.dabusarquitetura.com.br\/blog\/\"},{\"@type\":\"ListItem\",\"position\":2,\"name\":\"Preencha os espa\u00e7os e boas festas!\"}]},{\"@type\":\"WebSite\",\"@id\":\"https:\/\/www.dabusarquitetura.com.br\/blog\/#website\",\"url\":\"https:\/\/www.dabusarquitetura.com.br\/blog\/\",\"name\":\"DABUS ARQUITETURA\",\"description\":\"Arquitetura Corporativa\",\"potentialAction\":[{\"@type\":\"SearchAction\",\"target\":{\"@type\":\"EntryPoint\",\"urlTemplate\":\"https:\/\/www.dabusarquitetura.com.br\/blog\/?s={search_term_string}\"},\"query-input\":\"required name=search_term_string\"}],\"inLanguage\":\"pt-BR\"},{\"@type\":\"Person\",\"@id\":\"https:\/\/www.dabusarquitetura.com.br\/blog\/#\/schema\/person\/978b78d74759412a1cd43634996237c4\",\"name\":\"heloisa.dabus\",\"image\":{\"@type\":\"ImageObject\",\"inLanguage\":\"pt-BR\",\"@id\":\"https:\/\/www.dabusarquitetura.com.br\/blog\/#\/schema\/person\/image\/\",\"url\":\"https:\/\/secure.gravatar.com\/avatar\/4078f4f8e54fb70a99a5e9edc642ecb1?s=96&d=mm&r=g\",\"contentUrl\":\"https:\/\/secure.gravatar.com\/avatar\/4078f4f8e54fb70a99a5e9edc642ecb1?s=96&d=mm&r=g\",\"caption\":\"heloisa.dabus\"},\"url\":\"https:\/\/www.dabusarquitetura.com.br\/blog\/author\/heloisa-dabus\/\"}]}<\/script>\n<!-- \/ Yoast SEO plugin. -->","yoast_head_json":{"title":"Preencha os espa\u00e7os e boas festas! - DABUS ARQUITETURA","robots":{"index":"index","follow":"follow","max-snippet":"max-snippet:-1","max-image-preview":"max-image-preview:large","max-video-preview":"max-video-preview:-1"},"canonical":"https:\/\/www.dabusarquitetura.com.br\/blog\/preencha-os-espacos-e-boas-festas\/","og_locale":"pt_BR","og_type":"article","og_title":"Preencha os espa\u00e7os e boas festas! - DABUS ARQUITETURA","og_description":"Todo mundo procura um lugar onde se encaixar. Portanto, experimentar novos espa\u00e7os faz parte da vida! H\u00e1 caminhos imperd\u00edveis a trilhar e cen\u00e1rios deslumbrantes a [&hellip;]","og_url":"https:\/\/www.dabusarquitetura.com.br\/blog\/preencha-os-espacos-e-boas-festas\/","og_site_name":"DABUS ARQUITETURA","article_published_time":"2013-12-18T12:33:40+00:00","article_modified_time":"2013-12-19T00:28:23+00:00","og_image":[{"url":"http:\/\/agenciafosforo.com.br\/wp-content\/uploads\/2013\/12\/escritorio-arquitetura-natal-2013.jpg"}],"author":"heloisa.dabus","twitter_card":"summary_large_image","twitter_misc":{"Escrito por":"heloisa.dabus","Est. tempo de leitura":"1 minuto"},"schema":{"@context":"https:\/\/schema.org","@graph":[{"@type":"WebPage","@id":"https:\/\/www.dabusarquitetura.com.br\/blog\/preencha-os-espacos-e-boas-festas\/","url":"https:\/\/www.dabusarquitetura.com.br\/blog\/preencha-os-espacos-e-boas-festas\/","name":"Preencha os espa\u00e7os e boas festas! - DABUS ARQUITETURA","isPartOf":{"@id":"https:\/\/www.dabusarquitetura.com.br\/blog\/#website"},"datePublished":"2013-12-18T12:33:40+00:00","dateModified":"2013-12-19T00:28:23+00:00","author":{"@id":"https:\/\/www.dabusarquitetura.com.br\/blog\/#\/schema\/person\/978b78d74759412a1cd43634996237c4"},"breadcrumb":{"@id":"https:\/\/www.dabusarquitetura.com.br\/blog\/preencha-os-espacos-e-boas-festas\/#breadcrumb"},"inLanguage":"pt-BR","potentialAction":[{"@type":"ReadAction","target":["https:\/\/www.dabusarquitetura.com.br\/blog\/preencha-os-espacos-e-boas-festas\/"]}]},{"@type":"BreadcrumbList","@id":"https:\/\/www.dabusarquitetura.com.br\/blog\/preencha-os-espacos-e-boas-festas\/#breadcrumb","itemListElement":[{"@type":"ListItem","position":1,"name":"In\u00edcio","item":"https:\/\/www.dabusarquitetura.com.br\/blog\/"},{"@type":"ListItem","position":2,"name":"Preencha os espa\u00e7os e boas festas!"}]},{"@type":"WebSite","@id":"https:\/\/www.dabusarquitetura.com.br\/blog\/#website","url":"https:\/\/www.dabusarquitetura.com.br\/blog\/","name":"DABUS ARQUITETURA","description":"Arquitetura Corporativa","potentialAction":[{"@type":"SearchAction","target":{"@type":"EntryPoint","urlTemplate":"https:\/\/www.dabusarquitetura.com.br\/blog\/?s={search_term_string}"},"query-input":"required name=search_term_string"}],"inLanguage":"pt-BR"},{"@type":"Person","@id":"https:\/\/www.dabusarquitetura.com.br\/blog\/#\/schema\/person\/978b78d74759412a1cd43634996237c4","name":"heloisa.dabus","image":{"@type":"ImageObject","inLanguage":"pt-BR","@id":"https:\/\/www.dabusarquitetura.com.br\/blog\/#\/schema\/person\/image\/","url":"https:\/\/secure.gravatar.com\/avatar\/4078f4f8e54fb70a99a5e9edc642ecb1?s=96&d=mm&r=g","contentUrl":"https:\/\/secure.gravatar.com\/avatar\/4078f4f8e54fb70a99a5e9edc642ecb1?s=96&d=mm&r=g","caption":"heloisa.dabus"},"url":"https:\/\/www.dabusarquitetura.com.br\/blog\/author\/heloisa-dabus\/"}]}},"_links":{"self":[{"href":"https:\/\/www.dabusarquitetura.com.br\/blog\/wp-json\/wp\/v2\/posts\/8099"}],"collection":[{"href":"https:\/\/www.dabusarquitetura.com.br\/blog\/wp-json\/wp\/v2\/posts"}],"about":[{"href":"https:\/\/www.dabusarquitetura.com.br\/blog\/wp-json\/wp\/v2\/types\/post"}],"author":[{"embeddable":true,"href":"https:\/\/www.dabusarquitetura.com.br\/blog\/wp-json\/wp\/v2\/users\/3"}],"replies":[{"embeddable":true,"href":"https:\/\/www.dabusarquitetura.com.br\/blog\/wp-json\/wp\/v2\/comments?post=8099"}],"version-history":[{"count":0,"href":"https:\/\/www.dabusarquitetura.com.br\/blog\/wp-json\/wp\/v2\/posts\/8099\/revisions"}],"wp:attachment":[{"href":"https:\/\/www.dabusarquitetura.com.br\/blog\/wp-json\/wp\/v2\/media?parent=8099"}],"wp:term":[{"taxonomy":"category","embeddable":true,"href":"https:\/\/www.dabusarquitetura.com.br\/blog\/wp-json\/wp\/v2\/categories?post=8099"},{"taxonomy":"post_tag","embeddable":true,"href":"https:\/\/www.dabusarquitetura.com.br\/blog\/wp-json\/wp\/v2\/tags?post=8099"}],"curies":[{"name":"wp","href":"https:\/\/api.w.org\/{rel}","templated":true}]}}