{"id":7814,"date":"2013-04-17T13:45:18","date_gmt":"2013-04-17T13:45:18","guid":{"rendered":"http:\/\/www.dabus.com.br\/blog\/?p=7814"},"modified":"2019-02-08T14:22:21","modified_gmt":"2019-02-08T14:22:21","slug":"produtividade-otimizada-com-a-arquitetura-corporativa","status":"publish","type":"post","link":"https:\/\/www.dabusarquitetura.com.br\/blog\/produtividade-otimizada-com-a-arquitetura-corporativa\/","title":{"rendered":"Produtividade otimizada com a Arquitetura Corporativa"},"content":{"rendered":"<p>O volume de trabalho \u00e9 grande, o tempo para realiz\u00e1-lo, curto, e o ritmo do dia a dia cada vez mais agitado. Em nosso atual estilo vida, <strong>manter a calma, sem perder a produtividade,<\/strong> se tornou um verdadeiro desafio.<\/p>\n<p><img decoding=\"async\" loading=\"lazy\" class=\"size-full wp-image-2598 aligncenter\" src=\"http:\/\/agenciafosforo.com.br\/wp-content\/uploads\/2013\/04\/produtividade-arquitetura-corporativa.jpg\" alt=\"produtividade-arquitetura-corporativa\" width=\"450\" height=\"157\" \/><\/p>\n<p>Confrontadas com tantas <strong>obriga\u00e7\u00f5es e press\u00f5es,<\/strong> as pessoas (sobretudo os novos trabalhadores) passaram a valorizar o <strong>prazer por sua ocupa\u00e7\u00e3o<\/strong> como um fator compensat\u00f3rio, obrigando as empresas a encontrarem <strong>solu\u00e7\u00f5es que as atraiam<\/strong> e que, ao mesmo tempo, sejam vantajosas aos neg\u00f3cios.<\/p>\n<p>Independentemente de qualquer situa\u00e7\u00e3o, uma coisa \u00e9 certa: <strong>quem \u00e9 feliz \u00e9 mais ativo e mais produtivo. <\/strong>E em todo esse contexto o<strong> ambiente \u00e9 um elemento-chave, <\/strong>capaz de estimular<strong> o bem-estar <\/strong>ou, ao contr\u00e1rio, o <em>stress<\/em> e a insatisfa\u00e7\u00e3o.<\/p>\n<p>Escadas em excesso, cores vibrantes demais, <a title=\"Saiba mais!\" href=\"http:\/\/www.dabus.com.br\/blog\/2012\/11\/os-problemas-de-uma-arquitetura-corporativa-inexpressiva\/\"><strong>ambienta\u00e7\u00e3o inexpressiva<\/strong><\/a>, mesas e cadeiras ultrapassadas s\u00e3o alguns dos fatores que prejudicam companhias e seus colaboradores a partir da gera\u00e7\u00e3o de sensa\u00e7\u00f5es como <strong>desconforto e cansa\u00e7o, al\u00e9m de malef\u00edcios diretos \u00e0 sa\u00fade.<\/strong><\/p>\n<p>J\u00e1 a correta orienta\u00e7\u00e3o do <em>layout<\/em> do espa\u00e7o, a utiliza\u00e7\u00e3o de um mobili\u00e1rio vers\u00e1til e de uma ambienta\u00e7\u00e3o equilibrada, em harmonia com a imagem da marca, s\u00e3o benef\u00edcios proporcionados pela <strong><strong><strong><strong><strong><strong><strong><strong><a title=\"Saiba Mais!\" href=\"..\/..\/site\/arquitetura-corporativa\" target=\"_blank\" rel=\"noopener\">Arquitetura Corporativa<\/a><\/strong><\/strong><\/strong><\/strong><\/strong><\/strong><\/strong><\/strong> que se traduzem em<strong> maior disposi\u00e7\u00e3o e produtividade<\/strong> por parte de seus ocupantes.<strong><br \/>\n<\/strong><\/p>\n<p><img decoding=\"async\" loading=\"lazy\" class=\" wp-image-2597 alignleft\" src=\"http:\/\/agenciafosforo.com.br\/wp-content\/uploads\/2013\/04\/heloisa-dabus-arquitetura-corporativa.jpg\" alt=\"heloisa-dabus-arquitetura-corporativa\" width=\"185\" height=\"180\" \/><\/p>\n<p>&#8220;<strong>Ambientes inteligentes afloram solu\u00e7\u00f5es inteligentes.<\/strong> A sobriedade exacerbada de d\u00e9cadas atr\u00e1s nos postos de trabalho, por exemplo, cedeu lugar <strong><a title=\"Saiba mais!\" href=\"http:\/\/www.dabus.com.br\/blog\/2013\/01\/10-ambientes-de-arquitetura-corporativa-criativos-e-ousados\/\">\u00e0 criatividade e \u00e0 personaliza\u00e7\u00e3o<\/a><\/strong>, que articuladas de maneira estrat\u00e9gica na <strong>Arquitetura Corporativa <\/strong>ajudam a construir<strong> ambientes mais saud\u00e1veis e felizes. <\/strong>\u00c9 para isso que tanto nos esfor\u00e7amos!&#8221; &#8211; <strong>Heloisa Dabus,<\/strong> arquiteta respons\u00e1vel pela <strong><a title=\"Quem Somos\" href=\"..\/..\/quem-somos\/\" target=\"_self\">DABUS ARQUITETURA<\/a><\/strong>.<\/p>\n<p>Embora seja um clich\u00ea, temos de admitir que, realmente,<strong> a empresa se tornou nossa segunda casa,<\/strong> onde, \u00e0s vezes, passamos at\u00e9 a maior parte do dia. A quest\u00e3o \u00e9 que ningu\u00e9m est\u00e1 ali para brincar e sim para <strong>produzir e se realizar como pessoa e profissional, <\/strong>objetivos que a <strong>Arquitetura Corporativa<\/strong> contribui para serem alcan\u00e7ados com mais qualidade e satisfa\u00e7\u00e3o.<\/p>\n<p>Para conhecer melhor o que nosso escrit\u00f3rio pode fazer por voc\u00ea e toda sua empresa, <a title=\"Clique aqui!\" href=\"http:\/\/www.dabus.com.br\/blog\/fale-conosco\/\"><strong>entre em contato<\/strong><\/a> conosco e tire suas d\u00favidas!<\/p>\n","protected":false},"excerpt":{"rendered":"<p>O volume de trabalho \u00e9 grande, o tempo para realiz\u00e1-lo, curto, e o ritmo do dia a dia cada vez mais agitado. Em nosso atual [&hellip;]<\/p>\n","protected":false},"author":3,"featured_media":0,"comment_status":"open","ping_status":"open","sticky":false,"template":"","format":"standard","meta":[],"categories":[7],"tags":[],"yoast_head":"<!-- This site is optimized with the Yoast SEO plugin v20.8 - https:\/\/yoast.com\/wordpress\/plugins\/seo\/ -->\n<title>Produtividade otimizada com a Arquitetura Corporativa - DABUS ARQUITETURA<\/title>\n<meta name=\"robots\" content=\"index, follow, max-snippet:-1, max-image-preview:large, max-video-preview:-1\" \/>\n<link rel=\"canonical\" href=\"https:\/\/www.dabusarquitetura.com.br\/blog\/produtividade-otimizada-com-a-arquitetura-corporativa\/\" \/>\n<meta property=\"og:locale\" content=\"pt_BR\" \/>\n<meta property=\"og:type\" content=\"article\" \/>\n<meta property=\"og:title\" content=\"Produtividade otimizada com a Arquitetura Corporativa - DABUS ARQUITETURA\" \/>\n<meta property=\"og:description\" content=\"O volume de trabalho \u00e9 grande, o tempo para realiz\u00e1-lo, curto, e o ritmo do dia a dia cada vez mais agitado. Em nosso atual [&hellip;]\" \/>\n<meta property=\"og:url\" content=\"https:\/\/www.dabusarquitetura.com.br\/blog\/produtividade-otimizada-com-a-arquitetura-corporativa\/\" \/>\n<meta property=\"og:site_name\" content=\"DABUS ARQUITETURA\" \/>\n<meta property=\"article:published_time\" content=\"2013-04-17T13:45:18+00:00\" \/>\n<meta property=\"article:modified_time\" content=\"2019-02-08T14:22:21+00:00\" \/>\n<meta property=\"og:image\" content=\"http:\/\/agenciafosforo.com.br\/wp-content\/uploads\/2013\/04\/produtividade-arquitetura-corporativa.jpg\" \/>\n<meta name=\"author\" content=\"heloisa.dabus\" \/>\n<meta name=\"twitter:card\" content=\"summary_large_image\" \/>\n<meta name=\"twitter:label1\" content=\"Escrito por\" \/>\n\t<meta name=\"twitter:data1\" content=\"heloisa.dabus\" \/>\n\t<meta name=\"twitter:label2\" content=\"Est. tempo de leitura\" \/>\n\t<meta name=\"twitter:data2\" content=\"2 minutos\" \/>\n<script type=\"application\/ld+json\" class=\"yoast-schema-graph\">{\"@context\":\"https:\/\/schema.org\",\"@graph\":[{\"@type\":\"WebPage\",\"@id\":\"https:\/\/www.dabusarquitetura.com.br\/blog\/produtividade-otimizada-com-a-arquitetura-corporativa\/\",\"url\":\"https:\/\/www.dabusarquitetura.com.br\/blog\/produtividade-otimizada-com-a-arquitetura-corporativa\/\",\"name\":\"Produtividade otimizada com a Arquitetura Corporativa - DABUS ARQUITETURA\",\"isPartOf\":{\"@id\":\"https:\/\/www.dabusarquitetura.com.br\/blog\/#website\"},\"datePublished\":\"2013-04-17T13:45:18+00:00\",\"dateModified\":\"2019-02-08T14:22:21+00:00\",\"author\":{\"@id\":\"https:\/\/www.dabusarquitetura.com.br\/blog\/#\/schema\/person\/978b78d74759412a1cd43634996237c4\"},\"breadcrumb\":{\"@id\":\"https:\/\/www.dabusarquitetura.com.br\/blog\/produtividade-otimizada-com-a-arquitetura-corporativa\/#breadcrumb\"},\"inLanguage\":\"pt-BR\",\"potentialAction\":[{\"@type\":\"ReadAction\",\"target\":[\"https:\/\/www.dabusarquitetura.com.br\/blog\/produtividade-otimizada-com-a-arquitetura-corporativa\/\"]}]},{\"@type\":\"BreadcrumbList\",\"@id\":\"https:\/\/www.dabusarquitetura.com.br\/blog\/produtividade-otimizada-com-a-arquitetura-corporativa\/#breadcrumb\",\"itemListElement\":[{\"@type\":\"ListItem\",\"position\":1,\"name\":\"In\u00edcio\",\"item\":\"https:\/\/www.dabusarquitetura.com.br\/blog\/\"},{\"@type\":\"ListItem\",\"position\":2,\"name\":\"Produtividade otimizada com a Arquitetura Corporativa\"}]},{\"@type\":\"WebSite\",\"@id\":\"https:\/\/www.dabusarquitetura.com.br\/blog\/#website\",\"url\":\"https:\/\/www.dabusarquitetura.com.br\/blog\/\",\"name\":\"DABUS ARQUITETURA\",\"description\":\"Arquitetura Corporativa\",\"potentialAction\":[{\"@type\":\"SearchAction\",\"target\":{\"@type\":\"EntryPoint\",\"urlTemplate\":\"https:\/\/www.dabusarquitetura.com.br\/blog\/?s={search_term_string}\"},\"query-input\":\"required name=search_term_string\"}],\"inLanguage\":\"pt-BR\"},{\"@type\":\"Person\",\"@id\":\"https:\/\/www.dabusarquitetura.com.br\/blog\/#\/schema\/person\/978b78d74759412a1cd43634996237c4\",\"name\":\"heloisa.dabus\",\"image\":{\"@type\":\"ImageObject\",\"inLanguage\":\"pt-BR\",\"@id\":\"https:\/\/www.dabusarquitetura.com.br\/blog\/#\/schema\/person\/image\/\",\"url\":\"https:\/\/secure.gravatar.com\/avatar\/4078f4f8e54fb70a99a5e9edc642ecb1?s=96&d=mm&r=g\",\"contentUrl\":\"https:\/\/secure.gravatar.com\/avatar\/4078f4f8e54fb70a99a5e9edc642ecb1?s=96&d=mm&r=g\",\"caption\":\"heloisa.dabus\"},\"url\":\"https:\/\/www.dabusarquitetura.com.br\/blog\/author\/heloisa-dabus\/\"}]}<\/script>\n<!-- \/ Yoast SEO plugin. -->","yoast_head_json":{"title":"Produtividade otimizada com a Arquitetura Corporativa - DABUS ARQUITETURA","robots":{"index":"index","follow":"follow","max-snippet":"max-snippet:-1","max-image-preview":"max-image-preview:large","max-video-preview":"max-video-preview:-1"},"canonical":"https:\/\/www.dabusarquitetura.com.br\/blog\/produtividade-otimizada-com-a-arquitetura-corporativa\/","og_locale":"pt_BR","og_type":"article","og_title":"Produtividade otimizada com a Arquitetura Corporativa - DABUS ARQUITETURA","og_description":"O volume de trabalho \u00e9 grande, o tempo para realiz\u00e1-lo, curto, e o ritmo do dia a dia cada vez mais agitado. Em nosso atual [&hellip;]","og_url":"https:\/\/www.dabusarquitetura.com.br\/blog\/produtividade-otimizada-com-a-arquitetura-corporativa\/","og_site_name":"DABUS ARQUITETURA","article_published_time":"2013-04-17T13:45:18+00:00","article_modified_time":"2019-02-08T14:22:21+00:00","og_image":[{"url":"http:\/\/agenciafosforo.com.br\/wp-content\/uploads\/2013\/04\/produtividade-arquitetura-corporativa.jpg"}],"author":"heloisa.dabus","twitter_card":"summary_large_image","twitter_misc":{"Escrito por":"heloisa.dabus","Est. tempo de leitura":"2 minutos"},"schema":{"@context":"https:\/\/schema.org","@graph":[{"@type":"WebPage","@id":"https:\/\/www.dabusarquitetura.com.br\/blog\/produtividade-otimizada-com-a-arquitetura-corporativa\/","url":"https:\/\/www.dabusarquitetura.com.br\/blog\/produtividade-otimizada-com-a-arquitetura-corporativa\/","name":"Produtividade otimizada com a Arquitetura Corporativa - DABUS ARQUITETURA","isPartOf":{"@id":"https:\/\/www.dabusarquitetura.com.br\/blog\/#website"},"datePublished":"2013-04-17T13:45:18+00:00","dateModified":"2019-02-08T14:22:21+00:00","author":{"@id":"https:\/\/www.dabusarquitetura.com.br\/blog\/#\/schema\/person\/978b78d74759412a1cd43634996237c4"},"breadcrumb":{"@id":"https:\/\/www.dabusarquitetura.com.br\/blog\/produtividade-otimizada-com-a-arquitetura-corporativa\/#breadcrumb"},"inLanguage":"pt-BR","potentialAction":[{"@type":"ReadAction","target":["https:\/\/www.dabusarquitetura.com.br\/blog\/produtividade-otimizada-com-a-arquitetura-corporativa\/"]}]},{"@type":"BreadcrumbList","@id":"https:\/\/www.dabusarquitetura.com.br\/blog\/produtividade-otimizada-com-a-arquitetura-corporativa\/#breadcrumb","itemListElement":[{"@type":"ListItem","position":1,"name":"In\u00edcio","item":"https:\/\/www.dabusarquitetura.com.br\/blog\/"},{"@type":"ListItem","position":2,"name":"Produtividade otimizada com a Arquitetura Corporativa"}]},{"@type":"WebSite","@id":"https:\/\/www.dabusarquitetura.com.br\/blog\/#website","url":"https:\/\/www.dabusarquitetura.com.br\/blog\/","name":"DABUS ARQUITETURA","description":"Arquitetura Corporativa","potentialAction":[{"@type":"SearchAction","target":{"@type":"EntryPoint","urlTemplate":"https:\/\/www.dabusarquitetura.com.br\/blog\/?s={search_term_string}"},"query-input":"required name=search_term_string"}],"inLanguage":"pt-BR"},{"@type":"Person","@id":"https:\/\/www.dabusarquitetura.com.br\/blog\/#\/schema\/person\/978b78d74759412a1cd43634996237c4","name":"heloisa.dabus","image":{"@type":"ImageObject","inLanguage":"pt-BR","@id":"https:\/\/www.dabusarquitetura.com.br\/blog\/#\/schema\/person\/image\/","url":"https:\/\/secure.gravatar.com\/avatar\/4078f4f8e54fb70a99a5e9edc642ecb1?s=96&d=mm&r=g","contentUrl":"https:\/\/secure.gravatar.com\/avatar\/4078f4f8e54fb70a99a5e9edc642ecb1?s=96&d=mm&r=g","caption":"heloisa.dabus"},"url":"https:\/\/www.dabusarquitetura.com.br\/blog\/author\/heloisa-dabus\/"}]}},"_links":{"self":[{"href":"https:\/\/www.dabusarquitetura.com.br\/blog\/wp-json\/wp\/v2\/posts\/7814"}],"collection":[{"href":"https:\/\/www.dabusarquitetura.com.br\/blog\/wp-json\/wp\/v2\/posts"}],"about":[{"href":"https:\/\/www.dabusarquitetura.com.br\/blog\/wp-json\/wp\/v2\/types\/post"}],"author":[{"embeddable":true,"href":"https:\/\/www.dabusarquitetura.com.br\/blog\/wp-json\/wp\/v2\/users\/3"}],"replies":[{"embeddable":true,"href":"https:\/\/www.dabusarquitetura.com.br\/blog\/wp-json\/wp\/v2\/comments?post=7814"}],"version-history":[{"count":0,"href":"https:\/\/www.dabusarquitetura.com.br\/blog\/wp-json\/wp\/v2\/posts\/7814\/revisions"}],"wp:attachment":[{"href":"https:\/\/www.dabusarquitetura.com.br\/blog\/wp-json\/wp\/v2\/media?parent=7814"}],"wp:term":[{"taxonomy":"category","embeddable":true,"href":"https:\/\/www.dabusarquitetura.com.br\/blog\/wp-json\/wp\/v2\/categories?post=7814"},{"taxonomy":"post_tag","embeddable":true,"href":"https:\/\/www.dabusarquitetura.com.br\/blog\/wp-json\/wp\/v2\/tags?post=7814"}],"curies":[{"name":"wp","href":"https:\/\/api.w.org\/{rel}","templated":true}]}}