{"id":7732,"date":"2012-12-19T12:09:07","date_gmt":"2012-12-19T12:09:07","guid":{"rendered":"http:\/\/www.dabus.com.br\/blog\/?p=7732"},"modified":"2012-12-19T12:09:07","modified_gmt":"2012-12-19T12:09:07","slug":"um-natal-repleto-de-sonhos-e-de-novos-projetos","status":"publish","type":"post","link":"https:\/\/www.dabusarquitetura.com.br\/blog\/um-natal-repleto-de-sonhos-e-de-novos-projetos\/","title":{"rendered":"Um Natal repleto de sonhos &#8211; e de novos projetos!"},"content":{"rendered":"<p>Mais um ano vai chegando ao fim e talvez com ele muitos <strong>projetos, concretizados ou n\u00e3o.<\/strong><\/p>\n<p>Nessa \u00e9poca em que costumamos nos reunir com a fam\u00edlia e os amigos que voc\u00ea possa <strong>aproveitar as festas e acender novamente as luzes da esperan\u00e7a<\/strong> diante de um 2013 fabuloso que est\u00e1 por vir!<\/p>\n<p><img decoding=\"async\" loading=\"lazy\" class=\"size-full wp-image-17412 aligncenter\" title=\"Feliz Natal\" src=\"http:\/\/www.smartis.com.br\/wp-content\/uploads\/2012\/12\/dabus-natal20122.jpg\" alt=\"\" width=\"450\" height=\"594\" \/><\/p>\n","protected":false},"excerpt":{"rendered":"<p>Mais um ano vai chegando ao fim e talvez com ele muitos projetos, concretizados ou n\u00e3o. Nessa \u00e9poca em que costumamos nos reunir com a [&hellip;]<\/p>\n","protected":false},"author":3,"featured_media":0,"comment_status":"open","ping_status":"open","sticky":false,"template":"","format":"standard","meta":[],"categories":[3],"tags":[],"yoast_head":"<!-- This site is optimized with the Yoast SEO plugin v20.8 - https:\/\/yoast.com\/wordpress\/plugins\/seo\/ -->\n<title>Um Natal repleto de sonhos - e de novos projetos! - DABUS ARQUITETURA<\/title>\n<meta name=\"robots\" content=\"index, follow, max-snippet:-1, max-image-preview:large, max-video-preview:-1\" \/>\n<link rel=\"canonical\" href=\"https:\/\/www.dabusarquitetura.com.br\/blog\/um-natal-repleto-de-sonhos-e-de-novos-projetos\/\" \/>\n<meta property=\"og:locale\" content=\"pt_BR\" \/>\n<meta property=\"og:type\" content=\"article\" \/>\n<meta property=\"og:title\" content=\"Um Natal repleto de sonhos - e de novos projetos! - DABUS ARQUITETURA\" \/>\n<meta property=\"og:description\" content=\"Mais um ano vai chegando ao fim e talvez com ele muitos projetos, concretizados ou n\u00e3o. Nessa \u00e9poca em que costumamos nos reunir com a [&hellip;]\" \/>\n<meta property=\"og:url\" content=\"https:\/\/www.dabusarquitetura.com.br\/blog\/um-natal-repleto-de-sonhos-e-de-novos-projetos\/\" \/>\n<meta property=\"og:site_name\" content=\"DABUS ARQUITETURA\" \/>\n<meta property=\"article:published_time\" content=\"2012-12-19T12:09:07+00:00\" \/>\n<meta property=\"og:image\" content=\"http:\/\/www.smartis.com.br\/wp-content\/uploads\/2012\/12\/dabus-natal20122.jpg\" \/>\n<meta name=\"author\" content=\"heloisa.dabus\" \/>\n<meta name=\"twitter:card\" content=\"summary_large_image\" \/>\n<meta name=\"twitter:label1\" content=\"Escrito por\" \/>\n\t<meta name=\"twitter:data1\" content=\"heloisa.dabus\" \/>\n<script type=\"application\/ld+json\" class=\"yoast-schema-graph\">{\"@context\":\"https:\/\/schema.org\",\"@graph\":[{\"@type\":\"WebPage\",\"@id\":\"https:\/\/www.dabusarquitetura.com.br\/blog\/um-natal-repleto-de-sonhos-e-de-novos-projetos\/\",\"url\":\"https:\/\/www.dabusarquitetura.com.br\/blog\/um-natal-repleto-de-sonhos-e-de-novos-projetos\/\",\"name\":\"Um Natal repleto de sonhos - e de novos projetos! - DABUS ARQUITETURA\",\"isPartOf\":{\"@id\":\"https:\/\/www.dabusarquitetura.com.br\/blog\/#website\"},\"datePublished\":\"2012-12-19T12:09:07+00:00\",\"dateModified\":\"2012-12-19T12:09:07+00:00\",\"author\":{\"@id\":\"https:\/\/www.dabusarquitetura.com.br\/blog\/#\/schema\/person\/978b78d74759412a1cd43634996237c4\"},\"breadcrumb\":{\"@id\":\"https:\/\/www.dabusarquitetura.com.br\/blog\/um-natal-repleto-de-sonhos-e-de-novos-projetos\/#breadcrumb\"},\"inLanguage\":\"pt-BR\",\"potentialAction\":[{\"@type\":\"ReadAction\",\"target\":[\"https:\/\/www.dabusarquitetura.com.br\/blog\/um-natal-repleto-de-sonhos-e-de-novos-projetos\/\"]}]},{\"@type\":\"BreadcrumbList\",\"@id\":\"https:\/\/www.dabusarquitetura.com.br\/blog\/um-natal-repleto-de-sonhos-e-de-novos-projetos\/#breadcrumb\",\"itemListElement\":[{\"@type\":\"ListItem\",\"position\":1,\"name\":\"In\u00edcio\",\"item\":\"https:\/\/www.dabusarquitetura.com.br\/blog\/\"},{\"@type\":\"ListItem\",\"position\":2,\"name\":\"Um Natal repleto de sonhos &#8211; e de novos projetos!\"}]},{\"@type\":\"WebSite\",\"@id\":\"https:\/\/www.dabusarquitetura.com.br\/blog\/#website\",\"url\":\"https:\/\/www.dabusarquitetura.com.br\/blog\/\",\"name\":\"DABUS ARQUITETURA\",\"description\":\"Arquitetura Corporativa\",\"potentialAction\":[{\"@type\":\"SearchAction\",\"target\":{\"@type\":\"EntryPoint\",\"urlTemplate\":\"https:\/\/www.dabusarquitetura.com.br\/blog\/?s={search_term_string}\"},\"query-input\":\"required name=search_term_string\"}],\"inLanguage\":\"pt-BR\"},{\"@type\":\"Person\",\"@id\":\"https:\/\/www.dabusarquitetura.com.br\/blog\/#\/schema\/person\/978b78d74759412a1cd43634996237c4\",\"name\":\"heloisa.dabus\",\"image\":{\"@type\":\"ImageObject\",\"inLanguage\":\"pt-BR\",\"@id\":\"https:\/\/www.dabusarquitetura.com.br\/blog\/#\/schema\/person\/image\/\",\"url\":\"https:\/\/secure.gravatar.com\/avatar\/4078f4f8e54fb70a99a5e9edc642ecb1?s=96&d=mm&r=g\",\"contentUrl\":\"https:\/\/secure.gravatar.com\/avatar\/4078f4f8e54fb70a99a5e9edc642ecb1?s=96&d=mm&r=g\",\"caption\":\"heloisa.dabus\"},\"url\":\"https:\/\/www.dabusarquitetura.com.br\/blog\/author\/heloisa-dabus\/\"}]}<\/script>\n<!-- \/ Yoast SEO plugin. -->","yoast_head_json":{"title":"Um Natal repleto de sonhos - e de novos projetos! - DABUS ARQUITETURA","robots":{"index":"index","follow":"follow","max-snippet":"max-snippet:-1","max-image-preview":"max-image-preview:large","max-video-preview":"max-video-preview:-1"},"canonical":"https:\/\/www.dabusarquitetura.com.br\/blog\/um-natal-repleto-de-sonhos-e-de-novos-projetos\/","og_locale":"pt_BR","og_type":"article","og_title":"Um Natal repleto de sonhos - e de novos projetos! - DABUS ARQUITETURA","og_description":"Mais um ano vai chegando ao fim e talvez com ele muitos projetos, concretizados ou n\u00e3o. Nessa \u00e9poca em que costumamos nos reunir com a [&hellip;]","og_url":"https:\/\/www.dabusarquitetura.com.br\/blog\/um-natal-repleto-de-sonhos-e-de-novos-projetos\/","og_site_name":"DABUS ARQUITETURA","article_published_time":"2012-12-19T12:09:07+00:00","og_image":[{"url":"http:\/\/www.smartis.com.br\/wp-content\/uploads\/2012\/12\/dabus-natal20122.jpg"}],"author":"heloisa.dabus","twitter_card":"summary_large_image","twitter_misc":{"Escrito por":"heloisa.dabus"},"schema":{"@context":"https:\/\/schema.org","@graph":[{"@type":"WebPage","@id":"https:\/\/www.dabusarquitetura.com.br\/blog\/um-natal-repleto-de-sonhos-e-de-novos-projetos\/","url":"https:\/\/www.dabusarquitetura.com.br\/blog\/um-natal-repleto-de-sonhos-e-de-novos-projetos\/","name":"Um Natal repleto de sonhos - e de novos projetos! - DABUS ARQUITETURA","isPartOf":{"@id":"https:\/\/www.dabusarquitetura.com.br\/blog\/#website"},"datePublished":"2012-12-19T12:09:07+00:00","dateModified":"2012-12-19T12:09:07+00:00","author":{"@id":"https:\/\/www.dabusarquitetura.com.br\/blog\/#\/schema\/person\/978b78d74759412a1cd43634996237c4"},"breadcrumb":{"@id":"https:\/\/www.dabusarquitetura.com.br\/blog\/um-natal-repleto-de-sonhos-e-de-novos-projetos\/#breadcrumb"},"inLanguage":"pt-BR","potentialAction":[{"@type":"ReadAction","target":["https:\/\/www.dabusarquitetura.com.br\/blog\/um-natal-repleto-de-sonhos-e-de-novos-projetos\/"]}]},{"@type":"BreadcrumbList","@id":"https:\/\/www.dabusarquitetura.com.br\/blog\/um-natal-repleto-de-sonhos-e-de-novos-projetos\/#breadcrumb","itemListElement":[{"@type":"ListItem","position":1,"name":"In\u00edcio","item":"https:\/\/www.dabusarquitetura.com.br\/blog\/"},{"@type":"ListItem","position":2,"name":"Um Natal repleto de sonhos &#8211; e de novos projetos!"}]},{"@type":"WebSite","@id":"https:\/\/www.dabusarquitetura.com.br\/blog\/#website","url":"https:\/\/www.dabusarquitetura.com.br\/blog\/","name":"DABUS ARQUITETURA","description":"Arquitetura Corporativa","potentialAction":[{"@type":"SearchAction","target":{"@type":"EntryPoint","urlTemplate":"https:\/\/www.dabusarquitetura.com.br\/blog\/?s={search_term_string}"},"query-input":"required name=search_term_string"}],"inLanguage":"pt-BR"},{"@type":"Person","@id":"https:\/\/www.dabusarquitetura.com.br\/blog\/#\/schema\/person\/978b78d74759412a1cd43634996237c4","name":"heloisa.dabus","image":{"@type":"ImageObject","inLanguage":"pt-BR","@id":"https:\/\/www.dabusarquitetura.com.br\/blog\/#\/schema\/person\/image\/","url":"https:\/\/secure.gravatar.com\/avatar\/4078f4f8e54fb70a99a5e9edc642ecb1?s=96&d=mm&r=g","contentUrl":"https:\/\/secure.gravatar.com\/avatar\/4078f4f8e54fb70a99a5e9edc642ecb1?s=96&d=mm&r=g","caption":"heloisa.dabus"},"url":"https:\/\/www.dabusarquitetura.com.br\/blog\/author\/heloisa-dabus\/"}]}},"_links":{"self":[{"href":"https:\/\/www.dabusarquitetura.com.br\/blog\/wp-json\/wp\/v2\/posts\/7732"}],"collection":[{"href":"https:\/\/www.dabusarquitetura.com.br\/blog\/wp-json\/wp\/v2\/posts"}],"about":[{"href":"https:\/\/www.dabusarquitetura.com.br\/blog\/wp-json\/wp\/v2\/types\/post"}],"author":[{"embeddable":true,"href":"https:\/\/www.dabusarquitetura.com.br\/blog\/wp-json\/wp\/v2\/users\/3"}],"replies":[{"embeddable":true,"href":"https:\/\/www.dabusarquitetura.com.br\/blog\/wp-json\/wp\/v2\/comments?post=7732"}],"version-history":[{"count":0,"href":"https:\/\/www.dabusarquitetura.com.br\/blog\/wp-json\/wp\/v2\/posts\/7732\/revisions"}],"wp:attachment":[{"href":"https:\/\/www.dabusarquitetura.com.br\/blog\/wp-json\/wp\/v2\/media?parent=7732"}],"wp:term":[{"taxonomy":"category","embeddable":true,"href":"https:\/\/www.dabusarquitetura.com.br\/blog\/wp-json\/wp\/v2\/categories?post=7732"},{"taxonomy":"post_tag","embeddable":true,"href":"https:\/\/www.dabusarquitetura.com.br\/blog\/wp-json\/wp\/v2\/tags?post=7732"}],"curies":[{"name":"wp","href":"https:\/\/api.w.org\/{rel}","templated":true}]}}