{"id":7292,"date":"2012-08-22T13:04:19","date_gmt":"2012-08-22T13:04:19","guid":{"rendered":"http:\/\/www.dabus.com.br\/blog\/?p=7292"},"modified":"2012-08-22T13:04:19","modified_gmt":"2012-08-22T13:04:19","slug":"reiterando-a-importancia-da-alianca-entre-funcionalidade-e-estetica-na-arquitetura-corporativa","status":"publish","type":"post","link":"https:\/\/www.dabusarquitetura.com.br\/blog\/reiterando-a-importancia-da-alianca-entre-funcionalidade-e-estetica-na-arquitetura-corporativa\/","title":{"rendered":"Reiterando a import\u00e2ncia da alian\u00e7a entre funcionalidade e est\u00e9tica na Arquitetura Corporativa"},"content":{"rendered":"<h2><strong>Para uma empresa o que deve vir em primeiro lugar: a funcionalidade ou a est\u00e9tica?<\/strong><\/h2>\n<p>A discuss\u00e3o sobre o que \u00e9 mais importante no <strong>contexto espacial corporativo<\/strong> n\u00e3o \u00e9 nova, por\u00e9m ainda <strong>continua muito em voga.<\/strong><\/p>\n<p>De um lado h\u00e1 um <strong>interesse persistente<\/strong> em realmente querer<strong> entender melhor a quest\u00e3o<\/strong> &#8211; talvez porque ela tenha sido mal explorada -, mas de outro parece haver certa expectativa de que a resposta <strong>valorize mais esse do que aquele fator,<\/strong> revelando raz\u00f5es que justifiquem a exist\u00eancia de <strong>projetos unilaterais e &#8220;menos complexos&#8221;. <\/strong>No entanto, qualquer que seja a explica\u00e7\u00e3o nesse sentido, ela n\u00e3o \u00e9 v\u00e1lida.<strong><br \/>\n<\/strong><\/p>\n<p>Imagine voc\u00ea uma<strong> sala de reuni\u00e3o<\/strong> com cores agrad\u00e1veis, um belo painel de proje\u00e7\u00e3o e cadeiras garbosas combinando com a mesa imponente. Agora imagine tamb\u00e9m que, em compensa\u00e7\u00e3o, esse mesmo ambiente<strong>, por n\u00e3o contar com isolamento ac\u00fastico, deixa &#8220;vazar&#8221; o som&#8230; <\/strong>Por mais &#8220;bonito&#8221; que seja, no fundo, <strong>ele n\u00e3o est\u00e1 cumprindo com o seu papel,<\/strong> ou melhor, com uma de suas fun\u00e7\u00f5es, que no caso seria <strong>manter em particular tudo o que foi conversado e decidido ali.<\/strong><\/p>\n<p><img decoding=\"async\" loading=\"lazy\" class=\"aligncenter  wp-image-355\" title=\"Imagem ilustrativa\" src=\"http:\/\/agenciafosforo.com.br\/wp-content\/uploads\/2012\/08\/sala-de-reuniao-arrojada.jpg\" alt=\"\" width=\"453\" height=\"282\" \/><\/p>\n<p>Voltemos \u00e0 pergunta inicial<strong>: O que deve vir em primeiro lugar: a funcionalidade ou a est\u00e9tica?<\/strong><\/p>\n<p>Ainda que n\u00e3o haja a\u00ed uma <strong>rela\u00e7\u00e3o de exclus\u00e3o,<\/strong> a indaga\u00e7\u00e3o parece querer sondar o <strong>grau de import\u00e2ncia entre os fatores,<\/strong> o que torna dif\u00edcil a resposta. Por\u00e9m, se entendermos &#8220;primeiro&#8221; como o <strong>passo introdut\u00f3rio e natural<\/strong> para o desenvolvimento de um <strong>trabalho em etapas,<\/strong> ent\u00e3o se torna poss\u00edvel afirmar que <strong>\u00e9 a funcionalidade que desponta mais rapidamente.<\/strong><\/p>\n<p>Como explica <strong>Heloisa Dabus,<\/strong> arquiteta respons\u00e1vel pela <strong><strong><strong><strong><strong><a title=\"Quem Somos\" href=\"..\/..\/quem-somos\/\" target=\"_self\">DABUS ARQUITETURA<\/a><\/strong><\/strong><\/strong><\/strong><\/strong>:<\/p>\n<blockquote><p>&#8220;O primeiro passo para come\u00e7ar a desenvolver um projeto de <strong><strong><strong><strong><strong><strong><strong><a title=\"Saiba Mais!\" href=\"..\/..\/site\/arquitetura-corporativa\" target=\"_blank\">Arquitetura Corporativa<\/a><\/strong><\/strong><\/strong><\/strong><\/strong><\/strong><\/strong> \u00e9 <strong>compreender a realidade e as necessidades<\/strong> da empresa, de seus colaboradores e processos, e s\u00f3 a partir de um <strong>estudo profundo desses fatores<\/strong> buscar as solu\u00e7\u00f5es a serem empregadas, pois <strong>s\u00f3 assim elas far\u00e3o sentido e ser\u00e3o funcionais no dia a dia<\/strong>&#8220;.<\/p><\/blockquote>\n<p>Uma empresa deve ser <strong>produtiva, \u00e1gil, inteligente e pr\u00e1tica.<\/strong> Sem essas qualidades b\u00e1sicas <strong>sua atua\u00e7\u00e3o se torna invi\u00e1vel<\/strong> e sem <strong>as condi\u00e7\u00f5es e os recursos certos<\/strong> fica imposs\u00edvel garanti-las. No final at\u00e9 <strong>o componente est\u00e9tico acaba servindo \u00e0 funcionalidade,<\/strong> pois sua presen\u00e7a deve ser articulada para a cria\u00e7\u00e3o de um <strong>ambiente motivador e eficiente, onde os colaboradores se sintam bem e produzam mais.<\/strong><\/p>\n<p>Assim, <strong>a beleza, o equil\u00edbrio, o bom gosto e a harmonia<\/strong> passam a ser indispens\u00e1veis n\u00e3o s\u00f3 como\u00a0elementos de <strong>agradabilidade e conforto est\u00e9tico,<\/strong> mas tamb\u00e9m como elementos estrat\u00e9gicos para a manuten\u00e7\u00e3o de uma<strong> atmosfera produtivamente ativa.<\/strong><\/p>\n<h3><strong>Quer um projeto de Arquitetura Corporativa muito mais eficiente?<\/strong><\/h3>\n<p><strong><strong><strong><strong><strong><a title=\"Clique aqui!\" href=\"..\/fale-conosco\/\" target=\"_self\">Entre em contato<\/a><\/strong><\/strong><\/strong><\/strong> <\/strong>com a<strong> <strong><strong><strong>DABUS ARQUITETURA<\/strong><\/strong><\/strong><\/strong> e conhe\u00e7a nossas solu\u00e7\u00f5es para sua empresa!<\/p>\n","protected":false},"excerpt":{"rendered":"<p>Para uma empresa o que deve vir em primeiro lugar: a funcionalidade ou a est\u00e9tica? A discuss\u00e3o sobre o que \u00e9 mais importante no contexto [&hellip;]<\/p>\n","protected":false},"author":3,"featured_media":0,"comment_status":"open","ping_status":"open","sticky":false,"template":"","format":"standard","meta":[],"categories":[7],"tags":[],"yoast_head":"<!-- This site is optimized with the Yoast SEO plugin v20.8 - https:\/\/yoast.com\/wordpress\/plugins\/seo\/ -->\n<title>Reiterando a import\u00e2ncia da alian\u00e7a entre funcionalidade e est\u00e9tica na Arquitetura Corporativa - DABUS ARQUITETURA<\/title>\n<meta name=\"robots\" content=\"index, follow, max-snippet:-1, max-image-preview:large, max-video-preview:-1\" \/>\n<link rel=\"canonical\" href=\"https:\/\/www.dabusarquitetura.com.br\/blog\/reiterando-a-importancia-da-alianca-entre-funcionalidade-e-estetica-na-arquitetura-corporativa\/\" \/>\n<meta property=\"og:locale\" content=\"pt_BR\" \/>\n<meta property=\"og:type\" content=\"article\" \/>\n<meta property=\"og:title\" content=\"Reiterando a import\u00e2ncia da alian\u00e7a entre funcionalidade e est\u00e9tica na Arquitetura Corporativa - DABUS ARQUITETURA\" \/>\n<meta property=\"og:description\" content=\"Para uma empresa o que deve vir em primeiro lugar: a funcionalidade ou a est\u00e9tica? A discuss\u00e3o sobre o que \u00e9 mais importante no contexto [&hellip;]\" \/>\n<meta property=\"og:url\" content=\"https:\/\/www.dabusarquitetura.com.br\/blog\/reiterando-a-importancia-da-alianca-entre-funcionalidade-e-estetica-na-arquitetura-corporativa\/\" \/>\n<meta property=\"og:site_name\" content=\"DABUS ARQUITETURA\" \/>\n<meta property=\"article:published_time\" content=\"2012-08-22T13:04:19+00:00\" \/>\n<meta property=\"og:image\" content=\"http:\/\/agenciafosforo.com.br\/wp-content\/uploads\/2012\/08\/sala-de-reuniao-arrojada.jpg\" \/>\n<meta name=\"author\" content=\"heloisa.dabus\" \/>\n<meta name=\"twitter:card\" content=\"summary_large_image\" \/>\n<meta name=\"twitter:label1\" content=\"Escrito por\" \/>\n\t<meta name=\"twitter:data1\" content=\"heloisa.dabus\" \/>\n\t<meta name=\"twitter:label2\" content=\"Est. tempo de leitura\" \/>\n\t<meta name=\"twitter:data2\" content=\"2 minutos\" \/>\n<script type=\"application\/ld+json\" class=\"yoast-schema-graph\">{\"@context\":\"https:\/\/schema.org\",\"@graph\":[{\"@type\":\"WebPage\",\"@id\":\"https:\/\/www.dabusarquitetura.com.br\/blog\/reiterando-a-importancia-da-alianca-entre-funcionalidade-e-estetica-na-arquitetura-corporativa\/\",\"url\":\"https:\/\/www.dabusarquitetura.com.br\/blog\/reiterando-a-importancia-da-alianca-entre-funcionalidade-e-estetica-na-arquitetura-corporativa\/\",\"name\":\"Reiterando a import\u00e2ncia da alian\u00e7a entre funcionalidade e est\u00e9tica na Arquitetura Corporativa - DABUS ARQUITETURA\",\"isPartOf\":{\"@id\":\"https:\/\/www.dabusarquitetura.com.br\/blog\/#website\"},\"datePublished\":\"2012-08-22T13:04:19+00:00\",\"dateModified\":\"2012-08-22T13:04:19+00:00\",\"author\":{\"@id\":\"https:\/\/www.dabusarquitetura.com.br\/blog\/#\/schema\/person\/978b78d74759412a1cd43634996237c4\"},\"breadcrumb\":{\"@id\":\"https:\/\/www.dabusarquitetura.com.br\/blog\/reiterando-a-importancia-da-alianca-entre-funcionalidade-e-estetica-na-arquitetura-corporativa\/#breadcrumb\"},\"inLanguage\":\"pt-BR\",\"potentialAction\":[{\"@type\":\"ReadAction\",\"target\":[\"https:\/\/www.dabusarquitetura.com.br\/blog\/reiterando-a-importancia-da-alianca-entre-funcionalidade-e-estetica-na-arquitetura-corporativa\/\"]}]},{\"@type\":\"BreadcrumbList\",\"@id\":\"https:\/\/www.dabusarquitetura.com.br\/blog\/reiterando-a-importancia-da-alianca-entre-funcionalidade-e-estetica-na-arquitetura-corporativa\/#breadcrumb\",\"itemListElement\":[{\"@type\":\"ListItem\",\"position\":1,\"name\":\"In\u00edcio\",\"item\":\"https:\/\/www.dabusarquitetura.com.br\/blog\/\"},{\"@type\":\"ListItem\",\"position\":2,\"name\":\"Reiterando a import\u00e2ncia da alian\u00e7a entre funcionalidade e est\u00e9tica na Arquitetura Corporativa\"}]},{\"@type\":\"WebSite\",\"@id\":\"https:\/\/www.dabusarquitetura.com.br\/blog\/#website\",\"url\":\"https:\/\/www.dabusarquitetura.com.br\/blog\/\",\"name\":\"DABUS ARQUITETURA\",\"description\":\"Arquitetura Corporativa\",\"potentialAction\":[{\"@type\":\"SearchAction\",\"target\":{\"@type\":\"EntryPoint\",\"urlTemplate\":\"https:\/\/www.dabusarquitetura.com.br\/blog\/?s={search_term_string}\"},\"query-input\":\"required name=search_term_string\"}],\"inLanguage\":\"pt-BR\"},{\"@type\":\"Person\",\"@id\":\"https:\/\/www.dabusarquitetura.com.br\/blog\/#\/schema\/person\/978b78d74759412a1cd43634996237c4\",\"name\":\"heloisa.dabus\",\"image\":{\"@type\":\"ImageObject\",\"inLanguage\":\"pt-BR\",\"@id\":\"https:\/\/www.dabusarquitetura.com.br\/blog\/#\/schema\/person\/image\/\",\"url\":\"https:\/\/secure.gravatar.com\/avatar\/4078f4f8e54fb70a99a5e9edc642ecb1?s=96&d=mm&r=g\",\"contentUrl\":\"https:\/\/secure.gravatar.com\/avatar\/4078f4f8e54fb70a99a5e9edc642ecb1?s=96&d=mm&r=g\",\"caption\":\"heloisa.dabus\"},\"url\":\"https:\/\/www.dabusarquitetura.com.br\/blog\/author\/heloisa-dabus\/\"}]}<\/script>\n<!-- \/ Yoast SEO plugin. -->","yoast_head_json":{"title":"Reiterando a import\u00e2ncia da alian\u00e7a entre funcionalidade e est\u00e9tica na Arquitetura Corporativa - DABUS ARQUITETURA","robots":{"index":"index","follow":"follow","max-snippet":"max-snippet:-1","max-image-preview":"max-image-preview:large","max-video-preview":"max-video-preview:-1"},"canonical":"https:\/\/www.dabusarquitetura.com.br\/blog\/reiterando-a-importancia-da-alianca-entre-funcionalidade-e-estetica-na-arquitetura-corporativa\/","og_locale":"pt_BR","og_type":"article","og_title":"Reiterando a import\u00e2ncia da alian\u00e7a entre funcionalidade e est\u00e9tica na Arquitetura Corporativa - DABUS ARQUITETURA","og_description":"Para uma empresa o que deve vir em primeiro lugar: a funcionalidade ou a est\u00e9tica? A discuss\u00e3o sobre o que \u00e9 mais importante no contexto [&hellip;]","og_url":"https:\/\/www.dabusarquitetura.com.br\/blog\/reiterando-a-importancia-da-alianca-entre-funcionalidade-e-estetica-na-arquitetura-corporativa\/","og_site_name":"DABUS ARQUITETURA","article_published_time":"2012-08-22T13:04:19+00:00","og_image":[{"url":"http:\/\/agenciafosforo.com.br\/wp-content\/uploads\/2012\/08\/sala-de-reuniao-arrojada.jpg"}],"author":"heloisa.dabus","twitter_card":"summary_large_image","twitter_misc":{"Escrito por":"heloisa.dabus","Est. tempo de leitura":"2 minutos"},"schema":{"@context":"https:\/\/schema.org","@graph":[{"@type":"WebPage","@id":"https:\/\/www.dabusarquitetura.com.br\/blog\/reiterando-a-importancia-da-alianca-entre-funcionalidade-e-estetica-na-arquitetura-corporativa\/","url":"https:\/\/www.dabusarquitetura.com.br\/blog\/reiterando-a-importancia-da-alianca-entre-funcionalidade-e-estetica-na-arquitetura-corporativa\/","name":"Reiterando a import\u00e2ncia da alian\u00e7a entre funcionalidade e est\u00e9tica na Arquitetura Corporativa - DABUS ARQUITETURA","isPartOf":{"@id":"https:\/\/www.dabusarquitetura.com.br\/blog\/#website"},"datePublished":"2012-08-22T13:04:19+00:00","dateModified":"2012-08-22T13:04:19+00:00","author":{"@id":"https:\/\/www.dabusarquitetura.com.br\/blog\/#\/schema\/person\/978b78d74759412a1cd43634996237c4"},"breadcrumb":{"@id":"https:\/\/www.dabusarquitetura.com.br\/blog\/reiterando-a-importancia-da-alianca-entre-funcionalidade-e-estetica-na-arquitetura-corporativa\/#breadcrumb"},"inLanguage":"pt-BR","potentialAction":[{"@type":"ReadAction","target":["https:\/\/www.dabusarquitetura.com.br\/blog\/reiterando-a-importancia-da-alianca-entre-funcionalidade-e-estetica-na-arquitetura-corporativa\/"]}]},{"@type":"BreadcrumbList","@id":"https:\/\/www.dabusarquitetura.com.br\/blog\/reiterando-a-importancia-da-alianca-entre-funcionalidade-e-estetica-na-arquitetura-corporativa\/#breadcrumb","itemListElement":[{"@type":"ListItem","position":1,"name":"In\u00edcio","item":"https:\/\/www.dabusarquitetura.com.br\/blog\/"},{"@type":"ListItem","position":2,"name":"Reiterando a import\u00e2ncia da alian\u00e7a entre funcionalidade e est\u00e9tica na Arquitetura Corporativa"}]},{"@type":"WebSite","@id":"https:\/\/www.dabusarquitetura.com.br\/blog\/#website","url":"https:\/\/www.dabusarquitetura.com.br\/blog\/","name":"DABUS ARQUITETURA","description":"Arquitetura Corporativa","potentialAction":[{"@type":"SearchAction","target":{"@type":"EntryPoint","urlTemplate":"https:\/\/www.dabusarquitetura.com.br\/blog\/?s={search_term_string}"},"query-input":"required name=search_term_string"}],"inLanguage":"pt-BR"},{"@type":"Person","@id":"https:\/\/www.dabusarquitetura.com.br\/blog\/#\/schema\/person\/978b78d74759412a1cd43634996237c4","name":"heloisa.dabus","image":{"@type":"ImageObject","inLanguage":"pt-BR","@id":"https:\/\/www.dabusarquitetura.com.br\/blog\/#\/schema\/person\/image\/","url":"https:\/\/secure.gravatar.com\/avatar\/4078f4f8e54fb70a99a5e9edc642ecb1?s=96&d=mm&r=g","contentUrl":"https:\/\/secure.gravatar.com\/avatar\/4078f4f8e54fb70a99a5e9edc642ecb1?s=96&d=mm&r=g","caption":"heloisa.dabus"},"url":"https:\/\/www.dabusarquitetura.com.br\/blog\/author\/heloisa-dabus\/"}]}},"_links":{"self":[{"href":"https:\/\/www.dabusarquitetura.com.br\/blog\/wp-json\/wp\/v2\/posts\/7292"}],"collection":[{"href":"https:\/\/www.dabusarquitetura.com.br\/blog\/wp-json\/wp\/v2\/posts"}],"about":[{"href":"https:\/\/www.dabusarquitetura.com.br\/blog\/wp-json\/wp\/v2\/types\/post"}],"author":[{"embeddable":true,"href":"https:\/\/www.dabusarquitetura.com.br\/blog\/wp-json\/wp\/v2\/users\/3"}],"replies":[{"embeddable":true,"href":"https:\/\/www.dabusarquitetura.com.br\/blog\/wp-json\/wp\/v2\/comments?post=7292"}],"version-history":[{"count":0,"href":"https:\/\/www.dabusarquitetura.com.br\/blog\/wp-json\/wp\/v2\/posts\/7292\/revisions"}],"wp:attachment":[{"href":"https:\/\/www.dabusarquitetura.com.br\/blog\/wp-json\/wp\/v2\/media?parent=7292"}],"wp:term":[{"taxonomy":"category","embeddable":true,"href":"https:\/\/www.dabusarquitetura.com.br\/blog\/wp-json\/wp\/v2\/categories?post=7292"},{"taxonomy":"post_tag","embeddable":true,"href":"https:\/\/www.dabusarquitetura.com.br\/blog\/wp-json\/wp\/v2\/tags?post=7292"}],"curies":[{"name":"wp","href":"https:\/\/api.w.org\/{rel}","templated":true}]}}