{"id":7253,"date":"2012-08-15T13:16:50","date_gmt":"2012-08-15T13:16:50","guid":{"rendered":"http:\/\/www.dabus.com.br\/blog\/?p=7253"},"modified":"2012-08-15T13:16:50","modified_gmt":"2012-08-15T13:16:50","slug":"salas-e-ambientes-que-passaram-a-fazer-parte-das-empresas-mais-atualizadas","status":"publish","type":"post","link":"https:\/\/www.dabusarquitetura.com.br\/blog\/salas-e-ambientes-que-passaram-a-fazer-parte-das-empresas-mais-atualizadas\/","title":{"rendered":"Salas e ambientes que passaram a fazer parte das empresas mais atualizadas"},"content":{"rendered":"<p><strong>Esta\u00e7\u00e3o de trabalho, sala de reuni\u00e3o e \u00e1rea de conviv\u00eancia.<\/strong> Por muitos e muitos anos esses <strong>tr\u00eas ambientes b\u00e1sicos<\/strong> foram considerados suficientes para <strong>atender \u00e0s necessidades dos mais diferentes tipos de empresas,<\/strong> os quais valorizavam, em grande parte, projetos de\u00a0<strong><strong><strong><strong><strong><strong><strong><a title=\"Saiba Mais!\" href=\"..\/..\/site\/arquitetura-corporativa\" target=\"_blank\">Arquitetura Corporativa<\/a><\/strong><\/strong><\/strong><\/strong><\/strong><\/strong><\/strong> que tinham como destaque um <strong>alto n\u00edvel de formalidade<\/strong> nos espa\u00e7os planejados, assim como uma <strong>demarca\u00e7\u00e3o hier\u00e1rquica rigorosa.<\/strong><\/p>\n<p>Contudo, os tempos avan\u00e7aram e as organiza\u00e7\u00f5es tiveram que lidar com <strong>novos conceitos, novas tecnologias e um jeito inovador de atuar<\/strong> que permitisse um <strong>di\u00e1logo mais eficiente<\/strong> com o mercado ocupado pelas novas gera\u00e7\u00f5es. O resultado disso foi n\u00e3o s\u00f3 uma<strong> mudan\u00e7a da mentalidade e da postura corporativa,<\/strong> como tamb\u00e9m uma mudan\u00e7a de <strong>linguagem e estilo de posicionamento,<\/strong> que logo impactou os ambientes de trabalho.<\/p>\n<p>Dessa forma, se antigamente os projetos de <strong>Arquitetura Corporativa<\/strong> tinham bastante semelhan\u00e7a entre si devido a uma <strong>demanda padronizada,<\/strong> hoje eles se diferenciam por uma busca cada vez maior por <strong>personaliza\u00e7\u00e3o e exclusividade.<\/strong><\/p>\n<p>Compreendendo melhor as<strong> necessidades espec\u00edficas de sua equipe, de sua maneira de trabalhar e at\u00e9 mesmo da identidade de sua marca,<\/strong> as empresas mais atualizadas buscam espa\u00e7os diferenciados, onde seus colaboradores possam, sobretudo, <strong>desenvolver suas ideias de um modo mais livre e compartilhado.<\/strong><\/p>\n<p>Nesse sentido, as <strong>\u00e1reas de conviv\u00eancia<\/strong> continuaram sendo encomendadas, mas agora com <strong>caracter\u00edsticas mais descontra\u00eddas, <em>design<\/em> ousado e acesso facilitado.<\/strong><strong><\/strong><\/p>\n<p><img decoding=\"async\" loading=\"lazy\" class=\"size-full wp-image-212 aligncenter\" title=\"Imagem ilustrativa\" src=\"http:\/\/agenciafosforo.com.br\/wp-content\/uploads\/2012\/08\/area-de-convivencia-12.jpg\" alt=\"\" width=\"450\" height=\"302\" \/><\/p>\n<p><img decoding=\"async\" loading=\"lazy\" class=\"size-full wp-image-213 aligncenter\" title=\"Imagem ilustrativa\" src=\"http:\/\/agenciafosforo.com.br\/wp-content\/uploads\/2012\/08\/area-de-convivencia-2.jpg\" alt=\"\" width=\"450\" height=\"302\" \/><\/p>\n<p>Paralelamente aos ambientes de conv\u00edvio, despontaram os<strong> espa\u00e7os de descompress\u00e3o,<\/strong> voltados ao <strong>relaxamento e \u00e0 renova\u00e7\u00e3o das energias <\/strong>dos funcion\u00e1rios. A ideia \u00e9 que dando um tempo em suas atividades, a equipe, ap\u00f3s alguns minutos imersa em uma<strong> sala especial,<\/strong> est\u00e1 novamente preparada para <strong>desempenhar seu trabalho com mais produtividade.<\/strong><\/p>\n<p><img decoding=\"async\" loading=\"lazy\" class=\"size-full wp-image-215 aligncenter\" title=\"Imagem ilustrativa\" src=\"http:\/\/agenciafosforo.com.br\/wp-content\/uploads\/2012\/08\/sala-descompressao-11.jpg\" alt=\"\" width=\"450\" height=\"302\" \/><\/p>\n<p><img decoding=\"async\" loading=\"lazy\" class=\"size-full wp-image-216 aligncenter\" title=\"Imagem ilustrativa\" src=\"http:\/\/agenciafosforo.com.br\/wp-content\/uploads\/2012\/08\/sala-descompressao-2.jpg\" alt=\"\" width=\"450\" height=\"302\" \/><\/p>\n<p><strong>Salas de reuni\u00e3o informais<\/strong> e as <strong>salas com foco em processos de <em>braimstorm<\/em> <\/strong>tamb\u00e9m come\u00e7aram a ser mais solicitadas como uma solu\u00e7\u00e3o para <strong>motivar o afloramento de ideias criativas.<\/strong><\/p>\n<p><img decoding=\"async\" loading=\"lazy\" class=\"size-full wp-image-217 aligncenter\" title=\"Imagem ilustrativa\" src=\"http:\/\/agenciafosforo.com.br\/wp-content\/uploads\/2012\/08\/sala-reunioes-informais.jpg\" alt=\"\" width=\"450\" height=\"302\" \/><\/p>\n<p><img decoding=\"async\" loading=\"lazy\" class=\"wp-image-218 aligncenter\" title=\"Imagem ilustrativa\" src=\"http:\/\/agenciafosforo.com.br\/wp-content\/uploads\/2012\/08\/sala-brainstorm.jpg\" alt=\"\" width=\"450\" height=\"302\" \/><\/p>\n<p>Com a populariza\u00e7\u00e3o das novas tecnologias<strong> salas especiais de telepresen\u00e7a e de videoconfer\u00eancia<\/strong> tamb\u00e9m se tornaram mais constantes em<strong> projetos de Arquitetura Corporativa com foco em praticidade e versatilidade.<br \/>\n<\/strong><\/p>\n<p><img decoding=\"async\" loading=\"lazy\" class=\"size-full wp-image-219 aligncenter\" title=\"Imagem ilustrativa\" src=\"http:\/\/agenciafosforo.com.br\/wp-content\/uploads\/2012\/08\/sala-video-conferencia.jpg\" alt=\"\" width=\"450\" height=\"302\" \/><\/p>\n<p><img decoding=\"async\" loading=\"lazy\" class=\"size-full wp-image-220 aligncenter\" title=\"Imagem ilustrativa\" src=\"http:\/\/agenciafosforo.com.br\/wp-content\/uploads\/2012\/08\/sala-telepresenca.jpg\" alt=\"\" width=\"450\" height=\"302\" \/><\/p>\n<p>Pare para pensar e analise: <strong>Os ambientes da sua empresa est\u00e3o adequados \u00e0s suas reais necessidades? Eles entregam recursos atualizados \u00e0 sua equipe?<\/strong><\/p>\n<p><strong><strong><strong><strong><strong><a title=\"Clique aqui!\" href=\"..\/fale-conosco\/\" target=\"_self\">Entre em contato<\/a><\/strong><\/strong><\/strong><\/strong> <\/strong>agora mesmo com a<strong> <strong><strong><strong><a title=\"Quem Somos\" href=\"..\/..\/quem-somos\/\" target=\"_self\">DABUS ARQUITETURA<\/a><\/strong><\/strong><\/strong><\/strong> e conhe\u00e7a nossas <strong>solu\u00e7\u00f5es personalizadas<\/strong> para o seu caso, para sua realidade!<strong><br \/>\n<\/strong><\/p>\n","protected":false},"excerpt":{"rendered":"<p>Esta\u00e7\u00e3o de trabalho, sala de reuni\u00e3o e \u00e1rea de conviv\u00eancia. Por muitos e muitos anos esses tr\u00eas ambientes b\u00e1sicos foram considerados suficientes para atender \u00e0s [&hellip;]<\/p>\n","protected":false},"author":3,"featured_media":0,"comment_status":"open","ping_status":"open","sticky":false,"template":"","format":"standard","meta":[],"categories":[7],"tags":[],"yoast_head":"<!-- This site is optimized with the Yoast SEO plugin v20.8 - https:\/\/yoast.com\/wordpress\/plugins\/seo\/ -->\n<title>Salas e ambientes que passaram a fazer parte das empresas mais atualizadas - DABUS ARQUITETURA<\/title>\n<meta name=\"robots\" content=\"index, follow, max-snippet:-1, max-image-preview:large, max-video-preview:-1\" \/>\n<link rel=\"canonical\" href=\"https:\/\/www.dabusarquitetura.com.br\/blog\/salas-e-ambientes-que-passaram-a-fazer-parte-das-empresas-mais-atualizadas\/\" \/>\n<meta property=\"og:locale\" content=\"pt_BR\" \/>\n<meta property=\"og:type\" content=\"article\" \/>\n<meta property=\"og:title\" content=\"Salas e ambientes que passaram a fazer parte das empresas mais atualizadas - DABUS ARQUITETURA\" \/>\n<meta property=\"og:description\" content=\"Esta\u00e7\u00e3o de trabalho, sala de reuni\u00e3o e \u00e1rea de conviv\u00eancia. Por muitos e muitos anos esses tr\u00eas ambientes b\u00e1sicos foram considerados suficientes para atender \u00e0s [&hellip;]\" \/>\n<meta property=\"og:url\" content=\"https:\/\/www.dabusarquitetura.com.br\/blog\/salas-e-ambientes-que-passaram-a-fazer-parte-das-empresas-mais-atualizadas\/\" \/>\n<meta property=\"og:site_name\" content=\"DABUS ARQUITETURA\" \/>\n<meta property=\"article:published_time\" content=\"2012-08-15T13:16:50+00:00\" \/>\n<meta property=\"og:image\" content=\"http:\/\/agenciafosforo.com.br\/wp-content\/uploads\/2012\/08\/area-de-convivencia-12.jpg\" \/>\n<meta name=\"author\" content=\"heloisa.dabus\" \/>\n<meta name=\"twitter:card\" content=\"summary_large_image\" \/>\n<meta name=\"twitter:label1\" content=\"Escrito por\" \/>\n\t<meta name=\"twitter:data1\" content=\"heloisa.dabus\" \/>\n\t<meta name=\"twitter:label2\" content=\"Est. tempo de leitura\" \/>\n\t<meta name=\"twitter:data2\" content=\"2 minutos\" \/>\n<script type=\"application\/ld+json\" class=\"yoast-schema-graph\">{\"@context\":\"https:\/\/schema.org\",\"@graph\":[{\"@type\":\"WebPage\",\"@id\":\"https:\/\/www.dabusarquitetura.com.br\/blog\/salas-e-ambientes-que-passaram-a-fazer-parte-das-empresas-mais-atualizadas\/\",\"url\":\"https:\/\/www.dabusarquitetura.com.br\/blog\/salas-e-ambientes-que-passaram-a-fazer-parte-das-empresas-mais-atualizadas\/\",\"name\":\"Salas e ambientes que passaram a fazer parte das empresas mais atualizadas - DABUS ARQUITETURA\",\"isPartOf\":{\"@id\":\"https:\/\/www.dabusarquitetura.com.br\/blog\/#website\"},\"datePublished\":\"2012-08-15T13:16:50+00:00\",\"dateModified\":\"2012-08-15T13:16:50+00:00\",\"author\":{\"@id\":\"https:\/\/www.dabusarquitetura.com.br\/blog\/#\/schema\/person\/978b78d74759412a1cd43634996237c4\"},\"breadcrumb\":{\"@id\":\"https:\/\/www.dabusarquitetura.com.br\/blog\/salas-e-ambientes-que-passaram-a-fazer-parte-das-empresas-mais-atualizadas\/#breadcrumb\"},\"inLanguage\":\"pt-BR\",\"potentialAction\":[{\"@type\":\"ReadAction\",\"target\":[\"https:\/\/www.dabusarquitetura.com.br\/blog\/salas-e-ambientes-que-passaram-a-fazer-parte-das-empresas-mais-atualizadas\/\"]}]},{\"@type\":\"BreadcrumbList\",\"@id\":\"https:\/\/www.dabusarquitetura.com.br\/blog\/salas-e-ambientes-que-passaram-a-fazer-parte-das-empresas-mais-atualizadas\/#breadcrumb\",\"itemListElement\":[{\"@type\":\"ListItem\",\"position\":1,\"name\":\"In\u00edcio\",\"item\":\"https:\/\/www.dabusarquitetura.com.br\/blog\/\"},{\"@type\":\"ListItem\",\"position\":2,\"name\":\"Salas e ambientes que passaram a fazer parte das empresas mais atualizadas\"}]},{\"@type\":\"WebSite\",\"@id\":\"https:\/\/www.dabusarquitetura.com.br\/blog\/#website\",\"url\":\"https:\/\/www.dabusarquitetura.com.br\/blog\/\",\"name\":\"DABUS ARQUITETURA\",\"description\":\"Arquitetura Corporativa\",\"potentialAction\":[{\"@type\":\"SearchAction\",\"target\":{\"@type\":\"EntryPoint\",\"urlTemplate\":\"https:\/\/www.dabusarquitetura.com.br\/blog\/?s={search_term_string}\"},\"query-input\":\"required name=search_term_string\"}],\"inLanguage\":\"pt-BR\"},{\"@type\":\"Person\",\"@id\":\"https:\/\/www.dabusarquitetura.com.br\/blog\/#\/schema\/person\/978b78d74759412a1cd43634996237c4\",\"name\":\"heloisa.dabus\",\"image\":{\"@type\":\"ImageObject\",\"inLanguage\":\"pt-BR\",\"@id\":\"https:\/\/www.dabusarquitetura.com.br\/blog\/#\/schema\/person\/image\/\",\"url\":\"https:\/\/secure.gravatar.com\/avatar\/4078f4f8e54fb70a99a5e9edc642ecb1?s=96&d=mm&r=g\",\"contentUrl\":\"https:\/\/secure.gravatar.com\/avatar\/4078f4f8e54fb70a99a5e9edc642ecb1?s=96&d=mm&r=g\",\"caption\":\"heloisa.dabus\"},\"url\":\"https:\/\/www.dabusarquitetura.com.br\/blog\/author\/heloisa-dabus\/\"}]}<\/script>\n<!-- \/ Yoast SEO plugin. -->","yoast_head_json":{"title":"Salas e ambientes que passaram a fazer parte das empresas mais atualizadas - DABUS ARQUITETURA","robots":{"index":"index","follow":"follow","max-snippet":"max-snippet:-1","max-image-preview":"max-image-preview:large","max-video-preview":"max-video-preview:-1"},"canonical":"https:\/\/www.dabusarquitetura.com.br\/blog\/salas-e-ambientes-que-passaram-a-fazer-parte-das-empresas-mais-atualizadas\/","og_locale":"pt_BR","og_type":"article","og_title":"Salas e ambientes que passaram a fazer parte das empresas mais atualizadas - DABUS ARQUITETURA","og_description":"Esta\u00e7\u00e3o de trabalho, sala de reuni\u00e3o e \u00e1rea de conviv\u00eancia. Por muitos e muitos anos esses tr\u00eas ambientes b\u00e1sicos foram considerados suficientes para atender \u00e0s [&hellip;]","og_url":"https:\/\/www.dabusarquitetura.com.br\/blog\/salas-e-ambientes-que-passaram-a-fazer-parte-das-empresas-mais-atualizadas\/","og_site_name":"DABUS ARQUITETURA","article_published_time":"2012-08-15T13:16:50+00:00","og_image":[{"url":"http:\/\/agenciafosforo.com.br\/wp-content\/uploads\/2012\/08\/area-de-convivencia-12.jpg"}],"author":"heloisa.dabus","twitter_card":"summary_large_image","twitter_misc":{"Escrito por":"heloisa.dabus","Est. tempo de leitura":"2 minutos"},"schema":{"@context":"https:\/\/schema.org","@graph":[{"@type":"WebPage","@id":"https:\/\/www.dabusarquitetura.com.br\/blog\/salas-e-ambientes-que-passaram-a-fazer-parte-das-empresas-mais-atualizadas\/","url":"https:\/\/www.dabusarquitetura.com.br\/blog\/salas-e-ambientes-que-passaram-a-fazer-parte-das-empresas-mais-atualizadas\/","name":"Salas e ambientes que passaram a fazer parte das empresas mais atualizadas - DABUS ARQUITETURA","isPartOf":{"@id":"https:\/\/www.dabusarquitetura.com.br\/blog\/#website"},"datePublished":"2012-08-15T13:16:50+00:00","dateModified":"2012-08-15T13:16:50+00:00","author":{"@id":"https:\/\/www.dabusarquitetura.com.br\/blog\/#\/schema\/person\/978b78d74759412a1cd43634996237c4"},"breadcrumb":{"@id":"https:\/\/www.dabusarquitetura.com.br\/blog\/salas-e-ambientes-que-passaram-a-fazer-parte-das-empresas-mais-atualizadas\/#breadcrumb"},"inLanguage":"pt-BR","potentialAction":[{"@type":"ReadAction","target":["https:\/\/www.dabusarquitetura.com.br\/blog\/salas-e-ambientes-que-passaram-a-fazer-parte-das-empresas-mais-atualizadas\/"]}]},{"@type":"BreadcrumbList","@id":"https:\/\/www.dabusarquitetura.com.br\/blog\/salas-e-ambientes-que-passaram-a-fazer-parte-das-empresas-mais-atualizadas\/#breadcrumb","itemListElement":[{"@type":"ListItem","position":1,"name":"In\u00edcio","item":"https:\/\/www.dabusarquitetura.com.br\/blog\/"},{"@type":"ListItem","position":2,"name":"Salas e ambientes que passaram a fazer parte das empresas mais atualizadas"}]},{"@type":"WebSite","@id":"https:\/\/www.dabusarquitetura.com.br\/blog\/#website","url":"https:\/\/www.dabusarquitetura.com.br\/blog\/","name":"DABUS ARQUITETURA","description":"Arquitetura Corporativa","potentialAction":[{"@type":"SearchAction","target":{"@type":"EntryPoint","urlTemplate":"https:\/\/www.dabusarquitetura.com.br\/blog\/?s={search_term_string}"},"query-input":"required name=search_term_string"}],"inLanguage":"pt-BR"},{"@type":"Person","@id":"https:\/\/www.dabusarquitetura.com.br\/blog\/#\/schema\/person\/978b78d74759412a1cd43634996237c4","name":"heloisa.dabus","image":{"@type":"ImageObject","inLanguage":"pt-BR","@id":"https:\/\/www.dabusarquitetura.com.br\/blog\/#\/schema\/person\/image\/","url":"https:\/\/secure.gravatar.com\/avatar\/4078f4f8e54fb70a99a5e9edc642ecb1?s=96&d=mm&r=g","contentUrl":"https:\/\/secure.gravatar.com\/avatar\/4078f4f8e54fb70a99a5e9edc642ecb1?s=96&d=mm&r=g","caption":"heloisa.dabus"},"url":"https:\/\/www.dabusarquitetura.com.br\/blog\/author\/heloisa-dabus\/"}]}},"_links":{"self":[{"href":"https:\/\/www.dabusarquitetura.com.br\/blog\/wp-json\/wp\/v2\/posts\/7253"}],"collection":[{"href":"https:\/\/www.dabusarquitetura.com.br\/blog\/wp-json\/wp\/v2\/posts"}],"about":[{"href":"https:\/\/www.dabusarquitetura.com.br\/blog\/wp-json\/wp\/v2\/types\/post"}],"author":[{"embeddable":true,"href":"https:\/\/www.dabusarquitetura.com.br\/blog\/wp-json\/wp\/v2\/users\/3"}],"replies":[{"embeddable":true,"href":"https:\/\/www.dabusarquitetura.com.br\/blog\/wp-json\/wp\/v2\/comments?post=7253"}],"version-history":[{"count":0,"href":"https:\/\/www.dabusarquitetura.com.br\/blog\/wp-json\/wp\/v2\/posts\/7253\/revisions"}],"wp:attachment":[{"href":"https:\/\/www.dabusarquitetura.com.br\/blog\/wp-json\/wp\/v2\/media?parent=7253"}],"wp:term":[{"taxonomy":"category","embeddable":true,"href":"https:\/\/www.dabusarquitetura.com.br\/blog\/wp-json\/wp\/v2\/categories?post=7253"},{"taxonomy":"post_tag","embeddable":true,"href":"https:\/\/www.dabusarquitetura.com.br\/blog\/wp-json\/wp\/v2\/tags?post=7253"}],"curies":[{"name":"wp","href":"https:\/\/api.w.org\/{rel}","templated":true}]}}