{"id":7217,"date":"2012-08-08T13:09:03","date_gmt":"2012-08-08T13:09:03","guid":{"rendered":"http:\/\/www.dabus.com.br\/blog\/?p=7217"},"modified":"2012-08-08T13:09:03","modified_gmt":"2012-08-08T13:09:03","slug":"o-design-de-interiores-corporativos-adequado-aos-dias-atuais","status":"publish","type":"post","link":"https:\/\/www.dabusarquitetura.com.br\/blog\/o-design-de-interiores-corporativos-adequado-aos-dias-atuais\/","title":{"rendered":"O design de interiores corporativos adequado aos dias atuais"},"content":{"rendered":"<p>Salas fechadas, ambienta\u00e7\u00e3o s\u00f3bria e m\u00f3veis robustos fortemente ligados a conceitos como<strong> solidez e posi\u00e7\u00e3o hier\u00e1rquica. <\/strong>Este cen\u00e1rio um tanto quanto &#8220;s\u00e9rio&#8221; foi por muito tempo concebido como<strong> ideal para ambientes empresariais.<\/strong><\/p>\n<p>Visando transmitir uma <strong>credibilidade inabal\u00e1vel,<\/strong> o <em>design<\/em> empregado em projetos de\u00a0<strong><strong><strong><strong><strong><strong><strong><a title=\"Saiba Mais!\" href=\"..\/..\/site\/arquitetura-corporativa\" target=\"_blank\">Arquitetura Corporativa<\/a><\/strong><\/strong><\/strong><\/strong><\/strong><\/strong><\/strong> era <strong>pouco flex\u00edvel e ainda menos descontra\u00eddo.<\/strong> Materiais como <strong>a madeira e o granito<\/strong> eram bastante utilizados, assim como<strong> linhas retas e formas est\u00e1ticas,<\/strong> que contribu\u00edam para criar uma <strong>atmosfera austera e rigorosamente padronizada.<\/strong><\/p>\n<p style=\"text-align: center;\"><a href=\"http:\/\/www.smartis.com.br\/wp-content\/uploads\/2012\/08\/escritorio-antigo.jpg\"><img decoding=\"async\" loading=\"lazy\" class=\"size-full wp-image-17353 aligncenter\" title=\"Imagem ilustrativa\" src=\"http:\/\/www.smartis.com.br\/wp-content\/uploads\/2012\/08\/escritorio-antigo.jpg\" alt=\"\" width=\"450\" height=\"299\" \/><\/a><\/p>\n<p>Por\u00e9m, os temos mudaram, vieram as <strong>novas tecnologias<\/strong> e as<strong> novas maneiras de as pessoas se relacionarem.<\/strong> Com longas jornadas de trabalho, elas passaram a fazer da empresa o seu segundo lar, exigindo, consequentemente,<strong> mais conforto e liberdade em suas esta\u00e7\u00f5es.<br \/>\n<\/strong><\/p>\n<p>Tendo que lidar com a crescente demanda de <strong>colaboradores jovens, conectados e multitarefas,<\/strong> as organiza\u00e7\u00f5es precisaram adaptar seu espa\u00e7o a <strong>h\u00e1bitos diferentes e muito mais din\u00e2micos.<\/strong> Isso influenciou n\u00e3o s\u00f3 uma<strong> mudan\u00e7a de postura na forma de se trabalhar,<\/strong> como tamb\u00e9m induziu o desenvolvimento de uma <strong>ambienta\u00e7\u00e3o com linguagem mais &#8220;aberta&#8221; e original.<\/strong><\/p>\n<p>Segundo <strong>Heloisa Dabus,<\/strong> respons\u00e1vel pela <strong><strong><strong><strong><a title=\"Quem Somos\" href=\"..\/..\/quem-somos\/\" target=\"_self\">DABUS ARQUITETURA<\/a><\/strong><\/strong><\/strong><\/strong>:<\/p>\n<blockquote><p>&#8220;O<strong><em> design<\/em> de interiores corporativo<\/strong> contempor\u00e2neo passou a absorver essa orienta\u00e7\u00e3o desenvolvendo tecnologias e disponibilizando <strong>recursos, <em>layouts<\/em> e conceitos<\/strong> capazes de proporcionar uma<strong> ocupa\u00e7\u00e3o mais agrad\u00e1vel, flex\u00edvel, ergon\u00f4mica e, respeitando certos limites, at\u00e9 descontra\u00edda,<\/strong> abandonando de vez aquele padr\u00e3o r\u00edgido e frio que muitas vezes resultava em projetos e produtos<strong> incapazes de se adequarem aos usu\u00e1rios<\/strong>&#8220;.<\/p><\/blockquote>\n<p>Se at\u00e9, pelo menos, h\u00e1 10 anos, a concep\u00e7\u00e3o de um espa\u00e7o corporativo estava atrelada \u00e0 quest\u00e3o da<strong> total concentra\u00e7\u00e3o <\/strong>e da<strong> produtividade acima de qualquer coisa,<\/strong> hoje a pergunta que a norteia \u00e9: O que mais pode ser feito para que as pessoas<strong> se sintam bem dentro da empresa?<\/strong><\/p>\n<p>Sim, o que \u00e9 poss\u00edvel perceber \u00e9 uma <strong>&#8220;humaniza\u00e7\u00e3o&#8221; maior<\/strong> no ambiente de trabalho, onde o <em>design<\/em> se tornou um dos elementos respons\u00e1veis por apresentar e disponibilizar <strong>interfaces mais funcionais, confort\u00e1veis, atrativas e vers\u00e1teis. <\/strong>Al\u00e9m disso, o <em>design<\/em> corporativo tamb\u00e9m passou a incorporar formas capazes de melhor se adequar \u00e0 <strong>identidade das mais diversas marcas,<\/strong> assumindo assim um<strong> toque evidente de ousadia.<\/strong><\/p>\n<p><img decoding=\"async\" loading=\"lazy\" class=\"wp-image-17349 aligncenter\" title=\"Imagem ilustrativa\" src=\"http:\/\/www.smartis.com.br\/wp-content\/uploads\/2012\/07\/design-corporativo-moderno-estacoes.jpg\" alt=\"\" width=\"450\" height=\"299\" \/><\/p>\n<p><img decoding=\"async\" loading=\"lazy\" class=\"size-full wp-image-17350 aligncenter\" title=\"Imagem ilustrativa\" src=\"http:\/\/www.smartis.com.br\/wp-content\/uploads\/2012\/08\/design-corporativo-moderno-open-space.jpg\" alt=\"\" width=\"450\" height=\"299\" \/><\/p>\n<p><img decoding=\"async\" loading=\"lazy\" class=\"size-full wp-image-17351 aligncenter\" title=\"Imagem ilustrativa\" src=\"http:\/\/www.smartis.com.br\/wp-content\/uploads\/2012\/08\/design-corporativo-moderno-recepcao.jpg\" alt=\"\" width=\"450\" height=\"299\" \/><\/p>\n<p><img decoding=\"async\" loading=\"lazy\" class=\"size-full wp-image-17352 aligncenter\" title=\"Imagem ilustrativa\" src=\"http:\/\/www.smartis.com.br\/wp-content\/uploads\/2012\/08\/design-corporativo-moderno-integrado.jpg\" alt=\"\" width=\"450\" height=\"299\" \/><\/p>\n<p>&nbsp;<\/p>\n<h2><strong>O <em>design<\/em> da sua empresa ou escrit\u00f3rio reflete a linguagem dos novos tempos?<\/strong><\/h2>\n<p>Estar <strong>atualizado e preparado para lidar com os novos desafios<\/strong> tamb\u00e9m significa contar com a <strong>linguagem certa para posicionar o seu neg\u00f3cio<\/strong> com assertividade e originalidade no mercado.<\/p>\n<p><strong><strong><strong><strong><strong><a title=\"Clique aqui!\" href=\"..\/fale-conosco\/\" target=\"_self\">Entre em contato<\/a><\/strong><\/strong><\/strong><\/strong> <\/strong>com a<strong> <strong><strong><strong><a title=\"Quem Somos\" href=\"..\/..\/quem-somos\/\" target=\"_self\">DABUS ARQUITETURA<\/a><\/strong><\/strong><\/strong><\/strong> e fique por dentro de como podemos desenvolver o seu projeto de <strong>Arquitetura Corporativa!<\/strong><\/p>\n","protected":false},"excerpt":{"rendered":"<p>Salas fechadas, ambienta\u00e7\u00e3o s\u00f3bria e m\u00f3veis robustos fortemente ligados a conceitos como solidez e posi\u00e7\u00e3o hier\u00e1rquica. Este cen\u00e1rio um tanto quanto &#8220;s\u00e9rio&#8221; foi por muito [&hellip;]<\/p>\n","protected":false},"author":3,"featured_media":0,"comment_status":"open","ping_status":"open","sticky":false,"template":"","format":"standard","meta":[],"categories":[7],"tags":[],"yoast_head":"<!-- This site is optimized with the Yoast SEO plugin v20.8 - https:\/\/yoast.com\/wordpress\/plugins\/seo\/ -->\n<title>O design de interiores corporativos adequado aos dias atuais - DABUS ARQUITETURA<\/title>\n<meta name=\"robots\" content=\"index, follow, max-snippet:-1, max-image-preview:large, max-video-preview:-1\" \/>\n<link rel=\"canonical\" href=\"https:\/\/www.dabusarquitetura.com.br\/blog\/o-design-de-interiores-corporativos-adequado-aos-dias-atuais\/\" \/>\n<meta property=\"og:locale\" content=\"pt_BR\" \/>\n<meta property=\"og:type\" content=\"article\" \/>\n<meta property=\"og:title\" content=\"O design de interiores corporativos adequado aos dias atuais - DABUS ARQUITETURA\" \/>\n<meta property=\"og:description\" content=\"Salas fechadas, ambienta\u00e7\u00e3o s\u00f3bria e m\u00f3veis robustos fortemente ligados a conceitos como solidez e posi\u00e7\u00e3o hier\u00e1rquica. Este cen\u00e1rio um tanto quanto &#8220;s\u00e9rio&#8221; foi por muito [&hellip;]\" \/>\n<meta property=\"og:url\" content=\"https:\/\/www.dabusarquitetura.com.br\/blog\/o-design-de-interiores-corporativos-adequado-aos-dias-atuais\/\" \/>\n<meta property=\"og:site_name\" content=\"DABUS ARQUITETURA\" \/>\n<meta property=\"article:published_time\" content=\"2012-08-08T13:09:03+00:00\" \/>\n<meta property=\"og:image\" content=\"http:\/\/www.smartis.com.br\/wp-content\/uploads\/2012\/08\/escritorio-antigo.jpg\" \/>\n<meta name=\"author\" content=\"heloisa.dabus\" \/>\n<meta name=\"twitter:card\" content=\"summary_large_image\" \/>\n<meta name=\"twitter:label1\" content=\"Escrito por\" \/>\n\t<meta name=\"twitter:data1\" content=\"heloisa.dabus\" \/>\n\t<meta name=\"twitter:label2\" content=\"Est. tempo de leitura\" \/>\n\t<meta name=\"twitter:data2\" content=\"2 minutos\" \/>\n<script type=\"application\/ld+json\" class=\"yoast-schema-graph\">{\"@context\":\"https:\/\/schema.org\",\"@graph\":[{\"@type\":\"WebPage\",\"@id\":\"https:\/\/www.dabusarquitetura.com.br\/blog\/o-design-de-interiores-corporativos-adequado-aos-dias-atuais\/\",\"url\":\"https:\/\/www.dabusarquitetura.com.br\/blog\/o-design-de-interiores-corporativos-adequado-aos-dias-atuais\/\",\"name\":\"O design de interiores corporativos adequado aos dias atuais - DABUS ARQUITETURA\",\"isPartOf\":{\"@id\":\"https:\/\/www.dabusarquitetura.com.br\/blog\/#website\"},\"datePublished\":\"2012-08-08T13:09:03+00:00\",\"dateModified\":\"2012-08-08T13:09:03+00:00\",\"author\":{\"@id\":\"https:\/\/www.dabusarquitetura.com.br\/blog\/#\/schema\/person\/978b78d74759412a1cd43634996237c4\"},\"breadcrumb\":{\"@id\":\"https:\/\/www.dabusarquitetura.com.br\/blog\/o-design-de-interiores-corporativos-adequado-aos-dias-atuais\/#breadcrumb\"},\"inLanguage\":\"pt-BR\",\"potentialAction\":[{\"@type\":\"ReadAction\",\"target\":[\"https:\/\/www.dabusarquitetura.com.br\/blog\/o-design-de-interiores-corporativos-adequado-aos-dias-atuais\/\"]}]},{\"@type\":\"BreadcrumbList\",\"@id\":\"https:\/\/www.dabusarquitetura.com.br\/blog\/o-design-de-interiores-corporativos-adequado-aos-dias-atuais\/#breadcrumb\",\"itemListElement\":[{\"@type\":\"ListItem\",\"position\":1,\"name\":\"In\u00edcio\",\"item\":\"https:\/\/www.dabusarquitetura.com.br\/blog\/\"},{\"@type\":\"ListItem\",\"position\":2,\"name\":\"O design de interiores corporativos adequado aos dias atuais\"}]},{\"@type\":\"WebSite\",\"@id\":\"https:\/\/www.dabusarquitetura.com.br\/blog\/#website\",\"url\":\"https:\/\/www.dabusarquitetura.com.br\/blog\/\",\"name\":\"DABUS ARQUITETURA\",\"description\":\"Arquitetura Corporativa\",\"potentialAction\":[{\"@type\":\"SearchAction\",\"target\":{\"@type\":\"EntryPoint\",\"urlTemplate\":\"https:\/\/www.dabusarquitetura.com.br\/blog\/?s={search_term_string}\"},\"query-input\":\"required name=search_term_string\"}],\"inLanguage\":\"pt-BR\"},{\"@type\":\"Person\",\"@id\":\"https:\/\/www.dabusarquitetura.com.br\/blog\/#\/schema\/person\/978b78d74759412a1cd43634996237c4\",\"name\":\"heloisa.dabus\",\"image\":{\"@type\":\"ImageObject\",\"inLanguage\":\"pt-BR\",\"@id\":\"https:\/\/www.dabusarquitetura.com.br\/blog\/#\/schema\/person\/image\/\",\"url\":\"https:\/\/secure.gravatar.com\/avatar\/4078f4f8e54fb70a99a5e9edc642ecb1?s=96&d=mm&r=g\",\"contentUrl\":\"https:\/\/secure.gravatar.com\/avatar\/4078f4f8e54fb70a99a5e9edc642ecb1?s=96&d=mm&r=g\",\"caption\":\"heloisa.dabus\"},\"url\":\"https:\/\/www.dabusarquitetura.com.br\/blog\/author\/heloisa-dabus\/\"}]}<\/script>\n<!-- \/ Yoast SEO plugin. -->","yoast_head_json":{"title":"O design de interiores corporativos adequado aos dias atuais - DABUS ARQUITETURA","robots":{"index":"index","follow":"follow","max-snippet":"max-snippet:-1","max-image-preview":"max-image-preview:large","max-video-preview":"max-video-preview:-1"},"canonical":"https:\/\/www.dabusarquitetura.com.br\/blog\/o-design-de-interiores-corporativos-adequado-aos-dias-atuais\/","og_locale":"pt_BR","og_type":"article","og_title":"O design de interiores corporativos adequado aos dias atuais - DABUS ARQUITETURA","og_description":"Salas fechadas, ambienta\u00e7\u00e3o s\u00f3bria e m\u00f3veis robustos fortemente ligados a conceitos como solidez e posi\u00e7\u00e3o hier\u00e1rquica. Este cen\u00e1rio um tanto quanto &#8220;s\u00e9rio&#8221; foi por muito [&hellip;]","og_url":"https:\/\/www.dabusarquitetura.com.br\/blog\/o-design-de-interiores-corporativos-adequado-aos-dias-atuais\/","og_site_name":"DABUS ARQUITETURA","article_published_time":"2012-08-08T13:09:03+00:00","og_image":[{"url":"http:\/\/www.smartis.com.br\/wp-content\/uploads\/2012\/08\/escritorio-antigo.jpg"}],"author":"heloisa.dabus","twitter_card":"summary_large_image","twitter_misc":{"Escrito por":"heloisa.dabus","Est. tempo de leitura":"2 minutos"},"schema":{"@context":"https:\/\/schema.org","@graph":[{"@type":"WebPage","@id":"https:\/\/www.dabusarquitetura.com.br\/blog\/o-design-de-interiores-corporativos-adequado-aos-dias-atuais\/","url":"https:\/\/www.dabusarquitetura.com.br\/blog\/o-design-de-interiores-corporativos-adequado-aos-dias-atuais\/","name":"O design de interiores corporativos adequado aos dias atuais - DABUS ARQUITETURA","isPartOf":{"@id":"https:\/\/www.dabusarquitetura.com.br\/blog\/#website"},"datePublished":"2012-08-08T13:09:03+00:00","dateModified":"2012-08-08T13:09:03+00:00","author":{"@id":"https:\/\/www.dabusarquitetura.com.br\/blog\/#\/schema\/person\/978b78d74759412a1cd43634996237c4"},"breadcrumb":{"@id":"https:\/\/www.dabusarquitetura.com.br\/blog\/o-design-de-interiores-corporativos-adequado-aos-dias-atuais\/#breadcrumb"},"inLanguage":"pt-BR","potentialAction":[{"@type":"ReadAction","target":["https:\/\/www.dabusarquitetura.com.br\/blog\/o-design-de-interiores-corporativos-adequado-aos-dias-atuais\/"]}]},{"@type":"BreadcrumbList","@id":"https:\/\/www.dabusarquitetura.com.br\/blog\/o-design-de-interiores-corporativos-adequado-aos-dias-atuais\/#breadcrumb","itemListElement":[{"@type":"ListItem","position":1,"name":"In\u00edcio","item":"https:\/\/www.dabusarquitetura.com.br\/blog\/"},{"@type":"ListItem","position":2,"name":"O design de interiores corporativos adequado aos dias atuais"}]},{"@type":"WebSite","@id":"https:\/\/www.dabusarquitetura.com.br\/blog\/#website","url":"https:\/\/www.dabusarquitetura.com.br\/blog\/","name":"DABUS ARQUITETURA","description":"Arquitetura Corporativa","potentialAction":[{"@type":"SearchAction","target":{"@type":"EntryPoint","urlTemplate":"https:\/\/www.dabusarquitetura.com.br\/blog\/?s={search_term_string}"},"query-input":"required name=search_term_string"}],"inLanguage":"pt-BR"},{"@type":"Person","@id":"https:\/\/www.dabusarquitetura.com.br\/blog\/#\/schema\/person\/978b78d74759412a1cd43634996237c4","name":"heloisa.dabus","image":{"@type":"ImageObject","inLanguage":"pt-BR","@id":"https:\/\/www.dabusarquitetura.com.br\/blog\/#\/schema\/person\/image\/","url":"https:\/\/secure.gravatar.com\/avatar\/4078f4f8e54fb70a99a5e9edc642ecb1?s=96&d=mm&r=g","contentUrl":"https:\/\/secure.gravatar.com\/avatar\/4078f4f8e54fb70a99a5e9edc642ecb1?s=96&d=mm&r=g","caption":"heloisa.dabus"},"url":"https:\/\/www.dabusarquitetura.com.br\/blog\/author\/heloisa-dabus\/"}]}},"_links":{"self":[{"href":"https:\/\/www.dabusarquitetura.com.br\/blog\/wp-json\/wp\/v2\/posts\/7217"}],"collection":[{"href":"https:\/\/www.dabusarquitetura.com.br\/blog\/wp-json\/wp\/v2\/posts"}],"about":[{"href":"https:\/\/www.dabusarquitetura.com.br\/blog\/wp-json\/wp\/v2\/types\/post"}],"author":[{"embeddable":true,"href":"https:\/\/www.dabusarquitetura.com.br\/blog\/wp-json\/wp\/v2\/users\/3"}],"replies":[{"embeddable":true,"href":"https:\/\/www.dabusarquitetura.com.br\/blog\/wp-json\/wp\/v2\/comments?post=7217"}],"version-history":[{"count":0,"href":"https:\/\/www.dabusarquitetura.com.br\/blog\/wp-json\/wp\/v2\/posts\/7217\/revisions"}],"wp:attachment":[{"href":"https:\/\/www.dabusarquitetura.com.br\/blog\/wp-json\/wp\/v2\/media?parent=7217"}],"wp:term":[{"taxonomy":"category","embeddable":true,"href":"https:\/\/www.dabusarquitetura.com.br\/blog\/wp-json\/wp\/v2\/categories?post=7217"},{"taxonomy":"post_tag","embeddable":true,"href":"https:\/\/www.dabusarquitetura.com.br\/blog\/wp-json\/wp\/v2\/tags?post=7217"}],"curies":[{"name":"wp","href":"https:\/\/api.w.org\/{rel}","templated":true}]}}