{"id":7114,"date":"2012-07-18T13:12:48","date_gmt":"2012-07-18T13:12:48","guid":{"rendered":"http:\/\/www.dabus.com.br\/blog\/?p=7114"},"modified":"2012-07-18T13:12:48","modified_gmt":"2012-07-18T13:12:48","slug":"a-orientacao-adequada-da-iluminacao-no-projeto-de-arquitetura-corporativa","status":"publish","type":"post","link":"https:\/\/www.dabusarquitetura.com.br\/blog\/a-orientacao-adequada-da-iluminacao-no-projeto-de-arquitetura-corporativa\/","title":{"rendered":"A orienta\u00e7\u00e3o adequada da ilumina\u00e7\u00e3o no projeto de Arquitetura Corporativa"},"content":{"rendered":"<p>Iluminar \u00e9 sin\u00f4nimo de<strong> dar vida e eleg\u00e2ncia<\/strong> aos ambientes. Por\u00e9m, no projeto de <strong><strong><strong><strong><strong><strong><a title=\"Saiba Mais!\" href=\"..\/..\/site\/arquitetura-corporativa\" target=\"_blank\">Arquitetura Corporativa<\/a><\/strong><\/strong><\/strong><\/strong><\/strong><\/strong>, mais do que isso, &#8220;iluminar&#8221; deve ser sin\u00f4nimo de <strong>funcionalidade e produtividade.<\/strong><\/p>\n<p><img decoding=\"async\" loading=\"lazy\" class=\"size-full wp-image-17332 aligncenter\" title=\"Ilumina\u00e7\u00e3o no ambiente corporativo\" src=\"http:\/\/www.smartis.com.br\/wp-content\/uploads\/2012\/07\/iluminacao-no-ambiente-corporativo.jpg\" alt=\"\" width=\"450\" height=\"258\" \/><\/p>\n<p>Em cada \u00e1rea da empresa tipos diferentes de tarefas s\u00e3o realizados, o que leva seus ocupantes a terem<strong> necessidades espec\u00edficas,<\/strong> inclusive com rela\u00e7\u00e3o \u00e0 ilumina\u00e7\u00e3o, a qual, sobretudo, deve ser articulada para <strong>proporcionar o m\u00e1ximo de conforto visual.<\/strong><\/p>\n<p>Em espa\u00e7os como<strong> a recep\u00e7\u00e3o e os corredores,<\/strong> por exemplo, \u00e9 poss\u00edvel disponibilizar uma <strong>ilumina\u00e7\u00e3o diferenciada, com forte orienta\u00e7\u00e3o est\u00e9tica<\/strong> para valorizar a marca em pontos espec\u00edficos e para criar uma <strong>ambienta\u00e7\u00e3o mais atrativa.<\/strong><\/p>\n<p><img decoding=\"async\" loading=\"lazy\" class=\"size-full wp-image-17334 aligncenter\" title=\"Recep\u00e7\u00e3o de uma das empresas Google\" src=\"http:\/\/www.smartis.com.br\/wp-content\/uploads\/2012\/07\/recepcao-google.jpg\" alt=\"\" width=\"450\" height=\"299\" \/><\/p>\n<p>J\u00e1 nas<strong> esta\u00e7\u00f5es de trabalho,<\/strong> \u00e9 a <strong>funcionalidade<\/strong> que deve se sobressair. Para executarem bem e com produtividade suas tarefas, os colaboradores precisam contar com <strong>salas claras, preenchidas por um conjunto de luzes equilibrado.<\/strong> O aproveitamento da<strong> luz natural<\/strong>, se bem projetado, pode trazer <strong>grandes contribui\u00e7\u00f5es \u00e0 sa\u00fade<\/strong> e ainda colaborar para<strong> gerar economia e bem-estar.<\/strong><\/p>\n<p>Nesse sentido, a escolha de<strong> lumin\u00e1rias, l\u00e2mpadas e outros sistemas<\/strong> \u00e9 muito importante. \u00c9 fundamental optar por <strong>produtos modernos, <\/strong>que sejam de<strong> pr\u00e1tica instala\u00e7\u00e3o, f\u00e1cil manuten\u00e7\u00e3o e limpeza,<\/strong> <strong>alto rendimento <\/strong>e que, ao mesmo tempo,<strong> permitam o racionamento do consumo de energia<\/strong>. Para o dia a dia de uma empresa e de seus funcion\u00e1rios esses fatores s\u00e3o vitais!<\/p>\n<p><img decoding=\"async\" loading=\"lazy\" class=\"size-full wp-image-17333 aligncenter\" title=\"Ilumina\u00e7\u00e3o natural no ambiente corporativo\" src=\"http:\/\/www.smartis.com.br\/wp-content\/uploads\/2012\/07\/iluminacao-natural-no-ambiente-corporativo.jpg\" alt=\"\" width=\"450\" height=\"292\" \/><\/p>\n<div class=\"mceTemp mceIEcenter\">\n<p style=\"text-align: left;\">Antes de definir qualquer coisa, contudo, \u00e9 indispens\u00e1vel um <strong>estudo aprofundado do espa\u00e7o em quest\u00e3o.<\/strong> Nessa pesquisa \u00e9 necess\u00e1rio identificar com seguran\u00e7a os <strong>equipamentos e os recursos que ser\u00e3o utilizados, os lugares onde eles ser\u00e3o alocados, as janelas e portas existentes e as fun\u00e7\u00f5es que ser\u00e3o exercidas no local.<\/strong> S\u00f3 a partir de ent\u00e3o \u00e9 que<strong> solu\u00e7\u00f5es eficientes<\/strong> poder\u00e3o ser empregadas. Al\u00e9m disso, vale lembrar que essas solu\u00e7\u00f5es devem estar enquadradas nos <strong>par\u00e2metros indicados pelas normas de ilumina\u00e7\u00e3o.<\/strong><\/p>\n<p style=\"text-align: left;\">\u00a0Para ter uma<strong> equipe mais produtiva<\/strong> e um <strong>ambiente mais saud\u00e1vel<\/strong> \u00e9 essencial priorizar o<strong> conforto visual na Arquitetura Corporativa.<\/strong><\/p>\n<p style=\"text-align: left;\"><strong><strong><strong><strong><a title=\"Clique aqui!\" href=\"..\/fale-conosco\/\" target=\"_self\">Entre em contato<\/a><\/strong><\/strong><\/strong><\/strong> com a <strong><strong><\/strong><\/strong><strong><strong><strong><a title=\"Quem Somos\" href=\"..\/..\/quem-somos\/\" target=\"_self\">DABUS ARQUITETURA<\/a><\/strong><\/strong><\/strong> e fique por dentro de como o seu projeto pode ser desenvolvido para gerar<strong> mais satisfa\u00e7\u00e3o entre os colaboradores<\/strong> e <strong>melhores resultados para seus neg\u00f3cios.<\/strong><\/p>\n<\/div>\n","protected":false},"excerpt":{"rendered":"<p>Iluminar \u00e9 sin\u00f4nimo de dar vida e eleg\u00e2ncia aos ambientes. Por\u00e9m, no projeto de Arquitetura Corporativa, mais do que isso, &#8220;iluminar&#8221; deve ser sin\u00f4nimo de [&hellip;]<\/p>\n","protected":false},"author":3,"featured_media":0,"comment_status":"open","ping_status":"open","sticky":false,"template":"","format":"standard","meta":[],"categories":[7],"tags":[],"yoast_head":"<!-- This site is optimized with the Yoast SEO plugin v20.8 - https:\/\/yoast.com\/wordpress\/plugins\/seo\/ -->\n<title>A orienta\u00e7\u00e3o adequada da ilumina\u00e7\u00e3o no projeto de Arquitetura Corporativa - DABUS ARQUITETURA<\/title>\n<meta name=\"robots\" content=\"index, follow, max-snippet:-1, max-image-preview:large, max-video-preview:-1\" \/>\n<link rel=\"canonical\" href=\"https:\/\/www.dabusarquitetura.com.br\/blog\/a-orientacao-adequada-da-iluminacao-no-projeto-de-arquitetura-corporativa\/\" \/>\n<meta property=\"og:locale\" content=\"pt_BR\" \/>\n<meta property=\"og:type\" content=\"article\" \/>\n<meta property=\"og:title\" content=\"A orienta\u00e7\u00e3o adequada da ilumina\u00e7\u00e3o no projeto de Arquitetura Corporativa - DABUS ARQUITETURA\" \/>\n<meta property=\"og:description\" content=\"Iluminar \u00e9 sin\u00f4nimo de dar vida e eleg\u00e2ncia aos ambientes. Por\u00e9m, no projeto de Arquitetura Corporativa, mais do que isso, &#8220;iluminar&#8221; deve ser sin\u00f4nimo de [&hellip;]\" \/>\n<meta property=\"og:url\" content=\"https:\/\/www.dabusarquitetura.com.br\/blog\/a-orientacao-adequada-da-iluminacao-no-projeto-de-arquitetura-corporativa\/\" \/>\n<meta property=\"og:site_name\" content=\"DABUS ARQUITETURA\" \/>\n<meta property=\"article:published_time\" content=\"2012-07-18T13:12:48+00:00\" \/>\n<meta property=\"og:image\" content=\"http:\/\/www.smartis.com.br\/wp-content\/uploads\/2012\/07\/iluminacao-no-ambiente-corporativo.jpg\" \/>\n<meta name=\"author\" content=\"heloisa.dabus\" \/>\n<meta name=\"twitter:card\" content=\"summary_large_image\" \/>\n<meta name=\"twitter:label1\" content=\"Escrito por\" \/>\n\t<meta name=\"twitter:data1\" content=\"heloisa.dabus\" \/>\n\t<meta name=\"twitter:label2\" content=\"Est. tempo de leitura\" \/>\n\t<meta name=\"twitter:data2\" content=\"2 minutos\" \/>\n<script type=\"application\/ld+json\" class=\"yoast-schema-graph\">{\"@context\":\"https:\/\/schema.org\",\"@graph\":[{\"@type\":\"WebPage\",\"@id\":\"https:\/\/www.dabusarquitetura.com.br\/blog\/a-orientacao-adequada-da-iluminacao-no-projeto-de-arquitetura-corporativa\/\",\"url\":\"https:\/\/www.dabusarquitetura.com.br\/blog\/a-orientacao-adequada-da-iluminacao-no-projeto-de-arquitetura-corporativa\/\",\"name\":\"A orienta\u00e7\u00e3o adequada da ilumina\u00e7\u00e3o no projeto de Arquitetura Corporativa - DABUS ARQUITETURA\",\"isPartOf\":{\"@id\":\"https:\/\/www.dabusarquitetura.com.br\/blog\/#website\"},\"datePublished\":\"2012-07-18T13:12:48+00:00\",\"dateModified\":\"2012-07-18T13:12:48+00:00\",\"author\":{\"@id\":\"https:\/\/www.dabusarquitetura.com.br\/blog\/#\/schema\/person\/978b78d74759412a1cd43634996237c4\"},\"breadcrumb\":{\"@id\":\"https:\/\/www.dabusarquitetura.com.br\/blog\/a-orientacao-adequada-da-iluminacao-no-projeto-de-arquitetura-corporativa\/#breadcrumb\"},\"inLanguage\":\"pt-BR\",\"potentialAction\":[{\"@type\":\"ReadAction\",\"target\":[\"https:\/\/www.dabusarquitetura.com.br\/blog\/a-orientacao-adequada-da-iluminacao-no-projeto-de-arquitetura-corporativa\/\"]}]},{\"@type\":\"BreadcrumbList\",\"@id\":\"https:\/\/www.dabusarquitetura.com.br\/blog\/a-orientacao-adequada-da-iluminacao-no-projeto-de-arquitetura-corporativa\/#breadcrumb\",\"itemListElement\":[{\"@type\":\"ListItem\",\"position\":1,\"name\":\"In\u00edcio\",\"item\":\"https:\/\/www.dabusarquitetura.com.br\/blog\/\"},{\"@type\":\"ListItem\",\"position\":2,\"name\":\"A orienta\u00e7\u00e3o adequada da ilumina\u00e7\u00e3o no projeto de Arquitetura Corporativa\"}]},{\"@type\":\"WebSite\",\"@id\":\"https:\/\/www.dabusarquitetura.com.br\/blog\/#website\",\"url\":\"https:\/\/www.dabusarquitetura.com.br\/blog\/\",\"name\":\"DABUS ARQUITETURA\",\"description\":\"Arquitetura Corporativa\",\"potentialAction\":[{\"@type\":\"SearchAction\",\"target\":{\"@type\":\"EntryPoint\",\"urlTemplate\":\"https:\/\/www.dabusarquitetura.com.br\/blog\/?s={search_term_string}\"},\"query-input\":\"required name=search_term_string\"}],\"inLanguage\":\"pt-BR\"},{\"@type\":\"Person\",\"@id\":\"https:\/\/www.dabusarquitetura.com.br\/blog\/#\/schema\/person\/978b78d74759412a1cd43634996237c4\",\"name\":\"heloisa.dabus\",\"image\":{\"@type\":\"ImageObject\",\"inLanguage\":\"pt-BR\",\"@id\":\"https:\/\/www.dabusarquitetura.com.br\/blog\/#\/schema\/person\/image\/\",\"url\":\"https:\/\/secure.gravatar.com\/avatar\/4078f4f8e54fb70a99a5e9edc642ecb1?s=96&d=mm&r=g\",\"contentUrl\":\"https:\/\/secure.gravatar.com\/avatar\/4078f4f8e54fb70a99a5e9edc642ecb1?s=96&d=mm&r=g\",\"caption\":\"heloisa.dabus\"},\"url\":\"https:\/\/www.dabusarquitetura.com.br\/blog\/author\/heloisa-dabus\/\"}]}<\/script>\n<!-- \/ Yoast SEO plugin. -->","yoast_head_json":{"title":"A orienta\u00e7\u00e3o adequada da ilumina\u00e7\u00e3o no projeto de Arquitetura Corporativa - DABUS ARQUITETURA","robots":{"index":"index","follow":"follow","max-snippet":"max-snippet:-1","max-image-preview":"max-image-preview:large","max-video-preview":"max-video-preview:-1"},"canonical":"https:\/\/www.dabusarquitetura.com.br\/blog\/a-orientacao-adequada-da-iluminacao-no-projeto-de-arquitetura-corporativa\/","og_locale":"pt_BR","og_type":"article","og_title":"A orienta\u00e7\u00e3o adequada da ilumina\u00e7\u00e3o no projeto de Arquitetura Corporativa - DABUS ARQUITETURA","og_description":"Iluminar \u00e9 sin\u00f4nimo de dar vida e eleg\u00e2ncia aos ambientes. Por\u00e9m, no projeto de Arquitetura Corporativa, mais do que isso, &#8220;iluminar&#8221; deve ser sin\u00f4nimo de [&hellip;]","og_url":"https:\/\/www.dabusarquitetura.com.br\/blog\/a-orientacao-adequada-da-iluminacao-no-projeto-de-arquitetura-corporativa\/","og_site_name":"DABUS ARQUITETURA","article_published_time":"2012-07-18T13:12:48+00:00","og_image":[{"url":"http:\/\/www.smartis.com.br\/wp-content\/uploads\/2012\/07\/iluminacao-no-ambiente-corporativo.jpg"}],"author":"heloisa.dabus","twitter_card":"summary_large_image","twitter_misc":{"Escrito por":"heloisa.dabus","Est. tempo de leitura":"2 minutos"},"schema":{"@context":"https:\/\/schema.org","@graph":[{"@type":"WebPage","@id":"https:\/\/www.dabusarquitetura.com.br\/blog\/a-orientacao-adequada-da-iluminacao-no-projeto-de-arquitetura-corporativa\/","url":"https:\/\/www.dabusarquitetura.com.br\/blog\/a-orientacao-adequada-da-iluminacao-no-projeto-de-arquitetura-corporativa\/","name":"A orienta\u00e7\u00e3o adequada da ilumina\u00e7\u00e3o no projeto de Arquitetura Corporativa - DABUS ARQUITETURA","isPartOf":{"@id":"https:\/\/www.dabusarquitetura.com.br\/blog\/#website"},"datePublished":"2012-07-18T13:12:48+00:00","dateModified":"2012-07-18T13:12:48+00:00","author":{"@id":"https:\/\/www.dabusarquitetura.com.br\/blog\/#\/schema\/person\/978b78d74759412a1cd43634996237c4"},"breadcrumb":{"@id":"https:\/\/www.dabusarquitetura.com.br\/blog\/a-orientacao-adequada-da-iluminacao-no-projeto-de-arquitetura-corporativa\/#breadcrumb"},"inLanguage":"pt-BR","potentialAction":[{"@type":"ReadAction","target":["https:\/\/www.dabusarquitetura.com.br\/blog\/a-orientacao-adequada-da-iluminacao-no-projeto-de-arquitetura-corporativa\/"]}]},{"@type":"BreadcrumbList","@id":"https:\/\/www.dabusarquitetura.com.br\/blog\/a-orientacao-adequada-da-iluminacao-no-projeto-de-arquitetura-corporativa\/#breadcrumb","itemListElement":[{"@type":"ListItem","position":1,"name":"In\u00edcio","item":"https:\/\/www.dabusarquitetura.com.br\/blog\/"},{"@type":"ListItem","position":2,"name":"A orienta\u00e7\u00e3o adequada da ilumina\u00e7\u00e3o no projeto de Arquitetura Corporativa"}]},{"@type":"WebSite","@id":"https:\/\/www.dabusarquitetura.com.br\/blog\/#website","url":"https:\/\/www.dabusarquitetura.com.br\/blog\/","name":"DABUS ARQUITETURA","description":"Arquitetura Corporativa","potentialAction":[{"@type":"SearchAction","target":{"@type":"EntryPoint","urlTemplate":"https:\/\/www.dabusarquitetura.com.br\/blog\/?s={search_term_string}"},"query-input":"required name=search_term_string"}],"inLanguage":"pt-BR"},{"@type":"Person","@id":"https:\/\/www.dabusarquitetura.com.br\/blog\/#\/schema\/person\/978b78d74759412a1cd43634996237c4","name":"heloisa.dabus","image":{"@type":"ImageObject","inLanguage":"pt-BR","@id":"https:\/\/www.dabusarquitetura.com.br\/blog\/#\/schema\/person\/image\/","url":"https:\/\/secure.gravatar.com\/avatar\/4078f4f8e54fb70a99a5e9edc642ecb1?s=96&d=mm&r=g","contentUrl":"https:\/\/secure.gravatar.com\/avatar\/4078f4f8e54fb70a99a5e9edc642ecb1?s=96&d=mm&r=g","caption":"heloisa.dabus"},"url":"https:\/\/www.dabusarquitetura.com.br\/blog\/author\/heloisa-dabus\/"}]}},"_links":{"self":[{"href":"https:\/\/www.dabusarquitetura.com.br\/blog\/wp-json\/wp\/v2\/posts\/7114"}],"collection":[{"href":"https:\/\/www.dabusarquitetura.com.br\/blog\/wp-json\/wp\/v2\/posts"}],"about":[{"href":"https:\/\/www.dabusarquitetura.com.br\/blog\/wp-json\/wp\/v2\/types\/post"}],"author":[{"embeddable":true,"href":"https:\/\/www.dabusarquitetura.com.br\/blog\/wp-json\/wp\/v2\/users\/3"}],"replies":[{"embeddable":true,"href":"https:\/\/www.dabusarquitetura.com.br\/blog\/wp-json\/wp\/v2\/comments?post=7114"}],"version-history":[{"count":0,"href":"https:\/\/www.dabusarquitetura.com.br\/blog\/wp-json\/wp\/v2\/posts\/7114\/revisions"}],"wp:attachment":[{"href":"https:\/\/www.dabusarquitetura.com.br\/blog\/wp-json\/wp\/v2\/media?parent=7114"}],"wp:term":[{"taxonomy":"category","embeddable":true,"href":"https:\/\/www.dabusarquitetura.com.br\/blog\/wp-json\/wp\/v2\/categories?post=7114"},{"taxonomy":"post_tag","embeddable":true,"href":"https:\/\/www.dabusarquitetura.com.br\/blog\/wp-json\/wp\/v2\/tags?post=7114"}],"curies":[{"name":"wp","href":"https:\/\/api.w.org\/{rel}","templated":true}]}}