{"id":7065,"date":"2012-07-11T13:07:26","date_gmt":"2012-07-11T13:07:26","guid":{"rendered":"http:\/\/www.dabus.com.br\/blog\/?p=7065"},"modified":"2012-07-11T13:07:26","modified_gmt":"2012-07-11T13:07:26","slug":"fatores-que-devem-ser-levados-em-conta-para-o-projeto-da-sala-de-reunioes","status":"publish","type":"post","link":"https:\/\/www.dabusarquitetura.com.br\/blog\/fatores-que-devem-ser-levados-em-conta-para-o-projeto-da-sala-de-reunioes\/","title":{"rendered":"Fatores que devem ser levados em conta para o projeto da sala de reuni\u00f5es"},"content":{"rendered":"<p>Os cuidados e dicas referentes ao que deve ou n\u00e3o ser feito com rela\u00e7\u00e3o ao<strong> <a title=\"Saiba mais!\" href=\"http:\/\/www.dabus.com.br\/blog\/2012\/03\/a-imagem-da-marca-e-da-arquitetura-corporativa-refletida-na-mesa-da-sala-de-reunioes\/\"><strong>projeto da sala de reuni\u00f5es<\/strong><\/a><\/strong> s\u00e3o quest\u00f5es que j\u00e1 foram abordadas aqui no blog, mas que merecem uma abordagem diferenciada, agora focada sobre os <strong> diferentes fatores que devem ser levados em conta<\/strong> para a composi\u00e7\u00e3o adequada do ambiente onde as decis\u00f5es s\u00e3o tomadas.<\/p>\n<p><img decoding=\"async\" loading=\"lazy\" class=\" wp-image-17328 aligncenter\" title=\"mesa-sala-reuniao-modelo\" src=\"http:\/\/www.smartis.com.br\/wp-content\/uploads\/2012\/07\/mesa-sala-reuniao-modelo.jpg\" alt=\"\" width=\"450\" height=\"343\" \/><\/p>\n<ul>\n<li><strong>&#8211; N\u00famero de participantes e tempo de perman\u00eancia:<\/strong> Um dos primeiros fatores a ser considerado \u00e9 a <strong>quantidade de pessoas<\/strong> que, em geral, ser\u00e3o convidadas a participar das discuss\u00f5es resguardadas \u00e0 sala de reuni\u00f5es. \u00c9 a partir da compreens\u00e3o dessa necessidade e do <strong>tempo m\u00e9dio de perman\u00eancia <\/strong>que o espa\u00e7o dever\u00e1 ser preparado para<strong> acomodar a todos com conforto, funcionalidade e efici\u00eancia<\/strong>;<\/li>\n<\/ul>\n<ul>\n<li><strong>&#8211; Metro quadrado dispon\u00edvel:<\/strong> Juntamente \u00e0s considera\u00e7\u00f5es citadas acima, \u00e9 imprescind\u00edvel uma an\u00e1lise das <strong>dimens\u00f5es f\u00edsicas da sala e das possibilidades que elas oferecem.<\/strong> Evidentemente, o espa\u00e7o dispon\u00edvel acabar\u00e1 determinando o <strong>n\u00famero m\u00e1ximo de pessoas<\/strong> que poder\u00e3o se acomodar no local e at\u00e9 mesmo o <strong>tipo de mobili\u00e1rio e organiza\u00e7\u00e3o mais adequados<\/strong>;<\/li>\n<\/ul>\n<ul>\n<li><strong>&#8211; Comunica\u00e7\u00e3o:<\/strong> Para uma <strong>reuni\u00e3o produtiva e harm\u00f4nica<\/strong> \u00e9 preciso assegurar que todos os participantes presentes na sala possam<strong> se ver e se comunicar com facilidade.<\/strong> Nesse sentido, as mesas e seus formatos t\u00eam um papel de destaque;<\/li>\n<\/ul>\n<ul>\n<li><strong>&#8211; Mobili\u00e1rio e ergonomia:<\/strong> Os m\u00f3veis presentes no &#8220;ambiente das decis\u00f5es&#8221; devem transmitir <strong>sobriedade e credibilidade.<\/strong> Por isso, <strong><em>designs<\/em> exc\u00eantricos<\/strong> n\u00e3o s\u00e3o aconselh\u00e1veis: eles podem <strong>atrapalhar as reuni\u00f5es, ocasionando distra\u00e7\u00f5es, impress\u00f5es equivocadas,<\/strong> entre outros efeitos indesejados. Por outro lado, \u00e9 importante que <strong>o estilo e a linguagem da empresa estejam refletidos no mobili\u00e1rio<\/strong> de alguma forma, o que, no entanto, n\u00e3o deve sacrificar o elemento <strong>Ergonomia, <\/strong>o qual deve estar sempre presente. <strong>Cadeiras ajust\u00e1veis,<\/strong> por exemplo, s\u00e3o bem-vindas, pois elas permitem que<strong> todos os usu\u00e1rios se acomodem<\/strong> conforme suas necessidades e prefer\u00eancias. J\u00e1 com rela\u00e7\u00e3o \u00e0s mesas, \u00e9 essencial garantir que elas possibilitem a <strong>aloca\u00e7\u00e3o de equipamentos e a passagem de cabos de modo organizado e vers\u00e1til<\/strong>;<\/li>\n<\/ul>\n<ul>\n<li><strong>&#8211; Equipamentos e infraestrutura el\u00e9trica: <\/strong>Para que o projeto da sala de reuni\u00f5es seja o mais eficiente poss\u00edvel, \u00e9 essencial analisar os <strong>tipos de equipamentos e recursos<\/strong> que ser\u00e3o empregados no local. Isso permitir\u00e1 determinar com coer\u00eancia os <strong>pontos de instala\u00e7\u00e3o e acesso, as tecnologias a serem adotadas, a passagem de cabeamentos e<\/strong><strong> toda infraestrutura el\u00e9trica<\/strong> <strong>necess\u00e1ria<\/strong>;<strong><br \/>\n<\/strong><\/li>\n<\/ul>\n<ul>\n<li><strong>&#8211; <strong>Discri\u00e7\u00e3o e privacidade<\/strong>: <\/strong>Embora os modernos ambientes corporativos venham sendo idealizados de acordo com os padr\u00f5es de <em>layout<\/em> <strong><em><a title=\"Saiba mais!\" href=\"http:\/\/www.dabus.com.br\/blog\/2011\/10\/compartilhamento-e-versatilidade-na-arquitetura-corporativa-com-ambientes-open-space\/\"><strong><em>&#8220;open space&#8221;<\/em><\/strong><\/a><\/em><\/strong>, ainda continua sendo fundamental garantir \u00e0s salas de reuni\u00f5es <strong>n\u00edveis adequados de privacidade.<\/strong> Para tanto, \u00e9 aconselh\u00e1vel que seja viabilizado um <strong>bom projeto de isolamento ac\u00fastico<\/strong>;<\/li>\n<\/ul>\n<ul>\n<li><strong>&#8211; Identidade:<\/strong> \u00c9 de extrema import\u00e2ncia para o <strong>fortalecimento de um discurso coerente e de uma imagem \u00edntegra<\/strong> que a sala de reuni\u00f5es esteja integrada \u00e0s demais \u00e1reas da empresa por meio da<strong> ambienta\u00e7\u00e3o,<\/strong> que deve expressar a<strong> identidade da marca<\/strong> nas cores, formatos, <em>design<\/em> e em todo o <strong>estilo da <strong><strong><strong><strong><strong><strong><a title=\"Saiba Mais!\" href=\"..\/..\/site\/arquitetura-corporativa\" target=\"_blank\">Arquitetura Corporativa<\/a><\/strong><\/strong><\/strong><\/strong><\/strong><\/strong><\/strong>.<\/li>\n<\/ul>\n<p>Para estudar, analisar e encontrar as<strong> melhores solu\u00e7\u00f5es a cada um desses fatores<\/strong> \u00e9 indispens\u00e1vel contar com a<strong> compet\u00eancia e intelig\u00eancia de uma equipe experiente,<\/strong> capaz de agregar ainda<strong> mais qualidade e versatilidade aos neg\u00f3cios do cliente envolvido.<br \/>\n<\/strong><\/p>\n<p>Com <strong>mais de 20 anos<\/strong> de atua\u00e7\u00e3o, a <strong><strong><strong> <strong><a title=\"Quem Somos\" href=\"..\/..\/quem-somos\/\" target=\"_self\">DABUS ARQUITETURA<\/a><\/strong><\/strong><\/strong><\/strong> \u00e9 especializada em projetos corporativos articulados especialmente para se tornarem uma <strong>poderosa ferramenta estrat\u00e9gica de posicionamento das empresas no mercado.<\/strong><\/p>\n<h2><strong>Saiba mais!<\/strong><\/h2>\n<p><strong><a title=\"Clique aqui!\" href=\"http:\/\/www.dabus.com.br\/blog\/fale-conosco\/\"><strong><strong><strong><strong><strong><strong><strong>Entre em contato<\/strong><\/strong><\/strong><\/strong><\/strong><\/strong><\/strong><\/a> <\/strong>conosco e fique por dentro de como podemos te atender!<\/p>\n","protected":false},"excerpt":{"rendered":"<p>Os cuidados e dicas referentes ao que deve ou n\u00e3o ser feito com rela\u00e7\u00e3o ao projeto da sala de reuni\u00f5es s\u00e3o quest\u00f5es que j\u00e1 foram [&hellip;]<\/p>\n","protected":false},"author":3,"featured_media":0,"comment_status":"open","ping_status":"open","sticky":false,"template":"","format":"standard","meta":[],"categories":[7],"tags":[],"yoast_head":"<!-- This site is optimized with the Yoast SEO plugin v20.8 - https:\/\/yoast.com\/wordpress\/plugins\/seo\/ -->\n<title>Fatores que devem ser levados em conta para o projeto da sala de reuni\u00f5es - DABUS ARQUITETURA<\/title>\n<meta name=\"robots\" content=\"index, follow, max-snippet:-1, max-image-preview:large, max-video-preview:-1\" \/>\n<link rel=\"canonical\" href=\"https:\/\/www.dabusarquitetura.com.br\/blog\/fatores-que-devem-ser-levados-em-conta-para-o-projeto-da-sala-de-reunioes\/\" \/>\n<meta property=\"og:locale\" content=\"pt_BR\" \/>\n<meta property=\"og:type\" content=\"article\" \/>\n<meta property=\"og:title\" content=\"Fatores que devem ser levados em conta para o projeto da sala de reuni\u00f5es - DABUS ARQUITETURA\" \/>\n<meta property=\"og:description\" content=\"Os cuidados e dicas referentes ao que deve ou n\u00e3o ser feito com rela\u00e7\u00e3o ao projeto da sala de reuni\u00f5es s\u00e3o quest\u00f5es que j\u00e1 foram [&hellip;]\" \/>\n<meta property=\"og:url\" content=\"https:\/\/www.dabusarquitetura.com.br\/blog\/fatores-que-devem-ser-levados-em-conta-para-o-projeto-da-sala-de-reunioes\/\" \/>\n<meta property=\"og:site_name\" content=\"DABUS ARQUITETURA\" \/>\n<meta property=\"article:published_time\" content=\"2012-07-11T13:07:26+00:00\" \/>\n<meta property=\"og:image\" content=\"http:\/\/www.smartis.com.br\/wp-content\/uploads\/2012\/07\/mesa-sala-reuniao-modelo.jpg\" \/>\n<meta name=\"author\" content=\"heloisa.dabus\" \/>\n<meta name=\"twitter:card\" content=\"summary_large_image\" \/>\n<meta name=\"twitter:label1\" content=\"Escrito por\" \/>\n\t<meta name=\"twitter:data1\" content=\"heloisa.dabus\" \/>\n\t<meta name=\"twitter:label2\" content=\"Est. tempo de leitura\" \/>\n\t<meta name=\"twitter:data2\" content=\"3 minutos\" \/>\n<script type=\"application\/ld+json\" class=\"yoast-schema-graph\">{\"@context\":\"https:\/\/schema.org\",\"@graph\":[{\"@type\":\"WebPage\",\"@id\":\"https:\/\/www.dabusarquitetura.com.br\/blog\/fatores-que-devem-ser-levados-em-conta-para-o-projeto-da-sala-de-reunioes\/\",\"url\":\"https:\/\/www.dabusarquitetura.com.br\/blog\/fatores-que-devem-ser-levados-em-conta-para-o-projeto-da-sala-de-reunioes\/\",\"name\":\"Fatores que devem ser levados em conta para o projeto da sala de reuni\u00f5es - DABUS ARQUITETURA\",\"isPartOf\":{\"@id\":\"https:\/\/www.dabusarquitetura.com.br\/blog\/#website\"},\"datePublished\":\"2012-07-11T13:07:26+00:00\",\"dateModified\":\"2012-07-11T13:07:26+00:00\",\"author\":{\"@id\":\"https:\/\/www.dabusarquitetura.com.br\/blog\/#\/schema\/person\/978b78d74759412a1cd43634996237c4\"},\"breadcrumb\":{\"@id\":\"https:\/\/www.dabusarquitetura.com.br\/blog\/fatores-que-devem-ser-levados-em-conta-para-o-projeto-da-sala-de-reunioes\/#breadcrumb\"},\"inLanguage\":\"pt-BR\",\"potentialAction\":[{\"@type\":\"ReadAction\",\"target\":[\"https:\/\/www.dabusarquitetura.com.br\/blog\/fatores-que-devem-ser-levados-em-conta-para-o-projeto-da-sala-de-reunioes\/\"]}]},{\"@type\":\"BreadcrumbList\",\"@id\":\"https:\/\/www.dabusarquitetura.com.br\/blog\/fatores-que-devem-ser-levados-em-conta-para-o-projeto-da-sala-de-reunioes\/#breadcrumb\",\"itemListElement\":[{\"@type\":\"ListItem\",\"position\":1,\"name\":\"In\u00edcio\",\"item\":\"https:\/\/www.dabusarquitetura.com.br\/blog\/\"},{\"@type\":\"ListItem\",\"position\":2,\"name\":\"Fatores que devem ser levados em conta para o projeto da sala de reuni\u00f5es\"}]},{\"@type\":\"WebSite\",\"@id\":\"https:\/\/www.dabusarquitetura.com.br\/blog\/#website\",\"url\":\"https:\/\/www.dabusarquitetura.com.br\/blog\/\",\"name\":\"DABUS ARQUITETURA\",\"description\":\"Arquitetura Corporativa\",\"potentialAction\":[{\"@type\":\"SearchAction\",\"target\":{\"@type\":\"EntryPoint\",\"urlTemplate\":\"https:\/\/www.dabusarquitetura.com.br\/blog\/?s={search_term_string}\"},\"query-input\":\"required name=search_term_string\"}],\"inLanguage\":\"pt-BR\"},{\"@type\":\"Person\",\"@id\":\"https:\/\/www.dabusarquitetura.com.br\/blog\/#\/schema\/person\/978b78d74759412a1cd43634996237c4\",\"name\":\"heloisa.dabus\",\"image\":{\"@type\":\"ImageObject\",\"inLanguage\":\"pt-BR\",\"@id\":\"https:\/\/www.dabusarquitetura.com.br\/blog\/#\/schema\/person\/image\/\",\"url\":\"https:\/\/secure.gravatar.com\/avatar\/4078f4f8e54fb70a99a5e9edc642ecb1?s=96&d=mm&r=g\",\"contentUrl\":\"https:\/\/secure.gravatar.com\/avatar\/4078f4f8e54fb70a99a5e9edc642ecb1?s=96&d=mm&r=g\",\"caption\":\"heloisa.dabus\"},\"url\":\"https:\/\/www.dabusarquitetura.com.br\/blog\/author\/heloisa-dabus\/\"}]}<\/script>\n<!-- \/ Yoast SEO plugin. -->","yoast_head_json":{"title":"Fatores que devem ser levados em conta para o projeto da sala de reuni\u00f5es - DABUS ARQUITETURA","robots":{"index":"index","follow":"follow","max-snippet":"max-snippet:-1","max-image-preview":"max-image-preview:large","max-video-preview":"max-video-preview:-1"},"canonical":"https:\/\/www.dabusarquitetura.com.br\/blog\/fatores-que-devem-ser-levados-em-conta-para-o-projeto-da-sala-de-reunioes\/","og_locale":"pt_BR","og_type":"article","og_title":"Fatores que devem ser levados em conta para o projeto da sala de reuni\u00f5es - DABUS ARQUITETURA","og_description":"Os cuidados e dicas referentes ao que deve ou n\u00e3o ser feito com rela\u00e7\u00e3o ao projeto da sala de reuni\u00f5es s\u00e3o quest\u00f5es que j\u00e1 foram [&hellip;]","og_url":"https:\/\/www.dabusarquitetura.com.br\/blog\/fatores-que-devem-ser-levados-em-conta-para-o-projeto-da-sala-de-reunioes\/","og_site_name":"DABUS ARQUITETURA","article_published_time":"2012-07-11T13:07:26+00:00","og_image":[{"url":"http:\/\/www.smartis.com.br\/wp-content\/uploads\/2012\/07\/mesa-sala-reuniao-modelo.jpg"}],"author":"heloisa.dabus","twitter_card":"summary_large_image","twitter_misc":{"Escrito por":"heloisa.dabus","Est. tempo de leitura":"3 minutos"},"schema":{"@context":"https:\/\/schema.org","@graph":[{"@type":"WebPage","@id":"https:\/\/www.dabusarquitetura.com.br\/blog\/fatores-que-devem-ser-levados-em-conta-para-o-projeto-da-sala-de-reunioes\/","url":"https:\/\/www.dabusarquitetura.com.br\/blog\/fatores-que-devem-ser-levados-em-conta-para-o-projeto-da-sala-de-reunioes\/","name":"Fatores que devem ser levados em conta para o projeto da sala de reuni\u00f5es - DABUS ARQUITETURA","isPartOf":{"@id":"https:\/\/www.dabusarquitetura.com.br\/blog\/#website"},"datePublished":"2012-07-11T13:07:26+00:00","dateModified":"2012-07-11T13:07:26+00:00","author":{"@id":"https:\/\/www.dabusarquitetura.com.br\/blog\/#\/schema\/person\/978b78d74759412a1cd43634996237c4"},"breadcrumb":{"@id":"https:\/\/www.dabusarquitetura.com.br\/blog\/fatores-que-devem-ser-levados-em-conta-para-o-projeto-da-sala-de-reunioes\/#breadcrumb"},"inLanguage":"pt-BR","potentialAction":[{"@type":"ReadAction","target":["https:\/\/www.dabusarquitetura.com.br\/blog\/fatores-que-devem-ser-levados-em-conta-para-o-projeto-da-sala-de-reunioes\/"]}]},{"@type":"BreadcrumbList","@id":"https:\/\/www.dabusarquitetura.com.br\/blog\/fatores-que-devem-ser-levados-em-conta-para-o-projeto-da-sala-de-reunioes\/#breadcrumb","itemListElement":[{"@type":"ListItem","position":1,"name":"In\u00edcio","item":"https:\/\/www.dabusarquitetura.com.br\/blog\/"},{"@type":"ListItem","position":2,"name":"Fatores que devem ser levados em conta para o projeto da sala de reuni\u00f5es"}]},{"@type":"WebSite","@id":"https:\/\/www.dabusarquitetura.com.br\/blog\/#website","url":"https:\/\/www.dabusarquitetura.com.br\/blog\/","name":"DABUS ARQUITETURA","description":"Arquitetura Corporativa","potentialAction":[{"@type":"SearchAction","target":{"@type":"EntryPoint","urlTemplate":"https:\/\/www.dabusarquitetura.com.br\/blog\/?s={search_term_string}"},"query-input":"required name=search_term_string"}],"inLanguage":"pt-BR"},{"@type":"Person","@id":"https:\/\/www.dabusarquitetura.com.br\/blog\/#\/schema\/person\/978b78d74759412a1cd43634996237c4","name":"heloisa.dabus","image":{"@type":"ImageObject","inLanguage":"pt-BR","@id":"https:\/\/www.dabusarquitetura.com.br\/blog\/#\/schema\/person\/image\/","url":"https:\/\/secure.gravatar.com\/avatar\/4078f4f8e54fb70a99a5e9edc642ecb1?s=96&d=mm&r=g","contentUrl":"https:\/\/secure.gravatar.com\/avatar\/4078f4f8e54fb70a99a5e9edc642ecb1?s=96&d=mm&r=g","caption":"heloisa.dabus"},"url":"https:\/\/www.dabusarquitetura.com.br\/blog\/author\/heloisa-dabus\/"}]}},"_links":{"self":[{"href":"https:\/\/www.dabusarquitetura.com.br\/blog\/wp-json\/wp\/v2\/posts\/7065"}],"collection":[{"href":"https:\/\/www.dabusarquitetura.com.br\/blog\/wp-json\/wp\/v2\/posts"}],"about":[{"href":"https:\/\/www.dabusarquitetura.com.br\/blog\/wp-json\/wp\/v2\/types\/post"}],"author":[{"embeddable":true,"href":"https:\/\/www.dabusarquitetura.com.br\/blog\/wp-json\/wp\/v2\/users\/3"}],"replies":[{"embeddable":true,"href":"https:\/\/www.dabusarquitetura.com.br\/blog\/wp-json\/wp\/v2\/comments?post=7065"}],"version-history":[{"count":0,"href":"https:\/\/www.dabusarquitetura.com.br\/blog\/wp-json\/wp\/v2\/posts\/7065\/revisions"}],"wp:attachment":[{"href":"https:\/\/www.dabusarquitetura.com.br\/blog\/wp-json\/wp\/v2\/media?parent=7065"}],"wp:term":[{"taxonomy":"category","embeddable":true,"href":"https:\/\/www.dabusarquitetura.com.br\/blog\/wp-json\/wp\/v2\/categories?post=7065"},{"taxonomy":"post_tag","embeddable":true,"href":"https:\/\/www.dabusarquitetura.com.br\/blog\/wp-json\/wp\/v2\/tags?post=7065"}],"curies":[{"name":"wp","href":"https:\/\/api.w.org\/{rel}","templated":true}]}}