{"id":6341,"date":"2012-03-07T14:17:05","date_gmt":"2012-03-07T14:17:05","guid":{"rendered":"http:\/\/www.dabus.com.br\/blog\/?p=6341"},"modified":"2022-07-26T17:46:44","modified_gmt":"2022-07-26T14:46:44","slug":"adequando-a-arquitetura-corporativa-as-caracteristicas-do-local-da-edificacao","status":"publish","type":"post","link":"https:\/\/www.dabusarquitetura.com.br\/blog\/adequando-a-arquitetura-corporativa-as-caracteristicas-do-local-da-edificacao\/","title":{"rendered":"Adequando a Arquitetura Corporativa \u00e0s caracter\u00edsticas do local da edifica\u00e7\u00e3o"},"content":{"rendered":"<p>Cada empresa, cada neg\u00f3cio possui uma<strong> identidade pr\u00f3pria,<\/strong> a qual precisa ser compreendida e bem explorada na <strong><strong><strong><strong><strong><a title=\"Saiba Mais!\" href=\"..\/..\/site\/arquitetura-corporativa\" target=\"_blank\" rel=\"noopener noreferrer\">Arquitetura Corporativa<\/a><\/strong><\/strong><\/strong><\/strong><\/strong>, a fim de que possa ser <strong>reafirmada e otimizada <\/strong>com efici\u00eancia junto ao mercado e ao pr\u00f3prio p\u00fablico interno.<\/p>\n<p>Esses fatores s\u00f3 podem ser garantidos ap\u00f3s um estudo (de prefer\u00eancia em companhia \u00e0 equipe de Marketing da organiza\u00e7\u00e3o) sobre sua cultura e seus objetivos. Por\u00e9m, em muitas situa\u00e7\u00f5es os esfor\u00e7os do projeto em<strong> valorizar ao m\u00e1ximo a identidade e os valores da empresa<\/strong> n\u00e3o podem se sobrepor \u00e0s<strong> caracter\u00edsticas do local da edifica\u00e7\u00e3o.<\/strong><\/p>\n<p>Isso acontece, principalmente, quando a <strong>Arquitetura Corporativa<\/strong> est\u00e1 inserida em uma<strong> \u00e1rea com tra\u00e7os hist\u00f3ricos<\/strong> de determinada cidade ou bairro, o que, nesse caso, exige um trabalho ainda mais cuidadoso, que vise <strong>equilibrar todos os elementos envolvidos, <\/strong>sem deixar perder o que cada um tem de melhor.<\/p>\n<p>Esse foi o caso do projeto elaborado pela<strong> <strong><a title=\"Quem Somos\" href=\"..\/..\/quem-somos\/\" target=\"_self\" rel=\"noopener noreferrer\">DABUS ARQUITETURA<\/a><\/strong><\/strong> para a loja de cr\u00e9dito da <a title=\"cetelem.com.br\" href=\"http:\/\/www.cetelem.com.br\/portal\/Para_Voce\/index.shtml\" target=\"_blank\" rel=\"noopener noreferrer\"><strong>Cetelem BGN<\/strong><\/a> em Recife.<\/p>\n<p>Ele foi todo embasado no <strong>respeito \u00e0 edifica\u00e7\u00e3o hist\u00f3rica da cidade<\/strong> ao entorno do pr\u00e9dio e, buscando <strong>manter as caracter\u00edsticas originais do local e cas\u00e1-las com a identidade da empresa,<\/strong> foram feitas <strong>duas propostas de cor para a fachada<\/strong> que se encaixaram perfeitamente no conceito adotado. Confira a seguir:<\/p>\n<p><img decoding=\"async\" loading=\"lazy\" class=\"size-full wp-image-16126 aligncenter\" title=\"Projeto Cetelem BGN - Recife - Azul\" src=\"http:\/\/www.smartis.com.br\/wp-content\/uploads\/2012\/03\/Projeto-Cetelem-BGN-Recife-Azul.jpg\" alt=\"\" width=\"400\" height=\"403\"><\/p>\n<p><img decoding=\"async\" loading=\"lazy\" class=\"size-full wp-image-16127 aligncenter\" title=\"Projeto Cetelem BGN - Recife - Verde\" src=\"http:\/\/www.smartis.com.br\/wp-content\/uploads\/2012\/03\/Projeto-Cetelem-BGN-Recife-Verde.jpg\" alt=\"\" width=\"400\" height=\"404\"><\/p>\n<p>Em projetos como esse, al\u00e9m de talento, conhecimento t\u00e9cnico e bom senso, \u00e9 preciso<strong> ter sensibilidade para fazer da hist\u00f3ria um poderoso componente na Arquitetura Corporativa.<\/strong><\/p>\n<p><strong><strong><a title=\"Clique aqui!\" href=\"..\/fale-conosco\/\" target=\"_self\" rel=\"noopener noreferrer\">Entre em contato<\/a><\/strong><\/strong> conosco e saiba como podemos te atender!<\/p>\n","protected":false},"excerpt":{"rendered":"<p>Cada empresa, cada neg\u00f3cio possui uma identidade pr\u00f3pria, a qual precisa ser compreendida e bem explorada na Arquitetura Corporativa, a fim de que possa ser [&hellip;]<\/p>\n","protected":false},"author":3,"featured_media":0,"comment_status":"open","ping_status":"open","sticky":false,"template":"","format":"standard","meta":[],"categories":[7,93],"tags":[],"yoast_head":"<!-- This site is optimized with the Yoast SEO plugin v20.8 - https:\/\/yoast.com\/wordpress\/plugins\/seo\/ -->\n<title>Adequando a Arquitetura Corporativa \u00e0s caracter\u00edsticas do local da edifica\u00e7\u00e3o - DABUS ARQUITETURA<\/title>\n<meta name=\"robots\" content=\"index, follow, max-snippet:-1, max-image-preview:large, max-video-preview:-1\" \/>\n<link rel=\"canonical\" href=\"https:\/\/www.dabusarquitetura.com.br\/blog\/adequando-a-arquitetura-corporativa-as-caracteristicas-do-local-da-edificacao\/\" \/>\n<meta property=\"og:locale\" content=\"pt_BR\" \/>\n<meta property=\"og:type\" content=\"article\" \/>\n<meta property=\"og:title\" content=\"Adequando a Arquitetura Corporativa \u00e0s caracter\u00edsticas do local da edifica\u00e7\u00e3o - DABUS ARQUITETURA\" \/>\n<meta property=\"og:description\" content=\"Cada empresa, cada neg\u00f3cio possui uma identidade pr\u00f3pria, a qual precisa ser compreendida e bem explorada na Arquitetura Corporativa, a fim de que possa ser [&hellip;]\" \/>\n<meta property=\"og:url\" content=\"https:\/\/www.dabusarquitetura.com.br\/blog\/adequando-a-arquitetura-corporativa-as-caracteristicas-do-local-da-edificacao\/\" \/>\n<meta property=\"og:site_name\" content=\"DABUS ARQUITETURA\" \/>\n<meta property=\"article:published_time\" content=\"2012-03-07T14:17:05+00:00\" \/>\n<meta property=\"article:modified_time\" content=\"2022-07-26T14:46:44+00:00\" \/>\n<meta property=\"og:image\" content=\"http:\/\/www.smartis.com.br\/wp-content\/uploads\/2012\/03\/Projeto-Cetelem-BGN-Recife-Azul.jpg\" \/>\n<meta name=\"author\" content=\"heloisa.dabus\" \/>\n<meta name=\"twitter:card\" content=\"summary_large_image\" \/>\n<meta name=\"twitter:label1\" content=\"Escrito por\" \/>\n\t<meta name=\"twitter:data1\" content=\"heloisa.dabus\" \/>\n\t<meta name=\"twitter:label2\" content=\"Est. tempo de leitura\" \/>\n\t<meta name=\"twitter:data2\" content=\"1 minuto\" \/>\n<script type=\"application\/ld+json\" class=\"yoast-schema-graph\">{\"@context\":\"https:\/\/schema.org\",\"@graph\":[{\"@type\":\"WebPage\",\"@id\":\"https:\/\/www.dabusarquitetura.com.br\/blog\/adequando-a-arquitetura-corporativa-as-caracteristicas-do-local-da-edificacao\/\",\"url\":\"https:\/\/www.dabusarquitetura.com.br\/blog\/adequando-a-arquitetura-corporativa-as-caracteristicas-do-local-da-edificacao\/\",\"name\":\"Adequando a Arquitetura Corporativa \u00e0s caracter\u00edsticas do local da edifica\u00e7\u00e3o - DABUS ARQUITETURA\",\"isPartOf\":{\"@id\":\"https:\/\/www.dabusarquitetura.com.br\/blog\/#website\"},\"datePublished\":\"2012-03-07T14:17:05+00:00\",\"dateModified\":\"2022-07-26T14:46:44+00:00\",\"author\":{\"@id\":\"https:\/\/www.dabusarquitetura.com.br\/blog\/#\/schema\/person\/978b78d74759412a1cd43634996237c4\"},\"breadcrumb\":{\"@id\":\"https:\/\/www.dabusarquitetura.com.br\/blog\/adequando-a-arquitetura-corporativa-as-caracteristicas-do-local-da-edificacao\/#breadcrumb\"},\"inLanguage\":\"pt-BR\",\"potentialAction\":[{\"@type\":\"ReadAction\",\"target\":[\"https:\/\/www.dabusarquitetura.com.br\/blog\/adequando-a-arquitetura-corporativa-as-caracteristicas-do-local-da-edificacao\/\"]}]},{\"@type\":\"BreadcrumbList\",\"@id\":\"https:\/\/www.dabusarquitetura.com.br\/blog\/adequando-a-arquitetura-corporativa-as-caracteristicas-do-local-da-edificacao\/#breadcrumb\",\"itemListElement\":[{\"@type\":\"ListItem\",\"position\":1,\"name\":\"In\u00edcio\",\"item\":\"https:\/\/www.dabusarquitetura.com.br\/blog\/\"},{\"@type\":\"ListItem\",\"position\":2,\"name\":\"Adequando a Arquitetura Corporativa \u00e0s caracter\u00edsticas do local da edifica\u00e7\u00e3o\"}]},{\"@type\":\"WebSite\",\"@id\":\"https:\/\/www.dabusarquitetura.com.br\/blog\/#website\",\"url\":\"https:\/\/www.dabusarquitetura.com.br\/blog\/\",\"name\":\"DABUS ARQUITETURA\",\"description\":\"Arquitetura Corporativa\",\"potentialAction\":[{\"@type\":\"SearchAction\",\"target\":{\"@type\":\"EntryPoint\",\"urlTemplate\":\"https:\/\/www.dabusarquitetura.com.br\/blog\/?s={search_term_string}\"},\"query-input\":\"required name=search_term_string\"}],\"inLanguage\":\"pt-BR\"},{\"@type\":\"Person\",\"@id\":\"https:\/\/www.dabusarquitetura.com.br\/blog\/#\/schema\/person\/978b78d74759412a1cd43634996237c4\",\"name\":\"heloisa.dabus\",\"image\":{\"@type\":\"ImageObject\",\"inLanguage\":\"pt-BR\",\"@id\":\"https:\/\/www.dabusarquitetura.com.br\/blog\/#\/schema\/person\/image\/\",\"url\":\"https:\/\/secure.gravatar.com\/avatar\/4078f4f8e54fb70a99a5e9edc642ecb1?s=96&d=mm&r=g\",\"contentUrl\":\"https:\/\/secure.gravatar.com\/avatar\/4078f4f8e54fb70a99a5e9edc642ecb1?s=96&d=mm&r=g\",\"caption\":\"heloisa.dabus\"},\"url\":\"https:\/\/www.dabusarquitetura.com.br\/blog\/author\/heloisa-dabus\/\"}]}<\/script>\n<!-- \/ Yoast SEO plugin. -->","yoast_head_json":{"title":"Adequando a Arquitetura Corporativa \u00e0s caracter\u00edsticas do local da edifica\u00e7\u00e3o - DABUS ARQUITETURA","robots":{"index":"index","follow":"follow","max-snippet":"max-snippet:-1","max-image-preview":"max-image-preview:large","max-video-preview":"max-video-preview:-1"},"canonical":"https:\/\/www.dabusarquitetura.com.br\/blog\/adequando-a-arquitetura-corporativa-as-caracteristicas-do-local-da-edificacao\/","og_locale":"pt_BR","og_type":"article","og_title":"Adequando a Arquitetura Corporativa \u00e0s caracter\u00edsticas do local da edifica\u00e7\u00e3o - DABUS ARQUITETURA","og_description":"Cada empresa, cada neg\u00f3cio possui uma identidade pr\u00f3pria, a qual precisa ser compreendida e bem explorada na Arquitetura Corporativa, a fim de que possa ser [&hellip;]","og_url":"https:\/\/www.dabusarquitetura.com.br\/blog\/adequando-a-arquitetura-corporativa-as-caracteristicas-do-local-da-edificacao\/","og_site_name":"DABUS ARQUITETURA","article_published_time":"2012-03-07T14:17:05+00:00","article_modified_time":"2022-07-26T14:46:44+00:00","og_image":[{"url":"http:\/\/www.smartis.com.br\/wp-content\/uploads\/2012\/03\/Projeto-Cetelem-BGN-Recife-Azul.jpg"}],"author":"heloisa.dabus","twitter_card":"summary_large_image","twitter_misc":{"Escrito por":"heloisa.dabus","Est. tempo de leitura":"1 minuto"},"schema":{"@context":"https:\/\/schema.org","@graph":[{"@type":"WebPage","@id":"https:\/\/www.dabusarquitetura.com.br\/blog\/adequando-a-arquitetura-corporativa-as-caracteristicas-do-local-da-edificacao\/","url":"https:\/\/www.dabusarquitetura.com.br\/blog\/adequando-a-arquitetura-corporativa-as-caracteristicas-do-local-da-edificacao\/","name":"Adequando a Arquitetura Corporativa \u00e0s caracter\u00edsticas do local da edifica\u00e7\u00e3o - DABUS ARQUITETURA","isPartOf":{"@id":"https:\/\/www.dabusarquitetura.com.br\/blog\/#website"},"datePublished":"2012-03-07T14:17:05+00:00","dateModified":"2022-07-26T14:46:44+00:00","author":{"@id":"https:\/\/www.dabusarquitetura.com.br\/blog\/#\/schema\/person\/978b78d74759412a1cd43634996237c4"},"breadcrumb":{"@id":"https:\/\/www.dabusarquitetura.com.br\/blog\/adequando-a-arquitetura-corporativa-as-caracteristicas-do-local-da-edificacao\/#breadcrumb"},"inLanguage":"pt-BR","potentialAction":[{"@type":"ReadAction","target":["https:\/\/www.dabusarquitetura.com.br\/blog\/adequando-a-arquitetura-corporativa-as-caracteristicas-do-local-da-edificacao\/"]}]},{"@type":"BreadcrumbList","@id":"https:\/\/www.dabusarquitetura.com.br\/blog\/adequando-a-arquitetura-corporativa-as-caracteristicas-do-local-da-edificacao\/#breadcrumb","itemListElement":[{"@type":"ListItem","position":1,"name":"In\u00edcio","item":"https:\/\/www.dabusarquitetura.com.br\/blog\/"},{"@type":"ListItem","position":2,"name":"Adequando a Arquitetura Corporativa \u00e0s caracter\u00edsticas do local da edifica\u00e7\u00e3o"}]},{"@type":"WebSite","@id":"https:\/\/www.dabusarquitetura.com.br\/blog\/#website","url":"https:\/\/www.dabusarquitetura.com.br\/blog\/","name":"DABUS ARQUITETURA","description":"Arquitetura Corporativa","potentialAction":[{"@type":"SearchAction","target":{"@type":"EntryPoint","urlTemplate":"https:\/\/www.dabusarquitetura.com.br\/blog\/?s={search_term_string}"},"query-input":"required name=search_term_string"}],"inLanguage":"pt-BR"},{"@type":"Person","@id":"https:\/\/www.dabusarquitetura.com.br\/blog\/#\/schema\/person\/978b78d74759412a1cd43634996237c4","name":"heloisa.dabus","image":{"@type":"ImageObject","inLanguage":"pt-BR","@id":"https:\/\/www.dabusarquitetura.com.br\/blog\/#\/schema\/person\/image\/","url":"https:\/\/secure.gravatar.com\/avatar\/4078f4f8e54fb70a99a5e9edc642ecb1?s=96&d=mm&r=g","contentUrl":"https:\/\/secure.gravatar.com\/avatar\/4078f4f8e54fb70a99a5e9edc642ecb1?s=96&d=mm&r=g","caption":"heloisa.dabus"},"url":"https:\/\/www.dabusarquitetura.com.br\/blog\/author\/heloisa-dabus\/"}]}},"_links":{"self":[{"href":"https:\/\/www.dabusarquitetura.com.br\/blog\/wp-json\/wp\/v2\/posts\/6341"}],"collection":[{"href":"https:\/\/www.dabusarquitetura.com.br\/blog\/wp-json\/wp\/v2\/posts"}],"about":[{"href":"https:\/\/www.dabusarquitetura.com.br\/blog\/wp-json\/wp\/v2\/types\/post"}],"author":[{"embeddable":true,"href":"https:\/\/www.dabusarquitetura.com.br\/blog\/wp-json\/wp\/v2\/users\/3"}],"replies":[{"embeddable":true,"href":"https:\/\/www.dabusarquitetura.com.br\/blog\/wp-json\/wp\/v2\/comments?post=6341"}],"version-history":[{"count":1,"href":"https:\/\/www.dabusarquitetura.com.br\/blog\/wp-json\/wp\/v2\/posts\/6341\/revisions"}],"predecessor-version":[{"id":16246,"href":"https:\/\/www.dabusarquitetura.com.br\/blog\/wp-json\/wp\/v2\/posts\/6341\/revisions\/16246"}],"wp:attachment":[{"href":"https:\/\/www.dabusarquitetura.com.br\/blog\/wp-json\/wp\/v2\/media?parent=6341"}],"wp:term":[{"taxonomy":"category","embeddable":true,"href":"https:\/\/www.dabusarquitetura.com.br\/blog\/wp-json\/wp\/v2\/categories?post=6341"},{"taxonomy":"post_tag","embeddable":true,"href":"https:\/\/www.dabusarquitetura.com.br\/blog\/wp-json\/wp\/v2\/tags?post=6341"}],"curies":[{"name":"wp","href":"https:\/\/api.w.org\/{rel}","templated":true}]}}