{"id":6303,"date":"2012-02-29T14:10:05","date_gmt":"2012-02-29T14:10:05","guid":{"rendered":"http:\/\/www.dabus.com.br\/blog\/?p=6303"},"modified":"2022-07-26T17:46:55","modified_gmt":"2022-07-26T14:46:55","slug":"quando-e-hora-de-reformar-e-otimizar-a-arquitetura-corporativa","status":"publish","type":"post","link":"https:\/\/www.dabusarquitetura.com.br\/blog\/quando-e-hora-de-reformar-e-otimizar-a-arquitetura-corporativa\/","title":{"rendered":"Quando \u00e9 hora de reformar e otimizar a Arquitetura Corporativa"},"content":{"rendered":"<p>A apar\u00eancia e os recursos dispon\u00edveis j\u00e1 n\u00e3o os mesmos. As paredes e revestimentos apresentam <strong>s\u00e9rias marcas e rachaduras profundas.<\/strong> O <strong><em>layout<\/em> das esta\u00e7\u00f5es de trabalho est\u00e1 defasado <\/strong>e a <strong>estrutura n\u00e3o oferece mais as condi\u00e7\u00f5es<\/strong> para que os colaboradores desempenhem suas fun\u00e7\u00f5es com<strong> produtividade e conforto.<\/strong><\/p>\n<h2>J\u00e1 pensou em fazer uma reforma na sua empresa?<\/h2>\n<p><img decoding=\"async\" loading=\"lazy\" class=\"size-full wp-image-15878 aligncenter\" title=\"Reforma Arquitetura Corporativa\" src=\"http:\/\/www.smartis.com.br\/wp-content\/uploads\/2012\/02\/Reforma-Arquitetura-Corporativa.jpg\" alt=\"\" width=\"377\" height=\"250\"><\/p>\n<p>Os motivos que podem apontar para a necessidade da reforma na&nbsp;<strong><strong><strong><strong><a title=\"Saiba Mais!\" href=\"..\/..\/site\/arquitetura-corporativa\" target=\"_blank\" rel=\"noopener noreferrer\">Arquitetura Corporativa<\/a><\/strong><\/strong><\/strong><\/strong> s\u00e3o diversos. Cada companhia tem seus pr\u00f3prios problemas, limites e potencialidades. \u00c9 verdade que <strong>alguns deles podem ser mais dif\u00edceis de identificar,<\/strong> mas \u00e9 fundamental estar sempre atento ao comportamento e \u00e0s queixas da equipe, pois <strong>elas podem estar sendo geradas justamente por problemas estruturais.<\/strong><\/p>\n<p>Reflexos, como perda de produtividade, devem ser checados de perto. A <strong>orienta\u00e7\u00e3o equivocada de janelas e portas,<\/strong> por exemplo, pode resultar em uma<strong> superexposi\u00e7\u00e3o \u00e0 ilumina\u00e7\u00e3o,<\/strong> que assim desregulada acaba gerando <strong>dor de cabe\u00e7a e outros malef\u00edcios relacionados \u00e0 vis\u00e3o. <\/strong>Al\u00e9m de prejudicar a sa\u00fade, principalmente daqueles que trabalham em frente a telas de computador, fatores como esses geram <strong>indisposi\u00e7\u00e3o, que por sua vez responde pela queda no desempenho.<\/strong><\/p>\n<p>Sim, processos de reforma, seja ela parcial ou total, n\u00e3o s\u00e3o t\u00e3o simples quando o <strong>funcionamento da empresa n\u00e3o pode parar.<\/strong> Mas h\u00e1 alternativas para que as duas coisas mantenha um bom andamento.<\/p>\n<p>No caso da <strong>reforma parcial<\/strong> o <strong>isolamento por etapas das \u00e1reas a serem trabalhadas<\/strong>, assim como a<strong> prote\u00e7\u00e3o adequada de arquivos,<\/strong> com pastas e lonas, por exemplo, podem ajudar. O interessante \u00e9<strong> comunicar a equipe do que ir\u00e1 acontecer, solicitando sua colabora\u00e7\u00e3o<\/strong> e at\u00e9 mesmo ideias para que tudo seja mantido sob controle. J\u00e1 no caso da <strong>reforma total<\/strong> n\u00e3o h\u00e1 muito o que fazer, a n\u00e3o ser<strong> realocar a equipe em outras salas ou pr\u00e9dio.<\/strong> At\u00e9 certa altura pode ser poss\u00edvel mant\u00ea-la em sua esta\u00e7\u00e3o de trabalho, mas, em geral, chega uma hora em que \u00e9 necess\u00e1rio<strong> deixar a obra correr sem interfer\u00eancias.<\/strong><\/p>\n<p>Por isso, o <strong>projeto de reforma da Arquitetura Corporativa<\/strong> deve ser muito bem planejado, buscando atender da melhor maneira poss\u00edvel as necessidades da empresa, <strong>sem prejudicar sua demanda.<\/strong><\/p>\n<p>Experiente nesse tipo de opera\u00e7\u00e3o, a <strong><strong><a title=\"Quem Somos\" href=\"..\/..\/quem-somos\/\" target=\"_self\" rel=\"noopener noreferrer\">DABUS ARQUITETURA<\/a><\/strong><\/strong> conta com uma <strong>equipe din\u00e2mica que atua de forma multidisciplinar<\/strong> para garantir um <strong>andamento produtivo do seu projeto<\/strong> e <strong>assegurar solu\u00e7\u00f5es capazes de gerar resultados duradouros para os seus neg\u00f3cios.<\/strong><\/p>\n<p><strong><strong><a title=\"Clique aqui!\" href=\"..\/fale-conosco\/\" target=\"_self\" rel=\"noopener noreferrer\">Entre em contato<\/a><\/strong><\/strong> conosco, <strong>saiba mais sobre a nossa <em>expertise<\/em><\/strong> e como podemos te atender!<\/p>\n","protected":false},"excerpt":{"rendered":"<p>A apar\u00eancia e os recursos dispon\u00edveis j\u00e1 n\u00e3o os mesmos. As paredes e revestimentos apresentam s\u00e9rias marcas e rachaduras profundas. O layout das esta\u00e7\u00f5es de [&hellip;]<\/p>\n","protected":false},"author":3,"featured_media":0,"comment_status":"open","ping_status":"open","sticky":false,"template":"","format":"standard","meta":[],"categories":[7,49,12],"tags":[],"yoast_head":"<!-- This site is optimized with the Yoast SEO plugin v20.8 - https:\/\/yoast.com\/wordpress\/plugins\/seo\/ -->\n<title>Quando \u00e9 hora de reformar e otimizar a Arquitetura Corporativa - DABUS ARQUITETURA<\/title>\n<meta name=\"robots\" content=\"index, follow, max-snippet:-1, max-image-preview:large, max-video-preview:-1\" \/>\n<link rel=\"canonical\" href=\"https:\/\/www.dabusarquitetura.com.br\/blog\/quando-e-hora-de-reformar-e-otimizar-a-arquitetura-corporativa\/\" \/>\n<meta property=\"og:locale\" content=\"pt_BR\" \/>\n<meta property=\"og:type\" content=\"article\" \/>\n<meta property=\"og:title\" content=\"Quando \u00e9 hora de reformar e otimizar a Arquitetura Corporativa - DABUS ARQUITETURA\" \/>\n<meta property=\"og:description\" content=\"A apar\u00eancia e os recursos dispon\u00edveis j\u00e1 n\u00e3o os mesmos. As paredes e revestimentos apresentam s\u00e9rias marcas e rachaduras profundas. O layout das esta\u00e7\u00f5es de [&hellip;]\" \/>\n<meta property=\"og:url\" content=\"https:\/\/www.dabusarquitetura.com.br\/blog\/quando-e-hora-de-reformar-e-otimizar-a-arquitetura-corporativa\/\" \/>\n<meta property=\"og:site_name\" content=\"DABUS ARQUITETURA\" \/>\n<meta property=\"article:published_time\" content=\"2012-02-29T14:10:05+00:00\" \/>\n<meta property=\"article:modified_time\" content=\"2022-07-26T14:46:55+00:00\" \/>\n<meta property=\"og:image\" content=\"http:\/\/www.smartis.com.br\/wp-content\/uploads\/2012\/02\/Reforma-Arquitetura-Corporativa.jpg\" \/>\n<meta name=\"author\" content=\"heloisa.dabus\" \/>\n<meta name=\"twitter:card\" content=\"summary_large_image\" \/>\n<meta name=\"twitter:label1\" content=\"Escrito por\" \/>\n\t<meta name=\"twitter:data1\" content=\"heloisa.dabus\" \/>\n\t<meta name=\"twitter:label2\" content=\"Est. tempo de leitura\" \/>\n\t<meta name=\"twitter:data2\" content=\"2 minutos\" \/>\n<script type=\"application\/ld+json\" class=\"yoast-schema-graph\">{\"@context\":\"https:\/\/schema.org\",\"@graph\":[{\"@type\":\"WebPage\",\"@id\":\"https:\/\/www.dabusarquitetura.com.br\/blog\/quando-e-hora-de-reformar-e-otimizar-a-arquitetura-corporativa\/\",\"url\":\"https:\/\/www.dabusarquitetura.com.br\/blog\/quando-e-hora-de-reformar-e-otimizar-a-arquitetura-corporativa\/\",\"name\":\"Quando \u00e9 hora de reformar e otimizar a Arquitetura Corporativa - DABUS ARQUITETURA\",\"isPartOf\":{\"@id\":\"https:\/\/www.dabusarquitetura.com.br\/blog\/#website\"},\"datePublished\":\"2012-02-29T14:10:05+00:00\",\"dateModified\":\"2022-07-26T14:46:55+00:00\",\"author\":{\"@id\":\"https:\/\/www.dabusarquitetura.com.br\/blog\/#\/schema\/person\/978b78d74759412a1cd43634996237c4\"},\"breadcrumb\":{\"@id\":\"https:\/\/www.dabusarquitetura.com.br\/blog\/quando-e-hora-de-reformar-e-otimizar-a-arquitetura-corporativa\/#breadcrumb\"},\"inLanguage\":\"pt-BR\",\"potentialAction\":[{\"@type\":\"ReadAction\",\"target\":[\"https:\/\/www.dabusarquitetura.com.br\/blog\/quando-e-hora-de-reformar-e-otimizar-a-arquitetura-corporativa\/\"]}]},{\"@type\":\"BreadcrumbList\",\"@id\":\"https:\/\/www.dabusarquitetura.com.br\/blog\/quando-e-hora-de-reformar-e-otimizar-a-arquitetura-corporativa\/#breadcrumb\",\"itemListElement\":[{\"@type\":\"ListItem\",\"position\":1,\"name\":\"In\u00edcio\",\"item\":\"https:\/\/www.dabusarquitetura.com.br\/blog\/\"},{\"@type\":\"ListItem\",\"position\":2,\"name\":\"Quando \u00e9 hora de reformar e otimizar a Arquitetura Corporativa\"}]},{\"@type\":\"WebSite\",\"@id\":\"https:\/\/www.dabusarquitetura.com.br\/blog\/#website\",\"url\":\"https:\/\/www.dabusarquitetura.com.br\/blog\/\",\"name\":\"DABUS ARQUITETURA\",\"description\":\"Arquitetura Corporativa\",\"potentialAction\":[{\"@type\":\"SearchAction\",\"target\":{\"@type\":\"EntryPoint\",\"urlTemplate\":\"https:\/\/www.dabusarquitetura.com.br\/blog\/?s={search_term_string}\"},\"query-input\":\"required name=search_term_string\"}],\"inLanguage\":\"pt-BR\"},{\"@type\":\"Person\",\"@id\":\"https:\/\/www.dabusarquitetura.com.br\/blog\/#\/schema\/person\/978b78d74759412a1cd43634996237c4\",\"name\":\"heloisa.dabus\",\"image\":{\"@type\":\"ImageObject\",\"inLanguage\":\"pt-BR\",\"@id\":\"https:\/\/www.dabusarquitetura.com.br\/blog\/#\/schema\/person\/image\/\",\"url\":\"https:\/\/secure.gravatar.com\/avatar\/4078f4f8e54fb70a99a5e9edc642ecb1?s=96&d=mm&r=g\",\"contentUrl\":\"https:\/\/secure.gravatar.com\/avatar\/4078f4f8e54fb70a99a5e9edc642ecb1?s=96&d=mm&r=g\",\"caption\":\"heloisa.dabus\"},\"url\":\"https:\/\/www.dabusarquitetura.com.br\/blog\/author\/heloisa-dabus\/\"}]}<\/script>\n<!-- \/ Yoast SEO plugin. -->","yoast_head_json":{"title":"Quando \u00e9 hora de reformar e otimizar a Arquitetura Corporativa - DABUS ARQUITETURA","robots":{"index":"index","follow":"follow","max-snippet":"max-snippet:-1","max-image-preview":"max-image-preview:large","max-video-preview":"max-video-preview:-1"},"canonical":"https:\/\/www.dabusarquitetura.com.br\/blog\/quando-e-hora-de-reformar-e-otimizar-a-arquitetura-corporativa\/","og_locale":"pt_BR","og_type":"article","og_title":"Quando \u00e9 hora de reformar e otimizar a Arquitetura Corporativa - DABUS ARQUITETURA","og_description":"A apar\u00eancia e os recursos dispon\u00edveis j\u00e1 n\u00e3o os mesmos. As paredes e revestimentos apresentam s\u00e9rias marcas e rachaduras profundas. O layout das esta\u00e7\u00f5es de [&hellip;]","og_url":"https:\/\/www.dabusarquitetura.com.br\/blog\/quando-e-hora-de-reformar-e-otimizar-a-arquitetura-corporativa\/","og_site_name":"DABUS ARQUITETURA","article_published_time":"2012-02-29T14:10:05+00:00","article_modified_time":"2022-07-26T14:46:55+00:00","og_image":[{"url":"http:\/\/www.smartis.com.br\/wp-content\/uploads\/2012\/02\/Reforma-Arquitetura-Corporativa.jpg"}],"author":"heloisa.dabus","twitter_card":"summary_large_image","twitter_misc":{"Escrito por":"heloisa.dabus","Est. tempo de leitura":"2 minutos"},"schema":{"@context":"https:\/\/schema.org","@graph":[{"@type":"WebPage","@id":"https:\/\/www.dabusarquitetura.com.br\/blog\/quando-e-hora-de-reformar-e-otimizar-a-arquitetura-corporativa\/","url":"https:\/\/www.dabusarquitetura.com.br\/blog\/quando-e-hora-de-reformar-e-otimizar-a-arquitetura-corporativa\/","name":"Quando \u00e9 hora de reformar e otimizar a Arquitetura Corporativa - DABUS ARQUITETURA","isPartOf":{"@id":"https:\/\/www.dabusarquitetura.com.br\/blog\/#website"},"datePublished":"2012-02-29T14:10:05+00:00","dateModified":"2022-07-26T14:46:55+00:00","author":{"@id":"https:\/\/www.dabusarquitetura.com.br\/blog\/#\/schema\/person\/978b78d74759412a1cd43634996237c4"},"breadcrumb":{"@id":"https:\/\/www.dabusarquitetura.com.br\/blog\/quando-e-hora-de-reformar-e-otimizar-a-arquitetura-corporativa\/#breadcrumb"},"inLanguage":"pt-BR","potentialAction":[{"@type":"ReadAction","target":["https:\/\/www.dabusarquitetura.com.br\/blog\/quando-e-hora-de-reformar-e-otimizar-a-arquitetura-corporativa\/"]}]},{"@type":"BreadcrumbList","@id":"https:\/\/www.dabusarquitetura.com.br\/blog\/quando-e-hora-de-reformar-e-otimizar-a-arquitetura-corporativa\/#breadcrumb","itemListElement":[{"@type":"ListItem","position":1,"name":"In\u00edcio","item":"https:\/\/www.dabusarquitetura.com.br\/blog\/"},{"@type":"ListItem","position":2,"name":"Quando \u00e9 hora de reformar e otimizar a Arquitetura Corporativa"}]},{"@type":"WebSite","@id":"https:\/\/www.dabusarquitetura.com.br\/blog\/#website","url":"https:\/\/www.dabusarquitetura.com.br\/blog\/","name":"DABUS ARQUITETURA","description":"Arquitetura Corporativa","potentialAction":[{"@type":"SearchAction","target":{"@type":"EntryPoint","urlTemplate":"https:\/\/www.dabusarquitetura.com.br\/blog\/?s={search_term_string}"},"query-input":"required name=search_term_string"}],"inLanguage":"pt-BR"},{"@type":"Person","@id":"https:\/\/www.dabusarquitetura.com.br\/blog\/#\/schema\/person\/978b78d74759412a1cd43634996237c4","name":"heloisa.dabus","image":{"@type":"ImageObject","inLanguage":"pt-BR","@id":"https:\/\/www.dabusarquitetura.com.br\/blog\/#\/schema\/person\/image\/","url":"https:\/\/secure.gravatar.com\/avatar\/4078f4f8e54fb70a99a5e9edc642ecb1?s=96&d=mm&r=g","contentUrl":"https:\/\/secure.gravatar.com\/avatar\/4078f4f8e54fb70a99a5e9edc642ecb1?s=96&d=mm&r=g","caption":"heloisa.dabus"},"url":"https:\/\/www.dabusarquitetura.com.br\/blog\/author\/heloisa-dabus\/"}]}},"_links":{"self":[{"href":"https:\/\/www.dabusarquitetura.com.br\/blog\/wp-json\/wp\/v2\/posts\/6303"}],"collection":[{"href":"https:\/\/www.dabusarquitetura.com.br\/blog\/wp-json\/wp\/v2\/posts"}],"about":[{"href":"https:\/\/www.dabusarquitetura.com.br\/blog\/wp-json\/wp\/v2\/types\/post"}],"author":[{"embeddable":true,"href":"https:\/\/www.dabusarquitetura.com.br\/blog\/wp-json\/wp\/v2\/users\/3"}],"replies":[{"embeddable":true,"href":"https:\/\/www.dabusarquitetura.com.br\/blog\/wp-json\/wp\/v2\/comments?post=6303"}],"version-history":[{"count":1,"href":"https:\/\/www.dabusarquitetura.com.br\/blog\/wp-json\/wp\/v2\/posts\/6303\/revisions"}],"predecessor-version":[{"id":16247,"href":"https:\/\/www.dabusarquitetura.com.br\/blog\/wp-json\/wp\/v2\/posts\/6303\/revisions\/16247"}],"wp:attachment":[{"href":"https:\/\/www.dabusarquitetura.com.br\/blog\/wp-json\/wp\/v2\/media?parent=6303"}],"wp:term":[{"taxonomy":"category","embeddable":true,"href":"https:\/\/www.dabusarquitetura.com.br\/blog\/wp-json\/wp\/v2\/categories?post=6303"},{"taxonomy":"post_tag","embeddable":true,"href":"https:\/\/www.dabusarquitetura.com.br\/blog\/wp-json\/wp\/v2\/tags?post=6303"}],"curies":[{"name":"wp","href":"https:\/\/api.w.org\/{rel}","templated":true}]}}