{"id":6151,"date":"2012-02-08T13:20:22","date_gmt":"2012-02-08T13:20:22","guid":{"rendered":"http:\/\/www.dabus.com.br\/blog\/?p=6151"},"modified":"2022-07-26T17:47:20","modified_gmt":"2022-07-26T14:47:20","slug":"tornando-o-ambiente-de-trabalho-mais-pratico-com-os-elementos-certos-da-arquitetura-corporativa","status":"publish","type":"post","link":"https:\/\/www.dabusarquitetura.com.br\/blog\/tornando-o-ambiente-de-trabalho-mais-pratico-com-os-elementos-certos-da-arquitetura-corporativa\/","title":{"rendered":"Tornando o ambiente de trabalho mais pr\u00e1tico com os elementos certos da Arquitetura Corporativa"},"content":{"rendered":"<p><strong>Economizar tempo e gerar maior produtividade<\/strong> s\u00e3o objetivos comuns a todas as empresas, n\u00e3o \u00e9 mesmo? Mas para colher melhores resultados, \u00e9 primordial cuidar de seu ambiente de trabalho, visando entregar todos os <strong>elementos e recursos necess\u00e1rios para que os colaboradores ganhem praticidade<\/strong> em suas atividades. Um computador defasado, por exemplo, pode trazer muitos preju\u00edzos por seu<strong> processamento lento e outras limita\u00e7\u00f5es<\/strong> que acabam gerando <strong>um esfor\u00e7o e um desgaste maior<\/strong> por parte do usu\u00e1rio.<\/p>\n<p>Por isso, \u00e9 preciso estar atento! Oferecer um<strong> espa\u00e7o funcional e pr\u00e1tico<\/strong> resulta n\u00e3o apenas no melhor aproveitamento do tempo, como tamb\u00e9m alimenta a <strong>satisfa\u00e7\u00e3o dos funcion\u00e1rios,<\/strong> que motivados por esses fatores respondem com uma <strong>produtividade superior.<\/strong><\/p>\n<p><strong><\/strong>A seguir voc\u00ea pode conferir alguns elementos da <strong><strong><a title=\"Saiba Mais!\" href=\"..\/..\/site\/arquitetura-corporativa\" target=\"_blank\" rel=\"noopener noreferrer\">Arquitetura Corporativa<\/a><\/strong><\/strong>, fundamentais para entregar <strong>maior praticidade em sua empresa<\/strong>:<\/p>\n<ul>\n<li><strong>&#8211; Tecnologia adequada:<\/strong> Esse fator precisa estar presente n\u00e3o s\u00f3 em equipamentos eletroeletr\u00f4nicos, mas tamb\u00e9m em<strong> materiais, mobili\u00e1rio e sistemas de seguran\u00e7a,<\/strong> que, da mesma forma, precisam ser atuais para entregar um funcionamento eficiente e para facilitar seu uso e gest\u00e3o;<\/li>\n<\/ul>\n<ul>\n<li><strong>&#8211; Integra\u00e7\u00e3o de espa\u00e7os:<\/strong> <em>Open spaces<\/em> s\u00e3o excelentes para o<strong> trabalho colaborativo,<\/strong> cada vez mais valorizado nos dias de hoje. Al\u00e9m de possibilitarem solu\u00e7\u00f5es nascidas em grupo, eles<strong> tornam a<\/strong> <strong>comunica\u00e7\u00e3o mais fluida e, por tanto, mais pr\u00e1tica.<\/strong> Nos casos em que sejam necess\u00e1rios algum tipo de divis\u00e3o, podem ser aproveitados <strong>os biombos, os pain\u00e9is e at\u00e9 mesmo as divis\u00f3rias piso-teto de vidro,<\/strong> que s\u00e3o elementos que n\u00e3o ir\u00e3o comprometer essa comunica\u00e7\u00e3o facilitada;<\/li>\n<\/ul>\n<p><a title=\"Saiba mais!\" href=\"http:\/\/www.dabusarquitetura.com.br\/site\/arquitetura-corporativa\/projeto-yazigi-travel-ii.html\" target=\"_blank\" rel=\"noopener noreferrer\"><img decoding=\"async\" loading=\"lazy\" class=\" wp-image-15606 aligncenter\" title=\"Dabus Arquitetura - Projeto Corporativo Y\u00e1zigi Travel\" src=\"http:\/\/www.smartis.com.br\/wp-content\/uploads\/2012\/02\/Dabus-Arquitetura-Projeto-Corporativo-Y\u00e1zigi-Travel.jpg\" alt=\"\" width=\"459\" height=\"287\"><\/a><\/p>\n<ul>\n<li><strong>&#8211; Sistemas de arquivamento:<\/strong> A organiza\u00e7\u00e3o \u00e9 um fator de vital import\u00e2ncia para a praticidade. Al\u00e9m de ter a sistem\u00e1tica e os crit\u00e9rios adequados para guardar os arquivos, \u00e9 necess\u00e1rio contar com os equipamentos capazes de facilitar seu acesso no dia a dia. Os<strong> Arquivos Deslizantes<\/strong> s\u00e3o uma excelente op\u00e7\u00e3o, pois permitem <strong>centralizar o arquivamento<\/strong> de modo extremamente organizado e acess\u00edvel;<\/li>\n<\/ul>\n<ul>\n<li><strong>&#8211; Mesas <\/strong><strong>e cadeiras ajust\u00e1veis:<\/strong> Assentos e apoios desconfort\u00e1veis geram <strong>malef\u00edcios \u00e0 sa\u00fade e tamb\u00e9m perda de produtividade.<\/strong> Cada colaborador tem as suas <strong>necessidades ergon\u00f4micas,<\/strong> por isso \u00e9 fundamental disponibilizar um mobili\u00e1rio que possa ser ajust\u00e1vel\/regul\u00e1vel, principalmente as mesas e cadeiras;<\/li>\n<\/ul>\n<ul>\n<li><strong>&#8211; Acessos facilitados:<\/strong> As esta\u00e7\u00f5es de trabalho precisam estar alocadas em espa\u00e7os estrat\u00e9gicos, que tenham acesso facilitado a outros locais da empresa, principalmente aos banheiros, cozinha e \u00e1reas de conviv\u00eancia.<\/li>\n<\/ul>\n<p>D\u00ea uma aten\u00e7\u00e3o especial ao seu ambiente de trabalho. Talvez ele n\u00e3o esteja respondendo \u00e0s expectativas porque ele \u00e9 <strong>pouco funcional&#8230; <\/strong>Busque identificar os erros e conte com a<strong> <strong><a title=\"Quem Somos\" href=\"..\/..\/quem-somos\/\" target=\"_self\" rel=\"noopener noreferrer\">DABUS ARQUITETURA<\/a> <\/strong> <\/strong>para fazer um estudo completo em dire\u00e7\u00e3o a um projeto de<strong> Arquitetura Corporativa <\/strong>realmente eficiente<strong>.<br \/>\n<\/strong><\/p>\n","protected":false},"excerpt":{"rendered":"<p>Economizar tempo e gerar maior produtividade s\u00e3o objetivos comuns a todas as empresas, n\u00e3o \u00e9 mesmo? Mas para colher melhores resultados, \u00e9 primordial cuidar de [&hellip;]<\/p>\n","protected":false},"author":3,"featured_media":0,"comment_status":"open","ping_status":"open","sticky":false,"template":"","format":"standard","meta":[],"categories":[7,49,12],"tags":[],"yoast_head":"<!-- This site is optimized with the Yoast SEO plugin v20.8 - https:\/\/yoast.com\/wordpress\/plugins\/seo\/ -->\n<title>Tornando o ambiente de trabalho mais pr\u00e1tico com os elementos certos da Arquitetura Corporativa - DABUS ARQUITETURA<\/title>\n<meta name=\"robots\" content=\"index, follow, max-snippet:-1, max-image-preview:large, max-video-preview:-1\" \/>\n<link rel=\"canonical\" href=\"https:\/\/www.dabusarquitetura.com.br\/blog\/tornando-o-ambiente-de-trabalho-mais-pratico-com-os-elementos-certos-da-arquitetura-corporativa\/\" \/>\n<meta property=\"og:locale\" content=\"pt_BR\" \/>\n<meta property=\"og:type\" content=\"article\" \/>\n<meta property=\"og:title\" content=\"Tornando o ambiente de trabalho mais pr\u00e1tico com os elementos certos da Arquitetura Corporativa - DABUS ARQUITETURA\" \/>\n<meta property=\"og:description\" content=\"Economizar tempo e gerar maior produtividade s\u00e3o objetivos comuns a todas as empresas, n\u00e3o \u00e9 mesmo? Mas para colher melhores resultados, \u00e9 primordial cuidar de [&hellip;]\" \/>\n<meta property=\"og:url\" content=\"https:\/\/www.dabusarquitetura.com.br\/blog\/tornando-o-ambiente-de-trabalho-mais-pratico-com-os-elementos-certos-da-arquitetura-corporativa\/\" \/>\n<meta property=\"og:site_name\" content=\"DABUS ARQUITETURA\" \/>\n<meta property=\"article:published_time\" content=\"2012-02-08T13:20:22+00:00\" \/>\n<meta property=\"article:modified_time\" content=\"2022-07-26T14:47:20+00:00\" \/>\n<meta name=\"author\" content=\"heloisa.dabus\" \/>\n<meta name=\"twitter:card\" content=\"summary_large_image\" \/>\n<meta name=\"twitter:label1\" content=\"Escrito por\" \/>\n\t<meta name=\"twitter:data1\" content=\"heloisa.dabus\" \/>\n\t<meta name=\"twitter:label2\" content=\"Est. tempo de leitura\" \/>\n\t<meta name=\"twitter:data2\" content=\"2 minutos\" \/>\n<script type=\"application\/ld+json\" class=\"yoast-schema-graph\">{\"@context\":\"https:\/\/schema.org\",\"@graph\":[{\"@type\":\"WebPage\",\"@id\":\"https:\/\/www.dabusarquitetura.com.br\/blog\/tornando-o-ambiente-de-trabalho-mais-pratico-com-os-elementos-certos-da-arquitetura-corporativa\/\",\"url\":\"https:\/\/www.dabusarquitetura.com.br\/blog\/tornando-o-ambiente-de-trabalho-mais-pratico-com-os-elementos-certos-da-arquitetura-corporativa\/\",\"name\":\"Tornando o ambiente de trabalho mais pr\u00e1tico com os elementos certos da Arquitetura Corporativa - DABUS ARQUITETURA\",\"isPartOf\":{\"@id\":\"https:\/\/www.dabusarquitetura.com.br\/blog\/#website\"},\"datePublished\":\"2012-02-08T13:20:22+00:00\",\"dateModified\":\"2022-07-26T14:47:20+00:00\",\"author\":{\"@id\":\"https:\/\/www.dabusarquitetura.com.br\/blog\/#\/schema\/person\/978b78d74759412a1cd43634996237c4\"},\"breadcrumb\":{\"@id\":\"https:\/\/www.dabusarquitetura.com.br\/blog\/tornando-o-ambiente-de-trabalho-mais-pratico-com-os-elementos-certos-da-arquitetura-corporativa\/#breadcrumb\"},\"inLanguage\":\"pt-BR\",\"potentialAction\":[{\"@type\":\"ReadAction\",\"target\":[\"https:\/\/www.dabusarquitetura.com.br\/blog\/tornando-o-ambiente-de-trabalho-mais-pratico-com-os-elementos-certos-da-arquitetura-corporativa\/\"]}]},{\"@type\":\"BreadcrumbList\",\"@id\":\"https:\/\/www.dabusarquitetura.com.br\/blog\/tornando-o-ambiente-de-trabalho-mais-pratico-com-os-elementos-certos-da-arquitetura-corporativa\/#breadcrumb\",\"itemListElement\":[{\"@type\":\"ListItem\",\"position\":1,\"name\":\"In\u00edcio\",\"item\":\"https:\/\/www.dabusarquitetura.com.br\/blog\/\"},{\"@type\":\"ListItem\",\"position\":2,\"name\":\"Tornando o ambiente de trabalho mais pr\u00e1tico com os elementos certos da Arquitetura Corporativa\"}]},{\"@type\":\"WebSite\",\"@id\":\"https:\/\/www.dabusarquitetura.com.br\/blog\/#website\",\"url\":\"https:\/\/www.dabusarquitetura.com.br\/blog\/\",\"name\":\"DABUS ARQUITETURA\",\"description\":\"Arquitetura Corporativa\",\"potentialAction\":[{\"@type\":\"SearchAction\",\"target\":{\"@type\":\"EntryPoint\",\"urlTemplate\":\"https:\/\/www.dabusarquitetura.com.br\/blog\/?s={search_term_string}\"},\"query-input\":\"required name=search_term_string\"}],\"inLanguage\":\"pt-BR\"},{\"@type\":\"Person\",\"@id\":\"https:\/\/www.dabusarquitetura.com.br\/blog\/#\/schema\/person\/978b78d74759412a1cd43634996237c4\",\"name\":\"heloisa.dabus\",\"image\":{\"@type\":\"ImageObject\",\"inLanguage\":\"pt-BR\",\"@id\":\"https:\/\/www.dabusarquitetura.com.br\/blog\/#\/schema\/person\/image\/\",\"url\":\"https:\/\/secure.gravatar.com\/avatar\/4078f4f8e54fb70a99a5e9edc642ecb1?s=96&d=mm&r=g\",\"contentUrl\":\"https:\/\/secure.gravatar.com\/avatar\/4078f4f8e54fb70a99a5e9edc642ecb1?s=96&d=mm&r=g\",\"caption\":\"heloisa.dabus\"},\"url\":\"https:\/\/www.dabusarquitetura.com.br\/blog\/author\/heloisa-dabus\/\"}]}<\/script>\n<!-- \/ Yoast SEO plugin. -->","yoast_head_json":{"title":"Tornando o ambiente de trabalho mais pr\u00e1tico com os elementos certos da Arquitetura Corporativa - DABUS ARQUITETURA","robots":{"index":"index","follow":"follow","max-snippet":"max-snippet:-1","max-image-preview":"max-image-preview:large","max-video-preview":"max-video-preview:-1"},"canonical":"https:\/\/www.dabusarquitetura.com.br\/blog\/tornando-o-ambiente-de-trabalho-mais-pratico-com-os-elementos-certos-da-arquitetura-corporativa\/","og_locale":"pt_BR","og_type":"article","og_title":"Tornando o ambiente de trabalho mais pr\u00e1tico com os elementos certos da Arquitetura Corporativa - DABUS ARQUITETURA","og_description":"Economizar tempo e gerar maior produtividade s\u00e3o objetivos comuns a todas as empresas, n\u00e3o \u00e9 mesmo? Mas para colher melhores resultados, \u00e9 primordial cuidar de [&hellip;]","og_url":"https:\/\/www.dabusarquitetura.com.br\/blog\/tornando-o-ambiente-de-trabalho-mais-pratico-com-os-elementos-certos-da-arquitetura-corporativa\/","og_site_name":"DABUS ARQUITETURA","article_published_time":"2012-02-08T13:20:22+00:00","article_modified_time":"2022-07-26T14:47:20+00:00","author":"heloisa.dabus","twitter_card":"summary_large_image","twitter_misc":{"Escrito por":"heloisa.dabus","Est. tempo de leitura":"2 minutos"},"schema":{"@context":"https:\/\/schema.org","@graph":[{"@type":"WebPage","@id":"https:\/\/www.dabusarquitetura.com.br\/blog\/tornando-o-ambiente-de-trabalho-mais-pratico-com-os-elementos-certos-da-arquitetura-corporativa\/","url":"https:\/\/www.dabusarquitetura.com.br\/blog\/tornando-o-ambiente-de-trabalho-mais-pratico-com-os-elementos-certos-da-arquitetura-corporativa\/","name":"Tornando o ambiente de trabalho mais pr\u00e1tico com os elementos certos da Arquitetura Corporativa - DABUS ARQUITETURA","isPartOf":{"@id":"https:\/\/www.dabusarquitetura.com.br\/blog\/#website"},"datePublished":"2012-02-08T13:20:22+00:00","dateModified":"2022-07-26T14:47:20+00:00","author":{"@id":"https:\/\/www.dabusarquitetura.com.br\/blog\/#\/schema\/person\/978b78d74759412a1cd43634996237c4"},"breadcrumb":{"@id":"https:\/\/www.dabusarquitetura.com.br\/blog\/tornando-o-ambiente-de-trabalho-mais-pratico-com-os-elementos-certos-da-arquitetura-corporativa\/#breadcrumb"},"inLanguage":"pt-BR","potentialAction":[{"@type":"ReadAction","target":["https:\/\/www.dabusarquitetura.com.br\/blog\/tornando-o-ambiente-de-trabalho-mais-pratico-com-os-elementos-certos-da-arquitetura-corporativa\/"]}]},{"@type":"BreadcrumbList","@id":"https:\/\/www.dabusarquitetura.com.br\/blog\/tornando-o-ambiente-de-trabalho-mais-pratico-com-os-elementos-certos-da-arquitetura-corporativa\/#breadcrumb","itemListElement":[{"@type":"ListItem","position":1,"name":"In\u00edcio","item":"https:\/\/www.dabusarquitetura.com.br\/blog\/"},{"@type":"ListItem","position":2,"name":"Tornando o ambiente de trabalho mais pr\u00e1tico com os elementos certos da Arquitetura Corporativa"}]},{"@type":"WebSite","@id":"https:\/\/www.dabusarquitetura.com.br\/blog\/#website","url":"https:\/\/www.dabusarquitetura.com.br\/blog\/","name":"DABUS ARQUITETURA","description":"Arquitetura Corporativa","potentialAction":[{"@type":"SearchAction","target":{"@type":"EntryPoint","urlTemplate":"https:\/\/www.dabusarquitetura.com.br\/blog\/?s={search_term_string}"},"query-input":"required name=search_term_string"}],"inLanguage":"pt-BR"},{"@type":"Person","@id":"https:\/\/www.dabusarquitetura.com.br\/blog\/#\/schema\/person\/978b78d74759412a1cd43634996237c4","name":"heloisa.dabus","image":{"@type":"ImageObject","inLanguage":"pt-BR","@id":"https:\/\/www.dabusarquitetura.com.br\/blog\/#\/schema\/person\/image\/","url":"https:\/\/secure.gravatar.com\/avatar\/4078f4f8e54fb70a99a5e9edc642ecb1?s=96&d=mm&r=g","contentUrl":"https:\/\/secure.gravatar.com\/avatar\/4078f4f8e54fb70a99a5e9edc642ecb1?s=96&d=mm&r=g","caption":"heloisa.dabus"},"url":"https:\/\/www.dabusarquitetura.com.br\/blog\/author\/heloisa-dabus\/"}]}},"_links":{"self":[{"href":"https:\/\/www.dabusarquitetura.com.br\/blog\/wp-json\/wp\/v2\/posts\/6151"}],"collection":[{"href":"https:\/\/www.dabusarquitetura.com.br\/blog\/wp-json\/wp\/v2\/posts"}],"about":[{"href":"https:\/\/www.dabusarquitetura.com.br\/blog\/wp-json\/wp\/v2\/types\/post"}],"author":[{"embeddable":true,"href":"https:\/\/www.dabusarquitetura.com.br\/blog\/wp-json\/wp\/v2\/users\/3"}],"replies":[{"embeddable":true,"href":"https:\/\/www.dabusarquitetura.com.br\/blog\/wp-json\/wp\/v2\/comments?post=6151"}],"version-history":[{"count":1,"href":"https:\/\/www.dabusarquitetura.com.br\/blog\/wp-json\/wp\/v2\/posts\/6151\/revisions"}],"predecessor-version":[{"id":16250,"href":"https:\/\/www.dabusarquitetura.com.br\/blog\/wp-json\/wp\/v2\/posts\/6151\/revisions\/16250"}],"wp:attachment":[{"href":"https:\/\/www.dabusarquitetura.com.br\/blog\/wp-json\/wp\/v2\/media?parent=6151"}],"wp:term":[{"taxonomy":"category","embeddable":true,"href":"https:\/\/www.dabusarquitetura.com.br\/blog\/wp-json\/wp\/v2\/categories?post=6151"},{"taxonomy":"post_tag","embeddable":true,"href":"https:\/\/www.dabusarquitetura.com.br\/blog\/wp-json\/wp\/v2\/tags?post=6151"}],"curies":[{"name":"wp","href":"https:\/\/api.w.org\/{rel}","templated":true}]}}