{"id":6143,"date":"2012-07-25T13:13:33","date_gmt":"2012-07-25T13:13:33","guid":{"rendered":"http:\/\/www.dabus.com.br\/blog\/?p=6143"},"modified":"2012-07-25T13:13:33","modified_gmt":"2012-07-25T13:13:33","slug":"6-ideias-e-possibilidades-para-renovar-a-arquitetura-corporativa","status":"publish","type":"post","link":"https:\/\/www.dabusarquitetura.com.br\/blog\/6-ideias-e-possibilidades-para-renovar-a-arquitetura-corporativa\/","title":{"rendered":"6 ideias e possibilidades para renovar a Arquitetura Corporativa"},"content":{"rendered":"<p>Renovar o ambiente levando<strong> novos elementos e recursos para dentro da empresa<\/strong> \u00e9 uma forma eficiente de (re)<strong> motivar a equipe<\/strong> e de<strong> atualizar determinadas \u00e1reas<\/strong> conforme suas necessidades, evidentemente.<\/p>\n<p>Um <strong>lugar que est\u00e1 sempre do mesmo jeito<\/strong> aos poucos vai gerando um <strong>cansa\u00e7o natural<\/strong> e se tornando <strong>mais e mais desinteressante. <\/strong>Por\u00e9m, na exigente realidade de uma empresa \u00e9 fundamental que<strong> todos estejam dispostos<\/strong> e contem com as condi\u00e7\u00f5es necess\u00e1rias para<strong> produzir melhor a cada dia.<\/strong><\/p>\n<p>Em casos extremos s\u00f3 uma <strong>reforma completa<\/strong> pode devolver ao espa\u00e7o uma<strong> fun\u00e7\u00e3o eficiente<\/strong> e a capacidade de <strong>estimular constantemente seus ocupantes.<\/strong> Mas em outras situa\u00e7\u00f5es, <strong>pequenas melhorias<\/strong> j\u00e1 podem proporcionar uma <strong>renova\u00e7\u00e3o satisfat\u00f3ria.<\/strong><\/p>\n<p><strong>Analise o momento atual<\/strong> e veja qual das possibilidades e sugest\u00f5es a seguir seria a <strong>solu\u00e7\u00e3o mais indicada<\/strong> para atender \u00e0s suas necessidades:<\/p>\n<ul>\n<li><strong>&#8211; Outras cores:<\/strong> Elas s\u00e3o um dos elementos da <strong><strong><strong><strong><strong><strong><strong><a title=\"Saiba Mais!\" href=\"..\/..\/site\/arquitetura-corporativa\" target=\"_blank\">Arquitetura Corporativa<\/a><\/strong><\/strong><\/strong><\/strong><\/strong><\/strong><\/strong> mais not\u00e1veis e, por conseguinte, que<strong> mais influenciam a percep\u00e7\u00e3o de um ambiente.<\/strong> As cores, quando trocadas, logo promovem <strong>novos impactos e sensa\u00e7\u00f5es.<\/strong> E nem \u00e9 preciso uma grande mudan\u00e7a: <strong>pintar apenas uma das paredes<\/strong> ou <strong>adotar alguns detalhes coloridos<\/strong> j\u00e1 \u00e9 capaz de resultar <strong>impress\u00f5es diferenciadas<\/strong>;<\/li>\n<\/ul>\n<p><img decoding=\"async\" loading=\"lazy\" class=\"size-full wp-image-17336 aligncenter\" title=\"Imagem ilustrativa\" src=\"http:\/\/www.smartis.com.br\/wp-content\/uploads\/2012\/07\/novas-cores-escritorio.jpg\" alt=\"\" width=\"450\" height=\"299\" \/><\/p>\n<ul>\n<li><strong><em>&#8211; Design<\/em> ousado para o mobili\u00e1rio:<\/strong> Novos m\u00f3veis com certeza fazem toda diferen\u00e7a. Por\u00e9m, <strong>medidas radicais nem sempre s\u00e3o vi\u00e1veis<\/strong> ou realmente necess\u00e1rias. Ao inv\u00e9s de <strong>remobiliar todo o escrit\u00f3rio<\/strong> \u00e9 poss\u00edvel trocar apenas algumas &#8220;pe\u00e7as-chave&#8221; por <strong>m\u00f3veis que tenham mais presen\u00e7a,<\/strong> ou seja, que fa\u00e7am a diferen\u00e7a por efeito de seu <strong><em>design<\/em> original e ousado<\/strong>;<\/li>\n<\/ul>\n<p><img decoding=\"async\" loading=\"lazy\" class=\"size-full wp-image-17337 aligncenter\" title=\"Imagem ilustrativa\" src=\"http:\/\/www.smartis.com.br\/wp-content\/uploads\/2012\/07\/design-diferenciado-moveis-escritorio.jpg\" alt=\"\" width=\"450\" height=\"299\" \/><\/p>\n<ul>\n<li><strong>&#8211; Nova orienta\u00e7\u00e3o para a ilumina\u00e7\u00e3o:<\/strong> Ilumina\u00e7\u00e3o adequada \u00e9 sin\u00f4nimo de<strong> conforto e sa\u00fade,<\/strong> mas nem por isso ela precisa ser <strong>concebida da mesma forma<\/strong> em todos os ambientes. Como ressaltamos no <strong><em><\/em><\/strong><a title=\"Confira!\" href=\"http:\/\/www.dabus.com.br\/blog\/2012\/07\/a-orientacao-adequada-da-iluminacao-no-projeto-de-arquitetura-corporativa\/\"><strong><em>post<\/em> anterior<\/strong><\/a>, em algumas \u00e1reas espec\u00edficas, como <strong>corredores, copa e recep\u00e7\u00e3o<\/strong> \u00e9 poss\u00edvel, e at\u00e9 indicado, prever <strong>aplica\u00e7\u00f5es diferenciadas,<\/strong> que valorizem determinados elementos e apresentem<strong> efeitos visuais interessantes.<\/strong> Articular melhor e <strong>variar a ilumina\u00e7\u00e3o<\/strong> em certos pontos <strong>otimiza a ambienta\u00e7\u00e3o<\/strong> e contribui para<strong> criar uma atmosfera renovada<\/strong>;<\/li>\n<\/ul>\n<p><img decoding=\"async\" loading=\"lazy\" class=\"size-full wp-image-17338 aligncenter\" title=\"Imagem ilustrativa\" src=\"http:\/\/www.smartis.com.br\/wp-content\/uploads\/2012\/07\/iluminacao-direnciada-na-empresa.jpg\" alt=\"\" width=\"450\" height=\"299\" \/><\/p>\n<ul>\n<li><strong>&#8211; Tecnologia atualizada:<\/strong> Considerando o ritmo e o estilo de vida contempor\u00e2neo, n\u00e3o h\u00e1 nada melhor do que contar com<strong> equipamentos e recursos modernos<\/strong> que agilizem as tarefas do cotidiano e entreguem mais praticidade. Trocar telas CRT (de tubo), impressoras antigas, equipamentos que dependem de fios e outros sistemas defasados pelas<strong> mais novas tecnologias <\/strong>\u00e9 n\u00e3o somente uma quest\u00e3o de<strong> remodela\u00e7\u00e3o das esta\u00e7\u00f5es de trabalho, como tamb\u00e9m uma necessidade<\/strong>;<\/li>\n<\/ul>\n<p><img decoding=\"async\" loading=\"lazy\" class=\"size-full wp-image-17339 aligncenter\" title=\"Imagem ilustrativa\" src=\"http:\/\/www.smartis.com.br\/wp-content\/uploads\/2012\/07\/novas-tecnologias-na-empresa.jpg\" alt=\"\" width=\"450\" height=\"299\" \/><\/p>\n<ul>\n<li><strong>&#8211; Espa\u00e7os de conviv\u00eancia:<\/strong> Criar um ambiente especial para o<strong> descanso e a troca de experi\u00eancias e ideias entre os colaboradores<\/strong> \u00e9 fundamental para fomentar um <strong>clima amig\u00e1vel, agrad\u00e1vel e produtivo<\/strong> dentro da empresa. A disponibiliza\u00e7\u00e3o de uma<strong> sala de conviv\u00eancia<\/strong> traz mudan\u00e7as positivas evidentes e ajuda a organiza\u00e7\u00e3o a se <strong>adequar \u00e0 linguagem corporativa dos novos tempos<\/strong>;<\/li>\n<\/ul>\n<p><img decoding=\"async\" loading=\"lazy\" class=\"size-full wp-image-17340 aligncenter\" title=\"Imagem ilustrativa\" src=\"http:\/\/www.smartis.com.br\/wp-content\/uploads\/2012\/07\/espaco-de-convivencia-na-empresa.jpg\" alt=\"\" width=\"450\" height=\"299\" \/><\/p>\n<ul>\n<li><strong>&#8211; Um p\u00e9 na sustentabilidade:<\/strong> Al\u00e9m de seguir uma tend\u00eancia mundial de <strong>responsabilidade ecol\u00f3gica<\/strong> e de<strong> posicionar com legitimidade a marca<\/strong> nesse sentido, a ado\u00e7\u00e3o de algumas <strong>medidas alternativas e sustent\u00e1veis<\/strong>, como o uso de materiais reciclados, implementa o in\u00edcio de uma<strong> mudan\u00e7a de pensamento e comportamento<\/strong> a qual, consequentemente, produz uma <strong>sinergia muito positiva<\/strong> para os neg\u00f3cios e para a pr\u00f3pria rotina de trabalho.<\/li>\n<\/ul>\n<p><img decoding=\"async\" loading=\"lazy\" class=\"size-full wp-image-17341 aligncenter\" title=\"Imagem ilustrativa\" src=\"http:\/\/www.smartis.com.br\/wp-content\/uploads\/2012\/07\/materiais-reciclados-na-empresa.jpg\" alt=\"\" width=\"450\" height=\"299\" \/><\/p>\n<p><strong>D\u00ea um <em>up<\/em> em sua empresa, atualize a linguagem corporativa e motive sua equipe<\/strong> a partir da renova\u00e7\u00e3o da <strong>Arquitetura Corporativa.<\/strong><\/p>\n<p><strong><strong><strong><strong><strong><a title=\"Clique aqui!\" href=\"..\/fale-conosco\/\" target=\"_self\">Entre em contato<\/a><\/strong><\/strong><\/strong><\/strong> <\/strong>com a<strong> <strong><strong><strong><a title=\"Quem Somos\" href=\"..\/..\/quem-somos\/\" target=\"_self\">DABUS ARQUITETURA<\/a><\/strong><\/strong><\/strong><\/strong>, conte um pouco sobre suas expectativas e necessidades, e deixe que a partir da\u00ed nossa equipe se encarrega de tornar o seu <strong>espa\u00e7o mais atrativo, original e produtivo!<\/strong><\/p>\n","protected":false},"excerpt":{"rendered":"<p>Renovar o ambiente levando novos elementos e recursos para dentro da empresa \u00e9 uma forma eficiente de (re) motivar a equipe e de atualizar determinadas [&hellip;]<\/p>\n","protected":false},"author":3,"featured_media":0,"comment_status":"open","ping_status":"open","sticky":false,"template":"","format":"standard","meta":[],"categories":[7],"tags":[],"yoast_head":"<!-- This site is optimized with the Yoast SEO plugin v20.8 - https:\/\/yoast.com\/wordpress\/plugins\/seo\/ -->\n<title>6 ideias e possibilidades para renovar a Arquitetura Corporativa - DABUS ARQUITETURA<\/title>\n<meta name=\"robots\" content=\"index, follow, max-snippet:-1, max-image-preview:large, max-video-preview:-1\" \/>\n<link rel=\"canonical\" href=\"https:\/\/www.dabusarquitetura.com.br\/blog\/6-ideias-e-possibilidades-para-renovar-a-arquitetura-corporativa\/\" \/>\n<meta property=\"og:locale\" content=\"pt_BR\" \/>\n<meta property=\"og:type\" content=\"article\" \/>\n<meta property=\"og:title\" content=\"6 ideias e possibilidades para renovar a Arquitetura Corporativa - DABUS ARQUITETURA\" \/>\n<meta property=\"og:description\" content=\"Renovar o ambiente levando novos elementos e recursos para dentro da empresa \u00e9 uma forma eficiente de (re) motivar a equipe e de atualizar determinadas [&hellip;]\" \/>\n<meta property=\"og:url\" content=\"https:\/\/www.dabusarquitetura.com.br\/blog\/6-ideias-e-possibilidades-para-renovar-a-arquitetura-corporativa\/\" \/>\n<meta property=\"og:site_name\" content=\"DABUS ARQUITETURA\" \/>\n<meta property=\"article:published_time\" content=\"2012-07-25T13:13:33+00:00\" \/>\n<meta property=\"og:image\" content=\"http:\/\/www.smartis.com.br\/wp-content\/uploads\/2012\/07\/novas-cores-escritorio.jpg\" \/>\n<meta name=\"author\" content=\"heloisa.dabus\" \/>\n<meta name=\"twitter:card\" content=\"summary_large_image\" \/>\n<meta name=\"twitter:label1\" content=\"Escrito por\" \/>\n\t<meta name=\"twitter:data1\" content=\"heloisa.dabus\" \/>\n\t<meta name=\"twitter:label2\" content=\"Est. tempo de leitura\" \/>\n\t<meta name=\"twitter:data2\" content=\"3 minutos\" \/>\n<script type=\"application\/ld+json\" class=\"yoast-schema-graph\">{\"@context\":\"https:\/\/schema.org\",\"@graph\":[{\"@type\":\"WebPage\",\"@id\":\"https:\/\/www.dabusarquitetura.com.br\/blog\/6-ideias-e-possibilidades-para-renovar-a-arquitetura-corporativa\/\",\"url\":\"https:\/\/www.dabusarquitetura.com.br\/blog\/6-ideias-e-possibilidades-para-renovar-a-arquitetura-corporativa\/\",\"name\":\"6 ideias e possibilidades para renovar a Arquitetura Corporativa - DABUS ARQUITETURA\",\"isPartOf\":{\"@id\":\"https:\/\/www.dabusarquitetura.com.br\/blog\/#website\"},\"datePublished\":\"2012-07-25T13:13:33+00:00\",\"dateModified\":\"2012-07-25T13:13:33+00:00\",\"author\":{\"@id\":\"https:\/\/www.dabusarquitetura.com.br\/blog\/#\/schema\/person\/978b78d74759412a1cd43634996237c4\"},\"breadcrumb\":{\"@id\":\"https:\/\/www.dabusarquitetura.com.br\/blog\/6-ideias-e-possibilidades-para-renovar-a-arquitetura-corporativa\/#breadcrumb\"},\"inLanguage\":\"pt-BR\",\"potentialAction\":[{\"@type\":\"ReadAction\",\"target\":[\"https:\/\/www.dabusarquitetura.com.br\/blog\/6-ideias-e-possibilidades-para-renovar-a-arquitetura-corporativa\/\"]}]},{\"@type\":\"BreadcrumbList\",\"@id\":\"https:\/\/www.dabusarquitetura.com.br\/blog\/6-ideias-e-possibilidades-para-renovar-a-arquitetura-corporativa\/#breadcrumb\",\"itemListElement\":[{\"@type\":\"ListItem\",\"position\":1,\"name\":\"In\u00edcio\",\"item\":\"https:\/\/www.dabusarquitetura.com.br\/blog\/\"},{\"@type\":\"ListItem\",\"position\":2,\"name\":\"6 ideias e possibilidades para renovar a Arquitetura Corporativa\"}]},{\"@type\":\"WebSite\",\"@id\":\"https:\/\/www.dabusarquitetura.com.br\/blog\/#website\",\"url\":\"https:\/\/www.dabusarquitetura.com.br\/blog\/\",\"name\":\"DABUS ARQUITETURA\",\"description\":\"Arquitetura Corporativa\",\"potentialAction\":[{\"@type\":\"SearchAction\",\"target\":{\"@type\":\"EntryPoint\",\"urlTemplate\":\"https:\/\/www.dabusarquitetura.com.br\/blog\/?s={search_term_string}\"},\"query-input\":\"required name=search_term_string\"}],\"inLanguage\":\"pt-BR\"},{\"@type\":\"Person\",\"@id\":\"https:\/\/www.dabusarquitetura.com.br\/blog\/#\/schema\/person\/978b78d74759412a1cd43634996237c4\",\"name\":\"heloisa.dabus\",\"image\":{\"@type\":\"ImageObject\",\"inLanguage\":\"pt-BR\",\"@id\":\"https:\/\/www.dabusarquitetura.com.br\/blog\/#\/schema\/person\/image\/\",\"url\":\"https:\/\/secure.gravatar.com\/avatar\/4078f4f8e54fb70a99a5e9edc642ecb1?s=96&d=mm&r=g\",\"contentUrl\":\"https:\/\/secure.gravatar.com\/avatar\/4078f4f8e54fb70a99a5e9edc642ecb1?s=96&d=mm&r=g\",\"caption\":\"heloisa.dabus\"},\"url\":\"https:\/\/www.dabusarquitetura.com.br\/blog\/author\/heloisa-dabus\/\"}]}<\/script>\n<!-- \/ Yoast SEO plugin. -->","yoast_head_json":{"title":"6 ideias e possibilidades para renovar a Arquitetura Corporativa - DABUS ARQUITETURA","robots":{"index":"index","follow":"follow","max-snippet":"max-snippet:-1","max-image-preview":"max-image-preview:large","max-video-preview":"max-video-preview:-1"},"canonical":"https:\/\/www.dabusarquitetura.com.br\/blog\/6-ideias-e-possibilidades-para-renovar-a-arquitetura-corporativa\/","og_locale":"pt_BR","og_type":"article","og_title":"6 ideias e possibilidades para renovar a Arquitetura Corporativa - DABUS ARQUITETURA","og_description":"Renovar o ambiente levando novos elementos e recursos para dentro da empresa \u00e9 uma forma eficiente de (re) motivar a equipe e de atualizar determinadas [&hellip;]","og_url":"https:\/\/www.dabusarquitetura.com.br\/blog\/6-ideias-e-possibilidades-para-renovar-a-arquitetura-corporativa\/","og_site_name":"DABUS ARQUITETURA","article_published_time":"2012-07-25T13:13:33+00:00","og_image":[{"url":"http:\/\/www.smartis.com.br\/wp-content\/uploads\/2012\/07\/novas-cores-escritorio.jpg"}],"author":"heloisa.dabus","twitter_card":"summary_large_image","twitter_misc":{"Escrito por":"heloisa.dabus","Est. tempo de leitura":"3 minutos"},"schema":{"@context":"https:\/\/schema.org","@graph":[{"@type":"WebPage","@id":"https:\/\/www.dabusarquitetura.com.br\/blog\/6-ideias-e-possibilidades-para-renovar-a-arquitetura-corporativa\/","url":"https:\/\/www.dabusarquitetura.com.br\/blog\/6-ideias-e-possibilidades-para-renovar-a-arquitetura-corporativa\/","name":"6 ideias e possibilidades para renovar a Arquitetura Corporativa - DABUS ARQUITETURA","isPartOf":{"@id":"https:\/\/www.dabusarquitetura.com.br\/blog\/#website"},"datePublished":"2012-07-25T13:13:33+00:00","dateModified":"2012-07-25T13:13:33+00:00","author":{"@id":"https:\/\/www.dabusarquitetura.com.br\/blog\/#\/schema\/person\/978b78d74759412a1cd43634996237c4"},"breadcrumb":{"@id":"https:\/\/www.dabusarquitetura.com.br\/blog\/6-ideias-e-possibilidades-para-renovar-a-arquitetura-corporativa\/#breadcrumb"},"inLanguage":"pt-BR","potentialAction":[{"@type":"ReadAction","target":["https:\/\/www.dabusarquitetura.com.br\/blog\/6-ideias-e-possibilidades-para-renovar-a-arquitetura-corporativa\/"]}]},{"@type":"BreadcrumbList","@id":"https:\/\/www.dabusarquitetura.com.br\/blog\/6-ideias-e-possibilidades-para-renovar-a-arquitetura-corporativa\/#breadcrumb","itemListElement":[{"@type":"ListItem","position":1,"name":"In\u00edcio","item":"https:\/\/www.dabusarquitetura.com.br\/blog\/"},{"@type":"ListItem","position":2,"name":"6 ideias e possibilidades para renovar a Arquitetura Corporativa"}]},{"@type":"WebSite","@id":"https:\/\/www.dabusarquitetura.com.br\/blog\/#website","url":"https:\/\/www.dabusarquitetura.com.br\/blog\/","name":"DABUS ARQUITETURA","description":"Arquitetura Corporativa","potentialAction":[{"@type":"SearchAction","target":{"@type":"EntryPoint","urlTemplate":"https:\/\/www.dabusarquitetura.com.br\/blog\/?s={search_term_string}"},"query-input":"required name=search_term_string"}],"inLanguage":"pt-BR"},{"@type":"Person","@id":"https:\/\/www.dabusarquitetura.com.br\/blog\/#\/schema\/person\/978b78d74759412a1cd43634996237c4","name":"heloisa.dabus","image":{"@type":"ImageObject","inLanguage":"pt-BR","@id":"https:\/\/www.dabusarquitetura.com.br\/blog\/#\/schema\/person\/image\/","url":"https:\/\/secure.gravatar.com\/avatar\/4078f4f8e54fb70a99a5e9edc642ecb1?s=96&d=mm&r=g","contentUrl":"https:\/\/secure.gravatar.com\/avatar\/4078f4f8e54fb70a99a5e9edc642ecb1?s=96&d=mm&r=g","caption":"heloisa.dabus"},"url":"https:\/\/www.dabusarquitetura.com.br\/blog\/author\/heloisa-dabus\/"}]}},"_links":{"self":[{"href":"https:\/\/www.dabusarquitetura.com.br\/blog\/wp-json\/wp\/v2\/posts\/6143"}],"collection":[{"href":"https:\/\/www.dabusarquitetura.com.br\/blog\/wp-json\/wp\/v2\/posts"}],"about":[{"href":"https:\/\/www.dabusarquitetura.com.br\/blog\/wp-json\/wp\/v2\/types\/post"}],"author":[{"embeddable":true,"href":"https:\/\/www.dabusarquitetura.com.br\/blog\/wp-json\/wp\/v2\/users\/3"}],"replies":[{"embeddable":true,"href":"https:\/\/www.dabusarquitetura.com.br\/blog\/wp-json\/wp\/v2\/comments?post=6143"}],"version-history":[{"count":0,"href":"https:\/\/www.dabusarquitetura.com.br\/blog\/wp-json\/wp\/v2\/posts\/6143\/revisions"}],"wp:attachment":[{"href":"https:\/\/www.dabusarquitetura.com.br\/blog\/wp-json\/wp\/v2\/media?parent=6143"}],"wp:term":[{"taxonomy":"category","embeddable":true,"href":"https:\/\/www.dabusarquitetura.com.br\/blog\/wp-json\/wp\/v2\/categories?post=6143"},{"taxonomy":"post_tag","embeddable":true,"href":"https:\/\/www.dabusarquitetura.com.br\/blog\/wp-json\/wp\/v2\/tags?post=6143"}],"curies":[{"name":"wp","href":"https:\/\/api.w.org\/{rel}","templated":true}]}}