{"id":5985,"date":"2012-01-25T10:00:39","date_gmt":"2012-01-25T10:00:39","guid":{"rendered":"http:\/\/www.dabus.com.br\/blog\/?p=5985"},"modified":"2022-07-26T17:47:52","modified_gmt":"2022-07-26T14:47:52","slug":"estilos-e-possibilidades-de-ambientacao-na-arquitetura-corporativa","status":"publish","type":"post","link":"https:\/\/www.dabusarquitetura.com.br\/blog\/estilos-e-possibilidades-de-ambientacao-na-arquitetura-corporativa\/","title":{"rendered":"Estilos e possibilidades de ambienta\u00e7\u00e3o na Arquitetura Corporativa"},"content":{"rendered":"<p>Criar ambientes <strong>confort\u00e1veis, harm\u00f4nicos, organizados e, ao mesmo tempo, eficientes para refor\u00e7ar o impacto da marca<\/strong> \u00e9 um dos grandes objetivos da <strong><a title=\"Saiba Mais!\" href=\"..\/..\/site\/arquitetura-corporativa\" target=\"_blank\" rel=\"noopener noreferrer\">Arquitetura Corporativa.<\/a><\/strong><strong><\/strong><\/p>\n<p>Hoje, com as in\u00fameras op\u00e7\u00f5es de materiais, tecnologias e equipamentos se tornou poss\u00edvel criar <strong>ambienta\u00e7\u00f5es cheias de personalidade, <\/strong>que ganham for\u00e7a no mercado por serem<strong> \u00fanicas e atraentes. <\/strong>Essas qualidades devem ser sempre valorizadas em um projeto, sem que, contudo, se sobreponham<strong> \u00e0 funcionalidade e ao conforto, <\/strong>que tamb\u00e9m s\u00e3o indispens\u00e1veis na promo\u00e7\u00e3o de uma <strong>produtividade superior entre os colaboradores.<\/strong><\/p>\n<p><strong>Estar atento \u00e0s tend\u00eancias <\/strong>\u00e9 importante para repensar os par\u00e2metros e para poder se atualizar com bom gosto, lembrando que as <strong>necessidades da empresa e de seus integrantes,<\/strong> <strong>assim como as dos clientes e a identidade da marca <\/strong>s\u00e3o os fatores que precisam<strong> guiar o desenvolvimento do projeto de ambienta\u00e7\u00e3o.<\/strong><\/p>\n<p>As possibilidades s\u00e3o in\u00fameras, mas para te ajudar a pensar um pouco sobre elas, vamos destacar <strong>alguns estilos, <\/strong>como:<\/p>\n<ul>\n<li><strong>&#8211; AMBIENTA\u00c7\u00c3O TRADICIONAL: <\/strong>Nesse caso \u00e9 comum a utiliza\u00e7\u00e3o de <strong>madeira <\/strong>em revestimentos e m\u00f3veis, como mesas e arm\u00e1rios. <strong>Combina\u00e7\u00f5es cl\u00e1ssicas, <\/strong>como branco e preto, tons past\u00e9is, <strong>divis\u00f3rias piso-teto <\/strong>e <strong>ilumina\u00e7\u00e3o focal<\/strong> em \u00e1reas como a recep\u00e7\u00e3o<strong><\/strong> tamb\u00e9m s\u00e3o elementos que comp\u00f5em bem este estilo<strong>;<\/strong><\/li>\n<\/ul>\n<p style=\"text-align: center;\"><a title=\"Saiba mais!\" href=\"http:\/\/www.dabusarquitetura.com.br\/site\/arquitetura-corporativa\/projeto-yazigi-travel-ii.html\" target=\"_blank\" rel=\"noopener noreferrer\"><img decoding=\"async\" loading=\"lazy\" class=\"size-full wp-image-6056 aligncenter\" title=\"Dabus Arquitetura - Projeto Y\u00e1zigi Travel\" src=\"http:\/\/www.dabusarquitetura.com.br\/blog\/wp-content\/uploads\/2012\/01\/Dabus-Arquitetura-Projeto-Y\u00e1zigi-Travel.jpg\" alt=\"\" width=\"449\" height=\"280\" srcset=\"https:\/\/www.dabusarquitetura.com.br\/blog\/wp-content\/uploads\/2012\/01\/Dabus-Arquitetura-Projeto-Y\u00e1zigi-Travel.jpg 449w, https:\/\/www.dabusarquitetura.com.br\/blog\/wp-content\/uploads\/2012\/01\/Dabus-Arquitetura-Projeto-Y\u00e1zigi-Travel-300x187.jpg 300w\" sizes=\"(max-width: 449px) 100vw, 449px\" \/><\/a><\/p>\n<ul>\n<li><strong>&#8211; AMBIENTA\u00c7\u00c3O IRREVERENTE: <\/strong>Indicada para empresas como ag\u00eancias de comunica\u00e7\u00e3o ou<strong> <\/strong>de internet, aqui \u00e9 poss\u00edvel brincar com<strong> cores contrastantes, aplica\u00e7\u00f5es inovadoras e <em>design <\/em>ousado. <\/strong><em>Puffs<\/em>, cubos, divis\u00f3rias personalizadas, objetos criativos, materiais como o pl\u00e1stico e<strong> <em>oppen space<\/em> <\/strong>s\u00e3o apostas certa para concretizar este conceito;<\/li>\n<\/ul>\n<p style=\"text-align: center;\"><a href=\"http:\/\/www.dabusarquitetura.com.br\/blog\/wp-content\/uploads\/2012\/01\/Dabus-Arquitetura-Projeto-Ag\u00eancia-Ideafix.jpg\"><img decoding=\"async\" loading=\"lazy\" class=\"size-full wp-image-6060 aligncenter\" title=\"Dabus Arquitetura - Projeto Ag\u00eancia Ideafix\" src=\"http:\/\/www.dabusarquitetura.com.br\/blog\/wp-content\/uploads\/2012\/01\/Dabus-Arquitetura-Projeto-Ag\u00eancia-Ideafix.jpg\" alt=\"\" width=\"423\" height=\"310\" srcset=\"https:\/\/www.dabusarquitetura.com.br\/blog\/wp-content\/uploads\/2012\/01\/Dabus-Arquitetura-Projeto-Ag\u00eancia-Ideafix.jpg 423w, https:\/\/www.dabusarquitetura.com.br\/blog\/wp-content\/uploads\/2012\/01\/Dabus-Arquitetura-Projeto-Ag\u00eancia-Ideafix-300x219.jpg 300w\" sizes=\"(max-width: 423px) 100vw, 423px\" \/><\/a><\/p>\n<ul>\n<li><strong>&#8211; AMBIENTA\u00c7\u00c3O <em>CLEAN<\/em>: Cores claras e com poucas varia\u00e7\u00f5es <\/strong>d\u00e3o o tom neste tipo de composi\u00e7\u00e3o para ambientes. Equipamentos e mobili\u00e1rio que<strong> permitem ajustes <\/strong>s\u00e3o uma \u00f3tima pedida para <strong>evitar o aux\u00edlio de outros recursos<\/strong> que podem acabar gerando uma est\u00e9tica desorganizada. Neste estilo <strong>a praticidade \u00e9 uma forte caracter\u00edstica <\/strong>que pode vir acompanhada de grandes <strong>pain\u00e9is de vidro, superf\u00edcies lisas e brilhantes, ilumina\u00e7\u00e3o geral e difusa e minimalismo com rela\u00e7\u00e3o aos artigos decorativos<\/strong>;<\/li>\n<\/ul>\n<p style=\"text-align: center;\"><a title=\"Saiba mais!\" href=\"http:\/\/www.dabusarquitetura.com.br\/site\/arquitetura-corporativa\/projeto-cetelem-bgn-alphaville.html\" target=\"_blank\" rel=\"noopener noreferrer\"><img decoding=\"async\" loading=\"lazy\" class=\"size-full wp-image-6062 aligncenter\" title=\"Dabus Arquitetura - Projeto Cetelem BGN\" src=\"http:\/\/www.dabusarquitetura.com.br\/blog\/wp-content\/uploads\/2012\/01\/Dabus-Arquitetura-Projeto-Cetelem-BGN.jpg\" alt=\"\" width=\"423\" height=\"310\" srcset=\"https:\/\/www.dabusarquitetura.com.br\/blog\/wp-content\/uploads\/2012\/01\/Dabus-Arquitetura-Projeto-Cetelem-BGN.jpg 423w, https:\/\/www.dabusarquitetura.com.br\/blog\/wp-content\/uploads\/2012\/01\/Dabus-Arquitetura-Projeto-Cetelem-BGN-300x219.jpg 300w\" sizes=\"(max-width: 423px) 100vw, 423px\" \/><\/a><\/p>\n<ul>\n<li><strong>&#8211; AMBIENTA\u00c7\u00c3O ACOLHEDORA:<\/strong> Podendo ser utilizada em \u00e1reas espec\u00edficas, como a recep\u00e7\u00e3o, ou, principalmente, em escrit\u00f3rios como um todo, esta ambienta\u00e7\u00e3o pede <strong>tons mais quentes, materiais r\u00fasticos como a madeira, tapetes e carpetes, artigos decorativos diferenciados e ilumina\u00e7\u00e3o focal, <\/strong>em quadros, por exemplo. O desafio aqui \u00e9 <strong>n\u00e3o deixar o espa\u00e7o ficar carregado<\/strong>;<\/li>\n<\/ul>\n<p style=\"text-align: center;\"><a title=\"Saiba mais!\" href=\"http:\/\/www.dabusarquitetura.com.br\/site\/arquitetura-corporativa\/projeto-banco-de-tokyo.html\" target=\"_blank\" rel=\"noopener noreferrer\"><img decoding=\"async\" loading=\"lazy\" class=\"alignnone size-full wp-image-6067\" title=\"Dabus Arquitetura - Projeto Banco de Tokyo\" src=\"http:\/\/www.dabusarquitetura.com.br\/blog\/wp-content\/uploads\/2012\/01\/Dabus-Arquitetura-Projeto-Banco-de-Tokyo3.jpg\" alt=\"\" width=\"423\" height=\"310\" srcset=\"https:\/\/www.dabusarquitetura.com.br\/blog\/wp-content\/uploads\/2012\/01\/Dabus-Arquitetura-Projeto-Banco-de-Tokyo3.jpg 423w, https:\/\/www.dabusarquitetura.com.br\/blog\/wp-content\/uploads\/2012\/01\/Dabus-Arquitetura-Projeto-Banco-de-Tokyo3-300x219.jpg 300w\" sizes=\"(max-width: 423px) 100vw, 423px\" \/><\/a><\/p>\n<ul>\n<li><strong>&#8211; AMBIENTA\u00c7\u00c3O CONTEMPOR\u00c2NEA: <\/strong>Cores neutras, como o branco e o cinza, <strong>utiliza\u00e7\u00e3o amplificada da ilumina\u00e7\u00e3o natural <\/strong>e <strong>contrastes de materiais, <\/strong>como madeira com metal, s\u00e3o bastante utilizadas neste caso. Composi\u00e7\u00f5es equilibradas e que <strong>transmitem a ideia de tecnologia<\/strong> tamb\u00e9m s\u00e3o bem-vindas, assim como<strong> conceitos que utilizam e rementem \u00e0 sustentabilidade. <\/strong>Mobili\u00e1rio com <em>design <\/em>original, espa\u00e7os de descompress\u00e3o e certa irrever\u00eancia em alguns elementos ajudam a dar vida para estes ambientes que<strong> respiram prazer e realiza\u00e7\u00e3o profissional.<\/strong><\/li>\n<\/ul>\n<p style=\"text-align: center;\"><a title=\"Saiba mais!\" href=\"http:\/\/www.dabusarquitetura.com.br\/site\/arquitetura-corporativa\/projeto-bausch-amp-lomb.html\" target=\"_blank\" rel=\"noopener noreferrer\"><img decoding=\"async\" loading=\"lazy\" class=\"size-full wp-image-6068 aligncenter\" title=\"Dabus Arquitetura - Projeto Bausch e Lomb\" src=\"http:\/\/www.dabusarquitetura.com.br\/blog\/wp-content\/uploads\/2012\/01\/Dabus-Arquitetura-Projeto-Bausch-e-Lomb.jpg\" alt=\"\" width=\"449\" height=\"280\" srcset=\"https:\/\/www.dabusarquitetura.com.br\/blog\/wp-content\/uploads\/2012\/01\/Dabus-Arquitetura-Projeto-Bausch-e-Lomb.jpg 449w, https:\/\/www.dabusarquitetura.com.br\/blog\/wp-content\/uploads\/2012\/01\/Dabus-Arquitetura-Projeto-Bausch-e-Lomb-300x187.jpg 300w\" sizes=\"(max-width: 449px) 100vw, 449px\" \/><\/a><\/p>\n<h2>Qual estilo \u00e9 o mais indicado para sua empresa?<\/h2>\n<p>A resposta a essa pergunta s\u00f3 pode ser dada depois de um<strong> estudo profundo sobre suas necessidades <\/strong>e do <strong>alinhamento adequado do projeto de Arquitetura Corporativa aos seus objetivos de Marketing.<\/strong><\/p>\n<p>\u00c9 preciso ter em mente que a ambienta\u00e7\u00e3o da sua empresa \u00e9 mais um<strong>a ferramenta estrat\u00e9gica para obter melhores resultados <\/strong>e que, por isso voc\u00ea deve valoriz\u00e1-la ao m\u00e1ximo!<strong> <\/strong><\/p>\n<p><strong><a title=\"Clique aqui!\" href=\"..\/fale-conosco\/\" target=\"_self\" rel=\"noopener noreferrer\">Entre em contato<\/a><\/strong><strong> <\/strong>agora mesmo com<strong><strong><\/strong> <\/strong>a<strong> <\/strong><strong><a title=\"Quem Somos\" href=\"..\/..\/quem-somos\/\" target=\"_self\" rel=\"noopener noreferrer\">DABUS ARQUITETURA<\/a> <\/strong>e saiba como podemos te ajudar.<\/p>\n","protected":false},"excerpt":{"rendered":"<p>Criar ambientes confort\u00e1veis, harm\u00f4nicos, organizados e, ao mesmo tempo, eficientes para refor\u00e7ar o impacto da marca \u00e9 um dos grandes objetivos da Arquitetura Corporativa. Hoje, [&hellip;]<\/p>\n","protected":false},"author":3,"featured_media":0,"comment_status":"open","ping_status":"open","sticky":false,"template":"","format":"standard","meta":[],"categories":[4,7,49,12],"tags":[265,273,266,38,69],"yoast_head":"<!-- This site is optimized with the Yoast SEO plugin v20.8 - https:\/\/yoast.com\/wordpress\/plugins\/seo\/ -->\n<title>Estilos e possibilidades de ambienta\u00e7\u00e3o na Arquitetura Corporativa - DABUS ARQUITETURA<\/title>\n<meta name=\"robots\" content=\"index, follow, max-snippet:-1, max-image-preview:large, max-video-preview:-1\" \/>\n<link rel=\"canonical\" href=\"https:\/\/www.dabusarquitetura.com.br\/blog\/estilos-e-possibilidades-de-ambientacao-na-arquitetura-corporativa\/\" \/>\n<meta property=\"og:locale\" content=\"pt_BR\" \/>\n<meta property=\"og:type\" content=\"article\" \/>\n<meta property=\"og:title\" content=\"Estilos e possibilidades de ambienta\u00e7\u00e3o na Arquitetura Corporativa - DABUS ARQUITETURA\" \/>\n<meta property=\"og:description\" content=\"Criar ambientes confort\u00e1veis, harm\u00f4nicos, organizados e, ao mesmo tempo, eficientes para refor\u00e7ar o impacto da marca \u00e9 um dos grandes objetivos da Arquitetura Corporativa. Hoje, [&hellip;]\" \/>\n<meta property=\"og:url\" content=\"https:\/\/www.dabusarquitetura.com.br\/blog\/estilos-e-possibilidades-de-ambientacao-na-arquitetura-corporativa\/\" \/>\n<meta property=\"og:site_name\" content=\"DABUS ARQUITETURA\" \/>\n<meta property=\"article:published_time\" content=\"2012-01-25T10:00:39+00:00\" \/>\n<meta property=\"article:modified_time\" content=\"2022-07-26T14:47:52+00:00\" \/>\n<meta property=\"og:image\" content=\"http:\/\/www.dabusarquitetura.com.br\/blog\/wp-content\/uploads\/2012\/01\/Dabus-Arquitetura-Projeto-Cetelem-BGN.jpg\" \/>\n<meta name=\"author\" content=\"heloisa.dabus\" \/>\n<meta name=\"twitter:card\" content=\"summary_large_image\" \/>\n<meta name=\"twitter:label1\" content=\"Escrito por\" \/>\n\t<meta name=\"twitter:data1\" content=\"heloisa.dabus\" \/>\n\t<meta name=\"twitter:label2\" content=\"Est. tempo de leitura\" \/>\n\t<meta name=\"twitter:data2\" content=\"3 minutos\" \/>\n<script type=\"application\/ld+json\" class=\"yoast-schema-graph\">{\"@context\":\"https:\/\/schema.org\",\"@graph\":[{\"@type\":\"WebPage\",\"@id\":\"https:\/\/www.dabusarquitetura.com.br\/blog\/estilos-e-possibilidades-de-ambientacao-na-arquitetura-corporativa\/\",\"url\":\"https:\/\/www.dabusarquitetura.com.br\/blog\/estilos-e-possibilidades-de-ambientacao-na-arquitetura-corporativa\/\",\"name\":\"Estilos e possibilidades de ambienta\u00e7\u00e3o na Arquitetura Corporativa - DABUS ARQUITETURA\",\"isPartOf\":{\"@id\":\"https:\/\/www.dabusarquitetura.com.br\/blog\/#website\"},\"datePublished\":\"2012-01-25T10:00:39+00:00\",\"dateModified\":\"2022-07-26T14:47:52+00:00\",\"author\":{\"@id\":\"https:\/\/www.dabusarquitetura.com.br\/blog\/#\/schema\/person\/978b78d74759412a1cd43634996237c4\"},\"breadcrumb\":{\"@id\":\"https:\/\/www.dabusarquitetura.com.br\/blog\/estilos-e-possibilidades-de-ambientacao-na-arquitetura-corporativa\/#breadcrumb\"},\"inLanguage\":\"pt-BR\",\"potentialAction\":[{\"@type\":\"ReadAction\",\"target\":[\"https:\/\/www.dabusarquitetura.com.br\/blog\/estilos-e-possibilidades-de-ambientacao-na-arquitetura-corporativa\/\"]}]},{\"@type\":\"BreadcrumbList\",\"@id\":\"https:\/\/www.dabusarquitetura.com.br\/blog\/estilos-e-possibilidades-de-ambientacao-na-arquitetura-corporativa\/#breadcrumb\",\"itemListElement\":[{\"@type\":\"ListItem\",\"position\":1,\"name\":\"In\u00edcio\",\"item\":\"https:\/\/www.dabusarquitetura.com.br\/blog\/\"},{\"@type\":\"ListItem\",\"position\":2,\"name\":\"Estilos e possibilidades de ambienta\u00e7\u00e3o na Arquitetura Corporativa\"}]},{\"@type\":\"WebSite\",\"@id\":\"https:\/\/www.dabusarquitetura.com.br\/blog\/#website\",\"url\":\"https:\/\/www.dabusarquitetura.com.br\/blog\/\",\"name\":\"DABUS ARQUITETURA\",\"description\":\"Arquitetura Corporativa\",\"potentialAction\":[{\"@type\":\"SearchAction\",\"target\":{\"@type\":\"EntryPoint\",\"urlTemplate\":\"https:\/\/www.dabusarquitetura.com.br\/blog\/?s={search_term_string}\"},\"query-input\":\"required name=search_term_string\"}],\"inLanguage\":\"pt-BR\"},{\"@type\":\"Person\",\"@id\":\"https:\/\/www.dabusarquitetura.com.br\/blog\/#\/schema\/person\/978b78d74759412a1cd43634996237c4\",\"name\":\"heloisa.dabus\",\"image\":{\"@type\":\"ImageObject\",\"inLanguage\":\"pt-BR\",\"@id\":\"https:\/\/www.dabusarquitetura.com.br\/blog\/#\/schema\/person\/image\/\",\"url\":\"https:\/\/secure.gravatar.com\/avatar\/4078f4f8e54fb70a99a5e9edc642ecb1?s=96&d=mm&r=g\",\"contentUrl\":\"https:\/\/secure.gravatar.com\/avatar\/4078f4f8e54fb70a99a5e9edc642ecb1?s=96&d=mm&r=g\",\"caption\":\"heloisa.dabus\"},\"url\":\"https:\/\/www.dabusarquitetura.com.br\/blog\/author\/heloisa-dabus\/\"}]}<\/script>\n<!-- \/ Yoast SEO plugin. -->","yoast_head_json":{"title":"Estilos e possibilidades de ambienta\u00e7\u00e3o na Arquitetura Corporativa - DABUS ARQUITETURA","robots":{"index":"index","follow":"follow","max-snippet":"max-snippet:-1","max-image-preview":"max-image-preview:large","max-video-preview":"max-video-preview:-1"},"canonical":"https:\/\/www.dabusarquitetura.com.br\/blog\/estilos-e-possibilidades-de-ambientacao-na-arquitetura-corporativa\/","og_locale":"pt_BR","og_type":"article","og_title":"Estilos e possibilidades de ambienta\u00e7\u00e3o na Arquitetura Corporativa - DABUS ARQUITETURA","og_description":"Criar ambientes confort\u00e1veis, harm\u00f4nicos, organizados e, ao mesmo tempo, eficientes para refor\u00e7ar o impacto da marca \u00e9 um dos grandes objetivos da Arquitetura Corporativa. Hoje, [&hellip;]","og_url":"https:\/\/www.dabusarquitetura.com.br\/blog\/estilos-e-possibilidades-de-ambientacao-na-arquitetura-corporativa\/","og_site_name":"DABUS ARQUITETURA","article_published_time":"2012-01-25T10:00:39+00:00","article_modified_time":"2022-07-26T14:47:52+00:00","og_image":[{"url":"http:\/\/www.dabusarquitetura.com.br\/blog\/wp-content\/uploads\/2012\/01\/Dabus-Arquitetura-Projeto-Cetelem-BGN.jpg"}],"author":"heloisa.dabus","twitter_card":"summary_large_image","twitter_misc":{"Escrito por":"heloisa.dabus","Est. tempo de leitura":"3 minutos"},"schema":{"@context":"https:\/\/schema.org","@graph":[{"@type":"WebPage","@id":"https:\/\/www.dabusarquitetura.com.br\/blog\/estilos-e-possibilidades-de-ambientacao-na-arquitetura-corporativa\/","url":"https:\/\/www.dabusarquitetura.com.br\/blog\/estilos-e-possibilidades-de-ambientacao-na-arquitetura-corporativa\/","name":"Estilos e possibilidades de ambienta\u00e7\u00e3o na Arquitetura Corporativa - DABUS ARQUITETURA","isPartOf":{"@id":"https:\/\/www.dabusarquitetura.com.br\/blog\/#website"},"datePublished":"2012-01-25T10:00:39+00:00","dateModified":"2022-07-26T14:47:52+00:00","author":{"@id":"https:\/\/www.dabusarquitetura.com.br\/blog\/#\/schema\/person\/978b78d74759412a1cd43634996237c4"},"breadcrumb":{"@id":"https:\/\/www.dabusarquitetura.com.br\/blog\/estilos-e-possibilidades-de-ambientacao-na-arquitetura-corporativa\/#breadcrumb"},"inLanguage":"pt-BR","potentialAction":[{"@type":"ReadAction","target":["https:\/\/www.dabusarquitetura.com.br\/blog\/estilos-e-possibilidades-de-ambientacao-na-arquitetura-corporativa\/"]}]},{"@type":"BreadcrumbList","@id":"https:\/\/www.dabusarquitetura.com.br\/blog\/estilos-e-possibilidades-de-ambientacao-na-arquitetura-corporativa\/#breadcrumb","itemListElement":[{"@type":"ListItem","position":1,"name":"In\u00edcio","item":"https:\/\/www.dabusarquitetura.com.br\/blog\/"},{"@type":"ListItem","position":2,"name":"Estilos e possibilidades de ambienta\u00e7\u00e3o na Arquitetura Corporativa"}]},{"@type":"WebSite","@id":"https:\/\/www.dabusarquitetura.com.br\/blog\/#website","url":"https:\/\/www.dabusarquitetura.com.br\/blog\/","name":"DABUS ARQUITETURA","description":"Arquitetura Corporativa","potentialAction":[{"@type":"SearchAction","target":{"@type":"EntryPoint","urlTemplate":"https:\/\/www.dabusarquitetura.com.br\/blog\/?s={search_term_string}"},"query-input":"required name=search_term_string"}],"inLanguage":"pt-BR"},{"@type":"Person","@id":"https:\/\/www.dabusarquitetura.com.br\/blog\/#\/schema\/person\/978b78d74759412a1cd43634996237c4","name":"heloisa.dabus","image":{"@type":"ImageObject","inLanguage":"pt-BR","@id":"https:\/\/www.dabusarquitetura.com.br\/blog\/#\/schema\/person\/image\/","url":"https:\/\/secure.gravatar.com\/avatar\/4078f4f8e54fb70a99a5e9edc642ecb1?s=96&d=mm&r=g","contentUrl":"https:\/\/secure.gravatar.com\/avatar\/4078f4f8e54fb70a99a5e9edc642ecb1?s=96&d=mm&r=g","caption":"heloisa.dabus"},"url":"https:\/\/www.dabusarquitetura.com.br\/blog\/author\/heloisa-dabus\/"}]}},"_links":{"self":[{"href":"https:\/\/www.dabusarquitetura.com.br\/blog\/wp-json\/wp\/v2\/posts\/5985"}],"collection":[{"href":"https:\/\/www.dabusarquitetura.com.br\/blog\/wp-json\/wp\/v2\/posts"}],"about":[{"href":"https:\/\/www.dabusarquitetura.com.br\/blog\/wp-json\/wp\/v2\/types\/post"}],"author":[{"embeddable":true,"href":"https:\/\/www.dabusarquitetura.com.br\/blog\/wp-json\/wp\/v2\/users\/3"}],"replies":[{"embeddable":true,"href":"https:\/\/www.dabusarquitetura.com.br\/blog\/wp-json\/wp\/v2\/comments?post=5985"}],"version-history":[{"count":1,"href":"https:\/\/www.dabusarquitetura.com.br\/blog\/wp-json\/wp\/v2\/posts\/5985\/revisions"}],"predecessor-version":[{"id":16251,"href":"https:\/\/www.dabusarquitetura.com.br\/blog\/wp-json\/wp\/v2\/posts\/5985\/revisions\/16251"}],"wp:attachment":[{"href":"https:\/\/www.dabusarquitetura.com.br\/blog\/wp-json\/wp\/v2\/media?parent=5985"}],"wp:term":[{"taxonomy":"category","embeddable":true,"href":"https:\/\/www.dabusarquitetura.com.br\/blog\/wp-json\/wp\/v2\/categories?post=5985"},{"taxonomy":"post_tag","embeddable":true,"href":"https:\/\/www.dabusarquitetura.com.br\/blog\/wp-json\/wp\/v2\/tags?post=5985"}],"curies":[{"name":"wp","href":"https:\/\/api.w.org\/{rel}","templated":true}]}}