{"id":5814,"date":"2012-01-05T10:00:27","date_gmt":"2012-01-05T10:00:27","guid":{"rendered":"http:\/\/www.dabus.com.br\/blog\/?p=5814"},"modified":"2022-07-26T17:39:44","modified_gmt":"2022-07-26T14:39:44","slug":"para-comecar-bem-o-ano-organizacao-do-espaco-corporativo","status":"publish","type":"post","link":"https:\/\/www.dabusarquitetura.com.br\/blog\/para-comecar-bem-o-ano-organizacao-do-espaco-corporativo\/","title":{"rendered":"Para come\u00e7ar bem o ano: Organiza\u00e7\u00e3o do espa\u00e7o corporativo!"},"content":{"rendered":"<p>No decorrer do ano \u00e9 comum que algumas <strong>quest\u00f5es fiquem pendentes, <\/strong>n\u00e3o \u00e9 mesmo? Mas, agora no in\u00edcio de uma nova etapa \u00e9 hora de<strong> resolver o que foi deixado de lado<\/strong> em favorecimento de um <strong>andamento mais produtivo das atividades<\/strong> que precisam ser colocadas (logo) em pr\u00e1tica.<strong><br \/>\n<\/strong><\/p>\n<h2>Quer uma dica?<\/h2>\n<p>Comece dando uma aten\u00e7\u00e3o especial ao espa\u00e7o corporativo. <strong>Pap\u00e9is, arquivos, materiais e equipamentos fora de lugar: <\/strong>este \u00e9 o momento de organiz\u00e1-los!<\/p>\n<p><strong><img decoding=\"async\" loading=\"lazy\" class=\"size-full wp-image-5856 aligncenter\" title=\"Organiza\u00e7\u00e3o come\u00e7o do ano\" src=\"http:\/\/www.dabusarquitetura.com.br\/blog\/wp-content\/uploads\/2012\/01\/Organiza\u00e7\u00e3o-come\u00e7o-do-ano.gif\" alt=\"\" width=\"373\" height=\"303\"><\/strong><\/p>\n<p>Os colaboradores devem encontrar o <strong>ambiente preparado para um novo ciclo,<\/strong> tendo \u00e0 sua disposi\u00e7\u00e3o os recursos necess\u00e1rios para <strong>iniciar seu trabalho com qualidade. <\/strong>Al\u00e9m de <strong>estimular a produtividade,<\/strong> isso ajudar\u00e1 a<strong> criar uma imagem positiva<\/strong> tanto para os funcion\u00e1rios, quanto para os clientes, o que resultar\u00e1 em uma<strong> maior credibilidade \u00e0 empresa.<\/strong><\/p>\n<p><strong>Calend\u00e1rios, planilhas e documentos desatualizados <\/strong>devem ser evitados, assim como aqueles <strong>objetos desnecess\u00e1rios<\/strong> sob as mesas e estantes. Apresentar <strong>tudo em seu devido lugar<\/strong> \u00e9 essencial para que os usu\u00e1rios respondam adequadamente \u00e0s <strong>expectativas para o novo ano.<\/strong><\/p>\n<p>A <strong>reformula\u00e7\u00e3o do <em>layout <\/em>do espa\u00e7o,<\/strong> assim como a<strong> atualiza\u00e7\u00e3o da ambienta\u00e7\u00e3o, <\/strong>s\u00e3o fatores que tamb\u00e9m contribuem para a <strong>cria\u00e7\u00e3o de uma postura e de um sentimento renovados<\/strong><strong>. <\/strong>\u00c9 claro que nesses casos \u00e9 necess\u00e1rio um estudo pr\u00e9vio que identifique a necessidade de tais interven\u00e7\u00f5es, viabilizando-as a partir de <strong>solu\u00e7\u00f5es pr\u00e1ticas e econ\u00f4micas.<\/strong><\/p>\n<p>Altera\u00e7\u00f5es no ambiente s\u00e3o bem-vindas, desde que n\u00e3o causem uma<strong> sensa\u00e7\u00e3o acentuada de estranheza ou deslocamento, <\/strong>pois se o intuito for<strong> iniciar o ano &#8220;a todo o vapor&#8221;,<\/strong> isso ser\u00e1 prejudicial \u00e0s atividades.<\/p>\n<p>Fique atento <strong>\u00e0 organiza\u00e7\u00e3o e \u00e0 atualiza\u00e7\u00e3o do espa\u00e7o corporativo,<\/strong> e tome as medidas necess\u00e1rias para<strong> obter melhores resultados<\/strong> neste come\u00e7o de 2012.<\/p>\n<p>Aproveite o momento e <strong><a title=\"Clique aqui!\" href=\"..\/..\/fale-conosco\/\" target=\"_self\" rel=\"noopener noreferrer\">entre em contato<\/a><\/strong> com a <strong><a title=\"Quem Somos\" href=\"..\/..\/quem-somos\/\" target=\"_self\" rel=\"noopener noreferrer\">DABUS ARQUITETURA<\/a><\/strong> para a realiza\u00e7\u00e3o de seu projeto de <strong><strong><a title=\"Dabus Arquitetura - Arquitetura Corporativa\" href=\"..\/..\/site\/arquitetura-corporativa\" target=\"_blank\" rel=\"noopener noreferrer\"><strong>Arquitetura Corporativa<\/strong><\/a><\/strong><\/strong>, solu\u00e7\u00e3o inteligente para quem quer <strong>otimizar sua marca e seus neg\u00f3cios.<\/strong><\/p>\n","protected":false},"excerpt":{"rendered":"<p>No decorrer do ano \u00e9 comum que algumas quest\u00f5es fiquem pendentes, n\u00e3o \u00e9 mesmo? Mas, agora no in\u00edcio de uma nova etapa \u00e9 hora de [&hellip;]<\/p>\n","protected":false},"author":3,"featured_media":0,"comment_status":"open","ping_status":"open","sticky":false,"template":"","format":"standard","meta":[],"categories":[7,49,12],"tags":[273,219,261,38],"yoast_head":"<!-- This site is optimized with the Yoast SEO plugin v20.8 - https:\/\/yoast.com\/wordpress\/plugins\/seo\/ -->\n<title>Para come\u00e7ar bem o ano: Organiza\u00e7\u00e3o do espa\u00e7o corporativo! - DABUS ARQUITETURA<\/title>\n<meta name=\"robots\" content=\"index, follow, max-snippet:-1, max-image-preview:large, max-video-preview:-1\" \/>\n<link rel=\"canonical\" href=\"https:\/\/www.dabusarquitetura.com.br\/blog\/para-comecar-bem-o-ano-organizacao-do-espaco-corporativo\/\" \/>\n<meta property=\"og:locale\" content=\"pt_BR\" \/>\n<meta property=\"og:type\" content=\"article\" \/>\n<meta property=\"og:title\" content=\"Para come\u00e7ar bem o ano: Organiza\u00e7\u00e3o do espa\u00e7o corporativo! - DABUS ARQUITETURA\" \/>\n<meta property=\"og:description\" content=\"No decorrer do ano \u00e9 comum que algumas quest\u00f5es fiquem pendentes, n\u00e3o \u00e9 mesmo? Mas, agora no in\u00edcio de uma nova etapa \u00e9 hora de [&hellip;]\" \/>\n<meta property=\"og:url\" content=\"https:\/\/www.dabusarquitetura.com.br\/blog\/para-comecar-bem-o-ano-organizacao-do-espaco-corporativo\/\" \/>\n<meta property=\"og:site_name\" content=\"DABUS ARQUITETURA\" \/>\n<meta property=\"article:published_time\" content=\"2012-01-05T10:00:27+00:00\" \/>\n<meta property=\"article:modified_time\" content=\"2022-07-26T14:39:44+00:00\" \/>\n<meta name=\"author\" content=\"heloisa.dabus\" \/>\n<meta name=\"twitter:card\" content=\"summary_large_image\" \/>\n<meta name=\"twitter:label1\" content=\"Escrito por\" \/>\n\t<meta name=\"twitter:data1\" content=\"heloisa.dabus\" \/>\n\t<meta name=\"twitter:label2\" content=\"Est. tempo de leitura\" \/>\n\t<meta name=\"twitter:data2\" content=\"2 minutos\" \/>\n<script type=\"application\/ld+json\" class=\"yoast-schema-graph\">{\"@context\":\"https:\/\/schema.org\",\"@graph\":[{\"@type\":\"WebPage\",\"@id\":\"https:\/\/www.dabusarquitetura.com.br\/blog\/para-comecar-bem-o-ano-organizacao-do-espaco-corporativo\/\",\"url\":\"https:\/\/www.dabusarquitetura.com.br\/blog\/para-comecar-bem-o-ano-organizacao-do-espaco-corporativo\/\",\"name\":\"Para come\u00e7ar bem o ano: Organiza\u00e7\u00e3o do espa\u00e7o corporativo! - DABUS ARQUITETURA\",\"isPartOf\":{\"@id\":\"https:\/\/www.dabusarquitetura.com.br\/blog\/#website\"},\"datePublished\":\"2012-01-05T10:00:27+00:00\",\"dateModified\":\"2022-07-26T14:39:44+00:00\",\"author\":{\"@id\":\"https:\/\/www.dabusarquitetura.com.br\/blog\/#\/schema\/person\/978b78d74759412a1cd43634996237c4\"},\"breadcrumb\":{\"@id\":\"https:\/\/www.dabusarquitetura.com.br\/blog\/para-comecar-bem-o-ano-organizacao-do-espaco-corporativo\/#breadcrumb\"},\"inLanguage\":\"pt-BR\",\"potentialAction\":[{\"@type\":\"ReadAction\",\"target\":[\"https:\/\/www.dabusarquitetura.com.br\/blog\/para-comecar-bem-o-ano-organizacao-do-espaco-corporativo\/\"]}]},{\"@type\":\"BreadcrumbList\",\"@id\":\"https:\/\/www.dabusarquitetura.com.br\/blog\/para-comecar-bem-o-ano-organizacao-do-espaco-corporativo\/#breadcrumb\",\"itemListElement\":[{\"@type\":\"ListItem\",\"position\":1,\"name\":\"In\u00edcio\",\"item\":\"https:\/\/www.dabusarquitetura.com.br\/blog\/\"},{\"@type\":\"ListItem\",\"position\":2,\"name\":\"Para come\u00e7ar bem o ano: Organiza\u00e7\u00e3o do espa\u00e7o corporativo!\"}]},{\"@type\":\"WebSite\",\"@id\":\"https:\/\/www.dabusarquitetura.com.br\/blog\/#website\",\"url\":\"https:\/\/www.dabusarquitetura.com.br\/blog\/\",\"name\":\"DABUS ARQUITETURA\",\"description\":\"Arquitetura Corporativa\",\"potentialAction\":[{\"@type\":\"SearchAction\",\"target\":{\"@type\":\"EntryPoint\",\"urlTemplate\":\"https:\/\/www.dabusarquitetura.com.br\/blog\/?s={search_term_string}\"},\"query-input\":\"required name=search_term_string\"}],\"inLanguage\":\"pt-BR\"},{\"@type\":\"Person\",\"@id\":\"https:\/\/www.dabusarquitetura.com.br\/blog\/#\/schema\/person\/978b78d74759412a1cd43634996237c4\",\"name\":\"heloisa.dabus\",\"image\":{\"@type\":\"ImageObject\",\"inLanguage\":\"pt-BR\",\"@id\":\"https:\/\/www.dabusarquitetura.com.br\/blog\/#\/schema\/person\/image\/\",\"url\":\"https:\/\/secure.gravatar.com\/avatar\/4078f4f8e54fb70a99a5e9edc642ecb1?s=96&d=mm&r=g\",\"contentUrl\":\"https:\/\/secure.gravatar.com\/avatar\/4078f4f8e54fb70a99a5e9edc642ecb1?s=96&d=mm&r=g\",\"caption\":\"heloisa.dabus\"},\"url\":\"https:\/\/www.dabusarquitetura.com.br\/blog\/author\/heloisa-dabus\/\"}]}<\/script>\n<!-- \/ Yoast SEO plugin. -->","yoast_head_json":{"title":"Para come\u00e7ar bem o ano: Organiza\u00e7\u00e3o do espa\u00e7o corporativo! - DABUS ARQUITETURA","robots":{"index":"index","follow":"follow","max-snippet":"max-snippet:-1","max-image-preview":"max-image-preview:large","max-video-preview":"max-video-preview:-1"},"canonical":"https:\/\/www.dabusarquitetura.com.br\/blog\/para-comecar-bem-o-ano-organizacao-do-espaco-corporativo\/","og_locale":"pt_BR","og_type":"article","og_title":"Para come\u00e7ar bem o ano: Organiza\u00e7\u00e3o do espa\u00e7o corporativo! - DABUS ARQUITETURA","og_description":"No decorrer do ano \u00e9 comum que algumas quest\u00f5es fiquem pendentes, n\u00e3o \u00e9 mesmo? Mas, agora no in\u00edcio de uma nova etapa \u00e9 hora de [&hellip;]","og_url":"https:\/\/www.dabusarquitetura.com.br\/blog\/para-comecar-bem-o-ano-organizacao-do-espaco-corporativo\/","og_site_name":"DABUS ARQUITETURA","article_published_time":"2012-01-05T10:00:27+00:00","article_modified_time":"2022-07-26T14:39:44+00:00","author":"heloisa.dabus","twitter_card":"summary_large_image","twitter_misc":{"Escrito por":"heloisa.dabus","Est. tempo de leitura":"2 minutos"},"schema":{"@context":"https:\/\/schema.org","@graph":[{"@type":"WebPage","@id":"https:\/\/www.dabusarquitetura.com.br\/blog\/para-comecar-bem-o-ano-organizacao-do-espaco-corporativo\/","url":"https:\/\/www.dabusarquitetura.com.br\/blog\/para-comecar-bem-o-ano-organizacao-do-espaco-corporativo\/","name":"Para come\u00e7ar bem o ano: Organiza\u00e7\u00e3o do espa\u00e7o corporativo! - DABUS ARQUITETURA","isPartOf":{"@id":"https:\/\/www.dabusarquitetura.com.br\/blog\/#website"},"datePublished":"2012-01-05T10:00:27+00:00","dateModified":"2022-07-26T14:39:44+00:00","author":{"@id":"https:\/\/www.dabusarquitetura.com.br\/blog\/#\/schema\/person\/978b78d74759412a1cd43634996237c4"},"breadcrumb":{"@id":"https:\/\/www.dabusarquitetura.com.br\/blog\/para-comecar-bem-o-ano-organizacao-do-espaco-corporativo\/#breadcrumb"},"inLanguage":"pt-BR","potentialAction":[{"@type":"ReadAction","target":["https:\/\/www.dabusarquitetura.com.br\/blog\/para-comecar-bem-o-ano-organizacao-do-espaco-corporativo\/"]}]},{"@type":"BreadcrumbList","@id":"https:\/\/www.dabusarquitetura.com.br\/blog\/para-comecar-bem-o-ano-organizacao-do-espaco-corporativo\/#breadcrumb","itemListElement":[{"@type":"ListItem","position":1,"name":"In\u00edcio","item":"https:\/\/www.dabusarquitetura.com.br\/blog\/"},{"@type":"ListItem","position":2,"name":"Para come\u00e7ar bem o ano: Organiza\u00e7\u00e3o do espa\u00e7o corporativo!"}]},{"@type":"WebSite","@id":"https:\/\/www.dabusarquitetura.com.br\/blog\/#website","url":"https:\/\/www.dabusarquitetura.com.br\/blog\/","name":"DABUS ARQUITETURA","description":"Arquitetura Corporativa","potentialAction":[{"@type":"SearchAction","target":{"@type":"EntryPoint","urlTemplate":"https:\/\/www.dabusarquitetura.com.br\/blog\/?s={search_term_string}"},"query-input":"required name=search_term_string"}],"inLanguage":"pt-BR"},{"@type":"Person","@id":"https:\/\/www.dabusarquitetura.com.br\/blog\/#\/schema\/person\/978b78d74759412a1cd43634996237c4","name":"heloisa.dabus","image":{"@type":"ImageObject","inLanguage":"pt-BR","@id":"https:\/\/www.dabusarquitetura.com.br\/blog\/#\/schema\/person\/image\/","url":"https:\/\/secure.gravatar.com\/avatar\/4078f4f8e54fb70a99a5e9edc642ecb1?s=96&d=mm&r=g","contentUrl":"https:\/\/secure.gravatar.com\/avatar\/4078f4f8e54fb70a99a5e9edc642ecb1?s=96&d=mm&r=g","caption":"heloisa.dabus"},"url":"https:\/\/www.dabusarquitetura.com.br\/blog\/author\/heloisa-dabus\/"}]}},"_links":{"self":[{"href":"https:\/\/www.dabusarquitetura.com.br\/blog\/wp-json\/wp\/v2\/posts\/5814"}],"collection":[{"href":"https:\/\/www.dabusarquitetura.com.br\/blog\/wp-json\/wp\/v2\/posts"}],"about":[{"href":"https:\/\/www.dabusarquitetura.com.br\/blog\/wp-json\/wp\/v2\/types\/post"}],"author":[{"embeddable":true,"href":"https:\/\/www.dabusarquitetura.com.br\/blog\/wp-json\/wp\/v2\/users\/3"}],"replies":[{"embeddable":true,"href":"https:\/\/www.dabusarquitetura.com.br\/blog\/wp-json\/wp\/v2\/comments?post=5814"}],"version-history":[{"count":1,"href":"https:\/\/www.dabusarquitetura.com.br\/blog\/wp-json\/wp\/v2\/posts\/5814\/revisions"}],"predecessor-version":[{"id":16231,"href":"https:\/\/www.dabusarquitetura.com.br\/blog\/wp-json\/wp\/v2\/posts\/5814\/revisions\/16231"}],"wp:attachment":[{"href":"https:\/\/www.dabusarquitetura.com.br\/blog\/wp-json\/wp\/v2\/media?parent=5814"}],"wp:term":[{"taxonomy":"category","embeddable":true,"href":"https:\/\/www.dabusarquitetura.com.br\/blog\/wp-json\/wp\/v2\/categories?post=5814"},{"taxonomy":"post_tag","embeddable":true,"href":"https:\/\/www.dabusarquitetura.com.br\/blog\/wp-json\/wp\/v2\/tags?post=5814"}],"curies":[{"name":"wp","href":"https:\/\/api.w.org\/{rel}","templated":true}]}}