{"id":5653,"date":"2011-12-07T10:00:55","date_gmt":"2011-12-07T10:00:55","guid":{"rendered":"http:\/\/www.dabus.com.br\/blog\/?p=5653"},"modified":"2022-07-26T17:38:55","modified_gmt":"2022-07-26T14:38:55","slug":"e-hora-de-se-planejar-para-2012-e-de-repensar-a-arquitetura-corporativa","status":"publish","type":"post","link":"https:\/\/www.dabusarquitetura.com.br\/blog\/e-hora-de-se-planejar-para-2012-e-de-repensar-a-arquitetura-corporativa\/","title":{"rendered":"\u00c9 hora de se planejar para 2012 e de repensar a Arquitetura Corporativa"},"content":{"rendered":"<p>2012 j\u00e1 est\u00e1 chegando e com essa proximidade vem a necessidade de<strong> se preparar para os novos desafios e oportunidades.<\/strong> Este \u00e9 o momento das<strong> reuni\u00f5es, revis\u00f5es, an\u00e1lises, proje\u00e7\u00f5es e planejamentos.<\/strong><\/p>\n<p style=\"text-align: center;\"><img decoding=\"async\" loading=\"lazy\" class=\"size-full wp-image-5680 aligncenter\" title=\"Planning\" src=\"http:\/\/www.dabusarquitetura.com.br\/blog\/wp-content\/uploads\/2011\/12\/Planning.jpg\" alt=\"\" width=\"390\" height=\"278\" srcset=\"https:\/\/www.dabusarquitetura.com.br\/blog\/wp-content\/uploads\/2011\/12\/Planning.jpg 420w, https:\/\/www.dabusarquitetura.com.br\/blog\/wp-content\/uploads\/2011\/12\/Planning-300x214.jpg 300w\" sizes=\"(max-width: 390px) 100vw, 390px\" \/><\/p>\n<p>Al\u00e9m dos<strong> planos de neg\u00f3cio, estrat\u00e9gico e de Marketing,<\/strong> a <strong><strong><a title=\"Dabus Arquitetura - Arquitetura Corporativa\" href=\"..\/..\/site\/arquitetura-corporativa\" target=\"_blank\" rel=\"noopener noreferrer\"><strong>Arquitetura Corporativa<\/strong><\/a><\/strong><\/strong> tamb\u00e9m precisa ser pensada e articulada como uma <strong>ferramenta fundamental para sua empresa e seus objetivos, <\/strong>afinal \u00e9 ela que<strong> oferecer\u00e1 toda a estrutura <\/strong>para que as suas atividades e processos possam se desenvolver adequadamente.<\/p>\n<p>Quais s\u00e3o as mudan\u00e7as pretendidas? <strong>Aumento e realoca\u00e7\u00e3o da equipe? Novas divis\u00f5es do espa\u00e7o? Otimiza\u00e7\u00e3o da produtividade e das condi\u00e7\u00f5es dos colaboradores?<\/strong> Tudo isso passa pela <strong>Arquitetura Corporativa<\/strong>, a qual deve ser concebida <strong>de maneira estrat\u00e9gica para os resultados dos seus neg\u00f3cios.<\/strong><\/p>\n<p>Repens\u00e1-la nesta hora \u00e9 tamb\u00e9m<strong> abrir espa\u00e7o para a atualiza\u00e7\u00e3o da organiza\u00e7\u00e3o <\/strong>com <strong>novas tend\u00eancias e tecnologias.<\/strong> O mercado est\u00e1 a todo tempo lan\u00e7ando novidades repletas de benef\u00edcios e saber aproveit\u00e1-las \u00e9 essencial.<\/p>\n<p>Para 2012 a dica \u00e9 <strong>explorar bem o conforto, as \u00e1reas de conviv\u00eancia e os ambientes de descompress\u00e3o<\/strong>, uma vez que se tem percebido que <strong>os colaboradores passam cada vez mais tempo dentro da empresa, <\/strong>necessitando mais de recursos e oportunidades que permitam recuperar as energias.<\/p>\n<p>Seguindo esse ritmo, o <strong>mobili\u00e1rio desempenha um papel de destaque, <\/strong>devendo, por isso, ser muito bem escolhido e empregado. Os <strong>requisitos de Ergonomia<\/strong> precisam ser valorizados e checados com rigor, pois ter\u00e3o um impacto diferencial<strong> n\u00e3o s\u00f3 na sa\u00fade dos usu\u00e1rios, como tamb\u00e9m em sua produtividade.<\/strong><\/p>\n<p>As<strong> inova\u00e7\u00f5es em materiais, revestimentos, <em>design <\/em>e conceitos <\/strong>podem ser aproveitados, mas sem exageros para que os ambientes n\u00e3o fiquem carregados e at\u00e9 mesmo <strong>desconfigurados em rela\u00e7\u00e3o \u00e0 imagem da marca.<\/strong> O desafio \u00e9 encontrar o<strong> equil\u00edbrio total!<\/strong><\/p>\n<p>Seja para <strong>readequa\u00e7\u00f5es no espa\u00e7o, reformas ou projetos completos, <\/strong>a <strong>Arquitetura Corporativa <\/strong>deve fazer parte do seu<strong> planejamento para 2012, <\/strong>sendo integrada como um <strong>elemento inteligente e competitivo.<\/strong><\/p>\n<h2>Quer saber como?<\/h2>\n<p>Ent\u00e3o, <strong><a title=\"Clique aqui!\" href=\"..\/..\/fale-conosco\/\" target=\"_self\" rel=\"noopener noreferrer\">entre em contato<\/a><\/strong> com a <strong><a title=\"Quem Somos\" href=\"..\/..\/quem-somos\/\" target=\"_self\" rel=\"noopener noreferrer\">DABUS ARQUITETURA<\/a> <\/strong>e<strong> <\/strong>conhe\u00e7a nossas solu\u00e7\u00f5es que contribuir\u00e3o para um <strong>ano de resultados superiores!<br \/>\n<\/strong><\/p>\n","protected":false},"excerpt":{"rendered":"<p>2012 j\u00e1 est\u00e1 chegando e com essa proximidade vem a necessidade de se preparar para os novos desafios e oportunidades. Este \u00e9 o momento das [&hellip;]<\/p>\n","protected":false},"author":3,"featured_media":0,"comment_status":"open","ping_status":"open","sticky":false,"template":"","format":"standard","meta":[],"categories":[7,49,25],"tags":[273,256,38,54],"yoast_head":"<!-- This site is optimized with the Yoast SEO plugin v20.8 - https:\/\/yoast.com\/wordpress\/plugins\/seo\/ -->\n<title>\u00c9 hora de se planejar para 2012 e de repensar a Arquitetura Corporativa - DABUS ARQUITETURA<\/title>\n<meta name=\"robots\" content=\"index, follow, max-snippet:-1, max-image-preview:large, max-video-preview:-1\" \/>\n<link rel=\"canonical\" href=\"https:\/\/www.dabusarquitetura.com.br\/blog\/e-hora-de-se-planejar-para-2012-e-de-repensar-a-arquitetura-corporativa\/\" \/>\n<meta property=\"og:locale\" content=\"pt_BR\" \/>\n<meta property=\"og:type\" content=\"article\" \/>\n<meta property=\"og:title\" content=\"\u00c9 hora de se planejar para 2012 e de repensar a Arquitetura Corporativa - DABUS ARQUITETURA\" \/>\n<meta property=\"og:description\" content=\"2012 j\u00e1 est\u00e1 chegando e com essa proximidade vem a necessidade de se preparar para os novos desafios e oportunidades. Este \u00e9 o momento das [&hellip;]\" \/>\n<meta property=\"og:url\" content=\"https:\/\/www.dabusarquitetura.com.br\/blog\/e-hora-de-se-planejar-para-2012-e-de-repensar-a-arquitetura-corporativa\/\" \/>\n<meta property=\"og:site_name\" content=\"DABUS ARQUITETURA\" \/>\n<meta property=\"article:published_time\" content=\"2011-12-07T10:00:55+00:00\" \/>\n<meta property=\"article:modified_time\" content=\"2022-07-26T14:38:55+00:00\" \/>\n<meta property=\"og:image\" content=\"http:\/\/www.dabusarquitetura.com.br\/blog\/wp-content\/uploads\/2011\/12\/Planning.jpg\" \/>\n<meta name=\"author\" content=\"heloisa.dabus\" \/>\n<meta name=\"twitter:card\" content=\"summary_large_image\" \/>\n<meta name=\"twitter:label1\" content=\"Escrito por\" \/>\n\t<meta name=\"twitter:data1\" content=\"heloisa.dabus\" \/>\n\t<meta name=\"twitter:label2\" content=\"Est. tempo de leitura\" \/>\n\t<meta name=\"twitter:data2\" content=\"2 minutos\" \/>\n<script type=\"application\/ld+json\" class=\"yoast-schema-graph\">{\"@context\":\"https:\/\/schema.org\",\"@graph\":[{\"@type\":\"WebPage\",\"@id\":\"https:\/\/www.dabusarquitetura.com.br\/blog\/e-hora-de-se-planejar-para-2012-e-de-repensar-a-arquitetura-corporativa\/\",\"url\":\"https:\/\/www.dabusarquitetura.com.br\/blog\/e-hora-de-se-planejar-para-2012-e-de-repensar-a-arquitetura-corporativa\/\",\"name\":\"\u00c9 hora de se planejar para 2012 e de repensar a Arquitetura Corporativa - DABUS ARQUITETURA\",\"isPartOf\":{\"@id\":\"https:\/\/www.dabusarquitetura.com.br\/blog\/#website\"},\"datePublished\":\"2011-12-07T10:00:55+00:00\",\"dateModified\":\"2022-07-26T14:38:55+00:00\",\"author\":{\"@id\":\"https:\/\/www.dabusarquitetura.com.br\/blog\/#\/schema\/person\/978b78d74759412a1cd43634996237c4\"},\"breadcrumb\":{\"@id\":\"https:\/\/www.dabusarquitetura.com.br\/blog\/e-hora-de-se-planejar-para-2012-e-de-repensar-a-arquitetura-corporativa\/#breadcrumb\"},\"inLanguage\":\"pt-BR\",\"potentialAction\":[{\"@type\":\"ReadAction\",\"target\":[\"https:\/\/www.dabusarquitetura.com.br\/blog\/e-hora-de-se-planejar-para-2012-e-de-repensar-a-arquitetura-corporativa\/\"]}]},{\"@type\":\"BreadcrumbList\",\"@id\":\"https:\/\/www.dabusarquitetura.com.br\/blog\/e-hora-de-se-planejar-para-2012-e-de-repensar-a-arquitetura-corporativa\/#breadcrumb\",\"itemListElement\":[{\"@type\":\"ListItem\",\"position\":1,\"name\":\"In\u00edcio\",\"item\":\"https:\/\/www.dabusarquitetura.com.br\/blog\/\"},{\"@type\":\"ListItem\",\"position\":2,\"name\":\"\u00c9 hora de se planejar para 2012 e de repensar a Arquitetura Corporativa\"}]},{\"@type\":\"WebSite\",\"@id\":\"https:\/\/www.dabusarquitetura.com.br\/blog\/#website\",\"url\":\"https:\/\/www.dabusarquitetura.com.br\/blog\/\",\"name\":\"DABUS ARQUITETURA\",\"description\":\"Arquitetura Corporativa\",\"potentialAction\":[{\"@type\":\"SearchAction\",\"target\":{\"@type\":\"EntryPoint\",\"urlTemplate\":\"https:\/\/www.dabusarquitetura.com.br\/blog\/?s={search_term_string}\"},\"query-input\":\"required name=search_term_string\"}],\"inLanguage\":\"pt-BR\"},{\"@type\":\"Person\",\"@id\":\"https:\/\/www.dabusarquitetura.com.br\/blog\/#\/schema\/person\/978b78d74759412a1cd43634996237c4\",\"name\":\"heloisa.dabus\",\"image\":{\"@type\":\"ImageObject\",\"inLanguage\":\"pt-BR\",\"@id\":\"https:\/\/www.dabusarquitetura.com.br\/blog\/#\/schema\/person\/image\/\",\"url\":\"https:\/\/secure.gravatar.com\/avatar\/4078f4f8e54fb70a99a5e9edc642ecb1?s=96&d=mm&r=g\",\"contentUrl\":\"https:\/\/secure.gravatar.com\/avatar\/4078f4f8e54fb70a99a5e9edc642ecb1?s=96&d=mm&r=g\",\"caption\":\"heloisa.dabus\"},\"url\":\"https:\/\/www.dabusarquitetura.com.br\/blog\/author\/heloisa-dabus\/\"}]}<\/script>\n<!-- \/ Yoast SEO plugin. -->","yoast_head_json":{"title":"\u00c9 hora de se planejar para 2012 e de repensar a Arquitetura Corporativa - DABUS ARQUITETURA","robots":{"index":"index","follow":"follow","max-snippet":"max-snippet:-1","max-image-preview":"max-image-preview:large","max-video-preview":"max-video-preview:-1"},"canonical":"https:\/\/www.dabusarquitetura.com.br\/blog\/e-hora-de-se-planejar-para-2012-e-de-repensar-a-arquitetura-corporativa\/","og_locale":"pt_BR","og_type":"article","og_title":"\u00c9 hora de se planejar para 2012 e de repensar a Arquitetura Corporativa - DABUS ARQUITETURA","og_description":"2012 j\u00e1 est\u00e1 chegando e com essa proximidade vem a necessidade de se preparar para os novos desafios e oportunidades. Este \u00e9 o momento das [&hellip;]","og_url":"https:\/\/www.dabusarquitetura.com.br\/blog\/e-hora-de-se-planejar-para-2012-e-de-repensar-a-arquitetura-corporativa\/","og_site_name":"DABUS ARQUITETURA","article_published_time":"2011-12-07T10:00:55+00:00","article_modified_time":"2022-07-26T14:38:55+00:00","og_image":[{"url":"http:\/\/www.dabusarquitetura.com.br\/blog\/wp-content\/uploads\/2011\/12\/Planning.jpg"}],"author":"heloisa.dabus","twitter_card":"summary_large_image","twitter_misc":{"Escrito por":"heloisa.dabus","Est. tempo de leitura":"2 minutos"},"schema":{"@context":"https:\/\/schema.org","@graph":[{"@type":"WebPage","@id":"https:\/\/www.dabusarquitetura.com.br\/blog\/e-hora-de-se-planejar-para-2012-e-de-repensar-a-arquitetura-corporativa\/","url":"https:\/\/www.dabusarquitetura.com.br\/blog\/e-hora-de-se-planejar-para-2012-e-de-repensar-a-arquitetura-corporativa\/","name":"\u00c9 hora de se planejar para 2012 e de repensar a Arquitetura Corporativa - DABUS ARQUITETURA","isPartOf":{"@id":"https:\/\/www.dabusarquitetura.com.br\/blog\/#website"},"datePublished":"2011-12-07T10:00:55+00:00","dateModified":"2022-07-26T14:38:55+00:00","author":{"@id":"https:\/\/www.dabusarquitetura.com.br\/blog\/#\/schema\/person\/978b78d74759412a1cd43634996237c4"},"breadcrumb":{"@id":"https:\/\/www.dabusarquitetura.com.br\/blog\/e-hora-de-se-planejar-para-2012-e-de-repensar-a-arquitetura-corporativa\/#breadcrumb"},"inLanguage":"pt-BR","potentialAction":[{"@type":"ReadAction","target":["https:\/\/www.dabusarquitetura.com.br\/blog\/e-hora-de-se-planejar-para-2012-e-de-repensar-a-arquitetura-corporativa\/"]}]},{"@type":"BreadcrumbList","@id":"https:\/\/www.dabusarquitetura.com.br\/blog\/e-hora-de-se-planejar-para-2012-e-de-repensar-a-arquitetura-corporativa\/#breadcrumb","itemListElement":[{"@type":"ListItem","position":1,"name":"In\u00edcio","item":"https:\/\/www.dabusarquitetura.com.br\/blog\/"},{"@type":"ListItem","position":2,"name":"\u00c9 hora de se planejar para 2012 e de repensar a Arquitetura Corporativa"}]},{"@type":"WebSite","@id":"https:\/\/www.dabusarquitetura.com.br\/blog\/#website","url":"https:\/\/www.dabusarquitetura.com.br\/blog\/","name":"DABUS ARQUITETURA","description":"Arquitetura Corporativa","potentialAction":[{"@type":"SearchAction","target":{"@type":"EntryPoint","urlTemplate":"https:\/\/www.dabusarquitetura.com.br\/blog\/?s={search_term_string}"},"query-input":"required name=search_term_string"}],"inLanguage":"pt-BR"},{"@type":"Person","@id":"https:\/\/www.dabusarquitetura.com.br\/blog\/#\/schema\/person\/978b78d74759412a1cd43634996237c4","name":"heloisa.dabus","image":{"@type":"ImageObject","inLanguage":"pt-BR","@id":"https:\/\/www.dabusarquitetura.com.br\/blog\/#\/schema\/person\/image\/","url":"https:\/\/secure.gravatar.com\/avatar\/4078f4f8e54fb70a99a5e9edc642ecb1?s=96&d=mm&r=g","contentUrl":"https:\/\/secure.gravatar.com\/avatar\/4078f4f8e54fb70a99a5e9edc642ecb1?s=96&d=mm&r=g","caption":"heloisa.dabus"},"url":"https:\/\/www.dabusarquitetura.com.br\/blog\/author\/heloisa-dabus\/"}]}},"_links":{"self":[{"href":"https:\/\/www.dabusarquitetura.com.br\/blog\/wp-json\/wp\/v2\/posts\/5653"}],"collection":[{"href":"https:\/\/www.dabusarquitetura.com.br\/blog\/wp-json\/wp\/v2\/posts"}],"about":[{"href":"https:\/\/www.dabusarquitetura.com.br\/blog\/wp-json\/wp\/v2\/types\/post"}],"author":[{"embeddable":true,"href":"https:\/\/www.dabusarquitetura.com.br\/blog\/wp-json\/wp\/v2\/users\/3"}],"replies":[{"embeddable":true,"href":"https:\/\/www.dabusarquitetura.com.br\/blog\/wp-json\/wp\/v2\/comments?post=5653"}],"version-history":[{"count":1,"href":"https:\/\/www.dabusarquitetura.com.br\/blog\/wp-json\/wp\/v2\/posts\/5653\/revisions"}],"predecessor-version":[{"id":16227,"href":"https:\/\/www.dabusarquitetura.com.br\/blog\/wp-json\/wp\/v2\/posts\/5653\/revisions\/16227"}],"wp:attachment":[{"href":"https:\/\/www.dabusarquitetura.com.br\/blog\/wp-json\/wp\/v2\/media?parent=5653"}],"wp:term":[{"taxonomy":"category","embeddable":true,"href":"https:\/\/www.dabusarquitetura.com.br\/blog\/wp-json\/wp\/v2\/categories?post=5653"},{"taxonomy":"post_tag","embeddable":true,"href":"https:\/\/www.dabusarquitetura.com.br\/blog\/wp-json\/wp\/v2\/tags?post=5653"}],"curies":[{"name":"wp","href":"https:\/\/api.w.org\/{rel}","templated":true}]}}