{"id":4568,"date":"2011-08-10T10:00:39","date_gmt":"2011-08-10T10:00:39","guid":{"rendered":"http:\/\/www.dabus.com.br\/blog\/?p=4568"},"modified":"2022-07-26T17:31:24","modified_gmt":"2022-07-26T14:31:24","slug":"projeto-de-arquitetura-comercial-para-o-bar-verissimo-mergulha-no-universo-da-gastronomia-e-da-literatura","status":"publish","type":"post","link":"https:\/\/www.dabusarquitetura.com.br\/blog\/projeto-de-arquitetura-comercial-para-o-bar-verissimo-mergulha-no-universo-da-gastronomia-e-da-literatura\/","title":{"rendered":"Projeto de Arquitetura Comercial para o Bar Ver\u00edssimo mergulha no universo da gastronomia e da literatura"},"content":{"rendered":"<p>Toda a inspira\u00e7\u00e3o que faz parte do conceito do<strong> <a title=\"verissimobar.com.br\" href=\"http:\/\/www.verissimobar.com.br\/\" target=\"_blank\" rel=\"noopener noreferrer\">Bar Ver\u00edssimo<\/a><\/strong> ganhou novos tra\u00e7os com os ambientes projetados pela <strong><a title=\"Quem Somos\" href=\"..\/..\/quem-somos\/\" target=\"_self\" rel=\"noopener noreferrer\">DABUS ARQUITETURA<\/a><\/strong> em<strong> <\/strong>um projeto de reforma da <strong>Arquitetura Comercial<\/strong>, articulado para valorizar ainda mais os <strong>espa\u00e7os existentes no t\u00e9rreo e no subsolo <\/strong>da casa.<strong><br \/>\n<\/strong><\/p>\n<p style=\"text-align: left;\">Com uma proposta que une<strong> <\/strong><strong>Gastronomia e <\/strong><strong>Literatura,<\/strong> o bar paulistano que homenageia<strong> Luis Fernando Ver\u00edssimo<\/strong> \u00e9 uma op\u00e7\u00e3o diferenciada na cidade. Com<strong> receitas ador\u00e1veis para todos os gostos <\/strong>e um clima descontra\u00eddo e sofisticado, o <strong>Bar Ver\u00edssimo <\/strong>\u00e9 &#8220;um local onde \u00e9 poss\u00edvel escolher um prato e, ao mesmo tempo,<strong> descobrir cr\u00f4nicas do escritor, folhear um livro da biblioteca da casa e conhecer suas obras<\/strong>&#8221; &#8211; &#8220;a homenagem foi t\u00e3o bem aceita que <strong>o pr\u00f3prio LFV assina o logo do espa\u00e7o<\/strong>&#8220;.<\/p>\n<p>Para <strong>potencializar as sensa\u00e7\u00f5es<\/strong> e<strong> tornar a experi\u00eancia dos clientes ainda mais agrad\u00e1vel,<\/strong> os novos ambientes ganharam a<strong> aplica\u00e7\u00e3o de revestimentos nobres e ilumina\u00e7\u00e3o decorativa.<\/strong><\/p>\n<div id=\"attachment_4577\" style=\"width: 413px\" class=\"wp-caption aligncenter\"><a href=\"http:\/\/www.dabusarquitetura.com.br\/blog\/wp-content\/uploads\/2011\/08\/Bar-Ver\u00edssimo-Perspectiva-interna.jpg\"><img aria-describedby=\"caption-attachment-4577\" decoding=\"async\" loading=\"lazy\" class=\"size-full wp-image-4577 \" title=\"Bar Ver\u00edssimo - Perspectiva interna\" src=\"http:\/\/www.dabusarquitetura.com.br\/blog\/wp-content\/uploads\/2011\/08\/Bar-Ver\u00edssimo-Perspectiva-interna.jpg\" alt=\"\" width=\"403\" height=\"205\"><\/a><p id=\"caption-attachment-4577\" class=\"wp-caption-text\">Com personalidade e vida, os espa\u00e7os se tornaram ainda mais prazerosos.<\/p><\/div>\n<p style=\"text-align: left;\">\n<p style=\"text-align: center;\">\n<p>Especial aten\u00e7\u00e3o foi dada \u00e0 <strong>varanda com cobertura retr\u00e1til<\/strong> <strong>e jardim vertical, <\/strong>elementos que ajudaram a propiciar espa\u00e7os agrad\u00e1veis de estar e espera.<\/p>\n<div id=\"attachment_4584\" style=\"width: 416px\" class=\"wp-caption aligncenter\"><a href=\"http:\/\/www.dabusarquitetura.com.br\/blog\/wp-content\/uploads\/2011\/08\/Bar-Ver\u00edssimo-Perspectiva-externa1.jpg\"><img aria-describedby=\"caption-attachment-4584\" decoding=\"async\" loading=\"lazy\" class=\"size-full wp-image-4584 \" title=\"Bar Ver\u00edssimo - Perspectiva externa\" src=\"http:\/\/www.dabusarquitetura.com.br\/blog\/wp-content\/uploads\/2011\/08\/Bar-Ver\u00edssimo-Perspectiva-externa1.jpg\" alt=\"\" width=\"406\" height=\"201\" srcset=\"https:\/\/www.dabusarquitetura.com.br\/blog\/wp-content\/uploads\/2011\/08\/Bar-Ver\u00edssimo-Perspectiva-externa1.jpg 608w, https:\/\/www.dabusarquitetura.com.br\/blog\/wp-content\/uploads\/2011\/08\/Bar-Ver\u00edssimo-Perspectiva-externa1-300x148.jpg 300w\" sizes=\"(max-width: 406px) 100vw, 406px\" \/><\/a><p id=\"caption-attachment-4584\" class=\"wp-caption-text\">Com as \u00e1reas verdes e a cobertura especial a varanda se tornou um espa\u00e7o de destaque no bar.<\/p><\/div>\n<h2>Quer passar momentos agrad\u00e1veis, aliando Gastronomia e Literatura?<\/h2>\n<p style=\"text-align: left;\">Visite o<strong> Bar Ver\u00edssimo<\/strong> em S\u00e3o Paulo, localizado na<strong> Rua Fl\u00f3rida, 1488<\/strong> &#8211; Brooklin Novo. Aproveite os novos ambientes e delicie-se em uma experi\u00eancia \u00fanica.<\/p>\n<p style=\"text-align: left;\">Para saber como a <strong>DABUS ARQUITETURA <\/strong>pode desenvolver o seu projeto,<strong> <\/strong>basta <strong><strong><strong><a title=\"Clique aqui!\" href=\"..\/fale-conosco\/\" target=\"_self\" rel=\"noopener noreferrer\"><strong>entrar em contato conosco.<\/strong><\/a><\/strong><\/strong><\/strong><\/p>\n","protected":false},"excerpt":{"rendered":"<p>Toda a inspira\u00e7\u00e3o que faz parte do conceito do Bar Ver\u00edssimo ganhou novos tra\u00e7os com os ambientes projetados pela DABUS ARQUITETURA em um projeto de [&hellip;]<\/p>\n","protected":false},"author":3,"featured_media":0,"comment_status":"open","ping_status":"open","sticky":false,"template":"","format":"standard","meta":[],"categories":[6,93],"tags":[],"yoast_head":"<!-- This site is optimized with the Yoast SEO plugin v20.8 - https:\/\/yoast.com\/wordpress\/plugins\/seo\/ -->\n<title>Projeto de Arquitetura Comercial para o Bar Ver\u00edssimo mergulha no universo da gastronomia e da literatura - DABUS ARQUITETURA<\/title>\n<meta name=\"robots\" content=\"index, follow, max-snippet:-1, max-image-preview:large, max-video-preview:-1\" \/>\n<link rel=\"canonical\" href=\"https:\/\/www.dabusarquitetura.com.br\/blog\/projeto-de-arquitetura-comercial-para-o-bar-verissimo-mergulha-no-universo-da-gastronomia-e-da-literatura\/\" \/>\n<meta property=\"og:locale\" content=\"pt_BR\" \/>\n<meta property=\"og:type\" content=\"article\" \/>\n<meta property=\"og:title\" content=\"Projeto de Arquitetura Comercial para o Bar Ver\u00edssimo mergulha no universo da gastronomia e da literatura - DABUS ARQUITETURA\" \/>\n<meta property=\"og:description\" content=\"Toda a inspira\u00e7\u00e3o que faz parte do conceito do Bar Ver\u00edssimo ganhou novos tra\u00e7os com os ambientes projetados pela DABUS ARQUITETURA em um projeto de [&hellip;]\" \/>\n<meta property=\"og:url\" content=\"https:\/\/www.dabusarquitetura.com.br\/blog\/projeto-de-arquitetura-comercial-para-o-bar-verissimo-mergulha-no-universo-da-gastronomia-e-da-literatura\/\" \/>\n<meta property=\"og:site_name\" content=\"DABUS ARQUITETURA\" \/>\n<meta property=\"article:published_time\" content=\"2011-08-10T10:00:39+00:00\" \/>\n<meta property=\"article:modified_time\" content=\"2022-07-26T14:31:24+00:00\" \/>\n<meta name=\"author\" content=\"heloisa.dabus\" \/>\n<meta name=\"twitter:card\" content=\"summary_large_image\" \/>\n<meta name=\"twitter:label1\" content=\"Escrito por\" \/>\n\t<meta name=\"twitter:data1\" content=\"heloisa.dabus\" \/>\n\t<meta name=\"twitter:label2\" content=\"Est. tempo de leitura\" \/>\n\t<meta name=\"twitter:data2\" content=\"1 minuto\" \/>\n<script type=\"application\/ld+json\" class=\"yoast-schema-graph\">{\"@context\":\"https:\/\/schema.org\",\"@graph\":[{\"@type\":\"WebPage\",\"@id\":\"https:\/\/www.dabusarquitetura.com.br\/blog\/projeto-de-arquitetura-comercial-para-o-bar-verissimo-mergulha-no-universo-da-gastronomia-e-da-literatura\/\",\"url\":\"https:\/\/www.dabusarquitetura.com.br\/blog\/projeto-de-arquitetura-comercial-para-o-bar-verissimo-mergulha-no-universo-da-gastronomia-e-da-literatura\/\",\"name\":\"Projeto de Arquitetura Comercial para o Bar Ver\u00edssimo mergulha no universo da gastronomia e da literatura - DABUS ARQUITETURA\",\"isPartOf\":{\"@id\":\"https:\/\/www.dabusarquitetura.com.br\/blog\/#website\"},\"datePublished\":\"2011-08-10T10:00:39+00:00\",\"dateModified\":\"2022-07-26T14:31:24+00:00\",\"author\":{\"@id\":\"https:\/\/www.dabusarquitetura.com.br\/blog\/#\/schema\/person\/978b78d74759412a1cd43634996237c4\"},\"breadcrumb\":{\"@id\":\"https:\/\/www.dabusarquitetura.com.br\/blog\/projeto-de-arquitetura-comercial-para-o-bar-verissimo-mergulha-no-universo-da-gastronomia-e-da-literatura\/#breadcrumb\"},\"inLanguage\":\"pt-BR\",\"potentialAction\":[{\"@type\":\"ReadAction\",\"target\":[\"https:\/\/www.dabusarquitetura.com.br\/blog\/projeto-de-arquitetura-comercial-para-o-bar-verissimo-mergulha-no-universo-da-gastronomia-e-da-literatura\/\"]}]},{\"@type\":\"BreadcrumbList\",\"@id\":\"https:\/\/www.dabusarquitetura.com.br\/blog\/projeto-de-arquitetura-comercial-para-o-bar-verissimo-mergulha-no-universo-da-gastronomia-e-da-literatura\/#breadcrumb\",\"itemListElement\":[{\"@type\":\"ListItem\",\"position\":1,\"name\":\"In\u00edcio\",\"item\":\"https:\/\/www.dabusarquitetura.com.br\/blog\/\"},{\"@type\":\"ListItem\",\"position\":2,\"name\":\"Projeto de Arquitetura Comercial para o Bar Ver\u00edssimo mergulha no universo da gastronomia e da literatura\"}]},{\"@type\":\"WebSite\",\"@id\":\"https:\/\/www.dabusarquitetura.com.br\/blog\/#website\",\"url\":\"https:\/\/www.dabusarquitetura.com.br\/blog\/\",\"name\":\"DABUS ARQUITETURA\",\"description\":\"Arquitetura Corporativa\",\"potentialAction\":[{\"@type\":\"SearchAction\",\"target\":{\"@type\":\"EntryPoint\",\"urlTemplate\":\"https:\/\/www.dabusarquitetura.com.br\/blog\/?s={search_term_string}\"},\"query-input\":\"required name=search_term_string\"}],\"inLanguage\":\"pt-BR\"},{\"@type\":\"Person\",\"@id\":\"https:\/\/www.dabusarquitetura.com.br\/blog\/#\/schema\/person\/978b78d74759412a1cd43634996237c4\",\"name\":\"heloisa.dabus\",\"image\":{\"@type\":\"ImageObject\",\"inLanguage\":\"pt-BR\",\"@id\":\"https:\/\/www.dabusarquitetura.com.br\/blog\/#\/schema\/person\/image\/\",\"url\":\"https:\/\/secure.gravatar.com\/avatar\/4078f4f8e54fb70a99a5e9edc642ecb1?s=96&d=mm&r=g\",\"contentUrl\":\"https:\/\/secure.gravatar.com\/avatar\/4078f4f8e54fb70a99a5e9edc642ecb1?s=96&d=mm&r=g\",\"caption\":\"heloisa.dabus\"},\"url\":\"https:\/\/www.dabusarquitetura.com.br\/blog\/author\/heloisa-dabus\/\"}]}<\/script>\n<!-- \/ Yoast SEO plugin. -->","yoast_head_json":{"title":"Projeto de Arquitetura Comercial para o Bar Ver\u00edssimo mergulha no universo da gastronomia e da literatura - DABUS ARQUITETURA","robots":{"index":"index","follow":"follow","max-snippet":"max-snippet:-1","max-image-preview":"max-image-preview:large","max-video-preview":"max-video-preview:-1"},"canonical":"https:\/\/www.dabusarquitetura.com.br\/blog\/projeto-de-arquitetura-comercial-para-o-bar-verissimo-mergulha-no-universo-da-gastronomia-e-da-literatura\/","og_locale":"pt_BR","og_type":"article","og_title":"Projeto de Arquitetura Comercial para o Bar Ver\u00edssimo mergulha no universo da gastronomia e da literatura - DABUS ARQUITETURA","og_description":"Toda a inspira\u00e7\u00e3o que faz parte do conceito do Bar Ver\u00edssimo ganhou novos tra\u00e7os com os ambientes projetados pela DABUS ARQUITETURA em um projeto de [&hellip;]","og_url":"https:\/\/www.dabusarquitetura.com.br\/blog\/projeto-de-arquitetura-comercial-para-o-bar-verissimo-mergulha-no-universo-da-gastronomia-e-da-literatura\/","og_site_name":"DABUS ARQUITETURA","article_published_time":"2011-08-10T10:00:39+00:00","article_modified_time":"2022-07-26T14:31:24+00:00","author":"heloisa.dabus","twitter_card":"summary_large_image","twitter_misc":{"Escrito por":"heloisa.dabus","Est. tempo de leitura":"1 minuto"},"schema":{"@context":"https:\/\/schema.org","@graph":[{"@type":"WebPage","@id":"https:\/\/www.dabusarquitetura.com.br\/blog\/projeto-de-arquitetura-comercial-para-o-bar-verissimo-mergulha-no-universo-da-gastronomia-e-da-literatura\/","url":"https:\/\/www.dabusarquitetura.com.br\/blog\/projeto-de-arquitetura-comercial-para-o-bar-verissimo-mergulha-no-universo-da-gastronomia-e-da-literatura\/","name":"Projeto de Arquitetura Comercial para o Bar Ver\u00edssimo mergulha no universo da gastronomia e da literatura - DABUS ARQUITETURA","isPartOf":{"@id":"https:\/\/www.dabusarquitetura.com.br\/blog\/#website"},"datePublished":"2011-08-10T10:00:39+00:00","dateModified":"2022-07-26T14:31:24+00:00","author":{"@id":"https:\/\/www.dabusarquitetura.com.br\/blog\/#\/schema\/person\/978b78d74759412a1cd43634996237c4"},"breadcrumb":{"@id":"https:\/\/www.dabusarquitetura.com.br\/blog\/projeto-de-arquitetura-comercial-para-o-bar-verissimo-mergulha-no-universo-da-gastronomia-e-da-literatura\/#breadcrumb"},"inLanguage":"pt-BR","potentialAction":[{"@type":"ReadAction","target":["https:\/\/www.dabusarquitetura.com.br\/blog\/projeto-de-arquitetura-comercial-para-o-bar-verissimo-mergulha-no-universo-da-gastronomia-e-da-literatura\/"]}]},{"@type":"BreadcrumbList","@id":"https:\/\/www.dabusarquitetura.com.br\/blog\/projeto-de-arquitetura-comercial-para-o-bar-verissimo-mergulha-no-universo-da-gastronomia-e-da-literatura\/#breadcrumb","itemListElement":[{"@type":"ListItem","position":1,"name":"In\u00edcio","item":"https:\/\/www.dabusarquitetura.com.br\/blog\/"},{"@type":"ListItem","position":2,"name":"Projeto de Arquitetura Comercial para o Bar Ver\u00edssimo mergulha no universo da gastronomia e da literatura"}]},{"@type":"WebSite","@id":"https:\/\/www.dabusarquitetura.com.br\/blog\/#website","url":"https:\/\/www.dabusarquitetura.com.br\/blog\/","name":"DABUS ARQUITETURA","description":"Arquitetura Corporativa","potentialAction":[{"@type":"SearchAction","target":{"@type":"EntryPoint","urlTemplate":"https:\/\/www.dabusarquitetura.com.br\/blog\/?s={search_term_string}"},"query-input":"required name=search_term_string"}],"inLanguage":"pt-BR"},{"@type":"Person","@id":"https:\/\/www.dabusarquitetura.com.br\/blog\/#\/schema\/person\/978b78d74759412a1cd43634996237c4","name":"heloisa.dabus","image":{"@type":"ImageObject","inLanguage":"pt-BR","@id":"https:\/\/www.dabusarquitetura.com.br\/blog\/#\/schema\/person\/image\/","url":"https:\/\/secure.gravatar.com\/avatar\/4078f4f8e54fb70a99a5e9edc642ecb1?s=96&d=mm&r=g","contentUrl":"https:\/\/secure.gravatar.com\/avatar\/4078f4f8e54fb70a99a5e9edc642ecb1?s=96&d=mm&r=g","caption":"heloisa.dabus"},"url":"https:\/\/www.dabusarquitetura.com.br\/blog\/author\/heloisa-dabus\/"}]}},"_links":{"self":[{"href":"https:\/\/www.dabusarquitetura.com.br\/blog\/wp-json\/wp\/v2\/posts\/4568"}],"collection":[{"href":"https:\/\/www.dabusarquitetura.com.br\/blog\/wp-json\/wp\/v2\/posts"}],"about":[{"href":"https:\/\/www.dabusarquitetura.com.br\/blog\/wp-json\/wp\/v2\/types\/post"}],"author":[{"embeddable":true,"href":"https:\/\/www.dabusarquitetura.com.br\/blog\/wp-json\/wp\/v2\/users\/3"}],"replies":[{"embeddable":true,"href":"https:\/\/www.dabusarquitetura.com.br\/blog\/wp-json\/wp\/v2\/comments?post=4568"}],"version-history":[{"count":1,"href":"https:\/\/www.dabusarquitetura.com.br\/blog\/wp-json\/wp\/v2\/posts\/4568\/revisions"}],"predecessor-version":[{"id":16212,"href":"https:\/\/www.dabusarquitetura.com.br\/blog\/wp-json\/wp\/v2\/posts\/4568\/revisions\/16212"}],"wp:attachment":[{"href":"https:\/\/www.dabusarquitetura.com.br\/blog\/wp-json\/wp\/v2\/media?parent=4568"}],"wp:term":[{"taxonomy":"category","embeddable":true,"href":"https:\/\/www.dabusarquitetura.com.br\/blog\/wp-json\/wp\/v2\/categories?post=4568"},{"taxonomy":"post_tag","embeddable":true,"href":"https:\/\/www.dabusarquitetura.com.br\/blog\/wp-json\/wp\/v2\/tags?post=4568"}],"curies":[{"name":"wp","href":"https:\/\/api.w.org\/{rel}","templated":true}]}}