{"id":4207,"date":"2011-06-22T10:00:13","date_gmt":"2011-06-22T10:00:13","guid":{"rendered":"http:\/\/www.dabus.com.br\/blog\/?p=4207"},"modified":"2022-07-26T17:29:00","modified_gmt":"2022-07-26T14:29:00","slug":"arquitetura-comercial-solucoes-na-medida-certa-para-o-seu-negocio","status":"publish","type":"post","link":"https:\/\/www.dabusarquitetura.com.br\/blog\/arquitetura-comercial-solucoes-na-medida-certa-para-o-seu-negocio\/","title":{"rendered":"Arquitetura Comercial: Solu\u00e7\u00f5es na medida certa para o seu neg\u00f3cio"},"content":{"rendered":"<p><strong>Receber, atender e acomodar bem o cliente <\/strong>nunca foram fatores t\u00e3o importantes quanto s\u00e3o hoje. Apresentar um <strong>ambiente harm\u00f4nico, confort\u00e1vel e com estilo <\/strong>s\u00e3o quest\u00f5es fundamentais para causar uma boa impress\u00e3o e <strong>otimizar as vendas.<\/strong><\/p>\n<p><strong>As cores, as formas, o mobili\u00e1rio, os equipamentos, a climatiza\u00e7\u00e3o,<\/strong> tudo deve estar de acordo com a <strong>personalidade da marca <\/strong>e com o<strong> perfil do p\u00fablico que se pretende conquistar.<\/strong> Por este motivo \u00e9 mais que recomend\u00e1vel que o projeto de<strong> <a title=\"Dabus Arquitetura - Arquitetura Comercial\" href=\"http:\/\/www.dabusarquitetura.com.br\/site\/arquitetura-comercial\" target=\"_blank\" rel=\"noopener noreferrer\">Arquitetura Comercial<\/a> <\/strong>esteja alinhado com a <strong>estrat\u00e9gia de Marketing da empresa.<\/strong><\/p>\n<p style=\"text-align: center;\"><strong><a href=\"http:\/\/www.dabusarquitetura.com.br\/site\/arquitetura\/publicacoes\" target=\"_blank\" rel=\"noopener noreferrer\"><img decoding=\"async\" loading=\"lazy\" class=\"size-full wp-image-4229 aligncenter\" title=\"Arquitetura Corporativa - Padaria Trigo Dourado\" src=\"http:\/\/www.dabusarquitetura.com.br\/blog\/wp-content\/uploads\/2011\/06\/Arquitetura-Corporativa-Padaria-Trigo-Dourado1.jpg\" alt=\"\" width=\"462\" height=\"246\" srcset=\"https:\/\/www.dabusarquitetura.com.br\/blog\/wp-content\/uploads\/2011\/06\/Arquitetura-Corporativa-Padaria-Trigo-Dourado1.jpg 471w, https:\/\/www.dabusarquitetura.com.br\/blog\/wp-content\/uploads\/2011\/06\/Arquitetura-Corporativa-Padaria-Trigo-Dourado1-300x159.jpg 300w\" sizes=\"(max-width: 462px) 100vw, 462px\" \/><\/a><br \/>\n<\/strong><\/p>\n<p>A imagem acima \u00e9 de um projeto para a \u00e1rea comercial da<strong> <a title=\"Quem Somos\" href=\"http:\/\/www.dabusarquitetura.com.br\/blog\/quem-somos\/\" target=\"_self\" rel=\"noopener noreferrer\">DABUS ARQUITETURA<\/a>,<\/strong> mais especificamente um <strong>projeto de reforma <\/strong>para a padaria <strong><a title=\"otrigodourado.com.br\" href=\"http:\/\/www.otrigodourado.com.br\/\" target=\"_blank\" rel=\"noopener noreferrer\">O Trigo Dourado<\/a><\/strong>, de Ouro Preto\/MG.<\/p>\n<p>Conforme o pedido do cliente, <strong>o ambiente foi modernizado, ficando mais claro e organizado,<\/strong> mas <strong>sem abrir m\u00e3o dos m\u00f3veis em madeira r\u00fastica,<\/strong> que s\u00e3o respons\u00e1veis por compor o estilo da padaria.<\/p>\n<blockquote><p>&#8220;Gostaria de modernizar o ambiente e criar um <strong>espa\u00e7o para refei\u00e7\u00e3o no  local,<\/strong> como por exemplo, um rod\u00edzio de pizza e de sopa. Para isso,  queria que <strong>fosse utilizada a \u00e1rea do mezanino<\/strong>&#8221; &#8211; Vera Contijo.<\/p><\/blockquote>\n<p>Falando sobre o trabalho,<strong> Heloisa Dabus<\/strong> conta em uma <strong><a title=\"Saiba mais!\" href=\"http:\/\/www.dabusarquitetura.com.br\/site\/arquitetura\/publicacoes\" target=\"_blank\" rel=\"noopener noreferrer\">mat\u00e9ria da revista Mais Varejo<\/a><\/strong>:<strong> <\/strong>&#8220;no mezanino, aplicamos na parede uma<strong> estampa personalizada,<\/strong> em adesivo de papel vin\u00edlico, e criamos dois espa\u00e7os: um <strong><em>lounge <\/em>de espera e um restaurante com capacidade para 108 pessoas sentadas<\/strong>&#8220;.<\/p>\n<p style=\"text-align: center;\"><a href=\"http:\/\/www.dabusarquitetura.com.br\/site\/arquitetura\/publicacoes\" target=\"_blank\" rel=\"noopener noreferrer\"><img decoding=\"async\" loading=\"lazy\" class=\"size-full wp-image-4238 aligncenter\" title=\"Arquitetura Corporativa - Mezanino Padaria Trigo Dourado\" src=\"http:\/\/www.dabusarquitetura.com.br\/blog\/wp-content\/uploads\/2011\/06\/Arquitetura-Corporativa-Mezanino-Padaria-Trigo-Dourado.jpg\" alt=\"\" width=\"463\" height=\"250\" srcset=\"https:\/\/www.dabusarquitetura.com.br\/blog\/wp-content\/uploads\/2011\/06\/Arquitetura-Corporativa-Mezanino-Padaria-Trigo-Dourado.jpg 463w, https:\/\/www.dabusarquitetura.com.br\/blog\/wp-content\/uploads\/2011\/06\/Arquitetura-Corporativa-Mezanino-Padaria-Trigo-Dourado-300x161.jpg 300w\" sizes=\"(max-width: 463px) 100vw, 463px\" \/><\/a><\/p>\n<p><strong>Um bom projeto de Arquitetura Comercial deve falar por si mesmo,<\/strong> afirmando a marca em cada detalhe e definindo as fun\u00e7\u00f5es de modo claro e objetivo.<\/p>\n<p>Confira a seguir alguns trabalhos da <strong>DABUS ARQUITETURA<\/strong> para esta \u00e1rea e <a title=\"Clique aqui!\" href=\"http:\/\/www.dabusarquitetura.com.br\/blog\/fale-conosco\/\" target=\"_self\" rel=\"noopener noreferrer\"><strong>entre em contato conosco<\/strong><\/a> para saber como podemos te atender. Porque<strong> inova\u00e7\u00e3o e excel\u00eancia s\u00e3o fundamentais&#8230;<\/strong><\/p>\n<p><iframe loading=\"lazy\" src=\"http:\/\/www.youtube.com\/embed\/YfSGtG38H7s?rel=0\" allowfullscreen=\"\" width=\"425\" height=\"349\" frameborder=\"0\"><\/iframe><\/p>\n","protected":false},"excerpt":{"rendered":"<p>Receber, atender e acomodar bem o cliente nunca foram fatores t\u00e3o importantes quanto s\u00e3o hoje. Apresentar um ambiente harm\u00f4nico, confort\u00e1vel e com estilo s\u00e3o quest\u00f5es [&hellip;]<\/p>\n","protected":false},"author":3,"featured_media":0,"comment_status":"open","ping_status":"open","sticky":false,"template":"","format":"standard","meta":[],"categories":[6,93],"tags":[272,191,148,38,47,36],"yoast_head":"<!-- This site is optimized with the Yoast SEO plugin v20.8 - https:\/\/yoast.com\/wordpress\/plugins\/seo\/ -->\n<title>Arquitetura Comercial: Solu\u00e7\u00f5es na medida certa para o seu neg\u00f3cio - DABUS ARQUITETURA<\/title>\n<meta name=\"robots\" content=\"index, follow, max-snippet:-1, max-image-preview:large, max-video-preview:-1\" \/>\n<link rel=\"canonical\" href=\"https:\/\/www.dabusarquitetura.com.br\/blog\/arquitetura-comercial-solucoes-na-medida-certa-para-o-seu-negocio\/\" \/>\n<meta property=\"og:locale\" content=\"pt_BR\" \/>\n<meta property=\"og:type\" content=\"article\" \/>\n<meta property=\"og:title\" content=\"Arquitetura Comercial: Solu\u00e7\u00f5es na medida certa para o seu neg\u00f3cio - DABUS ARQUITETURA\" \/>\n<meta property=\"og:description\" content=\"Receber, atender e acomodar bem o cliente nunca foram fatores t\u00e3o importantes quanto s\u00e3o hoje. Apresentar um ambiente harm\u00f4nico, confort\u00e1vel e com estilo s\u00e3o quest\u00f5es [&hellip;]\" \/>\n<meta property=\"og:url\" content=\"https:\/\/www.dabusarquitetura.com.br\/blog\/arquitetura-comercial-solucoes-na-medida-certa-para-o-seu-negocio\/\" \/>\n<meta property=\"og:site_name\" content=\"DABUS ARQUITETURA\" \/>\n<meta property=\"article:published_time\" content=\"2011-06-22T10:00:13+00:00\" \/>\n<meta property=\"article:modified_time\" content=\"2022-07-26T14:29:00+00:00\" \/>\n<meta property=\"og:image\" content=\"http:\/\/www.dabusarquitetura.com.br\/blog\/wp-content\/uploads\/2011\/06\/Arquitetura-Corporativa-Padaria-Trigo-Dourado1.jpg\" \/>\n<meta name=\"author\" content=\"heloisa.dabus\" \/>\n<meta name=\"twitter:card\" content=\"summary_large_image\" \/>\n<meta name=\"twitter:label1\" content=\"Escrito por\" \/>\n\t<meta name=\"twitter:data1\" content=\"heloisa.dabus\" \/>\n\t<meta name=\"twitter:label2\" content=\"Est. tempo de leitura\" \/>\n\t<meta name=\"twitter:data2\" content=\"2 minutos\" \/>\n<script type=\"application\/ld+json\" class=\"yoast-schema-graph\">{\"@context\":\"https:\/\/schema.org\",\"@graph\":[{\"@type\":\"WebPage\",\"@id\":\"https:\/\/www.dabusarquitetura.com.br\/blog\/arquitetura-comercial-solucoes-na-medida-certa-para-o-seu-negocio\/\",\"url\":\"https:\/\/www.dabusarquitetura.com.br\/blog\/arquitetura-comercial-solucoes-na-medida-certa-para-o-seu-negocio\/\",\"name\":\"Arquitetura Comercial: Solu\u00e7\u00f5es na medida certa para o seu neg\u00f3cio - DABUS ARQUITETURA\",\"isPartOf\":{\"@id\":\"https:\/\/www.dabusarquitetura.com.br\/blog\/#website\"},\"datePublished\":\"2011-06-22T10:00:13+00:00\",\"dateModified\":\"2022-07-26T14:29:00+00:00\",\"author\":{\"@id\":\"https:\/\/www.dabusarquitetura.com.br\/blog\/#\/schema\/person\/978b78d74759412a1cd43634996237c4\"},\"breadcrumb\":{\"@id\":\"https:\/\/www.dabusarquitetura.com.br\/blog\/arquitetura-comercial-solucoes-na-medida-certa-para-o-seu-negocio\/#breadcrumb\"},\"inLanguage\":\"pt-BR\",\"potentialAction\":[{\"@type\":\"ReadAction\",\"target\":[\"https:\/\/www.dabusarquitetura.com.br\/blog\/arquitetura-comercial-solucoes-na-medida-certa-para-o-seu-negocio\/\"]}]},{\"@type\":\"BreadcrumbList\",\"@id\":\"https:\/\/www.dabusarquitetura.com.br\/blog\/arquitetura-comercial-solucoes-na-medida-certa-para-o-seu-negocio\/#breadcrumb\",\"itemListElement\":[{\"@type\":\"ListItem\",\"position\":1,\"name\":\"In\u00edcio\",\"item\":\"https:\/\/www.dabusarquitetura.com.br\/blog\/\"},{\"@type\":\"ListItem\",\"position\":2,\"name\":\"Arquitetura Comercial: Solu\u00e7\u00f5es na medida certa para o seu neg\u00f3cio\"}]},{\"@type\":\"WebSite\",\"@id\":\"https:\/\/www.dabusarquitetura.com.br\/blog\/#website\",\"url\":\"https:\/\/www.dabusarquitetura.com.br\/blog\/\",\"name\":\"DABUS ARQUITETURA\",\"description\":\"Arquitetura Corporativa\",\"potentialAction\":[{\"@type\":\"SearchAction\",\"target\":{\"@type\":\"EntryPoint\",\"urlTemplate\":\"https:\/\/www.dabusarquitetura.com.br\/blog\/?s={search_term_string}\"},\"query-input\":\"required name=search_term_string\"}],\"inLanguage\":\"pt-BR\"},{\"@type\":\"Person\",\"@id\":\"https:\/\/www.dabusarquitetura.com.br\/blog\/#\/schema\/person\/978b78d74759412a1cd43634996237c4\",\"name\":\"heloisa.dabus\",\"image\":{\"@type\":\"ImageObject\",\"inLanguage\":\"pt-BR\",\"@id\":\"https:\/\/www.dabusarquitetura.com.br\/blog\/#\/schema\/person\/image\/\",\"url\":\"https:\/\/secure.gravatar.com\/avatar\/4078f4f8e54fb70a99a5e9edc642ecb1?s=96&d=mm&r=g\",\"contentUrl\":\"https:\/\/secure.gravatar.com\/avatar\/4078f4f8e54fb70a99a5e9edc642ecb1?s=96&d=mm&r=g\",\"caption\":\"heloisa.dabus\"},\"url\":\"https:\/\/www.dabusarquitetura.com.br\/blog\/author\/heloisa-dabus\/\"}]}<\/script>\n<!-- \/ Yoast SEO plugin. -->","yoast_head_json":{"title":"Arquitetura Comercial: Solu\u00e7\u00f5es na medida certa para o seu neg\u00f3cio - DABUS ARQUITETURA","robots":{"index":"index","follow":"follow","max-snippet":"max-snippet:-1","max-image-preview":"max-image-preview:large","max-video-preview":"max-video-preview:-1"},"canonical":"https:\/\/www.dabusarquitetura.com.br\/blog\/arquitetura-comercial-solucoes-na-medida-certa-para-o-seu-negocio\/","og_locale":"pt_BR","og_type":"article","og_title":"Arquitetura Comercial: Solu\u00e7\u00f5es na medida certa para o seu neg\u00f3cio - DABUS ARQUITETURA","og_description":"Receber, atender e acomodar bem o cliente nunca foram fatores t\u00e3o importantes quanto s\u00e3o hoje. Apresentar um ambiente harm\u00f4nico, confort\u00e1vel e com estilo s\u00e3o quest\u00f5es [&hellip;]","og_url":"https:\/\/www.dabusarquitetura.com.br\/blog\/arquitetura-comercial-solucoes-na-medida-certa-para-o-seu-negocio\/","og_site_name":"DABUS ARQUITETURA","article_published_time":"2011-06-22T10:00:13+00:00","article_modified_time":"2022-07-26T14:29:00+00:00","og_image":[{"url":"http:\/\/www.dabusarquitetura.com.br\/blog\/wp-content\/uploads\/2011\/06\/Arquitetura-Corporativa-Padaria-Trigo-Dourado1.jpg"}],"author":"heloisa.dabus","twitter_card":"summary_large_image","twitter_misc":{"Escrito por":"heloisa.dabus","Est. tempo de leitura":"2 minutos"},"schema":{"@context":"https:\/\/schema.org","@graph":[{"@type":"WebPage","@id":"https:\/\/www.dabusarquitetura.com.br\/blog\/arquitetura-comercial-solucoes-na-medida-certa-para-o-seu-negocio\/","url":"https:\/\/www.dabusarquitetura.com.br\/blog\/arquitetura-comercial-solucoes-na-medida-certa-para-o-seu-negocio\/","name":"Arquitetura Comercial: Solu\u00e7\u00f5es na medida certa para o seu neg\u00f3cio - DABUS ARQUITETURA","isPartOf":{"@id":"https:\/\/www.dabusarquitetura.com.br\/blog\/#website"},"datePublished":"2011-06-22T10:00:13+00:00","dateModified":"2022-07-26T14:29:00+00:00","author":{"@id":"https:\/\/www.dabusarquitetura.com.br\/blog\/#\/schema\/person\/978b78d74759412a1cd43634996237c4"},"breadcrumb":{"@id":"https:\/\/www.dabusarquitetura.com.br\/blog\/arquitetura-comercial-solucoes-na-medida-certa-para-o-seu-negocio\/#breadcrumb"},"inLanguage":"pt-BR","potentialAction":[{"@type":"ReadAction","target":["https:\/\/www.dabusarquitetura.com.br\/blog\/arquitetura-comercial-solucoes-na-medida-certa-para-o-seu-negocio\/"]}]},{"@type":"BreadcrumbList","@id":"https:\/\/www.dabusarquitetura.com.br\/blog\/arquitetura-comercial-solucoes-na-medida-certa-para-o-seu-negocio\/#breadcrumb","itemListElement":[{"@type":"ListItem","position":1,"name":"In\u00edcio","item":"https:\/\/www.dabusarquitetura.com.br\/blog\/"},{"@type":"ListItem","position":2,"name":"Arquitetura Comercial: Solu\u00e7\u00f5es na medida certa para o seu neg\u00f3cio"}]},{"@type":"WebSite","@id":"https:\/\/www.dabusarquitetura.com.br\/blog\/#website","url":"https:\/\/www.dabusarquitetura.com.br\/blog\/","name":"DABUS ARQUITETURA","description":"Arquitetura Corporativa","potentialAction":[{"@type":"SearchAction","target":{"@type":"EntryPoint","urlTemplate":"https:\/\/www.dabusarquitetura.com.br\/blog\/?s={search_term_string}"},"query-input":"required name=search_term_string"}],"inLanguage":"pt-BR"},{"@type":"Person","@id":"https:\/\/www.dabusarquitetura.com.br\/blog\/#\/schema\/person\/978b78d74759412a1cd43634996237c4","name":"heloisa.dabus","image":{"@type":"ImageObject","inLanguage":"pt-BR","@id":"https:\/\/www.dabusarquitetura.com.br\/blog\/#\/schema\/person\/image\/","url":"https:\/\/secure.gravatar.com\/avatar\/4078f4f8e54fb70a99a5e9edc642ecb1?s=96&d=mm&r=g","contentUrl":"https:\/\/secure.gravatar.com\/avatar\/4078f4f8e54fb70a99a5e9edc642ecb1?s=96&d=mm&r=g","caption":"heloisa.dabus"},"url":"https:\/\/www.dabusarquitetura.com.br\/blog\/author\/heloisa-dabus\/"}]}},"_links":{"self":[{"href":"https:\/\/www.dabusarquitetura.com.br\/blog\/wp-json\/wp\/v2\/posts\/4207"}],"collection":[{"href":"https:\/\/www.dabusarquitetura.com.br\/blog\/wp-json\/wp\/v2\/posts"}],"about":[{"href":"https:\/\/www.dabusarquitetura.com.br\/blog\/wp-json\/wp\/v2\/types\/post"}],"author":[{"embeddable":true,"href":"https:\/\/www.dabusarquitetura.com.br\/blog\/wp-json\/wp\/v2\/users\/3"}],"replies":[{"embeddable":true,"href":"https:\/\/www.dabusarquitetura.com.br\/blog\/wp-json\/wp\/v2\/comments?post=4207"}],"version-history":[{"count":1,"href":"https:\/\/www.dabusarquitetura.com.br\/blog\/wp-json\/wp\/v2\/posts\/4207\/revisions"}],"predecessor-version":[{"id":16202,"href":"https:\/\/www.dabusarquitetura.com.br\/blog\/wp-json\/wp\/v2\/posts\/4207\/revisions\/16202"}],"wp:attachment":[{"href":"https:\/\/www.dabusarquitetura.com.br\/blog\/wp-json\/wp\/v2\/media?parent=4207"}],"wp:term":[{"taxonomy":"category","embeddable":true,"href":"https:\/\/www.dabusarquitetura.com.br\/blog\/wp-json\/wp\/v2\/categories?post=4207"},{"taxonomy":"post_tag","embeddable":true,"href":"https:\/\/www.dabusarquitetura.com.br\/blog\/wp-json\/wp\/v2\/tags?post=4207"}],"curies":[{"name":"wp","href":"https:\/\/api.w.org\/{rel}","templated":true}]}}