{"id":4098,"date":"2011-06-08T13:19:01","date_gmt":"2011-06-08T13:19:01","guid":{"rendered":"http:\/\/www.dabus.com.br\/blog\/?p=4098"},"modified":"2022-07-26T17:28:28","modified_gmt":"2022-07-26T14:28:28","slug":"as-especialidades-da-arquitetura-em-favor-do-projeto-ideal-i","status":"publish","type":"post","link":"https:\/\/www.dabusarquitetura.com.br\/blog\/as-especialidades-da-arquitetura-em-favor-do-projeto-ideal-i\/","title":{"rendered":"As especialidades da Arquitetura em favor do projeto ideal &#8211; I"},"content":{"rendered":"<p>Vivemos em um <strong>mundo extremamente din\u00e2mico,<\/strong> onde a<strong> informa\u00e7\u00e3o \u00e1gil e diversificada<\/strong> faz cada vez mais parte de nosso cotidiano, assim como os <strong>equipamentos diferenciados<\/strong> que trazem a tecnologia em favor de nossas necessidades.<\/p>\n<p>As empresas dos mais variados segmentos procuram entender <strong>&#8220;o novo consumidor&#8221;, <\/strong>buscando oferecer <strong>solu\u00e7\u00f5es que nos atendam em nossas particularidades, <\/strong>valorizando o<strong> &#8220;personalizado&#8221; <\/strong>e o<strong> &#8220;exclusivo&#8221; <\/strong>como caracter\u00edsticas fundamentais para a nossa satisfa\u00e7\u00e3o.<strong> <\/strong><\/p>\n<p>De fato, n\u00f3s nunca estivemos t\u00e3o exigentes&#8230;<\/p>\n<p>Visando facilitar nossas tarefas, atender nossas prefer\u00eancias e proporcionar-nos maior comodidade e funcionalidade superior, a <strong>Arquitetura <\/strong>tamb\u00e9m passou a focar solu\u00e7\u00f5es diferenciadas,<strong> feitas sob medida para cada necessidade.<\/strong><\/p>\n<p><strong>Os projetos contempor\u00e2neos est\u00e3o totalmente voltados para promover uma melhor qualidade de vida,<\/strong> trazendo sempre as formas, a ambienta\u00e7\u00e3o e o estilo com prop\u00f3sitos muito bem definidos.<strong> <\/strong><\/p>\n<p>A partir de hoje voc\u00ea poder\u00e1 conhecer um pouco sobre as <strong>diferentes especialidades da Arquitetura,<\/strong> identificando qual delas \u00e9 a ideal para o seu caso.<\/p>\n<p>A seguir falaremos sobre a <strong><a title=\"Dabus Arquitetura - Arquitetura Residencial\" href=\"http:\/\/www.dabusarquitetura.com.br\/site\/arquitetura-residencial\" target=\"_blank\" rel=\"noopener noreferrer\">Arquitetura Residencial<\/a> <\/strong>e sobre a <strong><a title=\"Dabus Arquitetura - Arquitetura Comercial\" href=\"..\/..\/site\/arquitetura-comercial\" target=\"_blank\" rel=\"noopener noreferrer\"><strong>Arquitetura Comercial<\/strong><\/a><\/strong>, dando continuidade ao assunto na pr\u00f3xima semana&#8230;<\/p>\n<h2>Arquitetura Residencial<\/h2>\n<p style=\"text-align: center;\"><a title=\"Dabus Arquitetura - Arquitetura Residencial\" href=\"http:\/\/www.dabusarquitetura.com.br\/site\/arquitetura-residencial\" target=\"_blank\" rel=\"noopener noreferrer\"><img decoding=\"async\" loading=\"lazy\" class=\"size-full wp-image-4158 aligncenter\" title=\"Dabus Arquitetura - Projetos de Arquitetura de Residencial\" src=\"http:\/\/www.dabusarquitetura.com.br\/blog\/wp-content\/uploads\/2011\/06\/Dabus-Arquitetura-Projetos-de-Arquitetura-de-Residencial.bmp\" alt=\"\" width=\"460\" height=\"115\"><\/a><\/p>\n<p>O dia a dia, as particularidades, o ritmo e o <strong>estilo de vida de cada fam\u00edlia<\/strong> (ou que seja de uma \u00fanica pessoa) formam a base para a cria\u00e7\u00e3o de um <strong>Projeto Residencial bem sucedido.<\/strong><\/p>\n<p>A ambienta\u00e7\u00e3o com sua<strong> ilumina\u00e7\u00e3o e cores pr\u00f3prias,<\/strong> com seu <strong>mobili\u00e1rio, materiais e decora\u00e7\u00e3o, <\/strong>\u00e9 o tempo todo pensada para promover uma<strong> utiliza\u00e7\u00e3o mais proveitosa dos espa\u00e7os,<\/strong> nos quais as rela\u00e7\u00f5es ser\u00e3o o tempo todo constru\u00eddas.<\/p>\n<p><strong>Os gostos de cada pessoa tamb\u00e9m s\u00e3o valorizados, <\/strong>trazendo nos detalhes solu\u00e7\u00f5es que fazem toda a diferen\u00e7a.<\/p>\n<h2>Arquitetura Comercial<\/h2>\n<p style=\"text-align: center;\"><a title=\"Dabus Arquitetura - Arquitetura Comercial\" href=\"http:\/\/www.dabusarquitetura.com.br\/site\/arquitetura-comercial\" target=\"_blank\" rel=\"noopener noreferrer\"><img decoding=\"async\" loading=\"lazy\" class=\"size-full wp-image-4157 aligncenter\" title=\"Dabus Arquitetura - Projetos de Arquitetura Comercial\" src=\"http:\/\/www.dabusarquitetura.com.br\/blog\/wp-content\/uploads\/2011\/06\/Dabus-Arquitetura-Projetos-de-Arquitetura-Comercial.bmp\" alt=\"\" width=\"457\" height=\"115\"><\/a><\/p>\n<p><strong>Transmitir credibilidade, bom gosto e estilo pr\u00f3prio <\/strong>\u00e9 uma das principais miss\u00f5es da <strong>Arquitetura Comercial. <\/strong><\/p>\n<p>Com <em>design <\/em>personalizado e cores adequadas, tanto a fachada quanto os ambientes devem ser projetados <strong>de acordo com a estrat\u00e9gia de Marketing<\/strong> do neg\u00f3cio, <strong>fortalecendo, preservando<\/strong> ou at\u00e9 mesmo<strong> criando uma imagem adequada que seja capaz de otimizar as vendas.<br \/>\n<\/strong><\/p>\n<h2>Quer saber mais?<\/h2>\n<p>Acompanhe o blog da <strong><a title=\"Quem Somos\" href=\"..\/quem-somos\/\" target=\"_self\" rel=\"noopener noreferrer\">DABUS ARQUITETURA.<\/a><\/strong> Na semana que vem voc\u00ea vai saber um pouco mais sobre os <strong>diferentes tipos de Arquitetura.<\/strong><\/p>\n<p>At\u00e9 l\u00e1!<\/p>\n","protected":false},"excerpt":{"rendered":"<p>Vivemos em um mundo extremamente din\u00e2mico, onde a informa\u00e7\u00e3o \u00e1gil e diversificada faz cada vez mais parte de nosso cotidiano, assim como os equipamentos diferenciados [&hellip;]<\/p>\n","protected":false},"author":3,"featured_media":0,"comment_status":"open","ping_status":"open","sticky":false,"template":"","format":"standard","meta":[],"categories":[6,9],"tags":[272,275,38,68],"yoast_head":"<!-- This site is optimized with the Yoast SEO plugin v20.8 - https:\/\/yoast.com\/wordpress\/plugins\/seo\/ -->\n<title>As especialidades da Arquitetura em favor do projeto ideal - I - DABUS ARQUITETURA<\/title>\n<meta name=\"robots\" content=\"index, follow, max-snippet:-1, max-image-preview:large, max-video-preview:-1\" \/>\n<link rel=\"canonical\" href=\"https:\/\/www.dabusarquitetura.com.br\/blog\/as-especialidades-da-arquitetura-em-favor-do-projeto-ideal-i\/\" \/>\n<meta property=\"og:locale\" content=\"pt_BR\" \/>\n<meta property=\"og:type\" content=\"article\" \/>\n<meta property=\"og:title\" content=\"As especialidades da Arquitetura em favor do projeto ideal - I - DABUS ARQUITETURA\" \/>\n<meta property=\"og:description\" content=\"Vivemos em um mundo extremamente din\u00e2mico, onde a informa\u00e7\u00e3o \u00e1gil e diversificada faz cada vez mais parte de nosso cotidiano, assim como os equipamentos diferenciados [&hellip;]\" \/>\n<meta property=\"og:url\" content=\"https:\/\/www.dabusarquitetura.com.br\/blog\/as-especialidades-da-arquitetura-em-favor-do-projeto-ideal-i\/\" \/>\n<meta property=\"og:site_name\" content=\"DABUS ARQUITETURA\" \/>\n<meta property=\"article:published_time\" content=\"2011-06-08T13:19:01+00:00\" \/>\n<meta property=\"article:modified_time\" content=\"2022-07-26T14:28:28+00:00\" \/>\n<meta property=\"og:image\" content=\"http:\/\/www.dabusarquitetura.com.br\/blog\/wp-content\/uploads\/2011\/06\/Dabus-Arquitetura-Projetos-de-Arquitetura-de-Residencial.bmp\" \/>\n<meta name=\"author\" content=\"heloisa.dabus\" \/>\n<meta name=\"twitter:card\" content=\"summary_large_image\" \/>\n<meta name=\"twitter:label1\" content=\"Escrito por\" \/>\n\t<meta name=\"twitter:data1\" content=\"heloisa.dabus\" \/>\n\t<meta name=\"twitter:label2\" content=\"Est. tempo de leitura\" \/>\n\t<meta name=\"twitter:data2\" content=\"2 minutos\" \/>\n<script type=\"application\/ld+json\" class=\"yoast-schema-graph\">{\"@context\":\"https:\/\/schema.org\",\"@graph\":[{\"@type\":\"WebPage\",\"@id\":\"https:\/\/www.dabusarquitetura.com.br\/blog\/as-especialidades-da-arquitetura-em-favor-do-projeto-ideal-i\/\",\"url\":\"https:\/\/www.dabusarquitetura.com.br\/blog\/as-especialidades-da-arquitetura-em-favor-do-projeto-ideal-i\/\",\"name\":\"As especialidades da Arquitetura em favor do projeto ideal - I - DABUS ARQUITETURA\",\"isPartOf\":{\"@id\":\"https:\/\/www.dabusarquitetura.com.br\/blog\/#website\"},\"datePublished\":\"2011-06-08T13:19:01+00:00\",\"dateModified\":\"2022-07-26T14:28:28+00:00\",\"author\":{\"@id\":\"https:\/\/www.dabusarquitetura.com.br\/blog\/#\/schema\/person\/978b78d74759412a1cd43634996237c4\"},\"breadcrumb\":{\"@id\":\"https:\/\/www.dabusarquitetura.com.br\/blog\/as-especialidades-da-arquitetura-em-favor-do-projeto-ideal-i\/#breadcrumb\"},\"inLanguage\":\"pt-BR\",\"potentialAction\":[{\"@type\":\"ReadAction\",\"target\":[\"https:\/\/www.dabusarquitetura.com.br\/blog\/as-especialidades-da-arquitetura-em-favor-do-projeto-ideal-i\/\"]}]},{\"@type\":\"BreadcrumbList\",\"@id\":\"https:\/\/www.dabusarquitetura.com.br\/blog\/as-especialidades-da-arquitetura-em-favor-do-projeto-ideal-i\/#breadcrumb\",\"itemListElement\":[{\"@type\":\"ListItem\",\"position\":1,\"name\":\"In\u00edcio\",\"item\":\"https:\/\/www.dabusarquitetura.com.br\/blog\/\"},{\"@type\":\"ListItem\",\"position\":2,\"name\":\"As especialidades da Arquitetura em favor do projeto ideal &#8211; I\"}]},{\"@type\":\"WebSite\",\"@id\":\"https:\/\/www.dabusarquitetura.com.br\/blog\/#website\",\"url\":\"https:\/\/www.dabusarquitetura.com.br\/blog\/\",\"name\":\"DABUS ARQUITETURA\",\"description\":\"Arquitetura Corporativa\",\"potentialAction\":[{\"@type\":\"SearchAction\",\"target\":{\"@type\":\"EntryPoint\",\"urlTemplate\":\"https:\/\/www.dabusarquitetura.com.br\/blog\/?s={search_term_string}\"},\"query-input\":\"required name=search_term_string\"}],\"inLanguage\":\"pt-BR\"},{\"@type\":\"Person\",\"@id\":\"https:\/\/www.dabusarquitetura.com.br\/blog\/#\/schema\/person\/978b78d74759412a1cd43634996237c4\",\"name\":\"heloisa.dabus\",\"image\":{\"@type\":\"ImageObject\",\"inLanguage\":\"pt-BR\",\"@id\":\"https:\/\/www.dabusarquitetura.com.br\/blog\/#\/schema\/person\/image\/\",\"url\":\"https:\/\/secure.gravatar.com\/avatar\/4078f4f8e54fb70a99a5e9edc642ecb1?s=96&d=mm&r=g\",\"contentUrl\":\"https:\/\/secure.gravatar.com\/avatar\/4078f4f8e54fb70a99a5e9edc642ecb1?s=96&d=mm&r=g\",\"caption\":\"heloisa.dabus\"},\"url\":\"https:\/\/www.dabusarquitetura.com.br\/blog\/author\/heloisa-dabus\/\"}]}<\/script>\n<!-- \/ Yoast SEO plugin. -->","yoast_head_json":{"title":"As especialidades da Arquitetura em favor do projeto ideal - I - DABUS ARQUITETURA","robots":{"index":"index","follow":"follow","max-snippet":"max-snippet:-1","max-image-preview":"max-image-preview:large","max-video-preview":"max-video-preview:-1"},"canonical":"https:\/\/www.dabusarquitetura.com.br\/blog\/as-especialidades-da-arquitetura-em-favor-do-projeto-ideal-i\/","og_locale":"pt_BR","og_type":"article","og_title":"As especialidades da Arquitetura em favor do projeto ideal - I - DABUS ARQUITETURA","og_description":"Vivemos em um mundo extremamente din\u00e2mico, onde a informa\u00e7\u00e3o \u00e1gil e diversificada faz cada vez mais parte de nosso cotidiano, assim como os equipamentos diferenciados [&hellip;]","og_url":"https:\/\/www.dabusarquitetura.com.br\/blog\/as-especialidades-da-arquitetura-em-favor-do-projeto-ideal-i\/","og_site_name":"DABUS ARQUITETURA","article_published_time":"2011-06-08T13:19:01+00:00","article_modified_time":"2022-07-26T14:28:28+00:00","og_image":[{"url":"http:\/\/www.dabusarquitetura.com.br\/blog\/wp-content\/uploads\/2011\/06\/Dabus-Arquitetura-Projetos-de-Arquitetura-de-Residencial.bmp"}],"author":"heloisa.dabus","twitter_card":"summary_large_image","twitter_misc":{"Escrito por":"heloisa.dabus","Est. tempo de leitura":"2 minutos"},"schema":{"@context":"https:\/\/schema.org","@graph":[{"@type":"WebPage","@id":"https:\/\/www.dabusarquitetura.com.br\/blog\/as-especialidades-da-arquitetura-em-favor-do-projeto-ideal-i\/","url":"https:\/\/www.dabusarquitetura.com.br\/blog\/as-especialidades-da-arquitetura-em-favor-do-projeto-ideal-i\/","name":"As especialidades da Arquitetura em favor do projeto ideal - I - DABUS ARQUITETURA","isPartOf":{"@id":"https:\/\/www.dabusarquitetura.com.br\/blog\/#website"},"datePublished":"2011-06-08T13:19:01+00:00","dateModified":"2022-07-26T14:28:28+00:00","author":{"@id":"https:\/\/www.dabusarquitetura.com.br\/blog\/#\/schema\/person\/978b78d74759412a1cd43634996237c4"},"breadcrumb":{"@id":"https:\/\/www.dabusarquitetura.com.br\/blog\/as-especialidades-da-arquitetura-em-favor-do-projeto-ideal-i\/#breadcrumb"},"inLanguage":"pt-BR","potentialAction":[{"@type":"ReadAction","target":["https:\/\/www.dabusarquitetura.com.br\/blog\/as-especialidades-da-arquitetura-em-favor-do-projeto-ideal-i\/"]}]},{"@type":"BreadcrumbList","@id":"https:\/\/www.dabusarquitetura.com.br\/blog\/as-especialidades-da-arquitetura-em-favor-do-projeto-ideal-i\/#breadcrumb","itemListElement":[{"@type":"ListItem","position":1,"name":"In\u00edcio","item":"https:\/\/www.dabusarquitetura.com.br\/blog\/"},{"@type":"ListItem","position":2,"name":"As especialidades da Arquitetura em favor do projeto ideal &#8211; I"}]},{"@type":"WebSite","@id":"https:\/\/www.dabusarquitetura.com.br\/blog\/#website","url":"https:\/\/www.dabusarquitetura.com.br\/blog\/","name":"DABUS ARQUITETURA","description":"Arquitetura Corporativa","potentialAction":[{"@type":"SearchAction","target":{"@type":"EntryPoint","urlTemplate":"https:\/\/www.dabusarquitetura.com.br\/blog\/?s={search_term_string}"},"query-input":"required name=search_term_string"}],"inLanguage":"pt-BR"},{"@type":"Person","@id":"https:\/\/www.dabusarquitetura.com.br\/blog\/#\/schema\/person\/978b78d74759412a1cd43634996237c4","name":"heloisa.dabus","image":{"@type":"ImageObject","inLanguage":"pt-BR","@id":"https:\/\/www.dabusarquitetura.com.br\/blog\/#\/schema\/person\/image\/","url":"https:\/\/secure.gravatar.com\/avatar\/4078f4f8e54fb70a99a5e9edc642ecb1?s=96&d=mm&r=g","contentUrl":"https:\/\/secure.gravatar.com\/avatar\/4078f4f8e54fb70a99a5e9edc642ecb1?s=96&d=mm&r=g","caption":"heloisa.dabus"},"url":"https:\/\/www.dabusarquitetura.com.br\/blog\/author\/heloisa-dabus\/"}]}},"_links":{"self":[{"href":"https:\/\/www.dabusarquitetura.com.br\/blog\/wp-json\/wp\/v2\/posts\/4098"}],"collection":[{"href":"https:\/\/www.dabusarquitetura.com.br\/blog\/wp-json\/wp\/v2\/posts"}],"about":[{"href":"https:\/\/www.dabusarquitetura.com.br\/blog\/wp-json\/wp\/v2\/types\/post"}],"author":[{"embeddable":true,"href":"https:\/\/www.dabusarquitetura.com.br\/blog\/wp-json\/wp\/v2\/users\/3"}],"replies":[{"embeddable":true,"href":"https:\/\/www.dabusarquitetura.com.br\/blog\/wp-json\/wp\/v2\/comments?post=4098"}],"version-history":[{"count":1,"href":"https:\/\/www.dabusarquitetura.com.br\/blog\/wp-json\/wp\/v2\/posts\/4098\/revisions"}],"predecessor-version":[{"id":16200,"href":"https:\/\/www.dabusarquitetura.com.br\/blog\/wp-json\/wp\/v2\/posts\/4098\/revisions\/16200"}],"wp:attachment":[{"href":"https:\/\/www.dabusarquitetura.com.br\/blog\/wp-json\/wp\/v2\/media?parent=4098"}],"wp:term":[{"taxonomy":"category","embeddable":true,"href":"https:\/\/www.dabusarquitetura.com.br\/blog\/wp-json\/wp\/v2\/categories?post=4098"},{"taxonomy":"post_tag","embeddable":true,"href":"https:\/\/www.dabusarquitetura.com.br\/blog\/wp-json\/wp\/v2\/tags?post=4098"}],"curies":[{"name":"wp","href":"https:\/\/api.w.org\/{rel}","templated":true}]}}