{"id":3645,"date":"2011-04-13T10:00:45","date_gmt":"2011-04-13T10:00:45","guid":{"rendered":"http:\/\/www.dabus.com.br\/blog\/?p=3645"},"modified":"2022-07-26T17:16:36","modified_gmt":"2022-07-26T14:16:36","slug":"a-escolha-de-cadeiras-e-poltronas-para-o-ambiente-corporativo","status":"publish","type":"post","link":"https:\/\/www.dabusarquitetura.com.br\/blog\/a-escolha-de-cadeiras-e-poltronas-para-o-ambiente-corporativo\/","title":{"rendered":"A escolha de cadeiras e poltronas para o ambiente corporativo"},"content":{"rendered":"<h2>Quanto tempo voc\u00ea e sua equipe permanecem sentados durante o dia de trabalho?<\/h2>\n<p>Provavelmente voc\u00ea ir\u00e1 responder <strong>&#8220;muito tempo&#8221;.<\/strong> Mesmo com um <strong>ritmo de trabalho din\u00e2mico e acelerado,<\/strong> a necessidade de <strong>se colocar em frente ao computador, \u00e0 mesa de reni\u00f5es e de atividades, <\/strong>entre outras situa\u00e7\u00f5es, continua sendo inevit\u00e1vel.<\/p>\n<p>Diante desta realidade uma quest\u00e3o assume um papel de extrema import\u00e2ncia:<strong> a qualidade das cadeiras e poltronas <\/strong>que fazem parte do ambiente corporativo.<\/p>\n<p><img decoding=\"async\" loading=\"lazy\" class=\"size-full wp-image-3728 alignleft\" title=\"Qual a qualidade das cadeiras e poltronas da sua empresa\" src=\"http:\/\/www.dabusarquitetura.com.br\/blog\/wp-content\/uploads\/2011\/04\/Qual-a-qualidade-das-cadeiras-e-poltronas-da-sua-empresa1.jpg\" alt=\"\" width=\"209\" height=\"216\">Infelizmente na maioria das empresas a escolha destes elementos n\u00e3o recebe a devida aten\u00e7\u00e3o, gerando por isso resultados negativos tanto \u00e0<strong> sa\u00fade dos colaboradores,<\/strong> quanto ao n\u00edvel de <strong>produtividade dos mesmos.<\/strong><\/p>\n<p>Com as <strong>jornadas de trabalho cada vez mais estafantes<\/strong> as condi\u00e7\u00f5es das esta\u00e7\u00f5es de trabalho passaram a ser ainda mais priorizadas pela <strong><a title=\"Dabus Arquitetura - Arquitetura Corporativa\" href=\"http:\/\/www.dabusarquitetura.com.br\/site\/arquitetura-corporativa\" target=\"_blank\" rel=\"noopener noreferrer\">Arquitetura Corporativa<\/a><\/strong>, que por meio de seus projetos visa disponibilizar solu\u00e7\u00f5es inteligentes voltadas a garantir o <strong>conforto dos funcion\u00e1rios<\/strong> e a<strong> otimizar a sua capacidade produtiva.<\/strong><\/p>\n<p>Hoje, as op\u00e7\u00f5es com rela\u00e7\u00e3o as<strong> cadeiras e poltronas<\/strong> para ambientes corporativos s\u00e3o vastas e variadas. No entanto, no Brasil <strong>cadeiras com determinadas funcionalidades especiais<\/strong> s\u00f3 podem ser conseguidas por meio de<strong> importa\u00e7\u00e3o.<\/strong><\/p>\n<p>De qualquer forma,<strong> \u00e9 preciso valorizar de modo enf\u00e1tico a qualidade desses elementos.<\/strong> O ideal \u00e9 que eles contem com <strong>diferentes possibilidades de regulagens<\/strong> que envolvam os seus bra\u00e7os, encostos, assentos e apoios, oferecendo ao lado dos sistemas de amortecimento e da estrutura da pe\u00e7a em geral,<strong> todas as condi\u00e7\u00f5es necess\u00e1rias para atender as exig\u00eancias ergon\u00f4micas.<\/strong><\/p>\n<p>Na escolha de cadeiras e poltronas a <strong>Ergonomia <\/strong>deve ser o primeiro item a ser levado em conta. As normas da <a title=\"abnt.org.br\" href=\"http:\/\/www.abnt.org.br\/\" target=\"_blank\" rel=\"noopener noreferrer\"><strong>ABNT<\/strong><\/a> e a<strong> <a title=\"Saiba mais!\" href=\"http:\/\/www.guiatrabalhista.com.br\/legislacao\/nr\/nr17.htm\" target=\"_blank\" rel=\"noopener noreferrer\">NR17<\/a><\/strong> descrevem e indicam as medidas recomendadas. \u00c9 importante estar atento a elas para que se possa <strong>tomar uma decis\u00e3o assegurada na hora da compra deses produtos.<\/strong><\/p>\n<p>A<strong> quest\u00e3o est\u00e9tica<\/strong> \u00e9 outro fator importante, uma vez que est\u00e1 diretamente <strong>ligada \u00e0 imagem da empresa e ao objetivo do projeto.<\/strong> Em alguns casos, como os de bancos,<strong> o <em>Design <\/em>ganha uma import\u00e2ncia ainda maior,<\/strong> podendo ser a <strong>caracter\u00edstica determinante na escolha.<\/strong><\/p>\n<p style=\"text-align: center;\"><strong><a title=\"Saiba mais sobre este projeto!\" href=\"http:\/\/www.dabusarquitetura.com.br\/site\/arquitetura-corporativa\/projeto-red-comunicacoes.html\" target=\"_blank\" rel=\"noopener noreferrer\"><img decoding=\"async\" loading=\"lazy\" class=\"size-full wp-image-3732 aligncenter\" title=\"Projeto Arquitetura Corporativa - Red Comunica\u00e7\u00f5es\" src=\"http:\/\/www.dabusarquitetura.com.br\/blog\/wp-content\/uploads\/2011\/04\/Projeto-Arquitetura-Corporativa-Red-Comunica\u00e7\u00f5es.jpg\" alt=\"\" width=\"319\" height=\"233\"><\/a><br \/>\n<\/strong><\/p>\n<p>A <strong>utiliza\u00e7\u00e3o\/finalidade<\/strong> do mobili\u00e1rio tamb\u00e9m precisa ser pensada de modo planejado. <strong>Em salas de reuni\u00f5es,<\/strong> por exemplo, onde o tempo de uso geralmente \u00e9 menor, pode-se optar por<strong> cadeiras mais simples, <\/strong>com menos recursos e consequentemente<strong> menor custo. <\/strong>J\u00e1 em locais <strong>onde a maioria das atividades ser\u00e3o realizadas <\/strong>\u00e9 necess\u00e1rio contar com equipamentos que ofere\u00e7am <strong>o m\u00e1ximo de regulagens, assim como a f\u00e1cil utiliza\u00e7\u00e3o das mesmas<\/strong> <strong>e alta resist\u00eancia. <\/strong>Estas qualidades ir\u00e3o assegurar o bem estar dos usu\u00e1rios que, <strong>confort\u00e1veis, passar\u00e3o a trabalhar e a produzir mais.<br \/>\n<\/strong><\/p>\n<p><strong>Funcionalidade, Tecnologia, <em>Design <\/em>e Ergonomia<\/strong> precisam estar em favor de suas<strong> cadeiras e poltronas<\/strong> como solu\u00e7\u00f5es para uma<strong> equipe mais motivada<\/strong> e para um<strong> ambiente de trabalho mais harm\u00f4nico e eficiente. Pesquise, planeje e abuse das op\u00e7\u00f5es do mercado<\/strong> para colher melhores resultados em seu dia a dia de trabalho!<strong><br \/>\n<\/strong><\/p>\n<p>Para saber como a <strong><a title=\"Quem Somos\" href=\"http:\/\/www.dabusarquitetura.com.br\/blog\/quem-somos\/\" target=\"_self\" rel=\"noopener noreferrer\">DABUS ARQUITETURA<\/a> <\/strong>pode desenvolver o seu projeto de <strong>Arquitetura Corporativa,<\/strong> basta <strong><a title=\"Clique aqui!\" href=\"http:\/\/www.dabusarquitetura.com.br\/blog\/fale-conosco\/\" target=\"_self\" rel=\"noopener noreferrer\">entrar em contato conosco.<\/a><br \/>\n<\/strong><\/p>\n","protected":false},"excerpt":{"rendered":"<p>Quanto tempo voc\u00ea e sua equipe permanecem sentados durante o dia de trabalho? Provavelmente voc\u00ea ir\u00e1 responder &#8220;muito tempo&#8221;. Mesmo com um ritmo de trabalho [&hellip;]<\/p>\n","protected":false},"author":3,"featured_media":0,"comment_status":"open","ping_status":"open","sticky":false,"template":"","format":"standard","meta":[],"categories":[7,49,12],"tags":[273,174,175,38,54],"yoast_head":"<!-- This site is optimized with the Yoast SEO plugin v20.8 - https:\/\/yoast.com\/wordpress\/plugins\/seo\/ -->\n<title>A escolha de cadeiras e poltronas para o ambiente corporativo - DABUS ARQUITETURA<\/title>\n<meta name=\"robots\" content=\"index, follow, max-snippet:-1, max-image-preview:large, max-video-preview:-1\" \/>\n<link rel=\"canonical\" href=\"https:\/\/www.dabusarquitetura.com.br\/blog\/a-escolha-de-cadeiras-e-poltronas-para-o-ambiente-corporativo\/\" \/>\n<meta property=\"og:locale\" content=\"pt_BR\" \/>\n<meta property=\"og:type\" content=\"article\" \/>\n<meta property=\"og:title\" content=\"A escolha de cadeiras e poltronas para o ambiente corporativo - DABUS ARQUITETURA\" \/>\n<meta property=\"og:description\" content=\"Quanto tempo voc\u00ea e sua equipe permanecem sentados durante o dia de trabalho? Provavelmente voc\u00ea ir\u00e1 responder &#8220;muito tempo&#8221;. Mesmo com um ritmo de trabalho [&hellip;]\" \/>\n<meta property=\"og:url\" content=\"https:\/\/www.dabusarquitetura.com.br\/blog\/a-escolha-de-cadeiras-e-poltronas-para-o-ambiente-corporativo\/\" \/>\n<meta property=\"og:site_name\" content=\"DABUS ARQUITETURA\" \/>\n<meta property=\"article:published_time\" content=\"2011-04-13T10:00:45+00:00\" \/>\n<meta property=\"article:modified_time\" content=\"2022-07-26T14:16:36+00:00\" \/>\n<meta property=\"og:image\" content=\"http:\/\/www.dabusarquitetura.com.br\/blog\/wp-content\/uploads\/2011\/04\/Qual-a-qualidade-das-cadeiras-e-poltronas-da-sua-empresa1.jpg\" \/>\n<meta name=\"author\" content=\"heloisa.dabus\" \/>\n<meta name=\"twitter:card\" content=\"summary_large_image\" \/>\n<meta name=\"twitter:label1\" content=\"Escrito por\" \/>\n\t<meta name=\"twitter:data1\" content=\"heloisa.dabus\" \/>\n\t<meta name=\"twitter:label2\" content=\"Est. tempo de leitura\" \/>\n\t<meta name=\"twitter:data2\" content=\"3 minutos\" \/>\n<script type=\"application\/ld+json\" class=\"yoast-schema-graph\">{\"@context\":\"https:\/\/schema.org\",\"@graph\":[{\"@type\":\"WebPage\",\"@id\":\"https:\/\/www.dabusarquitetura.com.br\/blog\/a-escolha-de-cadeiras-e-poltronas-para-o-ambiente-corporativo\/\",\"url\":\"https:\/\/www.dabusarquitetura.com.br\/blog\/a-escolha-de-cadeiras-e-poltronas-para-o-ambiente-corporativo\/\",\"name\":\"A escolha de cadeiras e poltronas para o ambiente corporativo - DABUS ARQUITETURA\",\"isPartOf\":{\"@id\":\"https:\/\/www.dabusarquitetura.com.br\/blog\/#website\"},\"datePublished\":\"2011-04-13T10:00:45+00:00\",\"dateModified\":\"2022-07-26T14:16:36+00:00\",\"author\":{\"@id\":\"https:\/\/www.dabusarquitetura.com.br\/blog\/#\/schema\/person\/978b78d74759412a1cd43634996237c4\"},\"breadcrumb\":{\"@id\":\"https:\/\/www.dabusarquitetura.com.br\/blog\/a-escolha-de-cadeiras-e-poltronas-para-o-ambiente-corporativo\/#breadcrumb\"},\"inLanguage\":\"pt-BR\",\"potentialAction\":[{\"@type\":\"ReadAction\",\"target\":[\"https:\/\/www.dabusarquitetura.com.br\/blog\/a-escolha-de-cadeiras-e-poltronas-para-o-ambiente-corporativo\/\"]}]},{\"@type\":\"BreadcrumbList\",\"@id\":\"https:\/\/www.dabusarquitetura.com.br\/blog\/a-escolha-de-cadeiras-e-poltronas-para-o-ambiente-corporativo\/#breadcrumb\",\"itemListElement\":[{\"@type\":\"ListItem\",\"position\":1,\"name\":\"In\u00edcio\",\"item\":\"https:\/\/www.dabusarquitetura.com.br\/blog\/\"},{\"@type\":\"ListItem\",\"position\":2,\"name\":\"A escolha de cadeiras e poltronas para o ambiente corporativo\"}]},{\"@type\":\"WebSite\",\"@id\":\"https:\/\/www.dabusarquitetura.com.br\/blog\/#website\",\"url\":\"https:\/\/www.dabusarquitetura.com.br\/blog\/\",\"name\":\"DABUS ARQUITETURA\",\"description\":\"Arquitetura Corporativa\",\"potentialAction\":[{\"@type\":\"SearchAction\",\"target\":{\"@type\":\"EntryPoint\",\"urlTemplate\":\"https:\/\/www.dabusarquitetura.com.br\/blog\/?s={search_term_string}\"},\"query-input\":\"required name=search_term_string\"}],\"inLanguage\":\"pt-BR\"},{\"@type\":\"Person\",\"@id\":\"https:\/\/www.dabusarquitetura.com.br\/blog\/#\/schema\/person\/978b78d74759412a1cd43634996237c4\",\"name\":\"heloisa.dabus\",\"image\":{\"@type\":\"ImageObject\",\"inLanguage\":\"pt-BR\",\"@id\":\"https:\/\/www.dabusarquitetura.com.br\/blog\/#\/schema\/person\/image\/\",\"url\":\"https:\/\/secure.gravatar.com\/avatar\/4078f4f8e54fb70a99a5e9edc642ecb1?s=96&d=mm&r=g\",\"contentUrl\":\"https:\/\/secure.gravatar.com\/avatar\/4078f4f8e54fb70a99a5e9edc642ecb1?s=96&d=mm&r=g\",\"caption\":\"heloisa.dabus\"},\"url\":\"https:\/\/www.dabusarquitetura.com.br\/blog\/author\/heloisa-dabus\/\"}]}<\/script>\n<!-- \/ Yoast SEO plugin. -->","yoast_head_json":{"title":"A escolha de cadeiras e poltronas para o ambiente corporativo - DABUS ARQUITETURA","robots":{"index":"index","follow":"follow","max-snippet":"max-snippet:-1","max-image-preview":"max-image-preview:large","max-video-preview":"max-video-preview:-1"},"canonical":"https:\/\/www.dabusarquitetura.com.br\/blog\/a-escolha-de-cadeiras-e-poltronas-para-o-ambiente-corporativo\/","og_locale":"pt_BR","og_type":"article","og_title":"A escolha de cadeiras e poltronas para o ambiente corporativo - DABUS ARQUITETURA","og_description":"Quanto tempo voc\u00ea e sua equipe permanecem sentados durante o dia de trabalho? Provavelmente voc\u00ea ir\u00e1 responder &#8220;muito tempo&#8221;. Mesmo com um ritmo de trabalho [&hellip;]","og_url":"https:\/\/www.dabusarquitetura.com.br\/blog\/a-escolha-de-cadeiras-e-poltronas-para-o-ambiente-corporativo\/","og_site_name":"DABUS ARQUITETURA","article_published_time":"2011-04-13T10:00:45+00:00","article_modified_time":"2022-07-26T14:16:36+00:00","og_image":[{"url":"http:\/\/www.dabusarquitetura.com.br\/blog\/wp-content\/uploads\/2011\/04\/Qual-a-qualidade-das-cadeiras-e-poltronas-da-sua-empresa1.jpg"}],"author":"heloisa.dabus","twitter_card":"summary_large_image","twitter_misc":{"Escrito por":"heloisa.dabus","Est. tempo de leitura":"3 minutos"},"schema":{"@context":"https:\/\/schema.org","@graph":[{"@type":"WebPage","@id":"https:\/\/www.dabusarquitetura.com.br\/blog\/a-escolha-de-cadeiras-e-poltronas-para-o-ambiente-corporativo\/","url":"https:\/\/www.dabusarquitetura.com.br\/blog\/a-escolha-de-cadeiras-e-poltronas-para-o-ambiente-corporativo\/","name":"A escolha de cadeiras e poltronas para o ambiente corporativo - DABUS ARQUITETURA","isPartOf":{"@id":"https:\/\/www.dabusarquitetura.com.br\/blog\/#website"},"datePublished":"2011-04-13T10:00:45+00:00","dateModified":"2022-07-26T14:16:36+00:00","author":{"@id":"https:\/\/www.dabusarquitetura.com.br\/blog\/#\/schema\/person\/978b78d74759412a1cd43634996237c4"},"breadcrumb":{"@id":"https:\/\/www.dabusarquitetura.com.br\/blog\/a-escolha-de-cadeiras-e-poltronas-para-o-ambiente-corporativo\/#breadcrumb"},"inLanguage":"pt-BR","potentialAction":[{"@type":"ReadAction","target":["https:\/\/www.dabusarquitetura.com.br\/blog\/a-escolha-de-cadeiras-e-poltronas-para-o-ambiente-corporativo\/"]}]},{"@type":"BreadcrumbList","@id":"https:\/\/www.dabusarquitetura.com.br\/blog\/a-escolha-de-cadeiras-e-poltronas-para-o-ambiente-corporativo\/#breadcrumb","itemListElement":[{"@type":"ListItem","position":1,"name":"In\u00edcio","item":"https:\/\/www.dabusarquitetura.com.br\/blog\/"},{"@type":"ListItem","position":2,"name":"A escolha de cadeiras e poltronas para o ambiente corporativo"}]},{"@type":"WebSite","@id":"https:\/\/www.dabusarquitetura.com.br\/blog\/#website","url":"https:\/\/www.dabusarquitetura.com.br\/blog\/","name":"DABUS ARQUITETURA","description":"Arquitetura Corporativa","potentialAction":[{"@type":"SearchAction","target":{"@type":"EntryPoint","urlTemplate":"https:\/\/www.dabusarquitetura.com.br\/blog\/?s={search_term_string}"},"query-input":"required name=search_term_string"}],"inLanguage":"pt-BR"},{"@type":"Person","@id":"https:\/\/www.dabusarquitetura.com.br\/blog\/#\/schema\/person\/978b78d74759412a1cd43634996237c4","name":"heloisa.dabus","image":{"@type":"ImageObject","inLanguage":"pt-BR","@id":"https:\/\/www.dabusarquitetura.com.br\/blog\/#\/schema\/person\/image\/","url":"https:\/\/secure.gravatar.com\/avatar\/4078f4f8e54fb70a99a5e9edc642ecb1?s=96&d=mm&r=g","contentUrl":"https:\/\/secure.gravatar.com\/avatar\/4078f4f8e54fb70a99a5e9edc642ecb1?s=96&d=mm&r=g","caption":"heloisa.dabus"},"url":"https:\/\/www.dabusarquitetura.com.br\/blog\/author\/heloisa-dabus\/"}]}},"_links":{"self":[{"href":"https:\/\/www.dabusarquitetura.com.br\/blog\/wp-json\/wp\/v2\/posts\/3645"}],"collection":[{"href":"https:\/\/www.dabusarquitetura.com.br\/blog\/wp-json\/wp\/v2\/posts"}],"about":[{"href":"https:\/\/www.dabusarquitetura.com.br\/blog\/wp-json\/wp\/v2\/types\/post"}],"author":[{"embeddable":true,"href":"https:\/\/www.dabusarquitetura.com.br\/blog\/wp-json\/wp\/v2\/users\/3"}],"replies":[{"embeddable":true,"href":"https:\/\/www.dabusarquitetura.com.br\/blog\/wp-json\/wp\/v2\/comments?post=3645"}],"version-history":[{"count":1,"href":"https:\/\/www.dabusarquitetura.com.br\/blog\/wp-json\/wp\/v2\/posts\/3645\/revisions"}],"predecessor-version":[{"id":16173,"href":"https:\/\/www.dabusarquitetura.com.br\/blog\/wp-json\/wp\/v2\/posts\/3645\/revisions\/16173"}],"wp:attachment":[{"href":"https:\/\/www.dabusarquitetura.com.br\/blog\/wp-json\/wp\/v2\/media?parent=3645"}],"wp:term":[{"taxonomy":"category","embeddable":true,"href":"https:\/\/www.dabusarquitetura.com.br\/blog\/wp-json\/wp\/v2\/categories?post=3645"},{"taxonomy":"post_tag","embeddable":true,"href":"https:\/\/www.dabusarquitetura.com.br\/blog\/wp-json\/wp\/v2\/tags?post=3645"}],"curies":[{"name":"wp","href":"https:\/\/api.w.org\/{rel}","templated":true}]}}