{"id":3508,"date":"2011-03-30T10:00:24","date_gmt":"2011-03-30T10:00:24","guid":{"rendered":"http:\/\/www.dabus.com.br\/blog\/?p=3508"},"modified":"2022-07-26T17:17:23","modified_gmt":"2022-07-26T14:17:23","slug":"divisorias-moduladas-e-a-flexibilidade-na-arquitetura-corporativa","status":"publish","type":"post","link":"https:\/\/www.dabusarquitetura.com.br\/blog\/divisorias-moduladas-e-a-flexibilidade-na-arquitetura-corporativa\/","title":{"rendered":"Divis\u00f3rias moduladas e a flexibilidade na Arquitetura Corporativa"},"content":{"rendered":"<p>Com a forte tend\u00eancia de uma <a title=\"Saiba mais!\" href=\"http:\/\/www.dabusarquitetura.com.br\/site\/arquitetura-corporativa\" target=\"_blank\" rel=\"noopener noreferrer\"><strong>Arquitetura Corporativa<\/strong><\/a> mais <strong>integrada, econ\u00f4mica e din\u00e2mica, <\/strong>algumas solu\u00e7\u00f5es come\u00e7aram a se despontar e a ganhar a prefer\u00eancia do mercado gra\u00e7as a sua <strong>versatilidade.<\/strong><\/p>\n<p>Um exemplo perfeito deste fato s\u00e3o as <strong>divis\u00f3rias moduladas, <\/strong>produtos capazes de atender as necessidades <strong> est\u00e9ticas, funcionais e at\u00e9 mesmo sonoras, <\/strong>tanto de arquitetos, quanto de clientes.<\/p>\n<h2><strong>Variedade de op\u00e7\u00f5es beneficiam as escolhas do projeto<\/strong><\/h2>\n<p><a title=\"Saiba mais!\" href=\"http:\/\/www.dabusarquitetura.com.br\/site\/arquitetura-corporativa\/projeto-redecard-sede.html\" target=\"_blank\" rel=\"noopener noreferrer\"><img decoding=\"async\" loading=\"lazy\" class=\"size-full wp-image-3556 alignleft\" title=\"Projeto de Arquitetura Corporativa para Sede Redecard em S\u00e3o Paulo\" src=\"http:\/\/www.dabusarquitetura.com.br\/blog\/wp-content\/uploads\/2011\/03\/DABUS-ARQUITETURA-Sede-Redecard-1.jpg\" alt=\"\" width=\"200\" height=\"268\"><\/a>A decis\u00e3o por um ou outro tipo de divis\u00f3ria deve levar em conta quest\u00f5es fundamentais como a <strong>fun\u00e7\u00e3o do ambiente, as expectativas das pessoas envolvidas no espa\u00e7o, os tipos de atividades realizadas, a poss\u00edvel disposi\u00e7\u00e3o do elemento <\/strong>e sua conformidade com as <strong>Normas Regulamentadoras Brasileiras.<\/strong><\/p>\n<p>Outro fator importante \u00e9 o<strong> tempo de utiliza\u00e7\u00e3o do ambiente.<\/strong> Caso ele seja prolongado pode se optar por <strong>divis\u00f3rias fixas ou pain\u00e9is de gesso, <\/strong>que, em geral, s\u00e3o mais baratos que os modelos altamente resistentes a atritos.<\/p>\n<p>Identificar fatores como esses \u00e9 fundamental para se investir em um produto cuja<strong> rela\u00e7\u00e3o custo\/benef\u00edcio seja realmente satisfat\u00f3ria. <\/strong>E op\u00e7\u00f5es n\u00e3o faltam. Hoje \u00e9 poss\u00edvel encontrar<strong> divis\u00f3rias em alum\u00ednio, em PVC, biombos articul\u00e1veis, porta para divis\u00f3rias em granito, divis\u00f3rias remov\u00edveis,<\/strong> entre muitas outras.<\/p>\n<p>H\u00e1<strong> diversas op\u00e7\u00f5es de cores,<\/strong> as quais associadas a <strong>tipos diferentes de revestimentos <\/strong>expandem a modularidade da pe\u00e7a. Os <strong>sistemas de fixa\u00e7\u00e3o<\/strong> s\u00e3o ajustados para cada ambiente e os <strong>acess\u00f3rios <\/strong>podem ser tanto encontrados individualmente, quanto virem acoplados \u00e0 divis\u00f3ria.<\/p>\n<p>Al\u00e9m disso, h\u00e1 no mercado op\u00e7\u00f5es de<strong> tamanhos diferenciados, <\/strong>com<strong> n\u00edveis distintos de espessura e de isolamento ac\u00fastico, <\/strong>e ainda com v\u00e1rios tipos de<strong> materiais de acabamento<\/strong> que ampliam as possibilidades do seu projeto de <strong>Arquitetura Corporativa.<\/strong><\/p>\n<p>A <a title=\"Quem Somos\" href=\"..\/..\/..\/..\/..\/quem-somos\/\" target=\"_self\" rel=\"noopener noreferrer\"><strong>DABUS ARQUITETURA<\/strong><\/a> conta com \u00f3timos parceiros que est\u00e3o sempre preparados para nos fornecer<strong> op\u00e7\u00f5es vers\u00e1teis em divis\u00f3rias moduladas <\/strong>que far\u00e3o toda a diferen\u00e7a em sua empresa.<\/p>\n<h2>Quer saber?<\/h2>\n<p>Ent\u00e3o <a title=\"Clique aqui!\" href=\"..\/..\/..\/..\/..\/fale-conosco\/\" target=\"_self\" rel=\"noopener noreferrer\"><strong>entre em contato conosco<\/strong><\/a> e saiba como podemos te ajudar!<\/p>\n","protected":false},"excerpt":{"rendered":"<p>Com a forte tend\u00eancia de uma Arquitetura Corporativa mais integrada, econ\u00f4mica e din\u00e2mica, algumas solu\u00e7\u00f5es come\u00e7aram a se despontar e a ganhar a prefer\u00eancia do [&hellip;]<\/p>\n","protected":false},"author":3,"featured_media":0,"comment_status":"open","ping_status":"open","sticky":false,"template":"","format":"standard","meta":[],"categories":[7,49,12],"tags":[273,83,170,38,65],"yoast_head":"<!-- This site is optimized with the Yoast SEO plugin v20.8 - https:\/\/yoast.com\/wordpress\/plugins\/seo\/ -->\n<title>Divis\u00f3rias moduladas e a flexibilidade na Arquitetura Corporativa - DABUS ARQUITETURA<\/title>\n<meta name=\"robots\" content=\"index, follow, max-snippet:-1, max-image-preview:large, max-video-preview:-1\" \/>\n<link rel=\"canonical\" href=\"https:\/\/www.dabusarquitetura.com.br\/blog\/divisorias-moduladas-e-a-flexibilidade-na-arquitetura-corporativa\/\" \/>\n<meta property=\"og:locale\" content=\"pt_BR\" \/>\n<meta property=\"og:type\" content=\"article\" \/>\n<meta property=\"og:title\" content=\"Divis\u00f3rias moduladas e a flexibilidade na Arquitetura Corporativa - DABUS ARQUITETURA\" \/>\n<meta property=\"og:description\" content=\"Com a forte tend\u00eancia de uma Arquitetura Corporativa mais integrada, econ\u00f4mica e din\u00e2mica, algumas solu\u00e7\u00f5es come\u00e7aram a se despontar e a ganhar a prefer\u00eancia do [&hellip;]\" \/>\n<meta property=\"og:url\" content=\"https:\/\/www.dabusarquitetura.com.br\/blog\/divisorias-moduladas-e-a-flexibilidade-na-arquitetura-corporativa\/\" \/>\n<meta property=\"og:site_name\" content=\"DABUS ARQUITETURA\" \/>\n<meta property=\"article:published_time\" content=\"2011-03-30T10:00:24+00:00\" \/>\n<meta property=\"article:modified_time\" content=\"2022-07-26T14:17:23+00:00\" \/>\n<meta property=\"og:image\" content=\"http:\/\/www.dabusarquitetura.com.br\/blog\/wp-content\/uploads\/2011\/03\/DABUS-ARQUITETURA-Sede-Redecard-1.jpg\" \/>\n<meta name=\"author\" content=\"heloisa.dabus\" \/>\n<meta name=\"twitter:card\" content=\"summary_large_image\" \/>\n<meta name=\"twitter:label1\" content=\"Escrito por\" \/>\n\t<meta name=\"twitter:data1\" content=\"heloisa.dabus\" \/>\n\t<meta name=\"twitter:label2\" content=\"Est. tempo de leitura\" \/>\n\t<meta name=\"twitter:data2\" content=\"2 minutos\" \/>\n<script type=\"application\/ld+json\" class=\"yoast-schema-graph\">{\"@context\":\"https:\/\/schema.org\",\"@graph\":[{\"@type\":\"WebPage\",\"@id\":\"https:\/\/www.dabusarquitetura.com.br\/blog\/divisorias-moduladas-e-a-flexibilidade-na-arquitetura-corporativa\/\",\"url\":\"https:\/\/www.dabusarquitetura.com.br\/blog\/divisorias-moduladas-e-a-flexibilidade-na-arquitetura-corporativa\/\",\"name\":\"Divis\u00f3rias moduladas e a flexibilidade na Arquitetura Corporativa - DABUS ARQUITETURA\",\"isPartOf\":{\"@id\":\"https:\/\/www.dabusarquitetura.com.br\/blog\/#website\"},\"datePublished\":\"2011-03-30T10:00:24+00:00\",\"dateModified\":\"2022-07-26T14:17:23+00:00\",\"author\":{\"@id\":\"https:\/\/www.dabusarquitetura.com.br\/blog\/#\/schema\/person\/978b78d74759412a1cd43634996237c4\"},\"breadcrumb\":{\"@id\":\"https:\/\/www.dabusarquitetura.com.br\/blog\/divisorias-moduladas-e-a-flexibilidade-na-arquitetura-corporativa\/#breadcrumb\"},\"inLanguage\":\"pt-BR\",\"potentialAction\":[{\"@type\":\"ReadAction\",\"target\":[\"https:\/\/www.dabusarquitetura.com.br\/blog\/divisorias-moduladas-e-a-flexibilidade-na-arquitetura-corporativa\/\"]}]},{\"@type\":\"BreadcrumbList\",\"@id\":\"https:\/\/www.dabusarquitetura.com.br\/blog\/divisorias-moduladas-e-a-flexibilidade-na-arquitetura-corporativa\/#breadcrumb\",\"itemListElement\":[{\"@type\":\"ListItem\",\"position\":1,\"name\":\"In\u00edcio\",\"item\":\"https:\/\/www.dabusarquitetura.com.br\/blog\/\"},{\"@type\":\"ListItem\",\"position\":2,\"name\":\"Divis\u00f3rias moduladas e a flexibilidade na Arquitetura Corporativa\"}]},{\"@type\":\"WebSite\",\"@id\":\"https:\/\/www.dabusarquitetura.com.br\/blog\/#website\",\"url\":\"https:\/\/www.dabusarquitetura.com.br\/blog\/\",\"name\":\"DABUS ARQUITETURA\",\"description\":\"Arquitetura Corporativa\",\"potentialAction\":[{\"@type\":\"SearchAction\",\"target\":{\"@type\":\"EntryPoint\",\"urlTemplate\":\"https:\/\/www.dabusarquitetura.com.br\/blog\/?s={search_term_string}\"},\"query-input\":\"required name=search_term_string\"}],\"inLanguage\":\"pt-BR\"},{\"@type\":\"Person\",\"@id\":\"https:\/\/www.dabusarquitetura.com.br\/blog\/#\/schema\/person\/978b78d74759412a1cd43634996237c4\",\"name\":\"heloisa.dabus\",\"image\":{\"@type\":\"ImageObject\",\"inLanguage\":\"pt-BR\",\"@id\":\"https:\/\/www.dabusarquitetura.com.br\/blog\/#\/schema\/person\/image\/\",\"url\":\"https:\/\/secure.gravatar.com\/avatar\/4078f4f8e54fb70a99a5e9edc642ecb1?s=96&d=mm&r=g\",\"contentUrl\":\"https:\/\/secure.gravatar.com\/avatar\/4078f4f8e54fb70a99a5e9edc642ecb1?s=96&d=mm&r=g\",\"caption\":\"heloisa.dabus\"},\"url\":\"https:\/\/www.dabusarquitetura.com.br\/blog\/author\/heloisa-dabus\/\"}]}<\/script>\n<!-- \/ Yoast SEO plugin. -->","yoast_head_json":{"title":"Divis\u00f3rias moduladas e a flexibilidade na Arquitetura Corporativa - DABUS ARQUITETURA","robots":{"index":"index","follow":"follow","max-snippet":"max-snippet:-1","max-image-preview":"max-image-preview:large","max-video-preview":"max-video-preview:-1"},"canonical":"https:\/\/www.dabusarquitetura.com.br\/blog\/divisorias-moduladas-e-a-flexibilidade-na-arquitetura-corporativa\/","og_locale":"pt_BR","og_type":"article","og_title":"Divis\u00f3rias moduladas e a flexibilidade na Arquitetura Corporativa - DABUS ARQUITETURA","og_description":"Com a forte tend\u00eancia de uma Arquitetura Corporativa mais integrada, econ\u00f4mica e din\u00e2mica, algumas solu\u00e7\u00f5es come\u00e7aram a se despontar e a ganhar a prefer\u00eancia do [&hellip;]","og_url":"https:\/\/www.dabusarquitetura.com.br\/blog\/divisorias-moduladas-e-a-flexibilidade-na-arquitetura-corporativa\/","og_site_name":"DABUS ARQUITETURA","article_published_time":"2011-03-30T10:00:24+00:00","article_modified_time":"2022-07-26T14:17:23+00:00","og_image":[{"url":"http:\/\/www.dabusarquitetura.com.br\/blog\/wp-content\/uploads\/2011\/03\/DABUS-ARQUITETURA-Sede-Redecard-1.jpg"}],"author":"heloisa.dabus","twitter_card":"summary_large_image","twitter_misc":{"Escrito por":"heloisa.dabus","Est. tempo de leitura":"2 minutos"},"schema":{"@context":"https:\/\/schema.org","@graph":[{"@type":"WebPage","@id":"https:\/\/www.dabusarquitetura.com.br\/blog\/divisorias-moduladas-e-a-flexibilidade-na-arquitetura-corporativa\/","url":"https:\/\/www.dabusarquitetura.com.br\/blog\/divisorias-moduladas-e-a-flexibilidade-na-arquitetura-corporativa\/","name":"Divis\u00f3rias moduladas e a flexibilidade na Arquitetura Corporativa - DABUS ARQUITETURA","isPartOf":{"@id":"https:\/\/www.dabusarquitetura.com.br\/blog\/#website"},"datePublished":"2011-03-30T10:00:24+00:00","dateModified":"2022-07-26T14:17:23+00:00","author":{"@id":"https:\/\/www.dabusarquitetura.com.br\/blog\/#\/schema\/person\/978b78d74759412a1cd43634996237c4"},"breadcrumb":{"@id":"https:\/\/www.dabusarquitetura.com.br\/blog\/divisorias-moduladas-e-a-flexibilidade-na-arquitetura-corporativa\/#breadcrumb"},"inLanguage":"pt-BR","potentialAction":[{"@type":"ReadAction","target":["https:\/\/www.dabusarquitetura.com.br\/blog\/divisorias-moduladas-e-a-flexibilidade-na-arquitetura-corporativa\/"]}]},{"@type":"BreadcrumbList","@id":"https:\/\/www.dabusarquitetura.com.br\/blog\/divisorias-moduladas-e-a-flexibilidade-na-arquitetura-corporativa\/#breadcrumb","itemListElement":[{"@type":"ListItem","position":1,"name":"In\u00edcio","item":"https:\/\/www.dabusarquitetura.com.br\/blog\/"},{"@type":"ListItem","position":2,"name":"Divis\u00f3rias moduladas e a flexibilidade na Arquitetura Corporativa"}]},{"@type":"WebSite","@id":"https:\/\/www.dabusarquitetura.com.br\/blog\/#website","url":"https:\/\/www.dabusarquitetura.com.br\/blog\/","name":"DABUS ARQUITETURA","description":"Arquitetura Corporativa","potentialAction":[{"@type":"SearchAction","target":{"@type":"EntryPoint","urlTemplate":"https:\/\/www.dabusarquitetura.com.br\/blog\/?s={search_term_string}"},"query-input":"required name=search_term_string"}],"inLanguage":"pt-BR"},{"@type":"Person","@id":"https:\/\/www.dabusarquitetura.com.br\/blog\/#\/schema\/person\/978b78d74759412a1cd43634996237c4","name":"heloisa.dabus","image":{"@type":"ImageObject","inLanguage":"pt-BR","@id":"https:\/\/www.dabusarquitetura.com.br\/blog\/#\/schema\/person\/image\/","url":"https:\/\/secure.gravatar.com\/avatar\/4078f4f8e54fb70a99a5e9edc642ecb1?s=96&d=mm&r=g","contentUrl":"https:\/\/secure.gravatar.com\/avatar\/4078f4f8e54fb70a99a5e9edc642ecb1?s=96&d=mm&r=g","caption":"heloisa.dabus"},"url":"https:\/\/www.dabusarquitetura.com.br\/blog\/author\/heloisa-dabus\/"}]}},"_links":{"self":[{"href":"https:\/\/www.dabusarquitetura.com.br\/blog\/wp-json\/wp\/v2\/posts\/3508"}],"collection":[{"href":"https:\/\/www.dabusarquitetura.com.br\/blog\/wp-json\/wp\/v2\/posts"}],"about":[{"href":"https:\/\/www.dabusarquitetura.com.br\/blog\/wp-json\/wp\/v2\/types\/post"}],"author":[{"embeddable":true,"href":"https:\/\/www.dabusarquitetura.com.br\/blog\/wp-json\/wp\/v2\/users\/3"}],"replies":[{"embeddable":true,"href":"https:\/\/www.dabusarquitetura.com.br\/blog\/wp-json\/wp\/v2\/comments?post=3508"}],"version-history":[{"count":1,"href":"https:\/\/www.dabusarquitetura.com.br\/blog\/wp-json\/wp\/v2\/posts\/3508\/revisions"}],"predecessor-version":[{"id":16175,"href":"https:\/\/www.dabusarquitetura.com.br\/blog\/wp-json\/wp\/v2\/posts\/3508\/revisions\/16175"}],"wp:attachment":[{"href":"https:\/\/www.dabusarquitetura.com.br\/blog\/wp-json\/wp\/v2\/media?parent=3508"}],"wp:term":[{"taxonomy":"category","embeddable":true,"href":"https:\/\/www.dabusarquitetura.com.br\/blog\/wp-json\/wp\/v2\/categories?post=3508"},{"taxonomy":"post_tag","embeddable":true,"href":"https:\/\/www.dabusarquitetura.com.br\/blog\/wp-json\/wp\/v2\/tags?post=3508"}],"curies":[{"name":"wp","href":"https:\/\/api.w.org\/{rel}","templated":true}]}}