{"id":3408,"date":"2011-03-16T10:00:33","date_gmt":"2011-03-16T10:00:33","guid":{"rendered":"http:\/\/www.dabus.com.br\/blog\/?p=3408"},"modified":"2022-07-26T17:17:53","modified_gmt":"2022-07-26T14:17:53","slug":"funcionalidade-na-arquitetura-corporativa-e-pauta-de-materia-da-revista-infra-facility-property","status":"publish","type":"post","link":"https:\/\/www.dabusarquitetura.com.br\/blog\/funcionalidade-na-arquitetura-corporativa-e-pauta-de-materia-da-revista-infra-facility-property\/","title":{"rendered":"Funcionalidade na Arquitetura Corporativa \u00e9 pauta de mat\u00e9ria da revista INFRA Facility Property"},"content":{"rendered":"<p>Ter uma vis\u00e3o apurada sobre as<strong> necessidades das empresas, seus neg\u00f3cios e seu dia a dia de trabalho <\/strong>\u00e9 fundamental para prever <strong>solu\u00e7\u00f5es inteligentes <\/strong>aos projetos de <a title=\"Dabus Arquitetura - Arquitetura Corporativa\" href=\"http:\/\/www.dabusarquitetura.com.br\/site\/arquitetura-corporativa\" target=\"_blank\" rel=\"noopener noreferrer\"><strong>Arquitetura Corporativa.<\/strong><\/a><\/p>\n<p><a href=\"http:\/\/www.revistainfra.com.br\/\" target=\"_blank\" rel=\"noopener noreferrer\"><strong><img decoding=\"async\" loading=\"lazy\" class=\"size-full wp-image-3435 alignleft\" title=\"Revista Infra Facility Property - Edi\u00e7\u00e3o Mar\u00e7o 2001\" src=\"http:\/\/www.dabusarquitetura.com.br\/blog\/wp-content\/uploads\/2011\/03\/Revista-Infra-Facility-Property-Edi\u00e7\u00e3o-Mar\u00e7o-2001.bmp\" alt=\"\" width=\"187\" height=\"249\"><\/strong><\/a>&#8220;Mas, no \u00e2mbito geral, <strong>quais s\u00e3o os par\u00e2metros <\/strong>em que os arquitetos t\u00eam se baseado para<strong> maximizar a operacionalidade dos futuros edif\u00edcios comerciais?<\/strong>&#8220;. Foi a partir desta pergunta que <strong>V\u00e2nia Lobo <\/strong>desenvolveu sua mat\u00e9ria publicada na mais recente edi\u00e7\u00e3o da revista <a title=\"revistainfra.com.br\" href=\"http:\/\/www.revistainfra.com.br\/\" target=\"_blank\" rel=\"noopener noreferrer\"><strong>INFRA Facility Property.<\/strong><\/a><\/p>\n<p>Com o t\u00edtulo<strong> <a title=\"Leia a mat\u00e9ria!\" href=\"http:\/\/www.revistainfra.com.br\/textos.asp?codigo=11170\" target=\"_blank\" rel=\"noopener noreferrer\">&#8220;Beleza e Funcionalidade Caminham Juntas<\/a><\/strong><a title=\"Leia a mat\u00e9ria!\" href=\"http:\/\/www.revistainfra.com.br\/textos.asp?codigo=11170\" target=\"_blank\" rel=\"noopener noreferrer\"><strong>&#8220;<\/strong><\/a> a mat\u00e9ria visou apresentar ao leitor as <strong>solu\u00e7\u00f5es, os recursos e os <\/strong><strong>materiais <\/strong><strong>mais atuais<\/strong> que est\u00e3o sendo utilizados hoje para a<strong> elabora\u00e7\u00e3o de projetos mais funcionais e eficientes. <\/strong>Para falar a respeito <strong>V\u00e2nia Lobo <\/strong>conversou com dois profissionais especialistas no assunto: o arquiteto<strong> Luiz Felipe Aflalo Hermann<\/strong> e a arquiteta<strong> Heloisa Dabus.<\/strong><\/p>\n<p>Um dos pontos centrais entre os destacados foi a quest\u00e3o da<strong> durabilidade,<\/strong> dos materiais que, al\u00e9m de refletirem a <strong>identidade corporativa,<\/strong> precisam ser escolhidos em virtude de seu <strong>desempenho <\/strong>e de sua <strong>capacidade de acolher bem os usu\u00e1rios,<\/strong> assim como de <strong>gerar uma impress\u00e3o positiva aos visitantes<\/strong> e de<strong> promover maior economia para a empresa.<br \/>\n<\/strong><\/p>\n<p><strong>Heloisa Dabus <\/strong>falou tamb\u00e9m a respeito da<strong> flexibilidade na Arquitetura Corporativa.<\/strong> Ela ressaltou que hoje em dia h\u00e1 muitas companhias que fazem <strong>altera\u00e7\u00f5es constantes,<\/strong> desde a infraestrutura interna at\u00e9 o n\u00famero de funcion\u00e1rios, necessitando de solu\u00e7\u00f5es que sejam capazes de promover <strong>mudan\u00e7as operacionalmente eficientes.<\/strong><\/p>\n<p>Estas solu\u00e7\u00f5es devem envolver desde<strong> o teto, passando pelo mobili\u00e1rio, at\u00e9 o piso do ambiente. <\/strong>Com rela\u00e7\u00e3o a este \u00faltimo elemento <strong>V\u00e2nia Lobo<\/strong> frisou que &#8220;o ch\u00e3o dos novos escrit\u00f3rios&#8221; est\u00e1 seguindo a tend\u00eancia dos<strong> pisos elevados,<\/strong> o que \u00e9 \u00f3timo para a manuten\u00e7\u00e3o.<\/p>\n<blockquote><p>\u201cQuando tenho de escolher um piso, avalio o<strong> grau de tr\u00e1fego que vai sofrer, <\/strong>depois as <strong>variedades de materiais<\/strong> que atendem ao tipo de uso e, finalmente, fa\u00e7o a escolha pela <strong>durabilidade do material<\/strong>&#8221; <strong>&#8211; Heloisa Dabus.<\/strong><\/p><\/blockquote>\n<div id=\"attachment_3457\" style=\"width: 452px\" class=\"wp-caption aligncenter\"><a title=\"Clique para ampliar\" href=\"http:\/\/www.dabusarquitetura.com.br\/blog\/wp-content\/uploads\/2011\/03\/Revista-Infra-Facility-Property-Heloisa-Dabus.jpg\" target=\"_blank\" rel=\"noopener noreferrer\"><img aria-describedby=\"caption-attachment-3457\" decoding=\"async\" loading=\"lazy\" class=\"size-full wp-image-3457 \" title=\"Revista Infra Facility Property - Heloisa Dabus\" src=\"http:\/\/www.dabusarquitetura.com.br\/blog\/wp-content\/uploads\/2011\/03\/Revista-Infra-Facility-Property-Heloisa-Dabus1.jpg\" alt=\"\" width=\"442\" height=\"300\" srcset=\"https:\/\/www.dabusarquitetura.com.br\/blog\/wp-content\/uploads\/2011\/03\/Revista-Infra-Facility-Property-Heloisa-Dabus1.jpg 442w, https:\/\/www.dabusarquitetura.com.br\/blog\/wp-content\/uploads\/2011\/03\/Revista-Infra-Facility-Property-Heloisa-Dabus1-300x203.jpg 300w\" sizes=\"(max-width: 442px) 100vw, 442px\" \/><\/a><p id=\"caption-attachment-3457\" class=\"wp-caption-text\">Clique na imagem para ampliar.<\/p><\/div>\n<p style=\"text-align: left;\">Para ler na \u00edntegra a mat\u00e9ria da revista <strong>INFRA Facility Property<\/strong> do m\u00eas de mar\u00e7o basta clicar <a href=\"http:\/\/www.revistainfra.com.br\/textos.asp?codigo=11170\" target=\"_blank\" rel=\"noopener noreferrer\"><strong>AQUI!<\/strong><\/a><\/p>\n<p style=\"text-align: left;\">Confira e fique por dentro das<strong> tend\u00eancias para a Arquitetura Corporativa!<br \/>\n<\/strong><\/p>\n","protected":false},"excerpt":{"rendered":"<p>Ter uma vis\u00e3o apurada sobre as necessidades das empresas, seus neg\u00f3cios e seu dia a dia de trabalho \u00e9 fundamental para prever solu\u00e7\u00f5es inteligentes aos [&hellip;]<\/p>\n","protected":false},"author":3,"featured_media":0,"comment_status":"open","ping_status":"open","sticky":false,"template":"","format":"standard","meta":[],"categories":[7,41,49],"tags":[273,38,47],"yoast_head":"<!-- This site is optimized with the Yoast SEO plugin v20.8 - https:\/\/yoast.com\/wordpress\/plugins\/seo\/ -->\n<title>Funcionalidade na Arquitetura Corporativa \u00e9 pauta de mat\u00e9ria da revista INFRA Facility Property - DABUS ARQUITETURA<\/title>\n<meta name=\"robots\" content=\"index, follow, max-snippet:-1, max-image-preview:large, max-video-preview:-1\" \/>\n<link rel=\"canonical\" href=\"https:\/\/www.dabusarquitetura.com.br\/blog\/funcionalidade-na-arquitetura-corporativa-e-pauta-de-materia-da-revista-infra-facility-property\/\" \/>\n<meta property=\"og:locale\" content=\"pt_BR\" \/>\n<meta property=\"og:type\" content=\"article\" \/>\n<meta property=\"og:title\" content=\"Funcionalidade na Arquitetura Corporativa \u00e9 pauta de mat\u00e9ria da revista INFRA Facility Property - DABUS ARQUITETURA\" \/>\n<meta property=\"og:description\" content=\"Ter uma vis\u00e3o apurada sobre as necessidades das empresas, seus neg\u00f3cios e seu dia a dia de trabalho \u00e9 fundamental para prever solu\u00e7\u00f5es inteligentes aos [&hellip;]\" \/>\n<meta property=\"og:url\" content=\"https:\/\/www.dabusarquitetura.com.br\/blog\/funcionalidade-na-arquitetura-corporativa-e-pauta-de-materia-da-revista-infra-facility-property\/\" \/>\n<meta property=\"og:site_name\" content=\"DABUS ARQUITETURA\" \/>\n<meta property=\"article:published_time\" content=\"2011-03-16T10:00:33+00:00\" \/>\n<meta property=\"article:modified_time\" content=\"2022-07-26T14:17:53+00:00\" \/>\n<meta property=\"og:image\" content=\"http:\/\/www.dabusarquitetura.com.br\/blog\/wp-content\/uploads\/2011\/03\/Revista-Infra-Facility-Property-Heloisa-Dabus1.jpg\" \/>\n<meta name=\"author\" content=\"heloisa.dabus\" \/>\n<meta name=\"twitter:card\" content=\"summary_large_image\" \/>\n<meta name=\"twitter:label1\" content=\"Escrito por\" \/>\n\t<meta name=\"twitter:data1\" content=\"heloisa.dabus\" \/>\n\t<meta name=\"twitter:label2\" content=\"Est. tempo de leitura\" \/>\n\t<meta name=\"twitter:data2\" content=\"2 minutos\" \/>\n<script type=\"application\/ld+json\" class=\"yoast-schema-graph\">{\"@context\":\"https:\/\/schema.org\",\"@graph\":[{\"@type\":\"WebPage\",\"@id\":\"https:\/\/www.dabusarquitetura.com.br\/blog\/funcionalidade-na-arquitetura-corporativa-e-pauta-de-materia-da-revista-infra-facility-property\/\",\"url\":\"https:\/\/www.dabusarquitetura.com.br\/blog\/funcionalidade-na-arquitetura-corporativa-e-pauta-de-materia-da-revista-infra-facility-property\/\",\"name\":\"Funcionalidade na Arquitetura Corporativa \u00e9 pauta de mat\u00e9ria da revista INFRA Facility Property - DABUS ARQUITETURA\",\"isPartOf\":{\"@id\":\"https:\/\/www.dabusarquitetura.com.br\/blog\/#website\"},\"datePublished\":\"2011-03-16T10:00:33+00:00\",\"dateModified\":\"2022-07-26T14:17:53+00:00\",\"author\":{\"@id\":\"https:\/\/www.dabusarquitetura.com.br\/blog\/#\/schema\/person\/978b78d74759412a1cd43634996237c4\"},\"breadcrumb\":{\"@id\":\"https:\/\/www.dabusarquitetura.com.br\/blog\/funcionalidade-na-arquitetura-corporativa-e-pauta-de-materia-da-revista-infra-facility-property\/#breadcrumb\"},\"inLanguage\":\"pt-BR\",\"potentialAction\":[{\"@type\":\"ReadAction\",\"target\":[\"https:\/\/www.dabusarquitetura.com.br\/blog\/funcionalidade-na-arquitetura-corporativa-e-pauta-de-materia-da-revista-infra-facility-property\/\"]}]},{\"@type\":\"BreadcrumbList\",\"@id\":\"https:\/\/www.dabusarquitetura.com.br\/blog\/funcionalidade-na-arquitetura-corporativa-e-pauta-de-materia-da-revista-infra-facility-property\/#breadcrumb\",\"itemListElement\":[{\"@type\":\"ListItem\",\"position\":1,\"name\":\"In\u00edcio\",\"item\":\"https:\/\/www.dabusarquitetura.com.br\/blog\/\"},{\"@type\":\"ListItem\",\"position\":2,\"name\":\"Funcionalidade na Arquitetura Corporativa \u00e9 pauta de mat\u00e9ria da revista INFRA Facility Property\"}]},{\"@type\":\"WebSite\",\"@id\":\"https:\/\/www.dabusarquitetura.com.br\/blog\/#website\",\"url\":\"https:\/\/www.dabusarquitetura.com.br\/blog\/\",\"name\":\"DABUS ARQUITETURA\",\"description\":\"Arquitetura Corporativa\",\"potentialAction\":[{\"@type\":\"SearchAction\",\"target\":{\"@type\":\"EntryPoint\",\"urlTemplate\":\"https:\/\/www.dabusarquitetura.com.br\/blog\/?s={search_term_string}\"},\"query-input\":\"required name=search_term_string\"}],\"inLanguage\":\"pt-BR\"},{\"@type\":\"Person\",\"@id\":\"https:\/\/www.dabusarquitetura.com.br\/blog\/#\/schema\/person\/978b78d74759412a1cd43634996237c4\",\"name\":\"heloisa.dabus\",\"image\":{\"@type\":\"ImageObject\",\"inLanguage\":\"pt-BR\",\"@id\":\"https:\/\/www.dabusarquitetura.com.br\/blog\/#\/schema\/person\/image\/\",\"url\":\"https:\/\/secure.gravatar.com\/avatar\/4078f4f8e54fb70a99a5e9edc642ecb1?s=96&d=mm&r=g\",\"contentUrl\":\"https:\/\/secure.gravatar.com\/avatar\/4078f4f8e54fb70a99a5e9edc642ecb1?s=96&d=mm&r=g\",\"caption\":\"heloisa.dabus\"},\"url\":\"https:\/\/www.dabusarquitetura.com.br\/blog\/author\/heloisa-dabus\/\"}]}<\/script>\n<!-- \/ Yoast SEO plugin. -->","yoast_head_json":{"title":"Funcionalidade na Arquitetura Corporativa \u00e9 pauta de mat\u00e9ria da revista INFRA Facility Property - DABUS ARQUITETURA","robots":{"index":"index","follow":"follow","max-snippet":"max-snippet:-1","max-image-preview":"max-image-preview:large","max-video-preview":"max-video-preview:-1"},"canonical":"https:\/\/www.dabusarquitetura.com.br\/blog\/funcionalidade-na-arquitetura-corporativa-e-pauta-de-materia-da-revista-infra-facility-property\/","og_locale":"pt_BR","og_type":"article","og_title":"Funcionalidade na Arquitetura Corporativa \u00e9 pauta de mat\u00e9ria da revista INFRA Facility Property - DABUS ARQUITETURA","og_description":"Ter uma vis\u00e3o apurada sobre as necessidades das empresas, seus neg\u00f3cios e seu dia a dia de trabalho \u00e9 fundamental para prever solu\u00e7\u00f5es inteligentes aos [&hellip;]","og_url":"https:\/\/www.dabusarquitetura.com.br\/blog\/funcionalidade-na-arquitetura-corporativa-e-pauta-de-materia-da-revista-infra-facility-property\/","og_site_name":"DABUS ARQUITETURA","article_published_time":"2011-03-16T10:00:33+00:00","article_modified_time":"2022-07-26T14:17:53+00:00","og_image":[{"url":"http:\/\/www.dabusarquitetura.com.br\/blog\/wp-content\/uploads\/2011\/03\/Revista-Infra-Facility-Property-Heloisa-Dabus1.jpg"}],"author":"heloisa.dabus","twitter_card":"summary_large_image","twitter_misc":{"Escrito por":"heloisa.dabus","Est. tempo de leitura":"2 minutos"},"schema":{"@context":"https:\/\/schema.org","@graph":[{"@type":"WebPage","@id":"https:\/\/www.dabusarquitetura.com.br\/blog\/funcionalidade-na-arquitetura-corporativa-e-pauta-de-materia-da-revista-infra-facility-property\/","url":"https:\/\/www.dabusarquitetura.com.br\/blog\/funcionalidade-na-arquitetura-corporativa-e-pauta-de-materia-da-revista-infra-facility-property\/","name":"Funcionalidade na Arquitetura Corporativa \u00e9 pauta de mat\u00e9ria da revista INFRA Facility Property - DABUS ARQUITETURA","isPartOf":{"@id":"https:\/\/www.dabusarquitetura.com.br\/blog\/#website"},"datePublished":"2011-03-16T10:00:33+00:00","dateModified":"2022-07-26T14:17:53+00:00","author":{"@id":"https:\/\/www.dabusarquitetura.com.br\/blog\/#\/schema\/person\/978b78d74759412a1cd43634996237c4"},"breadcrumb":{"@id":"https:\/\/www.dabusarquitetura.com.br\/blog\/funcionalidade-na-arquitetura-corporativa-e-pauta-de-materia-da-revista-infra-facility-property\/#breadcrumb"},"inLanguage":"pt-BR","potentialAction":[{"@type":"ReadAction","target":["https:\/\/www.dabusarquitetura.com.br\/blog\/funcionalidade-na-arquitetura-corporativa-e-pauta-de-materia-da-revista-infra-facility-property\/"]}]},{"@type":"BreadcrumbList","@id":"https:\/\/www.dabusarquitetura.com.br\/blog\/funcionalidade-na-arquitetura-corporativa-e-pauta-de-materia-da-revista-infra-facility-property\/#breadcrumb","itemListElement":[{"@type":"ListItem","position":1,"name":"In\u00edcio","item":"https:\/\/www.dabusarquitetura.com.br\/blog\/"},{"@type":"ListItem","position":2,"name":"Funcionalidade na Arquitetura Corporativa \u00e9 pauta de mat\u00e9ria da revista INFRA Facility Property"}]},{"@type":"WebSite","@id":"https:\/\/www.dabusarquitetura.com.br\/blog\/#website","url":"https:\/\/www.dabusarquitetura.com.br\/blog\/","name":"DABUS ARQUITETURA","description":"Arquitetura Corporativa","potentialAction":[{"@type":"SearchAction","target":{"@type":"EntryPoint","urlTemplate":"https:\/\/www.dabusarquitetura.com.br\/blog\/?s={search_term_string}"},"query-input":"required name=search_term_string"}],"inLanguage":"pt-BR"},{"@type":"Person","@id":"https:\/\/www.dabusarquitetura.com.br\/blog\/#\/schema\/person\/978b78d74759412a1cd43634996237c4","name":"heloisa.dabus","image":{"@type":"ImageObject","inLanguage":"pt-BR","@id":"https:\/\/www.dabusarquitetura.com.br\/blog\/#\/schema\/person\/image\/","url":"https:\/\/secure.gravatar.com\/avatar\/4078f4f8e54fb70a99a5e9edc642ecb1?s=96&d=mm&r=g","contentUrl":"https:\/\/secure.gravatar.com\/avatar\/4078f4f8e54fb70a99a5e9edc642ecb1?s=96&d=mm&r=g","caption":"heloisa.dabus"},"url":"https:\/\/www.dabusarquitetura.com.br\/blog\/author\/heloisa-dabus\/"}]}},"_links":{"self":[{"href":"https:\/\/www.dabusarquitetura.com.br\/blog\/wp-json\/wp\/v2\/posts\/3408"}],"collection":[{"href":"https:\/\/www.dabusarquitetura.com.br\/blog\/wp-json\/wp\/v2\/posts"}],"about":[{"href":"https:\/\/www.dabusarquitetura.com.br\/blog\/wp-json\/wp\/v2\/types\/post"}],"author":[{"embeddable":true,"href":"https:\/\/www.dabusarquitetura.com.br\/blog\/wp-json\/wp\/v2\/users\/3"}],"replies":[{"embeddable":true,"href":"https:\/\/www.dabusarquitetura.com.br\/blog\/wp-json\/wp\/v2\/comments?post=3408"}],"version-history":[{"count":1,"href":"https:\/\/www.dabusarquitetura.com.br\/blog\/wp-json\/wp\/v2\/posts\/3408\/revisions"}],"predecessor-version":[{"id":16177,"href":"https:\/\/www.dabusarquitetura.com.br\/blog\/wp-json\/wp\/v2\/posts\/3408\/revisions\/16177"}],"wp:attachment":[{"href":"https:\/\/www.dabusarquitetura.com.br\/blog\/wp-json\/wp\/v2\/media?parent=3408"}],"wp:term":[{"taxonomy":"category","embeddable":true,"href":"https:\/\/www.dabusarquitetura.com.br\/blog\/wp-json\/wp\/v2\/categories?post=3408"},{"taxonomy":"post_tag","embeddable":true,"href":"https:\/\/www.dabusarquitetura.com.br\/blog\/wp-json\/wp\/v2\/tags?post=3408"}],"curies":[{"name":"wp","href":"https:\/\/api.w.org\/{rel}","templated":true}]}}