{"id":3324,"date":"2011-03-09T10:00:59","date_gmt":"2011-03-09T10:00:59","guid":{"rendered":"http:\/\/www.dabus.com.br\/blog\/?p=3324"},"modified":"2022-07-26T17:18:10","modified_gmt":"2022-07-26T14:18:10","slug":"medidas-basicas-a-serem-aplicadas-aos-ambientes-da-sua-empresa","status":"publish","type":"post","link":"https:\/\/www.dabusarquitetura.com.br\/blog\/medidas-basicas-a-serem-aplicadas-aos-ambientes-da-sua-empresa\/","title":{"rendered":"Medidas b\u00e1sicas a serem aplicadas aos ambientes da sua empresa"},"content":{"rendered":"<p>O conceito de<strong> espa\u00e7os abertos e compartilhados<\/strong> \u00e9 cada vez mais requisitado nos projetos de<strong> <a title=\"Saiba mais!\" href=\"http:\/\/www.dabusarquitetura.com.br\/site\/arquitetura-corporativa\" target=\"_blank\" rel=\"noopener noreferrer\">Arquitetura Corporativa.<\/a><\/strong> A ideia valoriza o<strong> trabalho em equipe<\/strong> onde todos podem desfrutar, com o m\u00e1ximo de aproveitamento, <strong>dos recursos instalados e da colabora\u00e7\u00e3o m\u00fatua e constante.<\/strong><\/p>\n<p>Al\u00e9m disso, este conceito promove uma<strong> maior economia para a empresa, <\/strong>a qual \u00e9 maximizada pela a utiliza\u00e7\u00e3o de <strong>tecnologias e outras solu\u00e7\u00f5es ecologicamente corretas.<br \/>\n<\/strong><\/p>\n<p>Tais tend\u00eancias t\u00eam exigido das companhias e de seus colaboradores uma <strong>nova postura com rela\u00e7\u00e3o ao ambiente de trabalho. <\/strong>As palavras de maior destaque s\u00e3o<strong> integra\u00e7\u00e3o e colabora\u00e7\u00e3o.<\/strong><\/p>\n<div id=\"attachment_3386\" style=\"width: 341px\" class=\"wp-caption aligncenter\"><a title=\"Saiba mais sobre o projeto!\" href=\"http:\/\/www.dabusarquitetura.com.br\/site\/arquitetura-corporativa\/projeto-ca-sede.html\" target=\"_blank\" rel=\"noopener noreferrer\"><img aria-describedby=\"caption-attachment-3386\" decoding=\"async\" loading=\"lazy\" class=\"size-full wp-image-3386 \" title=\"Dabus Arquitetura - Projeto C&amp;A Sede\" src=\"http:\/\/www.dabusarquitetura.com.br\/blog\/wp-content\/uploads\/2011\/03\/Dabus-Arquitetura-Projeto-CA-Sede.jpg\" alt=\"\" width=\"331\" height=\"248\" srcset=\"https:\/\/www.dabusarquitetura.com.br\/blog\/wp-content\/uploads\/2011\/03\/Dabus-Arquitetura-Projeto-CA-Sede.jpg 331w, https:\/\/www.dabusarquitetura.com.br\/blog\/wp-content\/uploads\/2011\/03\/Dabus-Arquitetura-Projeto-CA-Sede-300x224.jpg 300w\" sizes=\"(max-width: 331px) 100vw, 331px\" \/><\/a><p id=\"caption-attachment-3386\" class=\"wp-caption-text\">Projeto da Dabus Arquitetura para a sede da C&amp;A em S\u00e3o Paulo. O resultado permitiu uma flexibilidade maior no dia a dia de atendimento a clientes e fornecedores, e tamb\u00e9m propiciou uma \u00e1rea maior destinada ao conv\u00edvio dos funcion\u00e1rios.<\/p><\/div>\n<p>A seguir voc\u00ea pode conferir <strong>algumas medidas b\u00e1sicas <\/strong>que ajudar\u00e3o a pensar o seu ambiente de trabalho e seu projeto de <strong>Arquitetura Corporativa:<br \/>\n<\/strong><\/p>\n<ul>\n<li>&#8211; O conceito a ser cultivado deve ser o de <strong>compartilhar as instala\u00e7\u00f5es<\/strong> e n\u00e3o o de possu\u00ed-las e personaliz\u00e1-las;<\/li>\n<li>&#8211; A aloca\u00e7\u00e3o dos espa\u00e7os deve ocorrer<strong> com base nas necessidades e n\u00e3o <em>status <\/em><\/strong>dos funcion\u00e1rios;<\/li>\n<li>&#8211; A <strong>Arquitetura Corporativa<\/strong> deve dispor mais op\u00e7\u00f5es de tipos de <strong>espa\u00e7os integrados;<\/strong><\/li>\n<li>&#8211; Sempre que poss\u00edvel os escrit\u00f3rios devem ser idealizados para a <strong>utiliza\u00e7\u00e3o geral de todos, <\/strong>n\u00e3o para a propriedade de uma s\u00f3 pessoa;<\/li>\n<li>&#8211; \u00c9 interessante que a equipe conte com um<strong> espa\u00e7o para o armazenamento central<\/strong> de todos os documentos e arquivos;<\/li>\n<li>&#8211; O ideal \u00e9 que os objetos pessoais sejam guardados em<strong> arm\u00e1rios individuais<\/strong> e n\u00e3o nas mesas de trabalho;<\/li>\n<li>&#8211; As mesas devem ser <strong>compartilhadas <\/strong>e n\u00e3o individuais;<\/li>\n<li>&#8211; A <strong>organiza\u00e7\u00e3o <\/strong>precisa cultivar o cumprimento da<strong> pol\u00edtica de mesa limpa;<\/strong><\/li>\n<li>&#8211; A empresa deve contar com<strong> unidades comunit\u00e1rias para o dep\u00f3sito de material recicl\u00e1vel,<\/strong> sem latas de lixo individuais;<\/li>\n<li>&#8211; Os dispositivos multifuncionais precisam ser <strong>compartilhados, <\/strong>estando ao alcance de todos;<\/li>\n<li><strong>O uso da tecnologia tem que ser consciente <\/strong>e, para isto, o n\u00famero de m\u00e1quinas e sua disposi\u00e7\u00e3o devem ser adequados para cada equipe.<\/li>\n<\/ul>\n<h2>Quer saber mais?<\/h2>\n<p><strong><a title=\"Clique aqui!\" href=\"http:\/\/www.dabusarquitetura.com.br\/blog\/fale-conosco\/\" target=\"_self\" rel=\"noopener noreferrer\">Entre em contato<\/a> <\/strong>com a<strong> <a title=\"Quem Somos\" href=\"http:\/\/www.dabusarquitetura.com.br\/blog\/quem-somos\/\" target=\"_self\" rel=\"noopener noreferrer\">DABUS ARQUITETURA<\/a><\/strong> e saiba melhor como podemos desenvolver o seu projeto de <strong>Arquitetura Corporativa.<\/strong><\/p>\n<p>O nosso objetivo \u00e9<strong> otimizar os seus neg\u00f3cios <\/strong>preparando-os para os novos tempos!<strong><br \/>\n<\/strong><\/p>\n","protected":false},"excerpt":{"rendered":"<p>O conceito de espa\u00e7os abertos e compartilhados \u00e9 cada vez mais requisitado nos projetos de Arquitetura Corporativa. A ideia valoriza o trabalho em equipe onde [&hellip;]<\/p>\n","protected":false},"author":3,"featured_media":0,"comment_status":"open","ping_status":"open","sticky":false,"template":"","format":"standard","meta":[],"categories":[7,49,12],"tags":[273,153,38,54,152],"yoast_head":"<!-- This site is optimized with the Yoast SEO plugin v20.8 - https:\/\/yoast.com\/wordpress\/plugins\/seo\/ -->\n<title>Medidas b\u00e1sicas a serem aplicadas aos ambientes da sua empresa - DABUS ARQUITETURA<\/title>\n<meta name=\"robots\" content=\"index, follow, max-snippet:-1, max-image-preview:large, max-video-preview:-1\" \/>\n<link rel=\"canonical\" href=\"https:\/\/www.dabusarquitetura.com.br\/blog\/medidas-basicas-a-serem-aplicadas-aos-ambientes-da-sua-empresa\/\" \/>\n<meta property=\"og:locale\" content=\"pt_BR\" \/>\n<meta property=\"og:type\" content=\"article\" \/>\n<meta property=\"og:title\" content=\"Medidas b\u00e1sicas a serem aplicadas aos ambientes da sua empresa - DABUS ARQUITETURA\" \/>\n<meta property=\"og:description\" content=\"O conceito de espa\u00e7os abertos e compartilhados \u00e9 cada vez mais requisitado nos projetos de Arquitetura Corporativa. A ideia valoriza o trabalho em equipe onde [&hellip;]\" \/>\n<meta property=\"og:url\" content=\"https:\/\/www.dabusarquitetura.com.br\/blog\/medidas-basicas-a-serem-aplicadas-aos-ambientes-da-sua-empresa\/\" \/>\n<meta property=\"og:site_name\" content=\"DABUS ARQUITETURA\" \/>\n<meta property=\"article:published_time\" content=\"2011-03-09T10:00:59+00:00\" \/>\n<meta property=\"article:modified_time\" content=\"2022-07-26T14:18:10+00:00\" \/>\n<meta property=\"og:image\" content=\"http:\/\/www.dabusarquitetura.com.br\/blog\/wp-content\/uploads\/2011\/03\/Dabus-Arquitetura-Projeto-CA-Sede.jpg\" \/>\n<meta name=\"author\" content=\"heloisa.dabus\" \/>\n<meta name=\"twitter:card\" content=\"summary_large_image\" \/>\n<meta name=\"twitter:label1\" content=\"Escrito por\" \/>\n\t<meta name=\"twitter:data1\" content=\"heloisa.dabus\" \/>\n\t<meta name=\"twitter:label2\" content=\"Est. tempo de leitura\" \/>\n\t<meta name=\"twitter:data2\" content=\"2 minutos\" \/>\n<script type=\"application\/ld+json\" class=\"yoast-schema-graph\">{\"@context\":\"https:\/\/schema.org\",\"@graph\":[{\"@type\":\"WebPage\",\"@id\":\"https:\/\/www.dabusarquitetura.com.br\/blog\/medidas-basicas-a-serem-aplicadas-aos-ambientes-da-sua-empresa\/\",\"url\":\"https:\/\/www.dabusarquitetura.com.br\/blog\/medidas-basicas-a-serem-aplicadas-aos-ambientes-da-sua-empresa\/\",\"name\":\"Medidas b\u00e1sicas a serem aplicadas aos ambientes da sua empresa - DABUS ARQUITETURA\",\"isPartOf\":{\"@id\":\"https:\/\/www.dabusarquitetura.com.br\/blog\/#website\"},\"datePublished\":\"2011-03-09T10:00:59+00:00\",\"dateModified\":\"2022-07-26T14:18:10+00:00\",\"author\":{\"@id\":\"https:\/\/www.dabusarquitetura.com.br\/blog\/#\/schema\/person\/978b78d74759412a1cd43634996237c4\"},\"breadcrumb\":{\"@id\":\"https:\/\/www.dabusarquitetura.com.br\/blog\/medidas-basicas-a-serem-aplicadas-aos-ambientes-da-sua-empresa\/#breadcrumb\"},\"inLanguage\":\"pt-BR\",\"potentialAction\":[{\"@type\":\"ReadAction\",\"target\":[\"https:\/\/www.dabusarquitetura.com.br\/blog\/medidas-basicas-a-serem-aplicadas-aos-ambientes-da-sua-empresa\/\"]}]},{\"@type\":\"BreadcrumbList\",\"@id\":\"https:\/\/www.dabusarquitetura.com.br\/blog\/medidas-basicas-a-serem-aplicadas-aos-ambientes-da-sua-empresa\/#breadcrumb\",\"itemListElement\":[{\"@type\":\"ListItem\",\"position\":1,\"name\":\"In\u00edcio\",\"item\":\"https:\/\/www.dabusarquitetura.com.br\/blog\/\"},{\"@type\":\"ListItem\",\"position\":2,\"name\":\"Medidas b\u00e1sicas a serem aplicadas aos ambientes da sua empresa\"}]},{\"@type\":\"WebSite\",\"@id\":\"https:\/\/www.dabusarquitetura.com.br\/blog\/#website\",\"url\":\"https:\/\/www.dabusarquitetura.com.br\/blog\/\",\"name\":\"DABUS ARQUITETURA\",\"description\":\"Arquitetura Corporativa\",\"potentialAction\":[{\"@type\":\"SearchAction\",\"target\":{\"@type\":\"EntryPoint\",\"urlTemplate\":\"https:\/\/www.dabusarquitetura.com.br\/blog\/?s={search_term_string}\"},\"query-input\":\"required name=search_term_string\"}],\"inLanguage\":\"pt-BR\"},{\"@type\":\"Person\",\"@id\":\"https:\/\/www.dabusarquitetura.com.br\/blog\/#\/schema\/person\/978b78d74759412a1cd43634996237c4\",\"name\":\"heloisa.dabus\",\"image\":{\"@type\":\"ImageObject\",\"inLanguage\":\"pt-BR\",\"@id\":\"https:\/\/www.dabusarquitetura.com.br\/blog\/#\/schema\/person\/image\/\",\"url\":\"https:\/\/secure.gravatar.com\/avatar\/4078f4f8e54fb70a99a5e9edc642ecb1?s=96&d=mm&r=g\",\"contentUrl\":\"https:\/\/secure.gravatar.com\/avatar\/4078f4f8e54fb70a99a5e9edc642ecb1?s=96&d=mm&r=g\",\"caption\":\"heloisa.dabus\"},\"url\":\"https:\/\/www.dabusarquitetura.com.br\/blog\/author\/heloisa-dabus\/\"}]}<\/script>\n<!-- \/ Yoast SEO plugin. -->","yoast_head_json":{"title":"Medidas b\u00e1sicas a serem aplicadas aos ambientes da sua empresa - DABUS ARQUITETURA","robots":{"index":"index","follow":"follow","max-snippet":"max-snippet:-1","max-image-preview":"max-image-preview:large","max-video-preview":"max-video-preview:-1"},"canonical":"https:\/\/www.dabusarquitetura.com.br\/blog\/medidas-basicas-a-serem-aplicadas-aos-ambientes-da-sua-empresa\/","og_locale":"pt_BR","og_type":"article","og_title":"Medidas b\u00e1sicas a serem aplicadas aos ambientes da sua empresa - DABUS ARQUITETURA","og_description":"O conceito de espa\u00e7os abertos e compartilhados \u00e9 cada vez mais requisitado nos projetos de Arquitetura Corporativa. A ideia valoriza o trabalho em equipe onde [&hellip;]","og_url":"https:\/\/www.dabusarquitetura.com.br\/blog\/medidas-basicas-a-serem-aplicadas-aos-ambientes-da-sua-empresa\/","og_site_name":"DABUS ARQUITETURA","article_published_time":"2011-03-09T10:00:59+00:00","article_modified_time":"2022-07-26T14:18:10+00:00","og_image":[{"url":"http:\/\/www.dabusarquitetura.com.br\/blog\/wp-content\/uploads\/2011\/03\/Dabus-Arquitetura-Projeto-CA-Sede.jpg"}],"author":"heloisa.dabus","twitter_card":"summary_large_image","twitter_misc":{"Escrito por":"heloisa.dabus","Est. tempo de leitura":"2 minutos"},"schema":{"@context":"https:\/\/schema.org","@graph":[{"@type":"WebPage","@id":"https:\/\/www.dabusarquitetura.com.br\/blog\/medidas-basicas-a-serem-aplicadas-aos-ambientes-da-sua-empresa\/","url":"https:\/\/www.dabusarquitetura.com.br\/blog\/medidas-basicas-a-serem-aplicadas-aos-ambientes-da-sua-empresa\/","name":"Medidas b\u00e1sicas a serem aplicadas aos ambientes da sua empresa - DABUS ARQUITETURA","isPartOf":{"@id":"https:\/\/www.dabusarquitetura.com.br\/blog\/#website"},"datePublished":"2011-03-09T10:00:59+00:00","dateModified":"2022-07-26T14:18:10+00:00","author":{"@id":"https:\/\/www.dabusarquitetura.com.br\/blog\/#\/schema\/person\/978b78d74759412a1cd43634996237c4"},"breadcrumb":{"@id":"https:\/\/www.dabusarquitetura.com.br\/blog\/medidas-basicas-a-serem-aplicadas-aos-ambientes-da-sua-empresa\/#breadcrumb"},"inLanguage":"pt-BR","potentialAction":[{"@type":"ReadAction","target":["https:\/\/www.dabusarquitetura.com.br\/blog\/medidas-basicas-a-serem-aplicadas-aos-ambientes-da-sua-empresa\/"]}]},{"@type":"BreadcrumbList","@id":"https:\/\/www.dabusarquitetura.com.br\/blog\/medidas-basicas-a-serem-aplicadas-aos-ambientes-da-sua-empresa\/#breadcrumb","itemListElement":[{"@type":"ListItem","position":1,"name":"In\u00edcio","item":"https:\/\/www.dabusarquitetura.com.br\/blog\/"},{"@type":"ListItem","position":2,"name":"Medidas b\u00e1sicas a serem aplicadas aos ambientes da sua empresa"}]},{"@type":"WebSite","@id":"https:\/\/www.dabusarquitetura.com.br\/blog\/#website","url":"https:\/\/www.dabusarquitetura.com.br\/blog\/","name":"DABUS ARQUITETURA","description":"Arquitetura Corporativa","potentialAction":[{"@type":"SearchAction","target":{"@type":"EntryPoint","urlTemplate":"https:\/\/www.dabusarquitetura.com.br\/blog\/?s={search_term_string}"},"query-input":"required name=search_term_string"}],"inLanguage":"pt-BR"},{"@type":"Person","@id":"https:\/\/www.dabusarquitetura.com.br\/blog\/#\/schema\/person\/978b78d74759412a1cd43634996237c4","name":"heloisa.dabus","image":{"@type":"ImageObject","inLanguage":"pt-BR","@id":"https:\/\/www.dabusarquitetura.com.br\/blog\/#\/schema\/person\/image\/","url":"https:\/\/secure.gravatar.com\/avatar\/4078f4f8e54fb70a99a5e9edc642ecb1?s=96&d=mm&r=g","contentUrl":"https:\/\/secure.gravatar.com\/avatar\/4078f4f8e54fb70a99a5e9edc642ecb1?s=96&d=mm&r=g","caption":"heloisa.dabus"},"url":"https:\/\/www.dabusarquitetura.com.br\/blog\/author\/heloisa-dabus\/"}]}},"_links":{"self":[{"href":"https:\/\/www.dabusarquitetura.com.br\/blog\/wp-json\/wp\/v2\/posts\/3324"}],"collection":[{"href":"https:\/\/www.dabusarquitetura.com.br\/blog\/wp-json\/wp\/v2\/posts"}],"about":[{"href":"https:\/\/www.dabusarquitetura.com.br\/blog\/wp-json\/wp\/v2\/types\/post"}],"author":[{"embeddable":true,"href":"https:\/\/www.dabusarquitetura.com.br\/blog\/wp-json\/wp\/v2\/users\/3"}],"replies":[{"embeddable":true,"href":"https:\/\/www.dabusarquitetura.com.br\/blog\/wp-json\/wp\/v2\/comments?post=3324"}],"version-history":[{"count":1,"href":"https:\/\/www.dabusarquitetura.com.br\/blog\/wp-json\/wp\/v2\/posts\/3324\/revisions"}],"predecessor-version":[{"id":16178,"href":"https:\/\/www.dabusarquitetura.com.br\/blog\/wp-json\/wp\/v2\/posts\/3324\/revisions\/16178"}],"wp:attachment":[{"href":"https:\/\/www.dabusarquitetura.com.br\/blog\/wp-json\/wp\/v2\/media?parent=3324"}],"wp:term":[{"taxonomy":"category","embeddable":true,"href":"https:\/\/www.dabusarquitetura.com.br\/blog\/wp-json\/wp\/v2\/categories?post=3324"},{"taxonomy":"post_tag","embeddable":true,"href":"https:\/\/www.dabusarquitetura.com.br\/blog\/wp-json\/wp\/v2\/tags?post=3324"}],"curies":[{"name":"wp","href":"https:\/\/api.w.org\/{rel}","templated":true}]}}