{"id":3268,"date":"2011-03-02T10:00:44","date_gmt":"2011-03-02T10:00:44","guid":{"rendered":"http:\/\/www.dabus.com.br\/blog\/?p=3268"},"modified":"2022-07-26T17:18:24","modified_gmt":"2022-07-26T14:18:24","slug":"a-arquitetura-corporativa-e-as-novas-necessidades-dos-colaboradores","status":"publish","type":"post","link":"https:\/\/www.dabusarquitetura.com.br\/blog\/a-arquitetura-corporativa-e-as-novas-necessidades-dos-colaboradores\/","title":{"rendered":"A Arquitetura Corporativa e as novas necessidades dos colaboradores"},"content":{"rendered":"<p>Eles est\u00e3o por todas as partes: <em>smartphones<\/em>, <em>notebooks<\/em>, <em>tablets <\/em>e at\u00e9 mesmo os <em>videogames <\/em>port\u00e1teis. Os <strong>novos recursos e aparelhos tecnol\u00f3gicos, assim como o f\u00e1cil acesso \u00e0 internet e a mobilidade para se conectar a ela <\/strong>a cada dia se tornam mais presentes na vida das pessoas, influenciando em seu comportamento e configurando ainda um<strong> novo perfil de profissionais, que s\u00e3o extremamente din\u00e2micos, atualizados e sedentos por novidades.<\/strong><\/p>\n<p>Completamente inseridos (quando falamos das <strong>gera\u00e7\u00f5es Y e Z<\/strong>) em uma realidade digital, estes &#8220;novos profissionais&#8221; n\u00e3o encontram barreiras para<strong> trabalhar nos mais diversos locais,<\/strong> sejam eles hot\u00e9is, escrit\u00f3rios, caf\u00e9s, <em>shopping centers<\/em>, aeroportos ou a pr\u00f3pria casa.<\/p>\n<p>Este <strong>potencial din\u00e2mico e a familiaridade com as novas ferramentas<\/strong> s\u00e3o, inevitavelmente, levados para dentro da empresa que, por sua vez, precisa estar preparada para<strong> extrair das novas gera\u00e7\u00f5es o que elas t\u00eam de melhor.<\/strong><\/p>\n<p>Nesta miss\u00e3o a<strong> <a title=\"Saiba mais!\" href=\"..\/..\/site\/arquitetura-corporativa\" target=\"_blank\" rel=\"noopener noreferrer\">Arquitetura Corporativa<\/a> <\/strong>desempenha um papel essencial, pois a partir de um <strong>projeto inteligente e bem direcionado<\/strong> \u00e9 poss\u00edvel acolher os colaboradores da maneira mais adequada.<\/p>\n<h2>O que eles esperam?<\/h2>\n<p>Os funcion\u00e1rios das novas gera\u00e7\u00f5es esperam encontrar um ambiente de trabalho onde possam<strong> interagir com os colegas, <\/strong>compartilhando informa\u00e7\u00f5es com liberdade e <strong>agilizando os processos de comunica\u00e7\u00e3o <\/strong>no dia a dia da empresa.<\/p>\n<p style=\"text-align: center;\"><a title=\"Saiba mais!\" href=\"http:\/\/www.dabusarquitetura.com.br\/site\/arquitetura-corporativa\/projeto-creditus-empresa-do-grupo-banco-bpn.html\" target=\"_blank\" rel=\"noopener noreferrer\"><strong><img decoding=\"async\" loading=\"lazy\" class=\"size-full wp-image-3342 aligncenter\" title=\"Dabus Arquitetura - Projeto Cr\u00e9ditus, empresa do Grupo BPN\" src=\"http:\/\/www.dabusarquitetura.com.br\/blog\/wp-content\/uploads\/2011\/02\/Dabus-Arquitetura-Projeto-Cr\u00e9ditus-empresa-do-Grupo-BPN.jpg\" alt=\"\" width=\"313\" height=\"232\" srcset=\"https:\/\/www.dabusarquitetura.com.br\/blog\/wp-content\/uploads\/2011\/02\/Dabus-Arquitetura-Projeto-Cr\u00e9ditus-empresa-do-Grupo-BPN.jpg 403w, https:\/\/www.dabusarquitetura.com.br\/blog\/wp-content\/uploads\/2011\/02\/Dabus-Arquitetura-Projeto-Cr\u00e9ditus-empresa-do-Grupo-BPN-300x223.jpg 300w\" sizes=\"(max-width: 313px) 100vw, 313px\" \/><\/strong><\/a><\/p>\n<p>O conceito de mesa individual deve ceder lugar \u00e0 <strong>variedade e op\u00e7\u00f5es de espa\u00e7o,<\/strong> enquanto o<strong> padr\u00e3o de <em>layout <\/em><\/strong>deve privilegiar os <strong>modelos mais abertos ou panor\u00e2micos, <\/strong>nos quais a<strong> flexibilidade para mudan\u00e7as <\/strong>seja uma caracter\u00edstica latente.<\/p>\n<p>Os <strong>recursos tecnol\u00f3gicos,<\/strong> evidentemente, precisam estar adequados ao <strong>n\u00edvel dos profissionais,<\/strong> oferecendo a eles requisitos que lhes permitam explorar os seus conhecimentos e <strong>entregar um melhor desempenho para a empresa.<\/strong><\/p>\n<p><strong>&nbsp;<\/strong><\/p>\n<p style=\"text-align: center;\"><strong><a title=\"Saiba mais!\" href=\"http:\/\/www.dabusarquitetura.com.br\/site\/arquitetura-corporativa\/projeto-red-comunicacoes.html\" target=\"_blank\" rel=\"noopener noreferrer\"><img decoding=\"async\" loading=\"lazy\" class=\"alignnone size-full wp-image-3344\" title=\"Dabus Arquitetura - Projeto RED Comunica\u00e7\u00f5es\" src=\"http:\/\/www.dabusarquitetura.com.br\/blog\/wp-content\/uploads\/2011\/03\/Dabus-Arquitetura-Projeto-RED-Comunica\u00e7\u00f5es.jpg\" alt=\"\" width=\"322\" height=\"238\" srcset=\"https:\/\/www.dabusarquitetura.com.br\/blog\/wp-content\/uploads\/2011\/03\/Dabus-Arquitetura-Projeto-RED-Comunica\u00e7\u00f5es.jpg 429w, https:\/\/www.dabusarquitetura.com.br\/blog\/wp-content\/uploads\/2011\/03\/Dabus-Arquitetura-Projeto-RED-Comunica\u00e7\u00f5es-300x222.jpg 300w\" sizes=\"(max-width: 322px) 100vw, 322px\" \/><\/a><br \/>\n<\/strong><\/p>\n<p>\u00c9 importante destacar que empresas que mant\u00eam<strong> hierarquias e burocracias em seus processos e ambientes de trabalho<\/strong> estar\u00e3o competindo com outras j\u00e1 adaptadas \u00e0s novas necessidades dos profissionais, as quais acabaram se sobressaindo e atingindo melhores resultados.<\/p>\n<p>Por isso, invista em sua <strong>Arquitetura Corporativa: <\/strong>ela dir\u00e1 se a sua empresa est\u00e1 ou n\u00e3o preparada para o futuro&#8230;<\/p>\n<p><strong><a title=\"Clique aqui!\" href=\"..\/..\/fale-conosco\/\" target=\"_self\" rel=\"noopener noreferrer\">Entre em contato<\/a> <\/strong>com a <strong><a title=\"Quem Somos\" href=\"..\/..\/quem-somos\/\" target=\"_self\" rel=\"noopener noreferrer\">DABUS ARQUITETURA<\/a> <\/strong>e saiba como podemos te ajudar!<\/p>\n","protected":false},"excerpt":{"rendered":"<p>Eles est\u00e3o por todas as partes: smartphones, notebooks, tablets e at\u00e9 mesmo os videogames port\u00e1teis. Os novos recursos e aparelhos tecnol\u00f3gicos, assim como o f\u00e1cil [&hellip;]<\/p>\n","protected":false},"author":3,"featured_media":0,"comment_status":"open","ping_status":"open","sticky":false,"template":"","format":"standard","meta":[],"categories":[7,49,12],"tags":[273,60,83,168,29,65],"yoast_head":"<!-- This site is optimized with the Yoast SEO plugin v20.8 - https:\/\/yoast.com\/wordpress\/plugins\/seo\/ -->\n<title>A Arquitetura Corporativa e as novas necessidades dos colaboradores - DABUS ARQUITETURA<\/title>\n<meta name=\"robots\" content=\"index, follow, max-snippet:-1, max-image-preview:large, max-video-preview:-1\" \/>\n<link rel=\"canonical\" href=\"https:\/\/www.dabusarquitetura.com.br\/blog\/a-arquitetura-corporativa-e-as-novas-necessidades-dos-colaboradores\/\" \/>\n<meta property=\"og:locale\" content=\"pt_BR\" \/>\n<meta property=\"og:type\" content=\"article\" \/>\n<meta property=\"og:title\" content=\"A Arquitetura Corporativa e as novas necessidades dos colaboradores - DABUS ARQUITETURA\" \/>\n<meta property=\"og:description\" content=\"Eles est\u00e3o por todas as partes: smartphones, notebooks, tablets e at\u00e9 mesmo os videogames port\u00e1teis. Os novos recursos e aparelhos tecnol\u00f3gicos, assim como o f\u00e1cil [&hellip;]\" \/>\n<meta property=\"og:url\" content=\"https:\/\/www.dabusarquitetura.com.br\/blog\/a-arquitetura-corporativa-e-as-novas-necessidades-dos-colaboradores\/\" \/>\n<meta property=\"og:site_name\" content=\"DABUS ARQUITETURA\" \/>\n<meta property=\"article:published_time\" content=\"2011-03-02T10:00:44+00:00\" \/>\n<meta property=\"article:modified_time\" content=\"2022-07-26T14:18:24+00:00\" \/>\n<meta name=\"author\" content=\"heloisa.dabus\" \/>\n<meta name=\"twitter:card\" content=\"summary_large_image\" \/>\n<meta name=\"twitter:label1\" content=\"Escrito por\" \/>\n\t<meta name=\"twitter:data1\" content=\"heloisa.dabus\" \/>\n\t<meta name=\"twitter:label2\" content=\"Est. tempo de leitura\" \/>\n\t<meta name=\"twitter:data2\" content=\"2 minutos\" \/>\n<script type=\"application\/ld+json\" class=\"yoast-schema-graph\">{\"@context\":\"https:\/\/schema.org\",\"@graph\":[{\"@type\":\"WebPage\",\"@id\":\"https:\/\/www.dabusarquitetura.com.br\/blog\/a-arquitetura-corporativa-e-as-novas-necessidades-dos-colaboradores\/\",\"url\":\"https:\/\/www.dabusarquitetura.com.br\/blog\/a-arquitetura-corporativa-e-as-novas-necessidades-dos-colaboradores\/\",\"name\":\"A Arquitetura Corporativa e as novas necessidades dos colaboradores - DABUS ARQUITETURA\",\"isPartOf\":{\"@id\":\"https:\/\/www.dabusarquitetura.com.br\/blog\/#website\"},\"datePublished\":\"2011-03-02T10:00:44+00:00\",\"dateModified\":\"2022-07-26T14:18:24+00:00\",\"author\":{\"@id\":\"https:\/\/www.dabusarquitetura.com.br\/blog\/#\/schema\/person\/978b78d74759412a1cd43634996237c4\"},\"breadcrumb\":{\"@id\":\"https:\/\/www.dabusarquitetura.com.br\/blog\/a-arquitetura-corporativa-e-as-novas-necessidades-dos-colaboradores\/#breadcrumb\"},\"inLanguage\":\"pt-BR\",\"potentialAction\":[{\"@type\":\"ReadAction\",\"target\":[\"https:\/\/www.dabusarquitetura.com.br\/blog\/a-arquitetura-corporativa-e-as-novas-necessidades-dos-colaboradores\/\"]}]},{\"@type\":\"BreadcrumbList\",\"@id\":\"https:\/\/www.dabusarquitetura.com.br\/blog\/a-arquitetura-corporativa-e-as-novas-necessidades-dos-colaboradores\/#breadcrumb\",\"itemListElement\":[{\"@type\":\"ListItem\",\"position\":1,\"name\":\"In\u00edcio\",\"item\":\"https:\/\/www.dabusarquitetura.com.br\/blog\/\"},{\"@type\":\"ListItem\",\"position\":2,\"name\":\"A Arquitetura Corporativa e as novas necessidades dos colaboradores\"}]},{\"@type\":\"WebSite\",\"@id\":\"https:\/\/www.dabusarquitetura.com.br\/blog\/#website\",\"url\":\"https:\/\/www.dabusarquitetura.com.br\/blog\/\",\"name\":\"DABUS ARQUITETURA\",\"description\":\"Arquitetura Corporativa\",\"potentialAction\":[{\"@type\":\"SearchAction\",\"target\":{\"@type\":\"EntryPoint\",\"urlTemplate\":\"https:\/\/www.dabusarquitetura.com.br\/blog\/?s={search_term_string}\"},\"query-input\":\"required name=search_term_string\"}],\"inLanguage\":\"pt-BR\"},{\"@type\":\"Person\",\"@id\":\"https:\/\/www.dabusarquitetura.com.br\/blog\/#\/schema\/person\/978b78d74759412a1cd43634996237c4\",\"name\":\"heloisa.dabus\",\"image\":{\"@type\":\"ImageObject\",\"inLanguage\":\"pt-BR\",\"@id\":\"https:\/\/www.dabusarquitetura.com.br\/blog\/#\/schema\/person\/image\/\",\"url\":\"https:\/\/secure.gravatar.com\/avatar\/4078f4f8e54fb70a99a5e9edc642ecb1?s=96&d=mm&r=g\",\"contentUrl\":\"https:\/\/secure.gravatar.com\/avatar\/4078f4f8e54fb70a99a5e9edc642ecb1?s=96&d=mm&r=g\",\"caption\":\"heloisa.dabus\"},\"url\":\"https:\/\/www.dabusarquitetura.com.br\/blog\/author\/heloisa-dabus\/\"}]}<\/script>\n<!-- \/ Yoast SEO plugin. -->","yoast_head_json":{"title":"A Arquitetura Corporativa e as novas necessidades dos colaboradores - DABUS ARQUITETURA","robots":{"index":"index","follow":"follow","max-snippet":"max-snippet:-1","max-image-preview":"max-image-preview:large","max-video-preview":"max-video-preview:-1"},"canonical":"https:\/\/www.dabusarquitetura.com.br\/blog\/a-arquitetura-corporativa-e-as-novas-necessidades-dos-colaboradores\/","og_locale":"pt_BR","og_type":"article","og_title":"A Arquitetura Corporativa e as novas necessidades dos colaboradores - DABUS ARQUITETURA","og_description":"Eles est\u00e3o por todas as partes: smartphones, notebooks, tablets e at\u00e9 mesmo os videogames port\u00e1teis. Os novos recursos e aparelhos tecnol\u00f3gicos, assim como o f\u00e1cil [&hellip;]","og_url":"https:\/\/www.dabusarquitetura.com.br\/blog\/a-arquitetura-corporativa-e-as-novas-necessidades-dos-colaboradores\/","og_site_name":"DABUS ARQUITETURA","article_published_time":"2011-03-02T10:00:44+00:00","article_modified_time":"2022-07-26T14:18:24+00:00","author":"heloisa.dabus","twitter_card":"summary_large_image","twitter_misc":{"Escrito por":"heloisa.dabus","Est. tempo de leitura":"2 minutos"},"schema":{"@context":"https:\/\/schema.org","@graph":[{"@type":"WebPage","@id":"https:\/\/www.dabusarquitetura.com.br\/blog\/a-arquitetura-corporativa-e-as-novas-necessidades-dos-colaboradores\/","url":"https:\/\/www.dabusarquitetura.com.br\/blog\/a-arquitetura-corporativa-e-as-novas-necessidades-dos-colaboradores\/","name":"A Arquitetura Corporativa e as novas necessidades dos colaboradores - DABUS ARQUITETURA","isPartOf":{"@id":"https:\/\/www.dabusarquitetura.com.br\/blog\/#website"},"datePublished":"2011-03-02T10:00:44+00:00","dateModified":"2022-07-26T14:18:24+00:00","author":{"@id":"https:\/\/www.dabusarquitetura.com.br\/blog\/#\/schema\/person\/978b78d74759412a1cd43634996237c4"},"breadcrumb":{"@id":"https:\/\/www.dabusarquitetura.com.br\/blog\/a-arquitetura-corporativa-e-as-novas-necessidades-dos-colaboradores\/#breadcrumb"},"inLanguage":"pt-BR","potentialAction":[{"@type":"ReadAction","target":["https:\/\/www.dabusarquitetura.com.br\/blog\/a-arquitetura-corporativa-e-as-novas-necessidades-dos-colaboradores\/"]}]},{"@type":"BreadcrumbList","@id":"https:\/\/www.dabusarquitetura.com.br\/blog\/a-arquitetura-corporativa-e-as-novas-necessidades-dos-colaboradores\/#breadcrumb","itemListElement":[{"@type":"ListItem","position":1,"name":"In\u00edcio","item":"https:\/\/www.dabusarquitetura.com.br\/blog\/"},{"@type":"ListItem","position":2,"name":"A Arquitetura Corporativa e as novas necessidades dos colaboradores"}]},{"@type":"WebSite","@id":"https:\/\/www.dabusarquitetura.com.br\/blog\/#website","url":"https:\/\/www.dabusarquitetura.com.br\/blog\/","name":"DABUS ARQUITETURA","description":"Arquitetura Corporativa","potentialAction":[{"@type":"SearchAction","target":{"@type":"EntryPoint","urlTemplate":"https:\/\/www.dabusarquitetura.com.br\/blog\/?s={search_term_string}"},"query-input":"required name=search_term_string"}],"inLanguage":"pt-BR"},{"@type":"Person","@id":"https:\/\/www.dabusarquitetura.com.br\/blog\/#\/schema\/person\/978b78d74759412a1cd43634996237c4","name":"heloisa.dabus","image":{"@type":"ImageObject","inLanguage":"pt-BR","@id":"https:\/\/www.dabusarquitetura.com.br\/blog\/#\/schema\/person\/image\/","url":"https:\/\/secure.gravatar.com\/avatar\/4078f4f8e54fb70a99a5e9edc642ecb1?s=96&d=mm&r=g","contentUrl":"https:\/\/secure.gravatar.com\/avatar\/4078f4f8e54fb70a99a5e9edc642ecb1?s=96&d=mm&r=g","caption":"heloisa.dabus"},"url":"https:\/\/www.dabusarquitetura.com.br\/blog\/author\/heloisa-dabus\/"}]}},"_links":{"self":[{"href":"https:\/\/www.dabusarquitetura.com.br\/blog\/wp-json\/wp\/v2\/posts\/3268"}],"collection":[{"href":"https:\/\/www.dabusarquitetura.com.br\/blog\/wp-json\/wp\/v2\/posts"}],"about":[{"href":"https:\/\/www.dabusarquitetura.com.br\/blog\/wp-json\/wp\/v2\/types\/post"}],"author":[{"embeddable":true,"href":"https:\/\/www.dabusarquitetura.com.br\/blog\/wp-json\/wp\/v2\/users\/3"}],"replies":[{"embeddable":true,"href":"https:\/\/www.dabusarquitetura.com.br\/blog\/wp-json\/wp\/v2\/comments?post=3268"}],"version-history":[{"count":1,"href":"https:\/\/www.dabusarquitetura.com.br\/blog\/wp-json\/wp\/v2\/posts\/3268\/revisions"}],"predecessor-version":[{"id":16179,"href":"https:\/\/www.dabusarquitetura.com.br\/blog\/wp-json\/wp\/v2\/posts\/3268\/revisions\/16179"}],"wp:attachment":[{"href":"https:\/\/www.dabusarquitetura.com.br\/blog\/wp-json\/wp\/v2\/media?parent=3268"}],"wp:term":[{"taxonomy":"category","embeddable":true,"href":"https:\/\/www.dabusarquitetura.com.br\/blog\/wp-json\/wp\/v2\/categories?post=3268"},{"taxonomy":"post_tag","embeddable":true,"href":"https:\/\/www.dabusarquitetura.com.br\/blog\/wp-json\/wp\/v2\/tags?post=3268"}],"curies":[{"name":"wp","href":"https:\/\/api.w.org\/{rel}","templated":true}]}}