{"id":3199,"date":"2011-02-23T10:00:12","date_gmt":"2011-02-23T10:00:12","guid":{"rendered":"http:\/\/www.dabus.com.br\/blog\/?p=3199"},"modified":"2022-07-26T17:18:45","modified_gmt":"2022-07-26T14:18:45","slug":"sinalizacao-e-comunicacao-visual-na-arquitetura-corporativa","status":"publish","type":"post","link":"https:\/\/www.dabusarquitetura.com.br\/blog\/sinalizacao-e-comunicacao-visual-na-arquitetura-corporativa\/","title":{"rendered":"Sinaliza\u00e7\u00e3o e comunica\u00e7\u00e3o visual na Arquitetura Corporativa"},"content":{"rendered":"<p>Al\u00e9m das<strong> formas, cores e estilo <\/strong>que identificam a <strong><a title=\"Saiba Mais!\" href=\"http:\/\/www.dabusarquitetura.com.br\/site\/arquitetura-corporativa\" target=\"_blank\" rel=\"noopener noreferrer\">Arquitetura Corporativa<\/a>, <\/strong>um dos primeiros fatores a impactar clientes (e mesmo funcion\u00e1rios) \u00e9 a <strong>Sinaliza\u00e7\u00e3o.<\/strong><\/p>\n<p style=\"text-align: center;\"><strong><img decoding=\"async\" loading=\"lazy\" class=\"alignnone size-full wp-image-3249\" title=\"Placas de Sinaliza\u00e7\u00e3o - Arquitetura Corporativa\" src=\"http:\/\/www.dabusarquitetura.com.br\/blog\/wp-content\/uploads\/2011\/02\/Placas-de-Sinaliza\u00e7\u00e3o-Arquitetura-Corporativa1.jpg\" alt=\"\" width=\"300\" height=\"200\"><br \/>\n<\/strong><\/p>\n<p>Aliada a <strong>Comunica\u00e7\u00e3o Visual,<\/strong> a <strong>Sinaliza\u00e7\u00e3o <\/strong>\u00e9 respons\u00e1vel por criar um <strong>sentido de ordem, organiza\u00e7\u00e3o e valoriza\u00e7\u00e3o do conforto<\/strong> daqueles que est\u00e3o em contato com a empresa.<\/p>\n<p>Al\u00e9m disso, a partir dela cria-se um ambiente favor\u00e1vel \u00e0 produtividade e \u00e0 <strong>agilidade dos processos e fluxo de pessoas.<\/strong><\/p>\n<p>Para que a <strong>Sinaliza\u00e7\u00e3o <\/strong>seja um recurso eficiente e <strong>gere uma experi\u00eancia agrad\u00e1vel<\/strong> \u00e9 importante que ela <strong>dialogue com a marca e todo o trabalho de personaliza\u00e7\u00e3o da Arquitetura Corporativa,<\/strong> aliando-se para isto, \u00e0s <strong>t\u00e9cnicas da Comunica\u00e7\u00e3o Visual.<\/strong><\/p>\n<p>Estas t\u00e9cnicas permitir\u00e3o pensar nas <strong>melhores aplica\u00e7\u00f5es dos elementos de sinaliza\u00e7\u00e3o, <\/strong>se beneficiando <strong>da funcionalidade e das in\u00fameras possibilidades do <em>Design<\/em>, <\/strong>o qual ajudar\u00e1 a valorizar ainda mais a imagem corporativa.<\/p>\n<p>De extrema import\u00e2ncia tamb\u00e9m s\u00e3o as solu\u00e7\u00f5es de <strong><a title=\"Ergonomia: A postura ideal na Arquitetura Corporativa\" href=\"http:\/\/www.dabusarquitetura.com.br\/blog\/2010\/10\/ergonomia-a-postura-ideal-na-arquitetura-corporativa\/\" target=\"_self\" rel=\"noopener noreferrer\">Ergonomia<\/a> que garantir\u00e3o<\/strong> uma <strong>intera\u00e7\u00e3o mais pr\u00e1tica e segura dos usu\u00e1rios. <\/strong>Na defini\u00e7\u00e3o do projeto \u00e9 necess\u00e1rio escolher as fun\u00e7\u00f5es certas, levando em conta as necessidades de cada empresa<strong>.<\/strong><\/p>\n<p>A<strong> Sinaliza\u00e7\u00e3o<\/strong> poder\u00e1 apresentar um<strong> car\u00e1ter n\u00e3o apenas visual, mas tamb\u00e9m t\u00e1til e\/ou sonoro. <\/strong>Al\u00e9m disso, ela se divide em v\u00e1rios tipos, como:<strong> Direcional, Emergencial, Permanente e Tempor\u00e1ria.<\/strong><\/p>\n<p>Um <strong>bom planejamento<\/strong> dever\u00e1 direcionar as melhores solu\u00e7\u00f5es.<\/p>\n<p>Para isto conte com a<strong> <a title=\"Quem Somos\" href=\"..\/..\/..\/..\/..\/quem-somos\/\" target=\"_self\" rel=\"noopener noreferrer\">DABUS ARQUITETURA<\/a><\/strong>. O nosso objetivo \u00e9 entregar <strong>projetos completos que assegurem o sucesso dos seus neg\u00f3cios.<\/strong><\/p>\n<p><strong><a title=\"Saiba Mais!\" href=\"..\/..\/..\/..\/..\/fale-conosco\/\" target=\"_self\" rel=\"noopener noreferrer\">Entre em contato conosco<\/a> <\/strong>e saiba mais!<\/p>\n","protected":false},"excerpt":{"rendered":"<p>Al\u00e9m das formas, cores e estilo que identificam a Arquitetura Corporativa, um dos primeiros fatores a impactar clientes (e mesmo funcion\u00e1rios) \u00e9 a Sinaliza\u00e7\u00e3o. Aliada [&hellip;]<\/p>\n","protected":false},"author":3,"featured_media":0,"comment_status":"open","ping_status":"open","sticky":false,"template":"","format":"standard","meta":[],"categories":[7,49],"tags":[273,167,23,38,84,166,165],"yoast_head":"<!-- This site is optimized with the Yoast SEO plugin v20.8 - https:\/\/yoast.com\/wordpress\/plugins\/seo\/ -->\n<title>Sinaliza\u00e7\u00e3o e comunica\u00e7\u00e3o visual na Arquitetura Corporativa - DABUS ARQUITETURA<\/title>\n<meta name=\"robots\" content=\"index, follow, max-snippet:-1, max-image-preview:large, max-video-preview:-1\" \/>\n<link rel=\"canonical\" href=\"https:\/\/www.dabusarquitetura.com.br\/blog\/sinalizacao-e-comunicacao-visual-na-arquitetura-corporativa\/\" \/>\n<meta property=\"og:locale\" content=\"pt_BR\" \/>\n<meta property=\"og:type\" content=\"article\" \/>\n<meta property=\"og:title\" content=\"Sinaliza\u00e7\u00e3o e comunica\u00e7\u00e3o visual na Arquitetura Corporativa - DABUS ARQUITETURA\" \/>\n<meta property=\"og:description\" content=\"Al\u00e9m das formas, cores e estilo que identificam a Arquitetura Corporativa, um dos primeiros fatores a impactar clientes (e mesmo funcion\u00e1rios) \u00e9 a Sinaliza\u00e7\u00e3o. Aliada [&hellip;]\" \/>\n<meta property=\"og:url\" content=\"https:\/\/www.dabusarquitetura.com.br\/blog\/sinalizacao-e-comunicacao-visual-na-arquitetura-corporativa\/\" \/>\n<meta property=\"og:site_name\" content=\"DABUS ARQUITETURA\" \/>\n<meta property=\"article:published_time\" content=\"2011-02-23T10:00:12+00:00\" \/>\n<meta property=\"article:modified_time\" content=\"2022-07-26T14:18:45+00:00\" \/>\n<meta name=\"author\" content=\"heloisa.dabus\" \/>\n<meta name=\"twitter:card\" content=\"summary_large_image\" \/>\n<meta name=\"twitter:label1\" content=\"Escrito por\" \/>\n\t<meta name=\"twitter:data1\" content=\"heloisa.dabus\" \/>\n\t<meta name=\"twitter:label2\" content=\"Est. tempo de leitura\" \/>\n\t<meta name=\"twitter:data2\" content=\"1 minuto\" \/>\n<script type=\"application\/ld+json\" class=\"yoast-schema-graph\">{\"@context\":\"https:\/\/schema.org\",\"@graph\":[{\"@type\":\"WebPage\",\"@id\":\"https:\/\/www.dabusarquitetura.com.br\/blog\/sinalizacao-e-comunicacao-visual-na-arquitetura-corporativa\/\",\"url\":\"https:\/\/www.dabusarquitetura.com.br\/blog\/sinalizacao-e-comunicacao-visual-na-arquitetura-corporativa\/\",\"name\":\"Sinaliza\u00e7\u00e3o e comunica\u00e7\u00e3o visual na Arquitetura Corporativa - DABUS ARQUITETURA\",\"isPartOf\":{\"@id\":\"https:\/\/www.dabusarquitetura.com.br\/blog\/#website\"},\"datePublished\":\"2011-02-23T10:00:12+00:00\",\"dateModified\":\"2022-07-26T14:18:45+00:00\",\"author\":{\"@id\":\"https:\/\/www.dabusarquitetura.com.br\/blog\/#\/schema\/person\/978b78d74759412a1cd43634996237c4\"},\"breadcrumb\":{\"@id\":\"https:\/\/www.dabusarquitetura.com.br\/blog\/sinalizacao-e-comunicacao-visual-na-arquitetura-corporativa\/#breadcrumb\"},\"inLanguage\":\"pt-BR\",\"potentialAction\":[{\"@type\":\"ReadAction\",\"target\":[\"https:\/\/www.dabusarquitetura.com.br\/blog\/sinalizacao-e-comunicacao-visual-na-arquitetura-corporativa\/\"]}]},{\"@type\":\"BreadcrumbList\",\"@id\":\"https:\/\/www.dabusarquitetura.com.br\/blog\/sinalizacao-e-comunicacao-visual-na-arquitetura-corporativa\/#breadcrumb\",\"itemListElement\":[{\"@type\":\"ListItem\",\"position\":1,\"name\":\"In\u00edcio\",\"item\":\"https:\/\/www.dabusarquitetura.com.br\/blog\/\"},{\"@type\":\"ListItem\",\"position\":2,\"name\":\"Sinaliza\u00e7\u00e3o e comunica\u00e7\u00e3o visual na Arquitetura Corporativa\"}]},{\"@type\":\"WebSite\",\"@id\":\"https:\/\/www.dabusarquitetura.com.br\/blog\/#website\",\"url\":\"https:\/\/www.dabusarquitetura.com.br\/blog\/\",\"name\":\"DABUS ARQUITETURA\",\"description\":\"Arquitetura Corporativa\",\"potentialAction\":[{\"@type\":\"SearchAction\",\"target\":{\"@type\":\"EntryPoint\",\"urlTemplate\":\"https:\/\/www.dabusarquitetura.com.br\/blog\/?s={search_term_string}\"},\"query-input\":\"required name=search_term_string\"}],\"inLanguage\":\"pt-BR\"},{\"@type\":\"Person\",\"@id\":\"https:\/\/www.dabusarquitetura.com.br\/blog\/#\/schema\/person\/978b78d74759412a1cd43634996237c4\",\"name\":\"heloisa.dabus\",\"image\":{\"@type\":\"ImageObject\",\"inLanguage\":\"pt-BR\",\"@id\":\"https:\/\/www.dabusarquitetura.com.br\/blog\/#\/schema\/person\/image\/\",\"url\":\"https:\/\/secure.gravatar.com\/avatar\/4078f4f8e54fb70a99a5e9edc642ecb1?s=96&d=mm&r=g\",\"contentUrl\":\"https:\/\/secure.gravatar.com\/avatar\/4078f4f8e54fb70a99a5e9edc642ecb1?s=96&d=mm&r=g\",\"caption\":\"heloisa.dabus\"},\"url\":\"https:\/\/www.dabusarquitetura.com.br\/blog\/author\/heloisa-dabus\/\"}]}<\/script>\n<!-- \/ Yoast SEO plugin. -->","yoast_head_json":{"title":"Sinaliza\u00e7\u00e3o e comunica\u00e7\u00e3o visual na Arquitetura Corporativa - DABUS ARQUITETURA","robots":{"index":"index","follow":"follow","max-snippet":"max-snippet:-1","max-image-preview":"max-image-preview:large","max-video-preview":"max-video-preview:-1"},"canonical":"https:\/\/www.dabusarquitetura.com.br\/blog\/sinalizacao-e-comunicacao-visual-na-arquitetura-corporativa\/","og_locale":"pt_BR","og_type":"article","og_title":"Sinaliza\u00e7\u00e3o e comunica\u00e7\u00e3o visual na Arquitetura Corporativa - DABUS ARQUITETURA","og_description":"Al\u00e9m das formas, cores e estilo que identificam a Arquitetura Corporativa, um dos primeiros fatores a impactar clientes (e mesmo funcion\u00e1rios) \u00e9 a Sinaliza\u00e7\u00e3o. Aliada [&hellip;]","og_url":"https:\/\/www.dabusarquitetura.com.br\/blog\/sinalizacao-e-comunicacao-visual-na-arquitetura-corporativa\/","og_site_name":"DABUS ARQUITETURA","article_published_time":"2011-02-23T10:00:12+00:00","article_modified_time":"2022-07-26T14:18:45+00:00","author":"heloisa.dabus","twitter_card":"summary_large_image","twitter_misc":{"Escrito por":"heloisa.dabus","Est. tempo de leitura":"1 minuto"},"schema":{"@context":"https:\/\/schema.org","@graph":[{"@type":"WebPage","@id":"https:\/\/www.dabusarquitetura.com.br\/blog\/sinalizacao-e-comunicacao-visual-na-arquitetura-corporativa\/","url":"https:\/\/www.dabusarquitetura.com.br\/blog\/sinalizacao-e-comunicacao-visual-na-arquitetura-corporativa\/","name":"Sinaliza\u00e7\u00e3o e comunica\u00e7\u00e3o visual na Arquitetura Corporativa - DABUS ARQUITETURA","isPartOf":{"@id":"https:\/\/www.dabusarquitetura.com.br\/blog\/#website"},"datePublished":"2011-02-23T10:00:12+00:00","dateModified":"2022-07-26T14:18:45+00:00","author":{"@id":"https:\/\/www.dabusarquitetura.com.br\/blog\/#\/schema\/person\/978b78d74759412a1cd43634996237c4"},"breadcrumb":{"@id":"https:\/\/www.dabusarquitetura.com.br\/blog\/sinalizacao-e-comunicacao-visual-na-arquitetura-corporativa\/#breadcrumb"},"inLanguage":"pt-BR","potentialAction":[{"@type":"ReadAction","target":["https:\/\/www.dabusarquitetura.com.br\/blog\/sinalizacao-e-comunicacao-visual-na-arquitetura-corporativa\/"]}]},{"@type":"BreadcrumbList","@id":"https:\/\/www.dabusarquitetura.com.br\/blog\/sinalizacao-e-comunicacao-visual-na-arquitetura-corporativa\/#breadcrumb","itemListElement":[{"@type":"ListItem","position":1,"name":"In\u00edcio","item":"https:\/\/www.dabusarquitetura.com.br\/blog\/"},{"@type":"ListItem","position":2,"name":"Sinaliza\u00e7\u00e3o e comunica\u00e7\u00e3o visual na Arquitetura Corporativa"}]},{"@type":"WebSite","@id":"https:\/\/www.dabusarquitetura.com.br\/blog\/#website","url":"https:\/\/www.dabusarquitetura.com.br\/blog\/","name":"DABUS ARQUITETURA","description":"Arquitetura Corporativa","potentialAction":[{"@type":"SearchAction","target":{"@type":"EntryPoint","urlTemplate":"https:\/\/www.dabusarquitetura.com.br\/blog\/?s={search_term_string}"},"query-input":"required name=search_term_string"}],"inLanguage":"pt-BR"},{"@type":"Person","@id":"https:\/\/www.dabusarquitetura.com.br\/blog\/#\/schema\/person\/978b78d74759412a1cd43634996237c4","name":"heloisa.dabus","image":{"@type":"ImageObject","inLanguage":"pt-BR","@id":"https:\/\/www.dabusarquitetura.com.br\/blog\/#\/schema\/person\/image\/","url":"https:\/\/secure.gravatar.com\/avatar\/4078f4f8e54fb70a99a5e9edc642ecb1?s=96&d=mm&r=g","contentUrl":"https:\/\/secure.gravatar.com\/avatar\/4078f4f8e54fb70a99a5e9edc642ecb1?s=96&d=mm&r=g","caption":"heloisa.dabus"},"url":"https:\/\/www.dabusarquitetura.com.br\/blog\/author\/heloisa-dabus\/"}]}},"_links":{"self":[{"href":"https:\/\/www.dabusarquitetura.com.br\/blog\/wp-json\/wp\/v2\/posts\/3199"}],"collection":[{"href":"https:\/\/www.dabusarquitetura.com.br\/blog\/wp-json\/wp\/v2\/posts"}],"about":[{"href":"https:\/\/www.dabusarquitetura.com.br\/blog\/wp-json\/wp\/v2\/types\/post"}],"author":[{"embeddable":true,"href":"https:\/\/www.dabusarquitetura.com.br\/blog\/wp-json\/wp\/v2\/users\/3"}],"replies":[{"embeddable":true,"href":"https:\/\/www.dabusarquitetura.com.br\/blog\/wp-json\/wp\/v2\/comments?post=3199"}],"version-history":[{"count":2,"href":"https:\/\/www.dabusarquitetura.com.br\/blog\/wp-json\/wp\/v2\/posts\/3199\/revisions"}],"predecessor-version":[{"id":16180,"href":"https:\/\/www.dabusarquitetura.com.br\/blog\/wp-json\/wp\/v2\/posts\/3199\/revisions\/16180"}],"wp:attachment":[{"href":"https:\/\/www.dabusarquitetura.com.br\/blog\/wp-json\/wp\/v2\/media?parent=3199"}],"wp:term":[{"taxonomy":"category","embeddable":true,"href":"https:\/\/www.dabusarquitetura.com.br\/blog\/wp-json\/wp\/v2\/categories?post=3199"},{"taxonomy":"post_tag","embeddable":true,"href":"https:\/\/www.dabusarquitetura.com.br\/blog\/wp-json\/wp\/v2\/tags?post=3199"}],"curies":[{"name":"wp","href":"https:\/\/api.w.org\/{rel}","templated":true}]}}