{"id":3011,"date":"2011-02-02T10:00:27","date_gmt":"2011-02-02T10:00:27","guid":{"rendered":"http:\/\/www.dabus.com.br\/blog\/?p=3011"},"modified":"2022-07-26T17:22:38","modified_gmt":"2022-07-26T14:22:38","slug":"pisos-forros-infraestrutura-e-instalacoes-na-arquitetura-corporativa","status":"publish","type":"post","link":"https:\/\/www.dabusarquitetura.com.br\/blog\/pisos-forros-infraestrutura-e-instalacoes-na-arquitetura-corporativa\/","title":{"rendered":"Pisos, forros, infraestrutura e instala\u00e7\u00f5es na Arquitetura Corporativa"},"content":{"rendered":"<p>Voc\u00ea j\u00e1 parou para pensar em como o <strong>piso <\/strong>da sua empresa pode contribuir para torn\u00e1-la <strong>mais eficiente?<\/strong><\/p>\n<p>N\u00e3o s\u00f3 o piso, mas todos os elementos da <a title=\"Os benef\u00edcios da Arquitetura Corporativa\" href=\"http:\/\/www.dabusarquitetura.com.br\/blog\/2010\/11\/os-beneficios-da-arquitetura-corporativa-para-a-sua-empresa\/\" target=\"_self\" rel=\"noopener noreferrer\"><strong>Arquitetura Corporativa<\/strong><\/a> quando bem planejados e aplicados s\u00e3o capazes de promover <strong>melhores resultados para o dia a dia de trabalho e para os neg\u00f3cios de uma empresa.<\/strong><\/p>\n<p>Os <strong>recursos tecnol\u00f3gicos aliados ao mobili\u00e1rio, <\/strong><strong>\u00e0 decora\u00e7\u00e3o, <\/strong><strong>ao sistema de comunica\u00e7\u00e3o interna, \u00e0 acessibilidade<\/strong> e a outros fatores, impactam diretamente colaboradores e clientes que, a partir deles, passar\u00e3o a <strong>cultivar uma posi\u00e7\u00e3o favor\u00e1vel ou desfavor\u00e1vel <\/strong>com rela\u00e7\u00e3o \u00e0 <strong>imagem corporativa.<\/strong><\/p>\n<p>\u00c9 importante destacar que hoje devido a uma<strong> maior necessidade de atualiza\u00e7\u00e3o <\/strong>que permita acompanhar a agilidade das mudan\u00e7as no mercado, das tend\u00eancias e das novas tecnologias, os <strong><a title=\"Tipos de layout na Arquitetura Corporativa\" href=\"http:\/\/www.dabusarquitetura.com.br\/blog\/2011\/01\/tipos-de-layout-na-arquitetura-corporativa-qual-o-melhor-para-a-sua-empresa\/\" target=\"_self\" rel=\"noopener noreferrer\">padr\u00f5es de <\/a><em><a title=\"Tipos de layout na Arquitetura Corporativa\" href=\"http:\/\/www.dabusarquitetura.com.br\/blog\/2011\/01\/tipos-de-layout-na-arquitetura-corporativa-qual-o-melhor-para-a-sua-empresa\/\" target=\"_self\" rel=\"noopener noreferrer\">layout<\/a> <\/em>mais flex\u00edveis <\/strong>t\u00eam ganhado a prefer\u00eancia na <strong>Arquitetura Corporativa.<br \/>\n<\/strong><\/p>\n<div id=\"attachment_3074\" style=\"width: 299px\" class=\"wp-caption aligncenter\"><a title=\"Saiba Mais!\" href=\"http:\/\/www.dabusarquitetura.com.br\/site\/arquitetura-corporativa\/projeto-red-comunicacoes.html\" target=\"_blank\" rel=\"noopener noreferrer\"><img aria-describedby=\"caption-attachment-3074\" decoding=\"async\" loading=\"lazy\" class=\"size-full wp-image-3074 \" title=\"Dabus Arquitetura - Projeto Red Comunica\u00e7\u00f5es, Flexibilidade\" src=\"http:\/\/www.dabusarquitetura.com.br\/blog\/wp-content\/uploads\/2011\/01\/Dabus-Arquitetura-Projeto-Red-Comunica\u00e7\u00f5es-Flexibilidade.jpg\" alt=\"\" width=\"289\" height=\"215\" srcset=\"https:\/\/www.dabusarquitetura.com.br\/blog\/wp-content\/uploads\/2011\/01\/Dabus-Arquitetura-Projeto-Red-Comunica\u00e7\u00f5es-Flexibilidade.jpg 305w, https:\/\/www.dabusarquitetura.com.br\/blog\/wp-content\/uploads\/2011\/01\/Dabus-Arquitetura-Projeto-Red-Comunica\u00e7\u00f5es-Flexibilidade-300x223.jpg 300w\" sizes=\"(max-width: 289px) 100vw, 289px\" \/><\/a><p id=\"caption-attachment-3074\" class=\"wp-caption-text\">Projeto da DABUS ARQUITETURA para a RED Comunica\u00e7\u00f5es.<\/p><\/div>\n<p>De acordo com a necessidade, esta flexibilidade pode ser aplicada aos mais diversos elementos, inclusive aos<strong> <a title=\"O papel dos revestimentos na Arquitetura Corporativa\" href=\"http:\/\/www.dabusarquitetura.com.br\/blog\/2010\/10\/identidade-elegancia-e-funcionalidade-o-papel-dos-revestimentos-na-arquitetura-corporativa\/\" target=\"_self\" rel=\"noopener noreferrer\">pisos,<\/a> forros, infraestrutura e instala\u00e7\u00f5es.<\/strong><\/p>\n<p>A seguir algumas dicas poder\u00e3o te ajudar a decidir sobre as solu\u00e7\u00f5es para o seu projeto.<\/p>\n<p><strong>&#8211; Pisos: <\/strong>na maioria dos casos os<strong> carpetes de <em>nylon<\/em><\/strong> s\u00e3o \u00f3timas op\u00e7\u00f5es. Os que s\u00e3o <strong>compostos em placas<\/strong> oferecem a vantagem de poderem ser <strong>retirados e reinstalados <\/strong>com maior facilidade. Al\u00e9m de ser<strong> anti-est\u00e1tico e anti-al\u00e9rgico,<\/strong> este tipo de carpete fica<strong> menos marcado pelos m\u00f3veis. <\/strong>Outras solu\u00e7\u00f5es que tamb\u00e9m v\u00eam se destacando no mercado s\u00e3o os <strong>pisos vin\u00edlicos ou melam\u00ednicos;<\/strong><\/p>\n<p><strong>&#8211; Forros: <\/strong>de acordo com um padr\u00e3o de <em>layout <\/em>flex\u00edvel os <strong>forros modulares de fibra mineral ac\u00fastico com NRC de 0,75 (no m\u00ednimo)<\/strong> s\u00e3o as melhores op\u00e7\u00f5es. J\u00e1 os <strong>forros de gesso<\/strong>, apesar de possu\u00edrem um custo menor exigem <strong>reparos eventuais;<\/strong><\/p>\n<p><strong>&#8211; Infraestrutura e instala\u00e7\u00f5es:<\/strong> para uma maior flexibilidade os<strong> pisos elevados<\/strong> s\u00e3o ideais, pois al\u00e9m de &#8220;esconderem&#8221; cabos e fios de maneira pr\u00e1tica s\u00e3o<strong> facilmente remov\u00edveis e reaproveit\u00e1veis.<\/strong><\/p>\n<p>Navegue pelo blog da <strong><a title=\"Quem Somos\" href=\"http:\/\/www.dabusarquitetura.com.br\/blog\/quem-somos\/\" target=\"_self\" rel=\"noopener noreferrer\">DABUS ARQUITETURA<\/a> <\/strong>e saiba mais sobre as solu\u00e7\u00f5es que far\u00e3o da <strong>Arquitetura Corporativa <\/strong>um elemento diferencial para o<strong> sucesso da sua empresa.<\/strong><\/p>\n<p>Para saber mais sobre os nossos projetos e sobre como podemos te atender basta <a title=\"Clique Aqui!\" href=\"http:\/\/www.dabusarquitetura.com.br\/blog\/fale-conosco\/\" target=\"_self\" rel=\"noopener noreferrer\"><strong>entrar em contato conosco!<\/strong><\/a><\/p>\n","protected":false},"excerpt":{"rendered":"<p>Voc\u00ea j\u00e1 parou para pensar em como o piso da sua empresa pode contribuir para torn\u00e1-la mais eficiente? N\u00e3o s\u00f3 o piso, mas todos os [&hellip;]<\/p>\n","protected":false},"author":3,"featured_media":0,"comment_status":"open","ping_status":"open","sticky":false,"template":"","format":"standard","meta":[],"categories":[7,49],"tags":[273,22,83,162,38,161,84,65],"yoast_head":"<!-- This site is optimized with the Yoast SEO plugin v20.8 - https:\/\/yoast.com\/wordpress\/plugins\/seo\/ -->\n<title>Pisos, forros, infraestrutura e instala\u00e7\u00f5es na Arquitetura Corporativa - DABUS ARQUITETURA<\/title>\n<meta name=\"robots\" content=\"index, follow, max-snippet:-1, max-image-preview:large, max-video-preview:-1\" \/>\n<link rel=\"canonical\" href=\"https:\/\/www.dabusarquitetura.com.br\/blog\/pisos-forros-infraestrutura-e-instalacoes-na-arquitetura-corporativa\/\" \/>\n<meta property=\"og:locale\" content=\"pt_BR\" \/>\n<meta property=\"og:type\" content=\"article\" \/>\n<meta property=\"og:title\" content=\"Pisos, forros, infraestrutura e instala\u00e7\u00f5es na Arquitetura Corporativa - DABUS ARQUITETURA\" \/>\n<meta property=\"og:description\" content=\"Voc\u00ea j\u00e1 parou para pensar em como o piso da sua empresa pode contribuir para torn\u00e1-la mais eficiente? N\u00e3o s\u00f3 o piso, mas todos os [&hellip;]\" \/>\n<meta property=\"og:url\" content=\"https:\/\/www.dabusarquitetura.com.br\/blog\/pisos-forros-infraestrutura-e-instalacoes-na-arquitetura-corporativa\/\" \/>\n<meta property=\"og:site_name\" content=\"DABUS ARQUITETURA\" \/>\n<meta property=\"article:published_time\" content=\"2011-02-02T10:00:27+00:00\" \/>\n<meta property=\"article:modified_time\" content=\"2022-07-26T14:22:38+00:00\" \/>\n<meta name=\"author\" content=\"heloisa.dabus\" \/>\n<meta name=\"twitter:card\" content=\"summary_large_image\" \/>\n<meta name=\"twitter:label1\" content=\"Escrito por\" \/>\n\t<meta name=\"twitter:data1\" content=\"heloisa.dabus\" \/>\n\t<meta name=\"twitter:label2\" content=\"Est. tempo de leitura\" \/>\n\t<meta name=\"twitter:data2\" content=\"2 minutos\" \/>\n<script type=\"application\/ld+json\" class=\"yoast-schema-graph\">{\"@context\":\"https:\/\/schema.org\",\"@graph\":[{\"@type\":\"WebPage\",\"@id\":\"https:\/\/www.dabusarquitetura.com.br\/blog\/pisos-forros-infraestrutura-e-instalacoes-na-arquitetura-corporativa\/\",\"url\":\"https:\/\/www.dabusarquitetura.com.br\/blog\/pisos-forros-infraestrutura-e-instalacoes-na-arquitetura-corporativa\/\",\"name\":\"Pisos, forros, infraestrutura e instala\u00e7\u00f5es na Arquitetura Corporativa - DABUS ARQUITETURA\",\"isPartOf\":{\"@id\":\"https:\/\/www.dabusarquitetura.com.br\/blog\/#website\"},\"datePublished\":\"2011-02-02T10:00:27+00:00\",\"dateModified\":\"2022-07-26T14:22:38+00:00\",\"author\":{\"@id\":\"https:\/\/www.dabusarquitetura.com.br\/blog\/#\/schema\/person\/978b78d74759412a1cd43634996237c4\"},\"breadcrumb\":{\"@id\":\"https:\/\/www.dabusarquitetura.com.br\/blog\/pisos-forros-infraestrutura-e-instalacoes-na-arquitetura-corporativa\/#breadcrumb\"},\"inLanguage\":\"pt-BR\",\"potentialAction\":[{\"@type\":\"ReadAction\",\"target\":[\"https:\/\/www.dabusarquitetura.com.br\/blog\/pisos-forros-infraestrutura-e-instalacoes-na-arquitetura-corporativa\/\"]}]},{\"@type\":\"BreadcrumbList\",\"@id\":\"https:\/\/www.dabusarquitetura.com.br\/blog\/pisos-forros-infraestrutura-e-instalacoes-na-arquitetura-corporativa\/#breadcrumb\",\"itemListElement\":[{\"@type\":\"ListItem\",\"position\":1,\"name\":\"In\u00edcio\",\"item\":\"https:\/\/www.dabusarquitetura.com.br\/blog\/\"},{\"@type\":\"ListItem\",\"position\":2,\"name\":\"Pisos, forros, infraestrutura e instala\u00e7\u00f5es na Arquitetura Corporativa\"}]},{\"@type\":\"WebSite\",\"@id\":\"https:\/\/www.dabusarquitetura.com.br\/blog\/#website\",\"url\":\"https:\/\/www.dabusarquitetura.com.br\/blog\/\",\"name\":\"DABUS ARQUITETURA\",\"description\":\"Arquitetura Corporativa\",\"potentialAction\":[{\"@type\":\"SearchAction\",\"target\":{\"@type\":\"EntryPoint\",\"urlTemplate\":\"https:\/\/www.dabusarquitetura.com.br\/blog\/?s={search_term_string}\"},\"query-input\":\"required name=search_term_string\"}],\"inLanguage\":\"pt-BR\"},{\"@type\":\"Person\",\"@id\":\"https:\/\/www.dabusarquitetura.com.br\/blog\/#\/schema\/person\/978b78d74759412a1cd43634996237c4\",\"name\":\"heloisa.dabus\",\"image\":{\"@type\":\"ImageObject\",\"inLanguage\":\"pt-BR\",\"@id\":\"https:\/\/www.dabusarquitetura.com.br\/blog\/#\/schema\/person\/image\/\",\"url\":\"https:\/\/secure.gravatar.com\/avatar\/4078f4f8e54fb70a99a5e9edc642ecb1?s=96&d=mm&r=g\",\"contentUrl\":\"https:\/\/secure.gravatar.com\/avatar\/4078f4f8e54fb70a99a5e9edc642ecb1?s=96&d=mm&r=g\",\"caption\":\"heloisa.dabus\"},\"url\":\"https:\/\/www.dabusarquitetura.com.br\/blog\/author\/heloisa-dabus\/\"}]}<\/script>\n<!-- \/ Yoast SEO plugin. -->","yoast_head_json":{"title":"Pisos, forros, infraestrutura e instala\u00e7\u00f5es na Arquitetura Corporativa - DABUS ARQUITETURA","robots":{"index":"index","follow":"follow","max-snippet":"max-snippet:-1","max-image-preview":"max-image-preview:large","max-video-preview":"max-video-preview:-1"},"canonical":"https:\/\/www.dabusarquitetura.com.br\/blog\/pisos-forros-infraestrutura-e-instalacoes-na-arquitetura-corporativa\/","og_locale":"pt_BR","og_type":"article","og_title":"Pisos, forros, infraestrutura e instala\u00e7\u00f5es na Arquitetura Corporativa - DABUS ARQUITETURA","og_description":"Voc\u00ea j\u00e1 parou para pensar em como o piso da sua empresa pode contribuir para torn\u00e1-la mais eficiente? N\u00e3o s\u00f3 o piso, mas todos os [&hellip;]","og_url":"https:\/\/www.dabusarquitetura.com.br\/blog\/pisos-forros-infraestrutura-e-instalacoes-na-arquitetura-corporativa\/","og_site_name":"DABUS ARQUITETURA","article_published_time":"2011-02-02T10:00:27+00:00","article_modified_time":"2022-07-26T14:22:38+00:00","author":"heloisa.dabus","twitter_card":"summary_large_image","twitter_misc":{"Escrito por":"heloisa.dabus","Est. tempo de leitura":"2 minutos"},"schema":{"@context":"https:\/\/schema.org","@graph":[{"@type":"WebPage","@id":"https:\/\/www.dabusarquitetura.com.br\/blog\/pisos-forros-infraestrutura-e-instalacoes-na-arquitetura-corporativa\/","url":"https:\/\/www.dabusarquitetura.com.br\/blog\/pisos-forros-infraestrutura-e-instalacoes-na-arquitetura-corporativa\/","name":"Pisos, forros, infraestrutura e instala\u00e7\u00f5es na Arquitetura Corporativa - DABUS ARQUITETURA","isPartOf":{"@id":"https:\/\/www.dabusarquitetura.com.br\/blog\/#website"},"datePublished":"2011-02-02T10:00:27+00:00","dateModified":"2022-07-26T14:22:38+00:00","author":{"@id":"https:\/\/www.dabusarquitetura.com.br\/blog\/#\/schema\/person\/978b78d74759412a1cd43634996237c4"},"breadcrumb":{"@id":"https:\/\/www.dabusarquitetura.com.br\/blog\/pisos-forros-infraestrutura-e-instalacoes-na-arquitetura-corporativa\/#breadcrumb"},"inLanguage":"pt-BR","potentialAction":[{"@type":"ReadAction","target":["https:\/\/www.dabusarquitetura.com.br\/blog\/pisos-forros-infraestrutura-e-instalacoes-na-arquitetura-corporativa\/"]}]},{"@type":"BreadcrumbList","@id":"https:\/\/www.dabusarquitetura.com.br\/blog\/pisos-forros-infraestrutura-e-instalacoes-na-arquitetura-corporativa\/#breadcrumb","itemListElement":[{"@type":"ListItem","position":1,"name":"In\u00edcio","item":"https:\/\/www.dabusarquitetura.com.br\/blog\/"},{"@type":"ListItem","position":2,"name":"Pisos, forros, infraestrutura e instala\u00e7\u00f5es na Arquitetura Corporativa"}]},{"@type":"WebSite","@id":"https:\/\/www.dabusarquitetura.com.br\/blog\/#website","url":"https:\/\/www.dabusarquitetura.com.br\/blog\/","name":"DABUS ARQUITETURA","description":"Arquitetura Corporativa","potentialAction":[{"@type":"SearchAction","target":{"@type":"EntryPoint","urlTemplate":"https:\/\/www.dabusarquitetura.com.br\/blog\/?s={search_term_string}"},"query-input":"required name=search_term_string"}],"inLanguage":"pt-BR"},{"@type":"Person","@id":"https:\/\/www.dabusarquitetura.com.br\/blog\/#\/schema\/person\/978b78d74759412a1cd43634996237c4","name":"heloisa.dabus","image":{"@type":"ImageObject","inLanguage":"pt-BR","@id":"https:\/\/www.dabusarquitetura.com.br\/blog\/#\/schema\/person\/image\/","url":"https:\/\/secure.gravatar.com\/avatar\/4078f4f8e54fb70a99a5e9edc642ecb1?s=96&d=mm&r=g","contentUrl":"https:\/\/secure.gravatar.com\/avatar\/4078f4f8e54fb70a99a5e9edc642ecb1?s=96&d=mm&r=g","caption":"heloisa.dabus"},"url":"https:\/\/www.dabusarquitetura.com.br\/blog\/author\/heloisa-dabus\/"}]}},"_links":{"self":[{"href":"https:\/\/www.dabusarquitetura.com.br\/blog\/wp-json\/wp\/v2\/posts\/3011"}],"collection":[{"href":"https:\/\/www.dabusarquitetura.com.br\/blog\/wp-json\/wp\/v2\/posts"}],"about":[{"href":"https:\/\/www.dabusarquitetura.com.br\/blog\/wp-json\/wp\/v2\/types\/post"}],"author":[{"embeddable":true,"href":"https:\/\/www.dabusarquitetura.com.br\/blog\/wp-json\/wp\/v2\/users\/3"}],"replies":[{"embeddable":true,"href":"https:\/\/www.dabusarquitetura.com.br\/blog\/wp-json\/wp\/v2\/comments?post=3011"}],"version-history":[{"count":1,"href":"https:\/\/www.dabusarquitetura.com.br\/blog\/wp-json\/wp\/v2\/posts\/3011\/revisions"}],"predecessor-version":[{"id":16192,"href":"https:\/\/www.dabusarquitetura.com.br\/blog\/wp-json\/wp\/v2\/posts\/3011\/revisions\/16192"}],"wp:attachment":[{"href":"https:\/\/www.dabusarquitetura.com.br\/blog\/wp-json\/wp\/v2\/media?parent=3011"}],"wp:term":[{"taxonomy":"category","embeddable":true,"href":"https:\/\/www.dabusarquitetura.com.br\/blog\/wp-json\/wp\/v2\/categories?post=3011"},{"taxonomy":"post_tag","embeddable":true,"href":"https:\/\/www.dabusarquitetura.com.br\/blog\/wp-json\/wp\/v2\/tags?post=3011"}],"curies":[{"name":"wp","href":"https:\/\/api.w.org\/{rel}","templated":true}]}}