{"id":294,"date":"2010-07-15T17:01:35","date_gmt":"2010-07-15T17:01:35","guid":{"rendered":"http:\/\/www.dabus.com.br\/blog\/?p=294"},"modified":"2022-07-25T20:09:04","modified_gmt":"2022-07-25T17:09:04","slug":"dabus-arquitetura-e-referencia-em-avaliacao-de-materiais-na-revista-arquitetura-construcao","status":"publish","type":"post","link":"https:\/\/www.dabusarquitetura.com.br\/blog\/dabus-arquitetura-e-referencia-em-avaliacao-de-materiais-na-revista-arquitetura-construcao\/","title":{"rendered":"DABUS ARQUITETURA \u00e9 refer\u00eancia em avalia\u00e7\u00e3o de materiais na revista Arquitetura &#038; Constru\u00e7\u00e3o"},"content":{"rendered":"<p>Os resultados de um <strong>trabalho extremamente competente<\/strong> no mercado, al\u00e9m de gerar a <strong>satisfa\u00e7\u00e3o dos clientes <\/strong>e conferir <strong>credibilidade a marca<\/strong>, tamb\u00e9m s\u00e3o respons\u00e1veis por tornar uma empresa <strong>refer\u00eancia em seu segmento<\/strong>.<\/p>\n<p>Assim \u00e9 a <strong>DABUS ARQUITETURA <\/strong>que trabalha para entregar sempre os melhores e mais inovadores <strong>projetos de Arquitetura<\/strong> <strong>Comercial, Especializada, de Franquias e Residencial<\/strong>.<\/p>\n<p>O <strong>reconhecimento de nossa atua\u00e7\u00e3o<\/strong> pode ser conferido em publica\u00e7\u00f5es de revistas como a <strong><a title=\"Acesse o Site\" href=\"http:\/\/casa.abril.com.br\/arquitetura\/\" target=\"_blank\" rel=\"noopener noreferrer\"><strong>Arquitetura  e Constru\u00e7\u00e3o<\/strong><\/a><\/strong>, para a qual <strong>Heloisa Dabus <\/strong>j\u00e1 foi convidada a destacar as novidades apresentadas pelas feiras de constru\u00e7\u00e3o <strong>Feicon Batimat\/Expolux<\/strong> e <strong>Revestir\/Kitchen e Bath<\/strong>.<strong><br \/>\n<\/strong><\/p>\n<p>A seguir, <strong>Heloisa <\/strong>e outros profissionais que  participaram da mat\u00e9ria <strong>&#8220;109 novidades das feiras de constru\u00e7\u00e3o&#8221; <\/strong>publicada na<strong> edi\u00e7\u00e3o de maio desse ano da revista<\/strong>.<\/p>\n<p><span style=\"color: #999999;\">Clique na imagem para ver a p\u00e1gina inteira:<\/span><\/p>\n<div class=\"mceTemp mceIEcenter\">\n<dl id=\"attachment_306\" class=\"wp-caption aligncenter\" style=\"width: 411px;\">\n<dt><a title=\"Clique para ampliar\" href=\"http:\/\/www.dabusarquitetura.com.br\/blog\/wp-content\/uploads\/2010\/07\/Dabus-Arquitetura-Heloisa-Dabus-Arquitetura-e-Constru%C3%A7%C3%A3o4.jpg\" target=\"_blank\" rel=\"noopener noreferrer\"><img decoding=\"async\" loading=\"lazy\" class=\" \" title=\"Dabus Arquitetura - Heloisa  Dabus Arquitetura e Constru\u00e7\u00e3o\" src=\"http:\/\/www.dabusarquitetura.com.br\/blog\/wp-content\/uploads\/2010\/07\/Dabus-Arquitetura-Heloisa-Dabus-Arquitetura-e-Constru\u00e7\u00e3o3.jpg\" alt=\"\" width=\"401\" height=\"370\"><\/a><\/dt>\n<dd>Arquiteta Patr\u00edcia Martinez, Arquiteta Heloisa  Dabus, Arquiteto e  Lighting Designer Rafael Serradura.<\/dd>\n<\/dl>\n<\/div>\n<blockquote><p>As <strong>funcionalidades <\/strong>s\u00e3o fundamentais para um  arquiteto. Por isso, gostei da <strong>porta de embutir que abre e fecha com  um leve toque<\/strong>. Essa solu\u00e7\u00e3o ganha pelo menos 5 cm no v\u00e3o de  passagem. Me encantei ainda com as <strong>ferragens para guarda-corpo de  vidro<\/strong>. O <em>design <\/em>do corrim\u00e3o \u00e9 seguro e anat\u00f4mico&#8221; &#8211; Heloisa  Dabus.<\/p><\/blockquote>\n<p>J\u00e1 em 2008, <strong>Heloisa <\/strong>participou da mat\u00e9ria <strong>&#8220;102 novidades para a sua casa&#8221;<\/strong>, comentando sobre os materiais apresentados nas <strong>feiras <\/strong>daquele ano.<\/p>\n<p><span style=\"color: #999999;\">Clique na imagem para ampli\u00e1-la:<\/span><\/p>\n<p><a title=\"Clique para ampliar\" href=\"http:\/\/www.dabusarquitetura.com.br\/blog\/wp-content\/uploads\/2010\/07\/Dabus-Arquitetura-Arquitetura-e-Constru%C3%A7%C3%A3o-Maio-20081.jpg\" target=\"_blank\" rel=\"noopener noreferrer\"><img decoding=\"async\" loading=\"lazy\" class=\"alignnone size-full wp-image-347\" title=\"Dabus Arquitetura - Arquitetura e Constru\u00e7\u00e3o Maio 2008\" src=\"http:\/\/www.dabusarquitetura.com.br\/blog\/wp-content\/uploads\/2010\/07\/Dabus-Arquitetura-Arquitetura-e-Constru\u00e7\u00e3o-Maio-2008.jpg\" alt=\"\" width=\"470\" height=\"159\" srcset=\"https:\/\/www.dabusarquitetura.com.br\/blog\/wp-content\/uploads\/2010\/07\/Dabus-Arquitetura-Arquitetura-e-Constru\u00e7\u00e3o-Maio-2008.jpg 768w, https:\/\/www.dabusarquitetura.com.br\/blog\/wp-content\/uploads\/2010\/07\/Dabus-Arquitetura-Arquitetura-e-Constru\u00e7\u00e3o-Maio-2008-300x101.jpg 300w\" sizes=\"(max-width: 470px) 100vw, 470px\" \/><\/a><\/p>\n<p>Estar atento as<strong> feiras de constru\u00e7\u00e3o<\/strong> e as <strong>dicas de profissionais especializados<\/strong> \u00e9 mais que indicado para realizar o seu projeto com qualidade, bom gosto e seguran\u00e7a. Antes de fazer a sua escolha, <strong>pesquise tend\u00eancias, materiais, revestimentos, <em>design<\/em>, conceitos em decora\u00e7\u00e3o e outras solu\u00e7\u00f5es<\/strong>.<\/p>\n<p>Por isso, acompanhe o blog da <strong>DABUS ARQUITETURA<\/strong> e conte sempre conosco na hora de<strong> realizar o seu projeto<\/strong>. Afinal, voc\u00ea sabe que pode confiar!<\/p>\n","protected":false},"excerpt":{"rendered":"<p>Os resultados de um trabalho extremamente competente no mercado, al\u00e9m de gerar a satisfa\u00e7\u00e3o dos clientes e conferir credibilidade a marca, tamb\u00e9m s\u00e3o respons\u00e1veis por [&hellip;]<\/p>\n","protected":false},"author":3,"featured_media":0,"comment_status":"open","ping_status":"open","sticky":false,"template":"","format":"standard","meta":[],"categories":[41,49],"tags":[5,42,23,48,45,44,47,46,43],"yoast_head":"<!-- This site is optimized with the Yoast SEO plugin v20.8 - https:\/\/yoast.com\/wordpress\/plugins\/seo\/ -->\n<title>DABUS ARQUITETURA \u00e9 refer\u00eancia em avalia\u00e7\u00e3o de materiais na revista Arquitetura &amp; Constru\u00e7\u00e3o - DABUS ARQUITETURA<\/title>\n<meta name=\"robots\" content=\"index, follow, max-snippet:-1, max-image-preview:large, max-video-preview:-1\" \/>\n<link rel=\"canonical\" href=\"https:\/\/www.dabusarquitetura.com.br\/blog\/dabus-arquitetura-e-referencia-em-avaliacao-de-materiais-na-revista-arquitetura-construcao\/\" \/>\n<meta property=\"og:locale\" content=\"pt_BR\" \/>\n<meta property=\"og:type\" content=\"article\" \/>\n<meta property=\"og:title\" content=\"DABUS ARQUITETURA \u00e9 refer\u00eancia em avalia\u00e7\u00e3o de materiais na revista Arquitetura &amp; Constru\u00e7\u00e3o - DABUS ARQUITETURA\" \/>\n<meta property=\"og:description\" content=\"Os resultados de um trabalho extremamente competente no mercado, al\u00e9m de gerar a satisfa\u00e7\u00e3o dos clientes e conferir credibilidade a marca, tamb\u00e9m s\u00e3o respons\u00e1veis por [&hellip;]\" \/>\n<meta property=\"og:url\" content=\"https:\/\/www.dabusarquitetura.com.br\/blog\/dabus-arquitetura-e-referencia-em-avaliacao-de-materiais-na-revista-arquitetura-construcao\/\" \/>\n<meta property=\"og:site_name\" content=\"DABUS ARQUITETURA\" \/>\n<meta property=\"article:published_time\" content=\"2010-07-15T17:01:35+00:00\" \/>\n<meta property=\"article:modified_time\" content=\"2022-07-25T17:09:04+00:00\" \/>\n<meta name=\"author\" content=\"heloisa.dabus\" \/>\n<meta name=\"twitter:card\" content=\"summary_large_image\" \/>\n<meta name=\"twitter:label1\" content=\"Escrito por\" \/>\n\t<meta name=\"twitter:data1\" content=\"heloisa.dabus\" \/>\n\t<meta name=\"twitter:label2\" content=\"Est. tempo de leitura\" \/>\n\t<meta name=\"twitter:data2\" content=\"2 minutos\" \/>\n<script type=\"application\/ld+json\" class=\"yoast-schema-graph\">{\"@context\":\"https:\/\/schema.org\",\"@graph\":[{\"@type\":\"WebPage\",\"@id\":\"https:\/\/www.dabusarquitetura.com.br\/blog\/dabus-arquitetura-e-referencia-em-avaliacao-de-materiais-na-revista-arquitetura-construcao\/\",\"url\":\"https:\/\/www.dabusarquitetura.com.br\/blog\/dabus-arquitetura-e-referencia-em-avaliacao-de-materiais-na-revista-arquitetura-construcao\/\",\"name\":\"DABUS ARQUITETURA \u00e9 refer\u00eancia em avalia\u00e7\u00e3o de materiais na revista Arquitetura & Constru\u00e7\u00e3o - DABUS ARQUITETURA\",\"isPartOf\":{\"@id\":\"https:\/\/www.dabusarquitetura.com.br\/blog\/#website\"},\"datePublished\":\"2010-07-15T17:01:35+00:00\",\"dateModified\":\"2022-07-25T17:09:04+00:00\",\"author\":{\"@id\":\"https:\/\/www.dabusarquitetura.com.br\/blog\/#\/schema\/person\/978b78d74759412a1cd43634996237c4\"},\"breadcrumb\":{\"@id\":\"https:\/\/www.dabusarquitetura.com.br\/blog\/dabus-arquitetura-e-referencia-em-avaliacao-de-materiais-na-revista-arquitetura-construcao\/#breadcrumb\"},\"inLanguage\":\"pt-BR\",\"potentialAction\":[{\"@type\":\"ReadAction\",\"target\":[\"https:\/\/www.dabusarquitetura.com.br\/blog\/dabus-arquitetura-e-referencia-em-avaliacao-de-materiais-na-revista-arquitetura-construcao\/\"]}]},{\"@type\":\"BreadcrumbList\",\"@id\":\"https:\/\/www.dabusarquitetura.com.br\/blog\/dabus-arquitetura-e-referencia-em-avaliacao-de-materiais-na-revista-arquitetura-construcao\/#breadcrumb\",\"itemListElement\":[{\"@type\":\"ListItem\",\"position\":1,\"name\":\"In\u00edcio\",\"item\":\"https:\/\/www.dabusarquitetura.com.br\/blog\/\"},{\"@type\":\"ListItem\",\"position\":2,\"name\":\"DABUS ARQUITETURA \u00e9 refer\u00eancia em avalia\u00e7\u00e3o de materiais na revista Arquitetura &#038; Constru\u00e7\u00e3o\"}]},{\"@type\":\"WebSite\",\"@id\":\"https:\/\/www.dabusarquitetura.com.br\/blog\/#website\",\"url\":\"https:\/\/www.dabusarquitetura.com.br\/blog\/\",\"name\":\"DABUS ARQUITETURA\",\"description\":\"Arquitetura Corporativa\",\"potentialAction\":[{\"@type\":\"SearchAction\",\"target\":{\"@type\":\"EntryPoint\",\"urlTemplate\":\"https:\/\/www.dabusarquitetura.com.br\/blog\/?s={search_term_string}\"},\"query-input\":\"required name=search_term_string\"}],\"inLanguage\":\"pt-BR\"},{\"@type\":\"Person\",\"@id\":\"https:\/\/www.dabusarquitetura.com.br\/blog\/#\/schema\/person\/978b78d74759412a1cd43634996237c4\",\"name\":\"heloisa.dabus\",\"image\":{\"@type\":\"ImageObject\",\"inLanguage\":\"pt-BR\",\"@id\":\"https:\/\/www.dabusarquitetura.com.br\/blog\/#\/schema\/person\/image\/\",\"url\":\"https:\/\/secure.gravatar.com\/avatar\/4078f4f8e54fb70a99a5e9edc642ecb1?s=96&d=mm&r=g\",\"contentUrl\":\"https:\/\/secure.gravatar.com\/avatar\/4078f4f8e54fb70a99a5e9edc642ecb1?s=96&d=mm&r=g\",\"caption\":\"heloisa.dabus\"},\"url\":\"https:\/\/www.dabusarquitetura.com.br\/blog\/author\/heloisa-dabus\/\"}]}<\/script>\n<!-- \/ Yoast SEO plugin. -->","yoast_head_json":{"title":"DABUS ARQUITETURA \u00e9 refer\u00eancia em avalia\u00e7\u00e3o de materiais na revista Arquitetura & Constru\u00e7\u00e3o - DABUS ARQUITETURA","robots":{"index":"index","follow":"follow","max-snippet":"max-snippet:-1","max-image-preview":"max-image-preview:large","max-video-preview":"max-video-preview:-1"},"canonical":"https:\/\/www.dabusarquitetura.com.br\/blog\/dabus-arquitetura-e-referencia-em-avaliacao-de-materiais-na-revista-arquitetura-construcao\/","og_locale":"pt_BR","og_type":"article","og_title":"DABUS ARQUITETURA \u00e9 refer\u00eancia em avalia\u00e7\u00e3o de materiais na revista Arquitetura & Constru\u00e7\u00e3o - DABUS ARQUITETURA","og_description":"Os resultados de um trabalho extremamente competente no mercado, al\u00e9m de gerar a satisfa\u00e7\u00e3o dos clientes e conferir credibilidade a marca, tamb\u00e9m s\u00e3o respons\u00e1veis por [&hellip;]","og_url":"https:\/\/www.dabusarquitetura.com.br\/blog\/dabus-arquitetura-e-referencia-em-avaliacao-de-materiais-na-revista-arquitetura-construcao\/","og_site_name":"DABUS ARQUITETURA","article_published_time":"2010-07-15T17:01:35+00:00","article_modified_time":"2022-07-25T17:09:04+00:00","author":"heloisa.dabus","twitter_card":"summary_large_image","twitter_misc":{"Escrito por":"heloisa.dabus","Est. tempo de leitura":"2 minutos"},"schema":{"@context":"https:\/\/schema.org","@graph":[{"@type":"WebPage","@id":"https:\/\/www.dabusarquitetura.com.br\/blog\/dabus-arquitetura-e-referencia-em-avaliacao-de-materiais-na-revista-arquitetura-construcao\/","url":"https:\/\/www.dabusarquitetura.com.br\/blog\/dabus-arquitetura-e-referencia-em-avaliacao-de-materiais-na-revista-arquitetura-construcao\/","name":"DABUS ARQUITETURA \u00e9 refer\u00eancia em avalia\u00e7\u00e3o de materiais na revista Arquitetura & Constru\u00e7\u00e3o - DABUS ARQUITETURA","isPartOf":{"@id":"https:\/\/www.dabusarquitetura.com.br\/blog\/#website"},"datePublished":"2010-07-15T17:01:35+00:00","dateModified":"2022-07-25T17:09:04+00:00","author":{"@id":"https:\/\/www.dabusarquitetura.com.br\/blog\/#\/schema\/person\/978b78d74759412a1cd43634996237c4"},"breadcrumb":{"@id":"https:\/\/www.dabusarquitetura.com.br\/blog\/dabus-arquitetura-e-referencia-em-avaliacao-de-materiais-na-revista-arquitetura-construcao\/#breadcrumb"},"inLanguage":"pt-BR","potentialAction":[{"@type":"ReadAction","target":["https:\/\/www.dabusarquitetura.com.br\/blog\/dabus-arquitetura-e-referencia-em-avaliacao-de-materiais-na-revista-arquitetura-construcao\/"]}]},{"@type":"BreadcrumbList","@id":"https:\/\/www.dabusarquitetura.com.br\/blog\/dabus-arquitetura-e-referencia-em-avaliacao-de-materiais-na-revista-arquitetura-construcao\/#breadcrumb","itemListElement":[{"@type":"ListItem","position":1,"name":"In\u00edcio","item":"https:\/\/www.dabusarquitetura.com.br\/blog\/"},{"@type":"ListItem","position":2,"name":"DABUS ARQUITETURA \u00e9 refer\u00eancia em avalia\u00e7\u00e3o de materiais na revista Arquitetura &#038; Constru\u00e7\u00e3o"}]},{"@type":"WebSite","@id":"https:\/\/www.dabusarquitetura.com.br\/blog\/#website","url":"https:\/\/www.dabusarquitetura.com.br\/blog\/","name":"DABUS ARQUITETURA","description":"Arquitetura Corporativa","potentialAction":[{"@type":"SearchAction","target":{"@type":"EntryPoint","urlTemplate":"https:\/\/www.dabusarquitetura.com.br\/blog\/?s={search_term_string}"},"query-input":"required name=search_term_string"}],"inLanguage":"pt-BR"},{"@type":"Person","@id":"https:\/\/www.dabusarquitetura.com.br\/blog\/#\/schema\/person\/978b78d74759412a1cd43634996237c4","name":"heloisa.dabus","image":{"@type":"ImageObject","inLanguage":"pt-BR","@id":"https:\/\/www.dabusarquitetura.com.br\/blog\/#\/schema\/person\/image\/","url":"https:\/\/secure.gravatar.com\/avatar\/4078f4f8e54fb70a99a5e9edc642ecb1?s=96&d=mm&r=g","contentUrl":"https:\/\/secure.gravatar.com\/avatar\/4078f4f8e54fb70a99a5e9edc642ecb1?s=96&d=mm&r=g","caption":"heloisa.dabus"},"url":"https:\/\/www.dabusarquitetura.com.br\/blog\/author\/heloisa-dabus\/"}]}},"_links":{"self":[{"href":"https:\/\/www.dabusarquitetura.com.br\/blog\/wp-json\/wp\/v2\/posts\/294"}],"collection":[{"href":"https:\/\/www.dabusarquitetura.com.br\/blog\/wp-json\/wp\/v2\/posts"}],"about":[{"href":"https:\/\/www.dabusarquitetura.com.br\/blog\/wp-json\/wp\/v2\/types\/post"}],"author":[{"embeddable":true,"href":"https:\/\/www.dabusarquitetura.com.br\/blog\/wp-json\/wp\/v2\/users\/3"}],"replies":[{"embeddable":true,"href":"https:\/\/www.dabusarquitetura.com.br\/blog\/wp-json\/wp\/v2\/comments?post=294"}],"version-history":[{"count":1,"href":"https:\/\/www.dabusarquitetura.com.br\/blog\/wp-json\/wp\/v2\/posts\/294\/revisions"}],"predecessor-version":[{"id":16141,"href":"https:\/\/www.dabusarquitetura.com.br\/blog\/wp-json\/wp\/v2\/posts\/294\/revisions\/16141"}],"wp:attachment":[{"href":"https:\/\/www.dabusarquitetura.com.br\/blog\/wp-json\/wp\/v2\/media?parent=294"}],"wp:term":[{"taxonomy":"category","embeddable":true,"href":"https:\/\/www.dabusarquitetura.com.br\/blog\/wp-json\/wp\/v2\/categories?post=294"},{"taxonomy":"post_tag","embeddable":true,"href":"https:\/\/www.dabusarquitetura.com.br\/blog\/wp-json\/wp\/v2\/tags?post=294"}],"curies":[{"name":"wp","href":"https:\/\/api.w.org\/{rel}","templated":true}]}}