{"id":2930,"date":"2011-01-26T10:00:38","date_gmt":"2011-01-26T10:00:38","guid":{"rendered":"http:\/\/www.dabus.com.br\/blog\/?p=2930"},"modified":"2022-07-26T17:22:21","modified_gmt":"2022-07-26T14:22:21","slug":"a-definicao-do-padrao-em-um-projeto-de-arquitetura-corporativa","status":"publish","type":"post","link":"https:\/\/www.dabusarquitetura.com.br\/blog\/a-definicao-do-padrao-em-um-projeto-de-arquitetura-corporativa\/","title":{"rendered":"A defini\u00e7\u00e3o do padr\u00e3o em um projeto de Arquitetura Corporativa"},"content":{"rendered":"<p>Ligado ao <strong>conceito do projeto, \u00e0 mensagem que se deseja transmitir e \u00e0 imagem da empresa,<\/strong> o <strong>padr\u00e3o<\/strong> adotado na <a title=\"Os benef\u00edcios da Arquitetura Corporativa para a sua empresa\" href=\"http:\/\/www.dabusarquitetura.com.br\/blog\/page\/9\/\" target=\"_self\" rel=\"noopener noreferrer\"><strong>Arquitetura Corporativa<\/strong><\/a> precisa ser muito bem planejado.<\/p>\n<p>Al\u00e9m de <strong>promover o alinhamento e a harmoniza\u00e7\u00e3o<\/strong> entre elementos como o <strong>estilo, os tipos de material, o conceito de <em>layout<\/em> e as prioridades<\/strong> que ser\u00e3o conferidas aos espa\u00e7os, o padr\u00e3o ajuda a definir os <strong>recursos que ser\u00e3o necess\u00e1rios para torn\u00e1-los mais funcionais, acess\u00edveis e exclusivos.<\/strong><\/p>\n<p style=\"text-align: center;\"><a title=\"Clique para ampliar\" href=\"http:\/\/www.dabusarquitetura.com.br\/blog\/wp-content\/uploads\/2011\/01\/Dabus-Arquitetura-Projeto-para-a-Cr%C3%A9ditus-1.jpg\" target=\"_blank\" rel=\"noopener noreferrer\"><strong><img decoding=\"async\" loading=\"lazy\" class=\"size-full wp-image-2996 aligncenter\" title=\"Dabus Arquitetura - Projeto para a Cr\u00e9ditus BPN 1\" src=\"http:\/\/www.dabusarquitetura.com.br\/blog\/wp-content\/uploads\/2011\/01\/Dabus-Arquitetura-Projeto-para-empresa-BPN-1.jpg\" alt=\"\" width=\"458\" height=\"199\" srcset=\"https:\/\/www.dabusarquitetura.com.br\/blog\/wp-content\/uploads\/2011\/01\/Dabus-Arquitetura-Projeto-para-empresa-BPN-1.jpg 462w, https:\/\/www.dabusarquitetura.com.br\/blog\/wp-content\/uploads\/2011\/01\/Dabus-Arquitetura-Projeto-para-empresa-BPN-1-300x129.jpg 300w\" sizes=\"(max-width: 458px) 100vw, 458px\" \/><\/strong><\/a><\/p>\n<p style=\"text-align: center;\"><a title=\"Clique para ampliar\" href=\"http:\/\/www.dabusarquitetura.com.br\/blog\/wp-content\/uploads\/2011\/01\/Dabus-Arquitetura-Projeto-para-a-Cr%C3%A9ditus-2.jpg\" target=\"_blank\" rel=\"noopener noreferrer\"><strong><img decoding=\"async\" loading=\"lazy\" class=\"size-full wp-image-2999 aligncenter\" title=\"Dabus Arquitetura - Projeto para a Cr\u00e9ditus BPN 2\" src=\"http:\/\/www.dabusarquitetura.com.br\/blog\/wp-content\/uploads\/2011\/01\/Dabus-Arquitetura-Projeto-para-empresa-BPN-3.jpg\" alt=\"\" width=\"457\" height=\"200\" srcset=\"https:\/\/www.dabusarquitetura.com.br\/blog\/wp-content\/uploads\/2011\/01\/Dabus-Arquitetura-Projeto-para-empresa-BPN-3.jpg 457w, https:\/\/www.dabusarquitetura.com.br\/blog\/wp-content\/uploads\/2011\/01\/Dabus-Arquitetura-Projeto-para-empresa-BPN-3-420x185.jpg 420w, https:\/\/www.dabusarquitetura.com.br\/blog\/wp-content\/uploads\/2011\/01\/Dabus-Arquitetura-Projeto-para-empresa-BPN-3-300x131.jpg 300w\" sizes=\"(max-width: 457px) 100vw, 457px\" \/><\/strong><\/a><\/p>\n<p style=\"text-align: center;\"><strong><a title=\"Clique para ampliar\" href=\"http:\/\/www.dabusarquitetura.com.br\/blog\/wp-content\/uploads\/2011\/01\/Dabus-Arquitetura-Projeto-para-a-Cr%C3%A9ditus-3.jpg\" target=\"_blank\" rel=\"noopener noreferrer\"><img decoding=\"async\" loading=\"lazy\" class=\"size-full wp-image-3001 aligncenter\" title=\"Dabus Arquitetura - Projeto para a Cr\u00e9ditus 3\" src=\"http:\/\/www.dabusarquitetura.com.br\/blog\/wp-content\/uploads\/2011\/01\/Dabus-Arquitetura-Projeto-para-empresa-BPN-21.jpg\" alt=\"\" width=\"456\" height=\"199\" srcset=\"https:\/\/www.dabusarquitetura.com.br\/blog\/wp-content\/uploads\/2011\/01\/Dabus-Arquitetura-Projeto-para-empresa-BPN-21.jpg 460w, https:\/\/www.dabusarquitetura.com.br\/blog\/wp-content\/uploads\/2011\/01\/Dabus-Arquitetura-Projeto-para-empresa-BPN-21-300x130.jpg 300w\" sizes=\"(max-width: 456px) 100vw, 456px\" \/><\/a><br \/>\n<\/strong><\/p>\n<p><span style=\"color: #808080;\">Clique <a href=\"http:\/\/www.dabusarquitetura.com.br\/site\/arquitetura-corporativa\/cliente-creditus-alphaville-ii.html\" target=\"_blank\" rel=\"noopener noreferrer\"><strong>AQUI<\/strong><\/a> e saiba mais sobre o projeto desenvolvido para a <strong>Cr\u00e9ditus, <\/strong>empresa do <strong>Grupo BPN.<\/strong><\/span><\/p>\n<p>A defini\u00e7\u00e3o do padr\u00e3o deve acontecer sempre <strong>no in\u00edcio <\/strong>do projeto, incluindo um<strong> plano com diretrizes e poss\u00edveis reformula\u00e7\u00f5es <\/strong>para os casos em que <strong>n\u00e3o \u00e9 poss\u00edvel implantar todo o <em>layout <\/em>dentro do modelo estabelecido.<\/strong><\/p>\n<p>Diante de um <strong>or\u00e7amento limitado<\/strong> devem-se priorizar, em princ\u00edpio, as <strong>\u00e1reas de acesso do p\u00fablico,<\/strong> como recep\u00e7\u00e3o, salas de reuni\u00e3o e \u00e1reas de passagens.<\/p>\n<p>\u00c9 importante que o padr\u00e3o tamb\u00e9m seja vers\u00e1til no sentido de possibilitar <strong>mudan\u00e7as pr\u00e1ticas no ambiente de trabalho, <\/strong>as quais permitam adequ\u00e1-lo com maior facilidade&nbsp; \u00e0s necessidades da nova equipe e das novas atividades da empresa. Contudo, o projeto de <strong>Arquitetura Corporativa<\/strong> deve ser muito perspicaz, pois para algumas organiza\u00e7\u00f5es os <strong><em>layouts <\/em>est\u00e1veis por um longo per\u00edodo <\/strong>podem gerar <strong>maior economia nas instala\u00e7\u00f5es.<\/strong><\/p>\n<p><strong>A defini\u00e7\u00e3o do padr\u00e3o \u00e9 fruto de um estudo aprofundado<\/strong> sobre a <strong>din\u00e2mica de trabalho, a identidade, e os objetivos <\/strong>da empresa em seus mais diversos departamentos. Este modelo contribui n\u00e3o s\u00f3 para <strong>o<\/strong> <strong>conforto e a produtividade dos colaboradores,<\/strong> como tamb\u00e9m para a fixa\u00e7\u00e3o de <strong>uma imagem corporativa positiva na mente dos clientes.<\/strong><\/p>\n<p>Um padr\u00e3o perfeito n\u00e3o existe, mas a partir de um bom projeto de<strong> Arquitetura Corporativa<\/strong> \u00e9 poss\u00edvel encontrar aquele que <strong>melhor se adequar\u00e1 a suas necessidades.<\/strong><\/p>\n<p><strong><a title=\"Clique Aqui!\" href=\"http:\/\/www.dabusarquitetura.com.br\/blog\/fale-conosco\/\" target=\"_self\" rel=\"noopener noreferrer\">Entre em contato<\/a> <\/strong>com a <a title=\"Quem Somos\" href=\"..\/..\/..\/..\/..\/quem-somos\/\" target=\"_self\" rel=\"noopener noreferrer\"><strong>DABUS ARQUITETURA<\/strong><\/a> e saiba como podemos te ajudar!<\/p>\n","protected":false},"excerpt":{"rendered":"<p>Ligado ao conceito do projeto, \u00e0 mensagem que se deseja transmitir e \u00e0 imagem da empresa, o padr\u00e3o adotado na Arquitetura Corporativa precisa ser muito [&hellip;]<\/p>\n","protected":false},"author":3,"featured_media":0,"comment_status":"open","ping_status":"open","sticky":false,"template":"","format":"standard","meta":[],"categories":[7,49],"tags":[273,19,153,159,158,160,77,152],"yoast_head":"<!-- This site is optimized with the Yoast SEO plugin v20.8 - https:\/\/yoast.com\/wordpress\/plugins\/seo\/ -->\n<title>A defini\u00e7\u00e3o do padr\u00e3o em um projeto de Arquitetura Corporativa - DABUS ARQUITETURA<\/title>\n<meta name=\"robots\" content=\"index, follow, max-snippet:-1, max-image-preview:large, max-video-preview:-1\" \/>\n<link rel=\"canonical\" href=\"https:\/\/www.dabusarquitetura.com.br\/blog\/a-definicao-do-padrao-em-um-projeto-de-arquitetura-corporativa\/\" \/>\n<meta property=\"og:locale\" content=\"pt_BR\" \/>\n<meta property=\"og:type\" content=\"article\" \/>\n<meta property=\"og:title\" content=\"A defini\u00e7\u00e3o do padr\u00e3o em um projeto de Arquitetura Corporativa - DABUS ARQUITETURA\" \/>\n<meta property=\"og:description\" content=\"Ligado ao conceito do projeto, \u00e0 mensagem que se deseja transmitir e \u00e0 imagem da empresa, o padr\u00e3o adotado na Arquitetura Corporativa precisa ser muito [&hellip;]\" \/>\n<meta property=\"og:url\" content=\"https:\/\/www.dabusarquitetura.com.br\/blog\/a-definicao-do-padrao-em-um-projeto-de-arquitetura-corporativa\/\" \/>\n<meta property=\"og:site_name\" content=\"DABUS ARQUITETURA\" \/>\n<meta property=\"article:published_time\" content=\"2011-01-26T10:00:38+00:00\" \/>\n<meta property=\"article:modified_time\" content=\"2022-07-26T14:22:21+00:00\" \/>\n<meta property=\"og:image\" content=\"http:\/\/www.dabusarquitetura.com.br\/blog\/wp-content\/uploads\/2011\/01\/Dabus-Arquitetura-Projeto-para-empresa-BPN-1.jpg\" \/>\n<meta name=\"author\" content=\"heloisa.dabus\" \/>\n<meta name=\"twitter:card\" content=\"summary_large_image\" \/>\n<meta name=\"twitter:label1\" content=\"Escrito por\" \/>\n\t<meta name=\"twitter:data1\" content=\"heloisa.dabus\" \/>\n\t<meta name=\"twitter:label2\" content=\"Est. tempo de leitura\" \/>\n\t<meta name=\"twitter:data2\" content=\"2 minutos\" \/>\n<script type=\"application\/ld+json\" class=\"yoast-schema-graph\">{\"@context\":\"https:\/\/schema.org\",\"@graph\":[{\"@type\":\"WebPage\",\"@id\":\"https:\/\/www.dabusarquitetura.com.br\/blog\/a-definicao-do-padrao-em-um-projeto-de-arquitetura-corporativa\/\",\"url\":\"https:\/\/www.dabusarquitetura.com.br\/blog\/a-definicao-do-padrao-em-um-projeto-de-arquitetura-corporativa\/\",\"name\":\"A defini\u00e7\u00e3o do padr\u00e3o em um projeto de Arquitetura Corporativa - DABUS ARQUITETURA\",\"isPartOf\":{\"@id\":\"https:\/\/www.dabusarquitetura.com.br\/blog\/#website\"},\"datePublished\":\"2011-01-26T10:00:38+00:00\",\"dateModified\":\"2022-07-26T14:22:21+00:00\",\"author\":{\"@id\":\"https:\/\/www.dabusarquitetura.com.br\/blog\/#\/schema\/person\/978b78d74759412a1cd43634996237c4\"},\"breadcrumb\":{\"@id\":\"https:\/\/www.dabusarquitetura.com.br\/blog\/a-definicao-do-padrao-em-um-projeto-de-arquitetura-corporativa\/#breadcrumb\"},\"inLanguage\":\"pt-BR\",\"potentialAction\":[{\"@type\":\"ReadAction\",\"target\":[\"https:\/\/www.dabusarquitetura.com.br\/blog\/a-definicao-do-padrao-em-um-projeto-de-arquitetura-corporativa\/\"]}]},{\"@type\":\"BreadcrumbList\",\"@id\":\"https:\/\/www.dabusarquitetura.com.br\/blog\/a-definicao-do-padrao-em-um-projeto-de-arquitetura-corporativa\/#breadcrumb\",\"itemListElement\":[{\"@type\":\"ListItem\",\"position\":1,\"name\":\"In\u00edcio\",\"item\":\"https:\/\/www.dabusarquitetura.com.br\/blog\/\"},{\"@type\":\"ListItem\",\"position\":2,\"name\":\"A defini\u00e7\u00e3o do padr\u00e3o em um projeto de Arquitetura Corporativa\"}]},{\"@type\":\"WebSite\",\"@id\":\"https:\/\/www.dabusarquitetura.com.br\/blog\/#website\",\"url\":\"https:\/\/www.dabusarquitetura.com.br\/blog\/\",\"name\":\"DABUS ARQUITETURA\",\"description\":\"Arquitetura Corporativa\",\"potentialAction\":[{\"@type\":\"SearchAction\",\"target\":{\"@type\":\"EntryPoint\",\"urlTemplate\":\"https:\/\/www.dabusarquitetura.com.br\/blog\/?s={search_term_string}\"},\"query-input\":\"required name=search_term_string\"}],\"inLanguage\":\"pt-BR\"},{\"@type\":\"Person\",\"@id\":\"https:\/\/www.dabusarquitetura.com.br\/blog\/#\/schema\/person\/978b78d74759412a1cd43634996237c4\",\"name\":\"heloisa.dabus\",\"image\":{\"@type\":\"ImageObject\",\"inLanguage\":\"pt-BR\",\"@id\":\"https:\/\/www.dabusarquitetura.com.br\/blog\/#\/schema\/person\/image\/\",\"url\":\"https:\/\/secure.gravatar.com\/avatar\/4078f4f8e54fb70a99a5e9edc642ecb1?s=96&d=mm&r=g\",\"contentUrl\":\"https:\/\/secure.gravatar.com\/avatar\/4078f4f8e54fb70a99a5e9edc642ecb1?s=96&d=mm&r=g\",\"caption\":\"heloisa.dabus\"},\"url\":\"https:\/\/www.dabusarquitetura.com.br\/blog\/author\/heloisa-dabus\/\"}]}<\/script>\n<!-- \/ Yoast SEO plugin. -->","yoast_head_json":{"title":"A defini\u00e7\u00e3o do padr\u00e3o em um projeto de Arquitetura Corporativa - DABUS ARQUITETURA","robots":{"index":"index","follow":"follow","max-snippet":"max-snippet:-1","max-image-preview":"max-image-preview:large","max-video-preview":"max-video-preview:-1"},"canonical":"https:\/\/www.dabusarquitetura.com.br\/blog\/a-definicao-do-padrao-em-um-projeto-de-arquitetura-corporativa\/","og_locale":"pt_BR","og_type":"article","og_title":"A defini\u00e7\u00e3o do padr\u00e3o em um projeto de Arquitetura Corporativa - DABUS ARQUITETURA","og_description":"Ligado ao conceito do projeto, \u00e0 mensagem que se deseja transmitir e \u00e0 imagem da empresa, o padr\u00e3o adotado na Arquitetura Corporativa precisa ser muito [&hellip;]","og_url":"https:\/\/www.dabusarquitetura.com.br\/blog\/a-definicao-do-padrao-em-um-projeto-de-arquitetura-corporativa\/","og_site_name":"DABUS ARQUITETURA","article_published_time":"2011-01-26T10:00:38+00:00","article_modified_time":"2022-07-26T14:22:21+00:00","og_image":[{"url":"http:\/\/www.dabusarquitetura.com.br\/blog\/wp-content\/uploads\/2011\/01\/Dabus-Arquitetura-Projeto-para-empresa-BPN-1.jpg"}],"author":"heloisa.dabus","twitter_card":"summary_large_image","twitter_misc":{"Escrito por":"heloisa.dabus","Est. tempo de leitura":"2 minutos"},"schema":{"@context":"https:\/\/schema.org","@graph":[{"@type":"WebPage","@id":"https:\/\/www.dabusarquitetura.com.br\/blog\/a-definicao-do-padrao-em-um-projeto-de-arquitetura-corporativa\/","url":"https:\/\/www.dabusarquitetura.com.br\/blog\/a-definicao-do-padrao-em-um-projeto-de-arquitetura-corporativa\/","name":"A defini\u00e7\u00e3o do padr\u00e3o em um projeto de Arquitetura Corporativa - DABUS ARQUITETURA","isPartOf":{"@id":"https:\/\/www.dabusarquitetura.com.br\/blog\/#website"},"datePublished":"2011-01-26T10:00:38+00:00","dateModified":"2022-07-26T14:22:21+00:00","author":{"@id":"https:\/\/www.dabusarquitetura.com.br\/blog\/#\/schema\/person\/978b78d74759412a1cd43634996237c4"},"breadcrumb":{"@id":"https:\/\/www.dabusarquitetura.com.br\/blog\/a-definicao-do-padrao-em-um-projeto-de-arquitetura-corporativa\/#breadcrumb"},"inLanguage":"pt-BR","potentialAction":[{"@type":"ReadAction","target":["https:\/\/www.dabusarquitetura.com.br\/blog\/a-definicao-do-padrao-em-um-projeto-de-arquitetura-corporativa\/"]}]},{"@type":"BreadcrumbList","@id":"https:\/\/www.dabusarquitetura.com.br\/blog\/a-definicao-do-padrao-em-um-projeto-de-arquitetura-corporativa\/#breadcrumb","itemListElement":[{"@type":"ListItem","position":1,"name":"In\u00edcio","item":"https:\/\/www.dabusarquitetura.com.br\/blog\/"},{"@type":"ListItem","position":2,"name":"A defini\u00e7\u00e3o do padr\u00e3o em um projeto de Arquitetura Corporativa"}]},{"@type":"WebSite","@id":"https:\/\/www.dabusarquitetura.com.br\/blog\/#website","url":"https:\/\/www.dabusarquitetura.com.br\/blog\/","name":"DABUS ARQUITETURA","description":"Arquitetura Corporativa","potentialAction":[{"@type":"SearchAction","target":{"@type":"EntryPoint","urlTemplate":"https:\/\/www.dabusarquitetura.com.br\/blog\/?s={search_term_string}"},"query-input":"required name=search_term_string"}],"inLanguage":"pt-BR"},{"@type":"Person","@id":"https:\/\/www.dabusarquitetura.com.br\/blog\/#\/schema\/person\/978b78d74759412a1cd43634996237c4","name":"heloisa.dabus","image":{"@type":"ImageObject","inLanguage":"pt-BR","@id":"https:\/\/www.dabusarquitetura.com.br\/blog\/#\/schema\/person\/image\/","url":"https:\/\/secure.gravatar.com\/avatar\/4078f4f8e54fb70a99a5e9edc642ecb1?s=96&d=mm&r=g","contentUrl":"https:\/\/secure.gravatar.com\/avatar\/4078f4f8e54fb70a99a5e9edc642ecb1?s=96&d=mm&r=g","caption":"heloisa.dabus"},"url":"https:\/\/www.dabusarquitetura.com.br\/blog\/author\/heloisa-dabus\/"}]}},"_links":{"self":[{"href":"https:\/\/www.dabusarquitetura.com.br\/blog\/wp-json\/wp\/v2\/posts\/2930"}],"collection":[{"href":"https:\/\/www.dabusarquitetura.com.br\/blog\/wp-json\/wp\/v2\/posts"}],"about":[{"href":"https:\/\/www.dabusarquitetura.com.br\/blog\/wp-json\/wp\/v2\/types\/post"}],"author":[{"embeddable":true,"href":"https:\/\/www.dabusarquitetura.com.br\/blog\/wp-json\/wp\/v2\/users\/3"}],"replies":[{"embeddable":true,"href":"https:\/\/www.dabusarquitetura.com.br\/blog\/wp-json\/wp\/v2\/comments?post=2930"}],"version-history":[{"count":1,"href":"https:\/\/www.dabusarquitetura.com.br\/blog\/wp-json\/wp\/v2\/posts\/2930\/revisions"}],"predecessor-version":[{"id":16191,"href":"https:\/\/www.dabusarquitetura.com.br\/blog\/wp-json\/wp\/v2\/posts\/2930\/revisions\/16191"}],"wp:attachment":[{"href":"https:\/\/www.dabusarquitetura.com.br\/blog\/wp-json\/wp\/v2\/media?parent=2930"}],"wp:term":[{"taxonomy":"category","embeddable":true,"href":"https:\/\/www.dabusarquitetura.com.br\/blog\/wp-json\/wp\/v2\/categories?post=2930"},{"taxonomy":"post_tag","embeddable":true,"href":"https:\/\/www.dabusarquitetura.com.br\/blog\/wp-json\/wp\/v2\/tags?post=2930"}],"curies":[{"name":"wp","href":"https:\/\/api.w.org\/{rel}","templated":true}]}}