{"id":2816,"date":"2011-01-19T10:00:25","date_gmt":"2011-01-19T10:00:25","guid":{"rendered":"http:\/\/www.dabus.com.br\/blog\/?p=2816"},"modified":"2022-07-26T17:22:03","modified_gmt":"2022-07-26T14:22:03","slug":"tipos-de-layout-na-arquitetura-corporativa-qual-o-melhor-para-a-sua-empresa","status":"publish","type":"post","link":"https:\/\/www.dabusarquitetura.com.br\/blog\/tipos-de-layout-na-arquitetura-corporativa-qual-o-melhor-para-a-sua-empresa\/","title":{"rendered":"Tipos de layout na Arquitetura Corporativa: Qual o melhor para a sua empresa?"},"content":{"rendered":"<p>Cada empresa possui uma<strong> din\u00e2mica de trabalho muito particular. <\/strong>Seu p\u00fablico e seus colaboradores t\u00eam necessidades pr\u00f3prias, uma <strong>maneira individualizada de enxergar a imagem corporativa<\/strong> e de <strong>sentir como s\u00e3o atendidos.<\/strong><\/p>\n<p>Diante desta realidade \u00e9 de vital import\u00e2ncia que a<strong> estrutura f\u00edsica da empresa<\/strong> esteja adequada para fornecer todos os recursos necess\u00e1rios, aliando-os para construir uma<strong> imagem atualizada <\/strong>e para <strong>promover maior conforto e produtividade.<\/strong><\/p>\n<p>Para realizar esta &#8220;adequa\u00e7\u00e3o&#8221; \u00e9 poss\u00edvel optar entre os <strong>v\u00e1rios tipos de <\/strong><em><strong>layouts<\/strong> <\/em>comuns na <strong>Arquitetura Corporativa.<\/strong> A seguir falaremos sobre alguns deles e suas vantagens.<\/p>\n<h3><strong>Qual \u00e9 o melhor para a sua empresa<\/strong>?<\/h3>\n<ul>\n<li><strong>&#8211; Ambiente totalmente aberto, sem biombos ou divis\u00f3rias:<\/strong> permite alto n\u00edvel de controle, traz<strong> economia de espa\u00e7os<\/strong> de circula\u00e7\u00e3o interna e promove<strong> maior agilidade no tr\u00e2mite das informa\u00e7\u00f5es, <\/strong>exigindo uma postura adequada e controlada do trabalho individual. Neste modelo \u00e9 indicado optar pela cria\u00e7\u00e3o de um<strong> <em>pool <\/em>para as salas de reuni\u00f5es e outras que devam ser necessariamente fechadas,<\/strong> a fim de racionalizar a distribui\u00e7\u00e3o do espa\u00e7o;<\/li>\n<\/ul>\n<p style=\"text-align: center;\"><a title=\"Saiba mais sobre o projeto!\" href=\"http:\/\/www.dabusarquitetura.com.br\/site\/arquitetura-corporativa\/projeto-redecard-sede.html\" target=\"_blank\" rel=\"noopener noreferrer\"><img decoding=\"async\" loading=\"lazy\" class=\"alignnone size-full wp-image-2923\" title=\"Dabus Arquitetura - Projeto para a sede da Redecard\" src=\"http:\/\/www.dabusarquitetura.com.br\/blog\/wp-content\/uploads\/2011\/01\/Dabus-Arquitetura-Projeto-para-a-sede-da-Redecard1.jpg\" alt=\"\" width=\"305\" height=\"228\" srcset=\"https:\/\/www.dabusarquitetura.com.br\/blog\/wp-content\/uploads\/2011\/01\/Dabus-Arquitetura-Projeto-para-a-sede-da-Redecard1.jpg 305w, https:\/\/www.dabusarquitetura.com.br\/blog\/wp-content\/uploads\/2011\/01\/Dabus-Arquitetura-Projeto-para-a-sede-da-Redecard1-300x224.jpg 300w\" sizes=\"(max-width: 305px) 100vw, 305px\" \/><\/a><\/p>\n<ul>\n<li><strong>&#8211; Ambiente panor\u00e2mico, onde predominam biombos baixos e espa\u00e7os semi-abertos:<\/strong> oferece n\u00edvel racionado de privacidade e organiza\u00e7\u00e3o individualizada do trabalho, apresentando uma <strong>segmenta\u00e7\u00e3o parcial das atividades da empresa;<\/strong><\/li>\n<\/ul>\n<p style=\"text-align: center;\"><a title=\"Saiba mais sobre o projeto!\" href=\"http:\/\/www.dabusarquitetura.com.br\/site\/arquitetura-corporativa\/projeto-red-comunicacoes.html\" target=\"_blank\" rel=\"noopener noreferrer\"><img decoding=\"async\" loading=\"lazy\" class=\"size-full wp-image-2914 aligncenter\" title=\"Dabus Arquitetura - Projeto para a Red Comunica\u00e7\u00f5es\" src=\"http:\/\/www.dabusarquitetura.com.br\/blog\/wp-content\/uploads\/2011\/01\/Dabus-Arquitetura-Projeto-para-a-Red-Comunica\u00e7\u00f5es.jpg\" alt=\"\" width=\"305\" height=\"226\" srcset=\"https:\/\/www.dabusarquitetura.com.br\/blog\/wp-content\/uploads\/2011\/01\/Dabus-Arquitetura-Projeto-para-a-Red-Comunica\u00e7\u00f5es.jpg 305w, https:\/\/www.dabusarquitetura.com.br\/blog\/wp-content\/uploads\/2011\/01\/Dabus-Arquitetura-Projeto-para-a-Red-Comunica\u00e7\u00f5es-300x222.jpg 300w\" sizes=\"(max-width: 305px) 100vw, 305px\" \/><\/a><\/p>\n<ul>\n<li><strong> &#8211; Ambiente celular, composto por c\u00e9lulas fechadas que podem ser salas individuais ou departamentos: <\/strong>propicia alto n\u00edvel de individualidade, favorece o trabalho intelectual isolado e a <strong>segmenta\u00e7\u00e3o total das atividades da empresa<\/strong> em espa\u00e7os estanques. Este modelo \u00e9 <strong>menos flex\u00edvel com rela\u00e7\u00e3o a mudan\u00e7as no <em>layout<\/em>,<\/strong> ao n\u00edvel de controle e ao tr\u00e2nsito das informa\u00e7\u00f5es, exigindo espa\u00e7os maiores por causar perdas nas \u00e1reas de circula\u00e7\u00e3o interna.<\/li>\n<\/ul>\n<p style=\"text-align: center;\"><a title=\"Saiba mais sobre o projeto!\" href=\"http:\/\/www.dabusarquitetura.com.br\/site\/arquitetura-corporativa\/projeto-facility.html\" target=\"_blank\" rel=\"noopener noreferrer\"><img decoding=\"async\" loading=\"lazy\" class=\"size-full wp-image-2916   aligncenter\" title=\"Dabus Arquitetura - Projeto para a Falacity\" src=\"http:\/\/www.dabusarquitetura.com.br\/blog\/wp-content\/uploads\/2011\/01\/Dabus-Arquitetura-Projeto-para-a-Falacity.jpg\" alt=\"\" width=\"309\" height=\"207\" srcset=\"https:\/\/www.dabusarquitetura.com.br\/blog\/wp-content\/uploads\/2011\/01\/Dabus-Arquitetura-Projeto-para-a-Falacity.jpg 451w, https:\/\/www.dabusarquitetura.com.br\/blog\/wp-content\/uploads\/2011\/01\/Dabus-Arquitetura-Projeto-para-a-Falacity-300x200.jpg 300w\" sizes=\"(max-width: 309px) 100vw, 309px\" \/><\/a><\/p>\n<p>\u00c9 importante destacar que, embora uma destas formas acabe sendo predominante, \u00e9 poss\u00edvel planejar <strong>o ambiente corporativo<\/strong> de maneira mista, trabalhando para entregar um<strong> projeto mais personalizado e completo.<\/strong><\/p>\n<p>Para encontrar as melhores solu\u00e7\u00f5es e o <strong>melhor tipo de <\/strong><em><strong>layout<\/strong> <\/em>para a sua empresa a <strong><a title=\"Quem Somos\" href=\"http:\/\/www.dabusarquitetura.com.br\/blog\/quem-somos\/\" target=\"_self\" rel=\"noopener noreferrer\">DABUS ARQUITETURA <\/a>estuda o seu neg\u00f3cio e a sua din\u00e2mica de trabalho,<\/strong> criando a partir da\u00ed ambientes que valorizam a sua <strong>organiza\u00e7\u00e3o, praticidade, produtividade, e o talento da sua equipe.<\/strong><\/p>\n<p>Clique <a href=\"http:\/\/www.dabusarquitetura.com.br\/blog\/fale-conosco\/\" target=\"_self\" rel=\"noopener noreferrer\"><strong>AQUI<\/strong><\/a> e saiba como podemos te atender!<\/p>\n","protected":false},"excerpt":{"rendered":"<p>Cada empresa possui uma din\u00e2mica de trabalho muito particular. Seu p\u00fablico e seus colaboradores t\u00eam necessidades pr\u00f3prias, uma maneira individualizada de enxergar a imagem corporativa [&hellip;]<\/p>\n","protected":false},"author":3,"featured_media":0,"comment_status":"open","ping_status":"open","sticky":false,"template":"","format":"standard","meta":[],"categories":[7,49,12],"tags":[273,155,23,38,99,156],"yoast_head":"<!-- This site is optimized with the Yoast SEO plugin v20.8 - https:\/\/yoast.com\/wordpress\/plugins\/seo\/ -->\n<title>Tipos de layout na Arquitetura Corporativa: Qual o melhor para a sua empresa? - DABUS ARQUITETURA<\/title>\n<meta name=\"robots\" content=\"index, follow, max-snippet:-1, max-image-preview:large, max-video-preview:-1\" \/>\n<link rel=\"canonical\" href=\"https:\/\/www.dabusarquitetura.com.br\/blog\/tipos-de-layout-na-arquitetura-corporativa-qual-o-melhor-para-a-sua-empresa\/\" \/>\n<meta property=\"og:locale\" content=\"pt_BR\" \/>\n<meta property=\"og:type\" content=\"article\" \/>\n<meta property=\"og:title\" content=\"Tipos de layout na Arquitetura Corporativa: Qual o melhor para a sua empresa? - DABUS ARQUITETURA\" \/>\n<meta property=\"og:description\" content=\"Cada empresa possui uma din\u00e2mica de trabalho muito particular. Seu p\u00fablico e seus colaboradores t\u00eam necessidades pr\u00f3prias, uma maneira individualizada de enxergar a imagem corporativa [&hellip;]\" \/>\n<meta property=\"og:url\" content=\"https:\/\/www.dabusarquitetura.com.br\/blog\/tipos-de-layout-na-arquitetura-corporativa-qual-o-melhor-para-a-sua-empresa\/\" \/>\n<meta property=\"og:site_name\" content=\"DABUS ARQUITETURA\" \/>\n<meta property=\"article:published_time\" content=\"2011-01-19T10:00:25+00:00\" \/>\n<meta property=\"article:modified_time\" content=\"2022-07-26T14:22:03+00:00\" \/>\n<meta property=\"og:image\" content=\"http:\/\/www.dabusarquitetura.com.br\/blog\/wp-content\/uploads\/2011\/01\/Dabus-Arquitetura-Projeto-para-a-sede-da-Redecard1.jpg\" \/>\n<meta name=\"author\" content=\"heloisa.dabus\" \/>\n<meta name=\"twitter:card\" content=\"summary_large_image\" \/>\n<meta name=\"twitter:label1\" content=\"Escrito por\" \/>\n\t<meta name=\"twitter:data1\" content=\"heloisa.dabus\" \/>\n\t<meta name=\"twitter:label2\" content=\"Est. tempo de leitura\" \/>\n\t<meta name=\"twitter:data2\" content=\"2 minutos\" \/>\n<script type=\"application\/ld+json\" class=\"yoast-schema-graph\">{\"@context\":\"https:\/\/schema.org\",\"@graph\":[{\"@type\":\"WebPage\",\"@id\":\"https:\/\/www.dabusarquitetura.com.br\/blog\/tipos-de-layout-na-arquitetura-corporativa-qual-o-melhor-para-a-sua-empresa\/\",\"url\":\"https:\/\/www.dabusarquitetura.com.br\/blog\/tipos-de-layout-na-arquitetura-corporativa-qual-o-melhor-para-a-sua-empresa\/\",\"name\":\"Tipos de layout na Arquitetura Corporativa: Qual o melhor para a sua empresa? - DABUS ARQUITETURA\",\"isPartOf\":{\"@id\":\"https:\/\/www.dabusarquitetura.com.br\/blog\/#website\"},\"datePublished\":\"2011-01-19T10:00:25+00:00\",\"dateModified\":\"2022-07-26T14:22:03+00:00\",\"author\":{\"@id\":\"https:\/\/www.dabusarquitetura.com.br\/blog\/#\/schema\/person\/978b78d74759412a1cd43634996237c4\"},\"breadcrumb\":{\"@id\":\"https:\/\/www.dabusarquitetura.com.br\/blog\/tipos-de-layout-na-arquitetura-corporativa-qual-o-melhor-para-a-sua-empresa\/#breadcrumb\"},\"inLanguage\":\"pt-BR\",\"potentialAction\":[{\"@type\":\"ReadAction\",\"target\":[\"https:\/\/www.dabusarquitetura.com.br\/blog\/tipos-de-layout-na-arquitetura-corporativa-qual-o-melhor-para-a-sua-empresa\/\"]}]},{\"@type\":\"BreadcrumbList\",\"@id\":\"https:\/\/www.dabusarquitetura.com.br\/blog\/tipos-de-layout-na-arquitetura-corporativa-qual-o-melhor-para-a-sua-empresa\/#breadcrumb\",\"itemListElement\":[{\"@type\":\"ListItem\",\"position\":1,\"name\":\"In\u00edcio\",\"item\":\"https:\/\/www.dabusarquitetura.com.br\/blog\/\"},{\"@type\":\"ListItem\",\"position\":2,\"name\":\"Tipos de layout na Arquitetura Corporativa: Qual o melhor para a sua empresa?\"}]},{\"@type\":\"WebSite\",\"@id\":\"https:\/\/www.dabusarquitetura.com.br\/blog\/#website\",\"url\":\"https:\/\/www.dabusarquitetura.com.br\/blog\/\",\"name\":\"DABUS ARQUITETURA\",\"description\":\"Arquitetura Corporativa\",\"potentialAction\":[{\"@type\":\"SearchAction\",\"target\":{\"@type\":\"EntryPoint\",\"urlTemplate\":\"https:\/\/www.dabusarquitetura.com.br\/blog\/?s={search_term_string}\"},\"query-input\":\"required name=search_term_string\"}],\"inLanguage\":\"pt-BR\"},{\"@type\":\"Person\",\"@id\":\"https:\/\/www.dabusarquitetura.com.br\/blog\/#\/schema\/person\/978b78d74759412a1cd43634996237c4\",\"name\":\"heloisa.dabus\",\"image\":{\"@type\":\"ImageObject\",\"inLanguage\":\"pt-BR\",\"@id\":\"https:\/\/www.dabusarquitetura.com.br\/blog\/#\/schema\/person\/image\/\",\"url\":\"https:\/\/secure.gravatar.com\/avatar\/4078f4f8e54fb70a99a5e9edc642ecb1?s=96&d=mm&r=g\",\"contentUrl\":\"https:\/\/secure.gravatar.com\/avatar\/4078f4f8e54fb70a99a5e9edc642ecb1?s=96&d=mm&r=g\",\"caption\":\"heloisa.dabus\"},\"url\":\"https:\/\/www.dabusarquitetura.com.br\/blog\/author\/heloisa-dabus\/\"}]}<\/script>\n<!-- \/ Yoast SEO plugin. -->","yoast_head_json":{"title":"Tipos de layout na Arquitetura Corporativa: Qual o melhor para a sua empresa? - DABUS ARQUITETURA","robots":{"index":"index","follow":"follow","max-snippet":"max-snippet:-1","max-image-preview":"max-image-preview:large","max-video-preview":"max-video-preview:-1"},"canonical":"https:\/\/www.dabusarquitetura.com.br\/blog\/tipos-de-layout-na-arquitetura-corporativa-qual-o-melhor-para-a-sua-empresa\/","og_locale":"pt_BR","og_type":"article","og_title":"Tipos de layout na Arquitetura Corporativa: Qual o melhor para a sua empresa? - DABUS ARQUITETURA","og_description":"Cada empresa possui uma din\u00e2mica de trabalho muito particular. Seu p\u00fablico e seus colaboradores t\u00eam necessidades pr\u00f3prias, uma maneira individualizada de enxergar a imagem corporativa [&hellip;]","og_url":"https:\/\/www.dabusarquitetura.com.br\/blog\/tipos-de-layout-na-arquitetura-corporativa-qual-o-melhor-para-a-sua-empresa\/","og_site_name":"DABUS ARQUITETURA","article_published_time":"2011-01-19T10:00:25+00:00","article_modified_time":"2022-07-26T14:22:03+00:00","og_image":[{"url":"http:\/\/www.dabusarquitetura.com.br\/blog\/wp-content\/uploads\/2011\/01\/Dabus-Arquitetura-Projeto-para-a-sede-da-Redecard1.jpg"}],"author":"heloisa.dabus","twitter_card":"summary_large_image","twitter_misc":{"Escrito por":"heloisa.dabus","Est. tempo de leitura":"2 minutos"},"schema":{"@context":"https:\/\/schema.org","@graph":[{"@type":"WebPage","@id":"https:\/\/www.dabusarquitetura.com.br\/blog\/tipos-de-layout-na-arquitetura-corporativa-qual-o-melhor-para-a-sua-empresa\/","url":"https:\/\/www.dabusarquitetura.com.br\/blog\/tipos-de-layout-na-arquitetura-corporativa-qual-o-melhor-para-a-sua-empresa\/","name":"Tipos de layout na Arquitetura Corporativa: Qual o melhor para a sua empresa? - DABUS ARQUITETURA","isPartOf":{"@id":"https:\/\/www.dabusarquitetura.com.br\/blog\/#website"},"datePublished":"2011-01-19T10:00:25+00:00","dateModified":"2022-07-26T14:22:03+00:00","author":{"@id":"https:\/\/www.dabusarquitetura.com.br\/blog\/#\/schema\/person\/978b78d74759412a1cd43634996237c4"},"breadcrumb":{"@id":"https:\/\/www.dabusarquitetura.com.br\/blog\/tipos-de-layout-na-arquitetura-corporativa-qual-o-melhor-para-a-sua-empresa\/#breadcrumb"},"inLanguage":"pt-BR","potentialAction":[{"@type":"ReadAction","target":["https:\/\/www.dabusarquitetura.com.br\/blog\/tipos-de-layout-na-arquitetura-corporativa-qual-o-melhor-para-a-sua-empresa\/"]}]},{"@type":"BreadcrumbList","@id":"https:\/\/www.dabusarquitetura.com.br\/blog\/tipos-de-layout-na-arquitetura-corporativa-qual-o-melhor-para-a-sua-empresa\/#breadcrumb","itemListElement":[{"@type":"ListItem","position":1,"name":"In\u00edcio","item":"https:\/\/www.dabusarquitetura.com.br\/blog\/"},{"@type":"ListItem","position":2,"name":"Tipos de layout na Arquitetura Corporativa: Qual o melhor para a sua empresa?"}]},{"@type":"WebSite","@id":"https:\/\/www.dabusarquitetura.com.br\/blog\/#website","url":"https:\/\/www.dabusarquitetura.com.br\/blog\/","name":"DABUS ARQUITETURA","description":"Arquitetura Corporativa","potentialAction":[{"@type":"SearchAction","target":{"@type":"EntryPoint","urlTemplate":"https:\/\/www.dabusarquitetura.com.br\/blog\/?s={search_term_string}"},"query-input":"required name=search_term_string"}],"inLanguage":"pt-BR"},{"@type":"Person","@id":"https:\/\/www.dabusarquitetura.com.br\/blog\/#\/schema\/person\/978b78d74759412a1cd43634996237c4","name":"heloisa.dabus","image":{"@type":"ImageObject","inLanguage":"pt-BR","@id":"https:\/\/www.dabusarquitetura.com.br\/blog\/#\/schema\/person\/image\/","url":"https:\/\/secure.gravatar.com\/avatar\/4078f4f8e54fb70a99a5e9edc642ecb1?s=96&d=mm&r=g","contentUrl":"https:\/\/secure.gravatar.com\/avatar\/4078f4f8e54fb70a99a5e9edc642ecb1?s=96&d=mm&r=g","caption":"heloisa.dabus"},"url":"https:\/\/www.dabusarquitetura.com.br\/blog\/author\/heloisa-dabus\/"}]}},"_links":{"self":[{"href":"https:\/\/www.dabusarquitetura.com.br\/blog\/wp-json\/wp\/v2\/posts\/2816"}],"collection":[{"href":"https:\/\/www.dabusarquitetura.com.br\/blog\/wp-json\/wp\/v2\/posts"}],"about":[{"href":"https:\/\/www.dabusarquitetura.com.br\/blog\/wp-json\/wp\/v2\/types\/post"}],"author":[{"embeddable":true,"href":"https:\/\/www.dabusarquitetura.com.br\/blog\/wp-json\/wp\/v2\/users\/3"}],"replies":[{"embeddable":true,"href":"https:\/\/www.dabusarquitetura.com.br\/blog\/wp-json\/wp\/v2\/comments?post=2816"}],"version-history":[{"count":1,"href":"https:\/\/www.dabusarquitetura.com.br\/blog\/wp-json\/wp\/v2\/posts\/2816\/revisions"}],"predecessor-version":[{"id":16190,"href":"https:\/\/www.dabusarquitetura.com.br\/blog\/wp-json\/wp\/v2\/posts\/2816\/revisions\/16190"}],"wp:attachment":[{"href":"https:\/\/www.dabusarquitetura.com.br\/blog\/wp-json\/wp\/v2\/media?parent=2816"}],"wp:term":[{"taxonomy":"category","embeddable":true,"href":"https:\/\/www.dabusarquitetura.com.br\/blog\/wp-json\/wp\/v2\/categories?post=2816"},{"taxonomy":"post_tag","embeddable":true,"href":"https:\/\/www.dabusarquitetura.com.br\/blog\/wp-json\/wp\/v2\/tags?post=2816"}],"curies":[{"name":"wp","href":"https:\/\/api.w.org\/{rel}","templated":true}]}}