{"id":2747,"date":"2011-01-05T10:00:56","date_gmt":"2011-01-05T10:00:56","guid":{"rendered":"http:\/\/www.dabus.com.br\/blog\/?p=2747"},"modified":"2022-07-26T17:21:34","modified_gmt":"2022-07-26T14:21:34","slug":"reorganizar-o-ambiente-de-trabalho-e-rever-os-elementos-da-arquitetura-corporativa","status":"publish","type":"post","link":"https:\/\/www.dabusarquitetura.com.br\/blog\/reorganizar-o-ambiente-de-trabalho-e-rever-os-elementos-da-arquitetura-corporativa\/","title":{"rendered":"Reorganizar o ambiente de trabalho e rever os elementos da Arquitetura Corporativa&#8230;"},"content":{"rendered":"<p>A valoriza\u00e7\u00e3o da <a title=\"Saiba Mais!\" href=\"..\/2010\/11\/os-beneficios-da-arquitetura-corporativa-para-a-sua-empresa\/\" target=\"_self\" rel=\"noopener noreferrer\"><strong>Arquitetura Corporativa<\/strong><\/a> aliada a<strong> identidade e efici\u00eancia da empresa<\/strong> deve passar inevitavelmente pela <strong>organiza\u00e7\u00e3o do ambiente de trabalho.<\/strong><\/p>\n<p><strong>O come\u00e7o do ano \u00e9 o momento ideal<\/strong> para solucionar aqueles pap\u00e9is em cima da mesa, livros e documentos que est\u00e3o desordenados, objetos que est\u00e3o em lugares indevidos, entre outros problemas que afetam <strong>a organiza\u00e7\u00e3o e a produtividade.<\/strong><\/p>\n<p>Embora ferramentas como <strong>pastas, bandejas, cestos e porta-arquivos<\/strong> possam ajudar neste momento, \u00e9 importante certificar-se quanto <strong>a real necessidade e o real objetivo de sua utiliza\u00e7\u00e3o,<\/strong> pois, caso contr\u00e1rio, elas poder\u00e3o se tornar itens a mais na<strong> pilha dos materiais desorganizados.<\/strong><\/p>\n<p style=\"text-align: center;\"><strong><img decoding=\"async\" loading=\"lazy\" class=\"size-full wp-image-2785 aligncenter\" title=\"Desorganiza\u00e7\u00e3o\" src=\"http:\/\/www.dabusarquitetura.com.br\/blog\/wp-content\/uploads\/2011\/01\/Desorganiza\u00e7\u00e3o.jpg\" alt=\"\" width=\"348\" height=\"200\" srcset=\"https:\/\/www.dabusarquitetura.com.br\/blog\/wp-content\/uploads\/2011\/01\/Desorganiza\u00e7\u00e3o.jpg 348w, https:\/\/www.dabusarquitetura.com.br\/blog\/wp-content\/uploads\/2011\/01\/Desorganiza\u00e7\u00e3o-300x172.jpg 300w\" sizes=\"(max-width: 348px) 100vw, 348px\" \/><\/strong><\/p>\n<p>&nbsp;<\/p>\n<p>Por outro lado, a <strong>organiza\u00e7\u00e3o nas esta\u00e7\u00f5es de trabalho<\/strong> n\u00e3o deve ser entendida apenas como a <strong>aus\u00eancia de amontoados de pap\u00e9is ou de objetos desnecess\u00e1rios nas mesas.<\/strong> Antes disto, ela deve ser compreendida como uma solu\u00e7\u00e3o promotora de um <strong>espa\u00e7o mais harmonioso, funcional, confort\u00e1vel e at\u00e9 mesmo mais econ\u00f4mico.<\/strong><\/p>\n<p>Neste sentido, todos os elementos que comp\u00f5em a <strong>Arquitetura Corporativa <\/strong>tamb\u00e9m precisam ser revistos, como:<\/p>\n<ul>\n<li>&#8211; as <strong><a title=\"A Aplica\u00e7\u00e3o Estrat\u00e9gica das Cores\" href=\"http:\/\/www.dabusarquitetura.com.br\/blog\/2010\/12\/a-aplicacao-estrategica-das-cores-na-arquitetura-corporativa\/\" target=\"_self\" rel=\"noopener noreferrer\">cores<\/a> <\/strong>que influenciam os estados de humor e os sentimentos,<\/li>\n<li>&#8211; os <strong>artigos decorativos<\/strong> que podem induzir \u00e0 desconcentra\u00e7\u00e3o<\/li>\n<li>&#8211; os <strong>espa\u00e7os mal planejados<\/strong> que dificultam a movimenta\u00e7\u00e3o e o fluxo de pessoas<\/li>\n<li>&#8211; os <strong><a title=\"Ergonomia: A Postura Ideal\" href=\"http:\/\/www.dabusarquitetura.com.br\/blog\/2010\/10\/ergonomia-a-postura-ideal-na-arquitetura-corporativa\/\" target=\"_self\" rel=\"noopener noreferrer\">m\u00f3veis n\u00e3o ergon\u00f4micos<\/a> <\/strong>que al\u00e9m de prejudicar a sa\u00fade dos usu\u00e1rios impactam consideravelmente o seu n\u00edvel de produtividade<\/li>\n<li>&#8211; as <a title=\"Iluminando Ambientes Corporativos\" href=\"http:\/\/www.dabusarquitetura.com.br\/blog\/2010\/09\/iluminando-ambientes-corporativos\/\" target=\"_self\" rel=\"noopener noreferrer\"><strong>fontes de luz inadequadas<\/strong><\/a> que prejudicam a vis\u00e3o, alteram a percep\u00e7\u00e3o do ambiente e geram gastos de energia maiores<\/li>\n<\/ul>\n<p>Estes e muitos outros fatores comp\u00f5em de modo imprescind\u00edvel a <strong>organiza\u00e7\u00e3o nas esta\u00e7\u00f5es de trabalho<\/strong> e, como j\u00e1 destacamos, este per\u00edodo que marca o <strong>in\u00edcio do ano<\/strong> \u00e9 a oportunidade ideal para deixar tudo em ordem. No entanto, a sua empresa pode necessitar de muito mais que a simples <strong>ordena\u00e7\u00e3o de materiais e objetos&#8230;<\/strong><\/p>\n<p>&nbsp;<\/p>\n<p>Para ela o mais indicado pode ser a<strong> reorganiza\u00e7\u00e3o de <em>layout<\/em>,<\/strong> projeto que envolve um <strong>estudo sistem\u00e1tico <\/strong>de suas necessidades, assim como das necessidades dos colaboradores, dos clientes e das possibilidades do ambiente, com o objetivo de <strong>atualiz\u00e1-lo, torn\u00e1-lo mais expressivo, confort\u00e1vel, pr\u00e1tico, seguro, <\/strong>e, claro, <strong>mais organizado.<\/strong><\/p>\n<p>Pense nisso, analise e <strong>prepare a sua empresa para um novo tempo. Este \u00e9 o momento certo!<br \/>\n<\/strong><\/p>\n<p>Clique <a title=\"Fale Conosco\" href=\"http:\/\/www.dabusarquitetura.com.br\/blog\/fale-conosco\/\" target=\"_self\" rel=\"noopener noreferrer\"><strong>AQUI<\/strong><\/a> e saiba como <a title=\"Acesse o nosso site!\" href=\"http:\/\/www.dabusarquitetura.com.br\/\" target=\"_self\" rel=\"noopener noreferrer\"><strong>DABUS ARQUITETURA<\/strong><\/a> pode te ajudar.<\/p>\n","protected":false},"excerpt":{"rendered":"<p>A valoriza\u00e7\u00e3o da Arquitetura Corporativa aliada a identidade e efici\u00eancia da empresa deve passar inevitavelmente pela organiza\u00e7\u00e3o do ambiente de trabalho. O come\u00e7o do ano [&hellip;]<\/p>\n","protected":false},"author":3,"featured_media":0,"comment_status":"open","ping_status":"open","sticky":false,"template":"","format":"standard","meta":[],"categories":[7,49,12],"tags":[273,148,153,23,29,149,99,151,152],"yoast_head":"<!-- This site is optimized with the Yoast SEO plugin v20.8 - https:\/\/yoast.com\/wordpress\/plugins\/seo\/ -->\n<title>Reorganizar o ambiente de trabalho e rever os elementos da Arquitetura Corporativa... - DABUS ARQUITETURA<\/title>\n<meta name=\"robots\" content=\"index, follow, max-snippet:-1, max-image-preview:large, max-video-preview:-1\" \/>\n<link rel=\"canonical\" href=\"https:\/\/www.dabusarquitetura.com.br\/blog\/reorganizar-o-ambiente-de-trabalho-e-rever-os-elementos-da-arquitetura-corporativa\/\" \/>\n<meta property=\"og:locale\" content=\"pt_BR\" \/>\n<meta property=\"og:type\" content=\"article\" \/>\n<meta property=\"og:title\" content=\"Reorganizar o ambiente de trabalho e rever os elementos da Arquitetura Corporativa... - DABUS ARQUITETURA\" \/>\n<meta property=\"og:description\" content=\"A valoriza\u00e7\u00e3o da Arquitetura Corporativa aliada a identidade e efici\u00eancia da empresa deve passar inevitavelmente pela organiza\u00e7\u00e3o do ambiente de trabalho. O come\u00e7o do ano [&hellip;]\" \/>\n<meta property=\"og:url\" content=\"https:\/\/www.dabusarquitetura.com.br\/blog\/reorganizar-o-ambiente-de-trabalho-e-rever-os-elementos-da-arquitetura-corporativa\/\" \/>\n<meta property=\"og:site_name\" content=\"DABUS ARQUITETURA\" \/>\n<meta property=\"article:published_time\" content=\"2011-01-05T10:00:56+00:00\" \/>\n<meta property=\"article:modified_time\" content=\"2022-07-26T14:21:34+00:00\" \/>\n<meta name=\"author\" content=\"heloisa.dabus\" \/>\n<meta name=\"twitter:card\" content=\"summary_large_image\" \/>\n<meta name=\"twitter:label1\" content=\"Escrito por\" \/>\n\t<meta name=\"twitter:data1\" content=\"heloisa.dabus\" \/>\n\t<meta name=\"twitter:label2\" content=\"Est. tempo de leitura\" \/>\n\t<meta name=\"twitter:data2\" content=\"2 minutos\" \/>\n<script type=\"application\/ld+json\" class=\"yoast-schema-graph\">{\"@context\":\"https:\/\/schema.org\",\"@graph\":[{\"@type\":\"WebPage\",\"@id\":\"https:\/\/www.dabusarquitetura.com.br\/blog\/reorganizar-o-ambiente-de-trabalho-e-rever-os-elementos-da-arquitetura-corporativa\/\",\"url\":\"https:\/\/www.dabusarquitetura.com.br\/blog\/reorganizar-o-ambiente-de-trabalho-e-rever-os-elementos-da-arquitetura-corporativa\/\",\"name\":\"Reorganizar o ambiente de trabalho e rever os elementos da Arquitetura Corporativa... - DABUS ARQUITETURA\",\"isPartOf\":{\"@id\":\"https:\/\/www.dabusarquitetura.com.br\/blog\/#website\"},\"datePublished\":\"2011-01-05T10:00:56+00:00\",\"dateModified\":\"2022-07-26T14:21:34+00:00\",\"author\":{\"@id\":\"https:\/\/www.dabusarquitetura.com.br\/blog\/#\/schema\/person\/978b78d74759412a1cd43634996237c4\"},\"breadcrumb\":{\"@id\":\"https:\/\/www.dabusarquitetura.com.br\/blog\/reorganizar-o-ambiente-de-trabalho-e-rever-os-elementos-da-arquitetura-corporativa\/#breadcrumb\"},\"inLanguage\":\"pt-BR\",\"potentialAction\":[{\"@type\":\"ReadAction\",\"target\":[\"https:\/\/www.dabusarquitetura.com.br\/blog\/reorganizar-o-ambiente-de-trabalho-e-rever-os-elementos-da-arquitetura-corporativa\/\"]}]},{\"@type\":\"BreadcrumbList\",\"@id\":\"https:\/\/www.dabusarquitetura.com.br\/blog\/reorganizar-o-ambiente-de-trabalho-e-rever-os-elementos-da-arquitetura-corporativa\/#breadcrumb\",\"itemListElement\":[{\"@type\":\"ListItem\",\"position\":1,\"name\":\"In\u00edcio\",\"item\":\"https:\/\/www.dabusarquitetura.com.br\/blog\/\"},{\"@type\":\"ListItem\",\"position\":2,\"name\":\"Reorganizar o ambiente de trabalho e rever os elementos da Arquitetura Corporativa&#8230;\"}]},{\"@type\":\"WebSite\",\"@id\":\"https:\/\/www.dabusarquitetura.com.br\/blog\/#website\",\"url\":\"https:\/\/www.dabusarquitetura.com.br\/blog\/\",\"name\":\"DABUS ARQUITETURA\",\"description\":\"Arquitetura Corporativa\",\"potentialAction\":[{\"@type\":\"SearchAction\",\"target\":{\"@type\":\"EntryPoint\",\"urlTemplate\":\"https:\/\/www.dabusarquitetura.com.br\/blog\/?s={search_term_string}\"},\"query-input\":\"required name=search_term_string\"}],\"inLanguage\":\"pt-BR\"},{\"@type\":\"Person\",\"@id\":\"https:\/\/www.dabusarquitetura.com.br\/blog\/#\/schema\/person\/978b78d74759412a1cd43634996237c4\",\"name\":\"heloisa.dabus\",\"image\":{\"@type\":\"ImageObject\",\"inLanguage\":\"pt-BR\",\"@id\":\"https:\/\/www.dabusarquitetura.com.br\/blog\/#\/schema\/person\/image\/\",\"url\":\"https:\/\/secure.gravatar.com\/avatar\/4078f4f8e54fb70a99a5e9edc642ecb1?s=96&d=mm&r=g\",\"contentUrl\":\"https:\/\/secure.gravatar.com\/avatar\/4078f4f8e54fb70a99a5e9edc642ecb1?s=96&d=mm&r=g\",\"caption\":\"heloisa.dabus\"},\"url\":\"https:\/\/www.dabusarquitetura.com.br\/blog\/author\/heloisa-dabus\/\"}]}<\/script>\n<!-- \/ Yoast SEO plugin. -->","yoast_head_json":{"title":"Reorganizar o ambiente de trabalho e rever os elementos da Arquitetura Corporativa... - DABUS ARQUITETURA","robots":{"index":"index","follow":"follow","max-snippet":"max-snippet:-1","max-image-preview":"max-image-preview:large","max-video-preview":"max-video-preview:-1"},"canonical":"https:\/\/www.dabusarquitetura.com.br\/blog\/reorganizar-o-ambiente-de-trabalho-e-rever-os-elementos-da-arquitetura-corporativa\/","og_locale":"pt_BR","og_type":"article","og_title":"Reorganizar o ambiente de trabalho e rever os elementos da Arquitetura Corporativa... - DABUS ARQUITETURA","og_description":"A valoriza\u00e7\u00e3o da Arquitetura Corporativa aliada a identidade e efici\u00eancia da empresa deve passar inevitavelmente pela organiza\u00e7\u00e3o do ambiente de trabalho. O come\u00e7o do ano [&hellip;]","og_url":"https:\/\/www.dabusarquitetura.com.br\/blog\/reorganizar-o-ambiente-de-trabalho-e-rever-os-elementos-da-arquitetura-corporativa\/","og_site_name":"DABUS ARQUITETURA","article_published_time":"2011-01-05T10:00:56+00:00","article_modified_time":"2022-07-26T14:21:34+00:00","author":"heloisa.dabus","twitter_card":"summary_large_image","twitter_misc":{"Escrito por":"heloisa.dabus","Est. tempo de leitura":"2 minutos"},"schema":{"@context":"https:\/\/schema.org","@graph":[{"@type":"WebPage","@id":"https:\/\/www.dabusarquitetura.com.br\/blog\/reorganizar-o-ambiente-de-trabalho-e-rever-os-elementos-da-arquitetura-corporativa\/","url":"https:\/\/www.dabusarquitetura.com.br\/blog\/reorganizar-o-ambiente-de-trabalho-e-rever-os-elementos-da-arquitetura-corporativa\/","name":"Reorganizar o ambiente de trabalho e rever os elementos da Arquitetura Corporativa... - DABUS ARQUITETURA","isPartOf":{"@id":"https:\/\/www.dabusarquitetura.com.br\/blog\/#website"},"datePublished":"2011-01-05T10:00:56+00:00","dateModified":"2022-07-26T14:21:34+00:00","author":{"@id":"https:\/\/www.dabusarquitetura.com.br\/blog\/#\/schema\/person\/978b78d74759412a1cd43634996237c4"},"breadcrumb":{"@id":"https:\/\/www.dabusarquitetura.com.br\/blog\/reorganizar-o-ambiente-de-trabalho-e-rever-os-elementos-da-arquitetura-corporativa\/#breadcrumb"},"inLanguage":"pt-BR","potentialAction":[{"@type":"ReadAction","target":["https:\/\/www.dabusarquitetura.com.br\/blog\/reorganizar-o-ambiente-de-trabalho-e-rever-os-elementos-da-arquitetura-corporativa\/"]}]},{"@type":"BreadcrumbList","@id":"https:\/\/www.dabusarquitetura.com.br\/blog\/reorganizar-o-ambiente-de-trabalho-e-rever-os-elementos-da-arquitetura-corporativa\/#breadcrumb","itemListElement":[{"@type":"ListItem","position":1,"name":"In\u00edcio","item":"https:\/\/www.dabusarquitetura.com.br\/blog\/"},{"@type":"ListItem","position":2,"name":"Reorganizar o ambiente de trabalho e rever os elementos da Arquitetura Corporativa&#8230;"}]},{"@type":"WebSite","@id":"https:\/\/www.dabusarquitetura.com.br\/blog\/#website","url":"https:\/\/www.dabusarquitetura.com.br\/blog\/","name":"DABUS ARQUITETURA","description":"Arquitetura Corporativa","potentialAction":[{"@type":"SearchAction","target":{"@type":"EntryPoint","urlTemplate":"https:\/\/www.dabusarquitetura.com.br\/blog\/?s={search_term_string}"},"query-input":"required name=search_term_string"}],"inLanguage":"pt-BR"},{"@type":"Person","@id":"https:\/\/www.dabusarquitetura.com.br\/blog\/#\/schema\/person\/978b78d74759412a1cd43634996237c4","name":"heloisa.dabus","image":{"@type":"ImageObject","inLanguage":"pt-BR","@id":"https:\/\/www.dabusarquitetura.com.br\/blog\/#\/schema\/person\/image\/","url":"https:\/\/secure.gravatar.com\/avatar\/4078f4f8e54fb70a99a5e9edc642ecb1?s=96&d=mm&r=g","contentUrl":"https:\/\/secure.gravatar.com\/avatar\/4078f4f8e54fb70a99a5e9edc642ecb1?s=96&d=mm&r=g","caption":"heloisa.dabus"},"url":"https:\/\/www.dabusarquitetura.com.br\/blog\/author\/heloisa-dabus\/"}]}},"_links":{"self":[{"href":"https:\/\/www.dabusarquitetura.com.br\/blog\/wp-json\/wp\/v2\/posts\/2747"}],"collection":[{"href":"https:\/\/www.dabusarquitetura.com.br\/blog\/wp-json\/wp\/v2\/posts"}],"about":[{"href":"https:\/\/www.dabusarquitetura.com.br\/blog\/wp-json\/wp\/v2\/types\/post"}],"author":[{"embeddable":true,"href":"https:\/\/www.dabusarquitetura.com.br\/blog\/wp-json\/wp\/v2\/users\/3"}],"replies":[{"embeddable":true,"href":"https:\/\/www.dabusarquitetura.com.br\/blog\/wp-json\/wp\/v2\/comments?post=2747"}],"version-history":[{"count":1,"href":"https:\/\/www.dabusarquitetura.com.br\/blog\/wp-json\/wp\/v2\/posts\/2747\/revisions"}],"predecessor-version":[{"id":16188,"href":"https:\/\/www.dabusarquitetura.com.br\/blog\/wp-json\/wp\/v2\/posts\/2747\/revisions\/16188"}],"wp:attachment":[{"href":"https:\/\/www.dabusarquitetura.com.br\/blog\/wp-json\/wp\/v2\/media?parent=2747"}],"wp:term":[{"taxonomy":"category","embeddable":true,"href":"https:\/\/www.dabusarquitetura.com.br\/blog\/wp-json\/wp\/v2\/categories?post=2747"},{"taxonomy":"post_tag","embeddable":true,"href":"https:\/\/www.dabusarquitetura.com.br\/blog\/wp-json\/wp\/v2\/tags?post=2747"}],"curies":[{"name":"wp","href":"https:\/\/api.w.org\/{rel}","templated":true}]}}