{"id":2592,"date":"2010-12-15T10:00:08","date_gmt":"2010-12-15T10:00:08","guid":{"rendered":"http:\/\/www.dabus.com.br\/blog\/?p=2592"},"modified":"2022-07-26T17:20:59","modified_gmt":"2022-07-26T14:20:59","slug":"solucoes-praticas-para-queixas-frequentes-em-escritorios","status":"publish","type":"post","link":"https:\/\/www.dabusarquitetura.com.br\/blog\/solucoes-praticas-para-queixas-frequentes-em-escritorios\/","title":{"rendered":"Solu\u00e7\u00f5es pr\u00e1ticas para queixas frequentes em escrit\u00f3rios"},"content":{"rendered":"<p><strong><img decoding=\"async\" loading=\"lazy\" class=\"size-full wp-image-2616  alignleft\" title=\"Relacionamento no Escrit\u00f3rio\" src=\"http:\/\/www.dabusarquitetura.com.br\/blog\/wp-content\/uploads\/2010\/12\/Relacionamento-no-Escrit\u00f3rio1.jpg\" alt=\"\" width=\"238\" height=\"180\" srcset=\"https:\/\/www.dabusarquitetura.com.br\/blog\/wp-content\/uploads\/2010\/12\/Relacionamento-no-Escrit\u00f3rio1.jpg 333w, https:\/\/www.dabusarquitetura.com.br\/blog\/wp-content\/uploads\/2010\/12\/Relacionamento-no-Escrit\u00f3rio1-300x225.jpg 300w\" sizes=\"(max-width: 238px) 100vw, 238px\" \/> <\/strong><\/p>\n<p>A <strong>harmonia no ambiente de trabalho<\/strong> \u00e9 essencial para que a equipe possa produzir mais e com melhor qualidade. Mais do que isto, um <strong>ambiente equilibrado e com os recursos adequados<\/strong> \u00e9 capaz de promover um <strong>relacionamento mais saud\u00e1vel entre os colaboradores<\/strong> e <strong>transmitir maior credibilidade aos clientes.<\/strong><\/p>\n<p>Algumas queixas s\u00e3o comuns nos<strong> escrit\u00f3rios,<\/strong> onde cada elemento da <strong><a title=\"Os benef\u00edcios da Arquitetura Corporativa para a sua empresa\" href=\"http:\/\/www.dabusarquitetura.com.br\/blog\/2010\/11\/os-beneficios-da-arquitetura-corporativa-para-a-sua-empresa\/\" target=\"_self\" rel=\"noopener noreferrer\">Arquitetura Corporativa<\/a> <\/strong>influencia diretamente na disposi\u00e7\u00e3o de quem <strong>convive (principalmente) diariamente com este espa\u00e7o.<\/strong><\/p>\n<p style=\"text-align: center;\">&nbsp;<\/p>\n<p>De modo <strong>sempre planejado,<\/strong> \u00e9 poss\u00edvel trabalhar para <strong>solucionar com praticidade<\/strong> algumas quest\u00f5es, como:<\/p>\n<ul>\n<li><strong>&#8211; Ar condicionado: <\/strong>\u00e9 o campe\u00e3o das reclama\u00e7\u00f5es por fatores como<strong> barulho, oscila\u00e7\u00f5es que provocam desconforto t\u00e9rmico, falta de manuten\u00e7\u00e3o que pode causar prolifera\u00e7\u00e3o de v\u00edrus e bact\u00e9rias no ambiente;<\/strong><\/li>\n<li><strong>&#8211; Solu\u00e7\u00e3o: deixar as janelas abertas durante a noite <\/strong>ajuda a renovar o ar. As salas localizadas do lado oeste, que ficam mais expostas \u00e0 luz do sol, devem contar com <strong>sa\u00eddas de ar condicionado independentes dos outros ambientes.<\/strong><\/li>\n<\/ul>\n<ul>\n<li><strong><a title=\"A ac\u00fastica na Arquitetura Corporativa\" href=\"http:\/\/www.dabusarquitetura.com.br\/blog\/2010\/08\/a-acustica-na-arquitetura-corporativa\/\" target=\"_self\" rel=\"noopener noreferrer\">&#8211; Barulho:<\/a> <\/strong>a grande circula\u00e7\u00e3o de pessoas nos corredores, os equipamentos (como o pr\u00f3prio ar condicionado) e a movimenta\u00e7\u00e3o externa s\u00e3o fatores que, invariavelmente, afetam as esta\u00e7\u00f5es de trabalho <strong>pelos ru\u00eddos que geram, prejudicando a concentra\u00e7\u00e3o no trabalho;<\/strong><\/li>\n<li><strong>&#8211; Solu\u00e7\u00e3o: <\/strong>m\u00e1quinas e equipamentos, como impressoras, devem ser colocados em<strong> locais separados das esta\u00e7\u00f5es de trabalho.<\/strong> J\u00e1, para criar um ambiente protegido dos barulhos externos \u00e9 preciso utilizar <strong>materiais de acabamento pr\u00f3prios para o isolamento sonoro,<\/strong> assim como divis\u00f3rias e carpetes revestidos de tecido.<\/li>\n<\/ul>\n<ul>\n<li><strong><a title=\"Criando ambientes corporativos vers\u00e1teis e pr\u00e1ticos\" href=\"http:\/\/www.dabusarquitetura.com.br\/blog\/2010\/10\/criando-ambientes-corporativos-versateis-e-praticos\/\" target=\"_self\" rel=\"noopener noreferrer\">&#8211; Organiza\u00e7\u00e3o e aproveitamento do espa\u00e7o:<\/a> <\/strong>muitos funcion\u00e1rios reclamam que o seu espa\u00e7o de trabalho \u00e9 pequeno ou apertado demais;<\/li>\n<li><strong>&#8211; Solu\u00e7\u00e3o: <\/strong>de acordo com as necessidades, as esta\u00e7\u00f5es de trabalho podem ser planejadas pela<strong> Arquitetura Corporativa<\/strong> para promover<strong> integra\u00e7\u00e3o e ao mesmo tempo privacidade;<\/strong> isto \u00e9 poss\u00edvel a partir de um<strong> mobili\u00e1rio integrado<\/strong> que al\u00e9m de dinamizar o trabalho tamb\u00e9m otimiza o espa\u00e7o<strong>. <\/strong><\/li>\n<\/ul>\n<ul>\n<li><strong><a title=\"Iluminando ambientes corporativos\" href=\"http:\/\/www.dabusarquitetura.com.br\/blog\/2010\/09\/iluminando-ambientes-corporativos\/\" target=\"_self\" rel=\"noopener noreferrer\">&#8211; Ilumina\u00e7\u00e3o:<\/a> <\/strong>vista cansada e dores de cabe\u00e7a no final do dia s\u00e3o alguns sintomas apontados pelos funcion\u00e1rios. <strong>Muitos destes sintomas s\u00e3o causados por uma ilumina\u00e7\u00e3o inadequada <\/strong>que, em longo prazo, pode causar danos irrepar\u00e1veis \u00e0 vis\u00e3o;<\/li>\n<li><strong>&#8211; Solu\u00e7\u00e3o: <\/strong>os monitores de computador devem ficar em uma <strong>posi\u00e7\u00e3o perpendicular \u00e0 janela<\/strong> para que a luz externa n\u00e3o atrapalhe. Nas mesas deve ser utilizada uma <strong>ilumina\u00e7\u00e3o dirigida para a leitura.<\/strong> As lumin\u00e1rias de teto precisam contar com<strong> aletas,<\/strong> tipo de grade de alum\u00ednio que dirige os feixes de luz ao mesmo tempo em que garante uma ilumina\u00e7\u00e3o uniforme.<\/li>\n<\/ul>\n<ul>\n<li><strong><a title=\"Ergonomia: A postura ideal na Arquitetura Corporativa\" href=\"http:\/\/www.dabusarquitetura.com.br\/blog\/2010\/10\/ergonomia-a-postura-ideal-na-arquitetura-corporativa\/\" target=\"_self\" rel=\"noopener noreferrer\">&#8211; Ergonomia:<\/a> <\/strong>mesas e cadeiras, entre outros m\u00f3veis, muitas vezes s\u00e3o alvo de reclama\u00e7\u00f5es por causarem <strong>m\u00e1 disposi\u00e7\u00e3o e dores no decorrer do dia,<\/strong> principalmente quando o trabalho exige <strong>esfor\u00e7os repetitivos;<\/strong><\/li>\n<li><strong>&#8211; Solu\u00e7\u00e3o: <\/strong>m\u00f3veis como mesas e cadeiras precisam contar com <strong>sistemas de regulagem; <\/strong>a mesa do computador deve possibilitar ajuste do teclado e do mouse, enquanto o monitor deve ficar exatamente em frente ao usu\u00e1rio; as cadeiras t\u00eam que ser reclin\u00e1veis e possibilitar a regulagem de altura.<\/li>\n<\/ul>\n<ul>\n<li><a title=\"A aplica\u00e7\u00e3o das cores na Arquitetura Corporativa\" href=\"http:\/\/www.dabusarquitetura.com.br\/blog\/page\/2\/\"><strong>&#8211; Qualidade Visual:<\/strong><\/a> decora\u00e7\u00e3o conflitante, cores inapropriadas (capazes de desconcentrar ou causar cansa\u00e7o) e <strong>elementos de mau gosto<\/strong> s\u00e3o aspectos que incomodam n\u00e3o s\u00f3 aos funcion\u00e1rios, como tamb\u00e9m aos clientes, que acabam se afastando;<\/li>\n<li><strong>&#8211; Solu\u00e7\u00e3o: <\/strong>a apar\u00eancia da \u00e1rea de trabalho precisa ser planejada para possibilitar <strong>o m\u00e1ximo conforto e produtividade<\/strong> para todos. Neste sentido, <strong>as cores podem contribuir bastante<\/strong>, inclusive para <strong>melhorar a ilumina\u00e7\u00e3o. <\/strong>Nas salas com maior n\u00famero de pessoas s\u00e3o aconselh\u00e1veis os <strong>tons past\u00e9is, <\/strong>que deixam o ambiente mais claro e causam uma impress\u00e3o de amplitude. Nas \u00e1reas comuns a aplica\u00e7\u00e3o de <strong>cores mais fortes e vivas <\/strong>j\u00e1 \u00e9 permitida &#8211; mas<strong> tudo sempre com equil\u00edbrio.<\/strong><\/li>\n<\/ul>\n<p>Para muitas situa\u00e7\u00f5es <strong>n\u00e3o \u00e9 preciso grandes mudan\u00e7as ou grandes investimentos. <\/strong>Para queixas como estas que apresentamos, <strong>estrat\u00e9gia e criatividade <\/strong>podem ser solu\u00e7\u00f5es muito mais eficientes!<\/p>\n<p><a title=\"Clique Aqui!\" href=\"http:\/\/www.dabusarquitetura.com.br\/blog\/fale-conosco\/\" target=\"_self\" rel=\"noopener noreferrer\"><strong>Entre em contato<\/strong><\/a> com a <a title=\"Quem Somos\" href=\"http:\/\/www.dabusarquitetura.com.br\/blog\/quem-somos\/\" target=\"_self\" rel=\"noopener noreferrer\"><strong>DABUS ARQUITETURA<\/strong><\/a> e saiba como podemos realizar o seu projeto de <strong>Arquitetura Corporativa.<\/strong><\/p>\n","protected":false},"excerpt":{"rendered":"<p>A harmonia no ambiente de trabalho \u00e9 essencial para que a equipe possa produzir mais e com melhor qualidade. Mais do que isto, um ambiente [&hellip;]<\/p>\n","protected":false},"author":3,"featured_media":0,"comment_status":"open","ping_status":"open","sticky":false,"template":"","format":"standard","meta":[],"categories":[7,49,12],"tags":[273,145,146,29,38,143,147,144],"yoast_head":"<!-- This site is optimized with the Yoast SEO plugin v20.8 - https:\/\/yoast.com\/wordpress\/plugins\/seo\/ -->\n<title>Solu\u00e7\u00f5es pr\u00e1ticas para queixas frequentes em escrit\u00f3rios - DABUS ARQUITETURA<\/title>\n<meta name=\"robots\" content=\"index, follow, max-snippet:-1, max-image-preview:large, max-video-preview:-1\" \/>\n<link rel=\"canonical\" href=\"https:\/\/www.dabusarquitetura.com.br\/blog\/solucoes-praticas-para-queixas-frequentes-em-escritorios\/\" \/>\n<meta property=\"og:locale\" content=\"pt_BR\" \/>\n<meta property=\"og:type\" content=\"article\" \/>\n<meta property=\"og:title\" content=\"Solu\u00e7\u00f5es pr\u00e1ticas para queixas frequentes em escrit\u00f3rios - DABUS ARQUITETURA\" \/>\n<meta property=\"og:description\" content=\"A harmonia no ambiente de trabalho \u00e9 essencial para que a equipe possa produzir mais e com melhor qualidade. Mais do que isto, um ambiente [&hellip;]\" \/>\n<meta property=\"og:url\" content=\"https:\/\/www.dabusarquitetura.com.br\/blog\/solucoes-praticas-para-queixas-frequentes-em-escritorios\/\" \/>\n<meta property=\"og:site_name\" content=\"DABUS ARQUITETURA\" \/>\n<meta property=\"article:published_time\" content=\"2010-12-15T10:00:08+00:00\" \/>\n<meta property=\"article:modified_time\" content=\"2022-07-26T14:20:59+00:00\" \/>\n<meta name=\"author\" content=\"heloisa.dabus\" \/>\n<meta name=\"twitter:card\" content=\"summary_large_image\" \/>\n<meta name=\"twitter:label1\" content=\"Escrito por\" \/>\n\t<meta name=\"twitter:data1\" content=\"heloisa.dabus\" \/>\n\t<meta name=\"twitter:label2\" content=\"Est. tempo de leitura\" \/>\n\t<meta name=\"twitter:data2\" content=\"4 minutos\" \/>\n<script type=\"application\/ld+json\" class=\"yoast-schema-graph\">{\"@context\":\"https:\/\/schema.org\",\"@graph\":[{\"@type\":\"WebPage\",\"@id\":\"https:\/\/www.dabusarquitetura.com.br\/blog\/solucoes-praticas-para-queixas-frequentes-em-escritorios\/\",\"url\":\"https:\/\/www.dabusarquitetura.com.br\/blog\/solucoes-praticas-para-queixas-frequentes-em-escritorios\/\",\"name\":\"Solu\u00e7\u00f5es pr\u00e1ticas para queixas frequentes em escrit\u00f3rios - DABUS ARQUITETURA\",\"isPartOf\":{\"@id\":\"https:\/\/www.dabusarquitetura.com.br\/blog\/#website\"},\"datePublished\":\"2010-12-15T10:00:08+00:00\",\"dateModified\":\"2022-07-26T14:20:59+00:00\",\"author\":{\"@id\":\"https:\/\/www.dabusarquitetura.com.br\/blog\/#\/schema\/person\/978b78d74759412a1cd43634996237c4\"},\"breadcrumb\":{\"@id\":\"https:\/\/www.dabusarquitetura.com.br\/blog\/solucoes-praticas-para-queixas-frequentes-em-escritorios\/#breadcrumb\"},\"inLanguage\":\"pt-BR\",\"potentialAction\":[{\"@type\":\"ReadAction\",\"target\":[\"https:\/\/www.dabusarquitetura.com.br\/blog\/solucoes-praticas-para-queixas-frequentes-em-escritorios\/\"]}]},{\"@type\":\"BreadcrumbList\",\"@id\":\"https:\/\/www.dabusarquitetura.com.br\/blog\/solucoes-praticas-para-queixas-frequentes-em-escritorios\/#breadcrumb\",\"itemListElement\":[{\"@type\":\"ListItem\",\"position\":1,\"name\":\"In\u00edcio\",\"item\":\"https:\/\/www.dabusarquitetura.com.br\/blog\/\"},{\"@type\":\"ListItem\",\"position\":2,\"name\":\"Solu\u00e7\u00f5es pr\u00e1ticas para queixas frequentes em escrit\u00f3rios\"}]},{\"@type\":\"WebSite\",\"@id\":\"https:\/\/www.dabusarquitetura.com.br\/blog\/#website\",\"url\":\"https:\/\/www.dabusarquitetura.com.br\/blog\/\",\"name\":\"DABUS ARQUITETURA\",\"description\":\"Arquitetura Corporativa\",\"potentialAction\":[{\"@type\":\"SearchAction\",\"target\":{\"@type\":\"EntryPoint\",\"urlTemplate\":\"https:\/\/www.dabusarquitetura.com.br\/blog\/?s={search_term_string}\"},\"query-input\":\"required name=search_term_string\"}],\"inLanguage\":\"pt-BR\"},{\"@type\":\"Person\",\"@id\":\"https:\/\/www.dabusarquitetura.com.br\/blog\/#\/schema\/person\/978b78d74759412a1cd43634996237c4\",\"name\":\"heloisa.dabus\",\"image\":{\"@type\":\"ImageObject\",\"inLanguage\":\"pt-BR\",\"@id\":\"https:\/\/www.dabusarquitetura.com.br\/blog\/#\/schema\/person\/image\/\",\"url\":\"https:\/\/secure.gravatar.com\/avatar\/4078f4f8e54fb70a99a5e9edc642ecb1?s=96&d=mm&r=g\",\"contentUrl\":\"https:\/\/secure.gravatar.com\/avatar\/4078f4f8e54fb70a99a5e9edc642ecb1?s=96&d=mm&r=g\",\"caption\":\"heloisa.dabus\"},\"url\":\"https:\/\/www.dabusarquitetura.com.br\/blog\/author\/heloisa-dabus\/\"}]}<\/script>\n<!-- \/ Yoast SEO plugin. -->","yoast_head_json":{"title":"Solu\u00e7\u00f5es pr\u00e1ticas para queixas frequentes em escrit\u00f3rios - DABUS ARQUITETURA","robots":{"index":"index","follow":"follow","max-snippet":"max-snippet:-1","max-image-preview":"max-image-preview:large","max-video-preview":"max-video-preview:-1"},"canonical":"https:\/\/www.dabusarquitetura.com.br\/blog\/solucoes-praticas-para-queixas-frequentes-em-escritorios\/","og_locale":"pt_BR","og_type":"article","og_title":"Solu\u00e7\u00f5es pr\u00e1ticas para queixas frequentes em escrit\u00f3rios - DABUS ARQUITETURA","og_description":"A harmonia no ambiente de trabalho \u00e9 essencial para que a equipe possa produzir mais e com melhor qualidade. Mais do que isto, um ambiente [&hellip;]","og_url":"https:\/\/www.dabusarquitetura.com.br\/blog\/solucoes-praticas-para-queixas-frequentes-em-escritorios\/","og_site_name":"DABUS ARQUITETURA","article_published_time":"2010-12-15T10:00:08+00:00","article_modified_time":"2022-07-26T14:20:59+00:00","author":"heloisa.dabus","twitter_card":"summary_large_image","twitter_misc":{"Escrito por":"heloisa.dabus","Est. tempo de leitura":"4 minutos"},"schema":{"@context":"https:\/\/schema.org","@graph":[{"@type":"WebPage","@id":"https:\/\/www.dabusarquitetura.com.br\/blog\/solucoes-praticas-para-queixas-frequentes-em-escritorios\/","url":"https:\/\/www.dabusarquitetura.com.br\/blog\/solucoes-praticas-para-queixas-frequentes-em-escritorios\/","name":"Solu\u00e7\u00f5es pr\u00e1ticas para queixas frequentes em escrit\u00f3rios - DABUS ARQUITETURA","isPartOf":{"@id":"https:\/\/www.dabusarquitetura.com.br\/blog\/#website"},"datePublished":"2010-12-15T10:00:08+00:00","dateModified":"2022-07-26T14:20:59+00:00","author":{"@id":"https:\/\/www.dabusarquitetura.com.br\/blog\/#\/schema\/person\/978b78d74759412a1cd43634996237c4"},"breadcrumb":{"@id":"https:\/\/www.dabusarquitetura.com.br\/blog\/solucoes-praticas-para-queixas-frequentes-em-escritorios\/#breadcrumb"},"inLanguage":"pt-BR","potentialAction":[{"@type":"ReadAction","target":["https:\/\/www.dabusarquitetura.com.br\/blog\/solucoes-praticas-para-queixas-frequentes-em-escritorios\/"]}]},{"@type":"BreadcrumbList","@id":"https:\/\/www.dabusarquitetura.com.br\/blog\/solucoes-praticas-para-queixas-frequentes-em-escritorios\/#breadcrumb","itemListElement":[{"@type":"ListItem","position":1,"name":"In\u00edcio","item":"https:\/\/www.dabusarquitetura.com.br\/blog\/"},{"@type":"ListItem","position":2,"name":"Solu\u00e7\u00f5es pr\u00e1ticas para queixas frequentes em escrit\u00f3rios"}]},{"@type":"WebSite","@id":"https:\/\/www.dabusarquitetura.com.br\/blog\/#website","url":"https:\/\/www.dabusarquitetura.com.br\/blog\/","name":"DABUS ARQUITETURA","description":"Arquitetura Corporativa","potentialAction":[{"@type":"SearchAction","target":{"@type":"EntryPoint","urlTemplate":"https:\/\/www.dabusarquitetura.com.br\/blog\/?s={search_term_string}"},"query-input":"required name=search_term_string"}],"inLanguage":"pt-BR"},{"@type":"Person","@id":"https:\/\/www.dabusarquitetura.com.br\/blog\/#\/schema\/person\/978b78d74759412a1cd43634996237c4","name":"heloisa.dabus","image":{"@type":"ImageObject","inLanguage":"pt-BR","@id":"https:\/\/www.dabusarquitetura.com.br\/blog\/#\/schema\/person\/image\/","url":"https:\/\/secure.gravatar.com\/avatar\/4078f4f8e54fb70a99a5e9edc642ecb1?s=96&d=mm&r=g","contentUrl":"https:\/\/secure.gravatar.com\/avatar\/4078f4f8e54fb70a99a5e9edc642ecb1?s=96&d=mm&r=g","caption":"heloisa.dabus"},"url":"https:\/\/www.dabusarquitetura.com.br\/blog\/author\/heloisa-dabus\/"}]}},"_links":{"self":[{"href":"https:\/\/www.dabusarquitetura.com.br\/blog\/wp-json\/wp\/v2\/posts\/2592"}],"collection":[{"href":"https:\/\/www.dabusarquitetura.com.br\/blog\/wp-json\/wp\/v2\/posts"}],"about":[{"href":"https:\/\/www.dabusarquitetura.com.br\/blog\/wp-json\/wp\/v2\/types\/post"}],"author":[{"embeddable":true,"href":"https:\/\/www.dabusarquitetura.com.br\/blog\/wp-json\/wp\/v2\/users\/3"}],"replies":[{"embeddable":true,"href":"https:\/\/www.dabusarquitetura.com.br\/blog\/wp-json\/wp\/v2\/comments?post=2592"}],"version-history":[{"count":1,"href":"https:\/\/www.dabusarquitetura.com.br\/blog\/wp-json\/wp\/v2\/posts\/2592\/revisions"}],"predecessor-version":[{"id":16185,"href":"https:\/\/www.dabusarquitetura.com.br\/blog\/wp-json\/wp\/v2\/posts\/2592\/revisions\/16185"}],"wp:attachment":[{"href":"https:\/\/www.dabusarquitetura.com.br\/blog\/wp-json\/wp\/v2\/media?parent=2592"}],"wp:term":[{"taxonomy":"category","embeddable":true,"href":"https:\/\/www.dabusarquitetura.com.br\/blog\/wp-json\/wp\/v2\/categories?post=2592"},{"taxonomy":"post_tag","embeddable":true,"href":"https:\/\/www.dabusarquitetura.com.br\/blog\/wp-json\/wp\/v2\/tags?post=2592"}],"curies":[{"name":"wp","href":"https:\/\/api.w.org\/{rel}","templated":true}]}}