{"id":2486,"date":"2010-12-08T10:00:30","date_gmt":"2010-12-08T10:00:30","guid":{"rendered":"http:\/\/www.dabus.com.br\/blog\/?p=2486"},"modified":"2022-07-26T17:20:35","modified_gmt":"2022-07-26T14:20:35","slug":"retrofit-inteligencia-e-estrategia-aplicada-a-arquitetura-corporativa","status":"publish","type":"post","link":"https:\/\/www.dabusarquitetura.com.br\/blog\/retrofit-inteligencia-e-estrategia-aplicada-a-arquitetura-corporativa\/","title":{"rendered":"Retrofit: Intelig\u00eancia e estrat\u00e9gia aplicada \u00e0 Arquitetura Corporativa"},"content":{"rendered":"<p><strong>A estrutura f\u00edsica de uma empresa \u00e9 um valor que deve ser entendido como uma marca <\/strong>a partir da qual \u00e9 poss\u00edvel compreender e se identificar com o <strong>seu estilo de atender os clientes, <\/strong>o modo de<strong> se relacionar com o mercado <\/strong>e a maneira de <strong>acompanhar a evolu\u00e7\u00e3o tecnol\u00f3gica.<\/strong><\/p>\n<p>A <strong>Arquitetura Corporativa<\/strong> \u00e9 um <strong>elemento estrat\u00e9gico<\/strong> que<strong> reafirma a identidade da empresa<\/strong> e se mostra capaz (ou n\u00e3o) de <strong>oferecer os recursos<\/strong> atualizados pelas novas tend\u00eancias, necessidades, prefer\u00eancias, entre outras <strong>inova\u00e7\u00f5es do mercado.<\/strong><\/p>\n<p>Em <strong>Arquitetura, <\/strong>quando o assunto \u00e9 <strong>&#8220;atualiza\u00e7\u00e3o&#8221;,<\/strong> um conceito que vem ganhando destaque nos \u00faltimos anos \u00e9 o de <strong>&#8220;Retrofit&#8221;<\/strong>. Voc\u00ea j\u00e1 ouviu falar?<\/p>\n<p style=\"text-align: center;\"><img decoding=\"async\" loading=\"lazy\" class=\"size-full wp-image-2575 aligncenter\" title=\"Retrofit\" src=\"http:\/\/www.dabusarquitetura.com.br\/blog\/wp-content\/uploads\/2010\/12\/Retrofit.jpg\" alt=\"\" width=\"315\" height=\"260\" srcset=\"https:\/\/www.dabusarquitetura.com.br\/blog\/wp-content\/uploads\/2010\/12\/Retrofit.jpg 363w, https:\/\/www.dabusarquitetura.com.br\/blog\/wp-content\/uploads\/2010\/12\/Retrofit-300x247.jpg 300w\" sizes=\"(max-width: 315px) 100vw, 315px\" \/><\/p>\n<p>O termo, compreendido como uma <strong>&#8220;reforma complexa&#8221;<\/strong>, surgiu na d\u00e9cada de 70 nos Estados Unidos a partir de um projeto que teve o desafio de recuperar \u00e1reas inteiras de pr\u00e9dios, <strong>atualizando as edifica\u00e7\u00f5es para que elas pudessem receber os novos sistemas de inform\u00e1tica e automa\u00e7\u00e3o que estavam surgindo.<\/strong><\/p>\n<p><strong><img decoding=\"async\" loading=\"lazy\" class=\"size-full wp-image-2576 alignleft\" title=\"Projeto de Retrofit\" src=\"http:\/\/www.dabusarquitetura.com.br\/blog\/wp-content\/uploads\/2010\/12\/Projeto-de-Retrofit.jpg\" alt=\"\" width=\"185\" height=\"292\"><\/strong>Ao contr\u00e1rio de uma reforma comum que envolve apenas arquitetos e engenheiros (normalmente), o <strong>Retrofit<\/strong> se constitui como um verdadeiro trabalho de <strong>reabilita\u00e7\u00e3o do edif\u00edcio,<\/strong> sendo<strong> profundamente planejado <\/strong>por uma equipe de<strong> arquitetos, engenheiros, administradores, economistas, consultores,<\/strong> entre outros profissionais.<\/p>\n<p>As altera\u00e7\u00f5es\/moderniza\u00e7\u00f5es do <strong>Retrofit <\/strong>podem englobar tanto a infraestrutura, quanto a estrutura, os acabamentos e a fachada do edif\u00edcio. Este tipo de projeto \u00e9 indicado quando<strong> o seu valor n\u00e3o ultrapassa o da constru\u00e7\u00e3o de um novo im\u00f3vel<\/strong> e quando h\u00e1 necessidades que tornam a sua aplica\u00e7\u00e3o uma <strong>a\u00e7\u00e3o estrat\u00e9gica.<\/strong><\/p>\n<p>Principalmente para as empresas, um novo pr\u00e9dio e um novo endere\u00e7o pode n\u00e3o ser interessante pela <strong>dificuldade de transfer\u00eancia dos equipamentos <\/strong>e pelo <strong>grande risco da perda de clientes.<\/strong><\/p>\n<p>Al\u00e9m de manter o endere\u00e7o, o <strong>Retrofit <\/strong>pode ser trabalhado para garantir as caracter\u00edsticas da <strong>Arquitetura Corporativa<\/strong> original, apenas tornando a estrutura f\u00edsica da organiza\u00e7\u00e3o melhor preparada para os novos tempos.<\/p>\n<p>Outras vantagens oferecidas por este tipo de projeto s\u00e3o:<\/p>\n<ul>\n<li>&#8211; valoriza\u00e7\u00e3o do patrim\u00f4nio (de 20 a 100%) e maior <strong>rentabilidade ao im\u00f3vel;<\/strong><\/li>\n<li>&#8211; mudan\u00e7a da fun\u00e7\u00e3o do edif\u00edcio;<\/li>\n<li>&#8211; adequa\u00e7\u00e3o a uma<strong> nova postura corporativa,<\/strong> como o fornecimento de recursos para a ado\u00e7\u00e3o de um modelo de <strong>Desenvolvimento Sustent\u00e1vel;<\/strong><\/li>\n<li>&#8211; tempo de aplica\u00e7\u00e3o (geralmente cerca de 6 meses) <strong>bem inferior ao da constru\u00e7\u00e3o de um novo edif\u00edcio;<\/strong><\/li>\n<li>&#8211; custo em m\u00e9dia <strong>40% inferior ao valor do metro quadrado;<\/strong><\/li>\n<li>&#8211; aus\u00eancia do risco de perda do investimento, pois como j\u00e1 foi destacado anteriormente, o <strong>Retrofit <\/strong>\u00e9 <strong>planejado estrategicamente <\/strong>por um <strong>grupo interdisciplinar de profissionais <\/strong>que visam garantir a<strong> viabilidade econ\u00f4mica<\/strong> <strong>de sua aplica\u00e7\u00e3o<\/strong> e a garantia de <strong>resultados superiores.<\/strong><\/li>\n<\/ul>\n<p>Assim como a sua equipe deve estar sempre realizando cursos de atualiza\u00e7\u00e3o, buscando aprimoramentos para oferecer os melhores servi\u00e7os, a <strong>Arquitetura Corporativa <\/strong>enquanto<strong> patrim\u00f4nio da marca de sua empresa <\/strong>tamb\u00e9m precisa estar adequada \u00e0s<strong> novas linguagens e necessidades de seu p\u00fablico,<\/strong> apresentando diferenciais capazes de <strong>acolh\u00ea-lo com conforto <\/strong>e <strong>encant\u00e1-lo pela<\/strong> <strong>personalidade e identidade \u00fanicas.<\/strong><\/p>\n<p>O<strong> Retrofit, <\/strong>mais que uma reforma,<strong> \u00e9 a reabilita\u00e7\u00e3o e a revitaliza\u00e7\u00e3o dos seus neg\u00f3cios. <a title=\"Clique Aqui!\" href=\"http:\/\/www.dabusarquitetura.com.br\/blog\/fale-conosco\/\" target=\"_self\" rel=\"noopener noreferrer\">Entre em contato<\/a> <\/strong>com a <strong><a title=\"Quem Somos\" href=\"http:\/\/www.dabusarquitetura.com.br\/blog\/quem-somos\/\" target=\"_self\" rel=\"noopener noreferrer\">DABUS ARQUITETURA<\/a> <\/strong>e saiba como podemos te ajudar.<\/p>\n<p>Vamos juntos encontrar a solu\u00e7\u00e3o ideal para a sua empresa!<strong><br \/>\n<\/strong><\/p>\n","protected":false},"excerpt":{"rendered":"<p>A estrutura f\u00edsica de uma empresa \u00e9 um valor que deve ser entendido como uma marca a partir da qual \u00e9 poss\u00edvel compreender e se [&hellip;]<\/p>\n","protected":false},"author":3,"featured_media":0,"comment_status":"open","ping_status":"open","sticky":false,"template":"","format":"standard","meta":[],"categories":[7,49],"tags":[273,83,23,29,139,141,99,138,65,142],"yoast_head":"<!-- This site is optimized with the Yoast SEO plugin v20.8 - https:\/\/yoast.com\/wordpress\/plugins\/seo\/ -->\n<title>Retrofit: Intelig\u00eancia e estrat\u00e9gia aplicada \u00e0 Arquitetura Corporativa - DABUS ARQUITETURA<\/title>\n<meta name=\"robots\" content=\"index, follow, max-snippet:-1, max-image-preview:large, max-video-preview:-1\" \/>\n<link rel=\"canonical\" href=\"https:\/\/www.dabusarquitetura.com.br\/blog\/retrofit-inteligencia-e-estrategia-aplicada-a-arquitetura-corporativa\/\" \/>\n<meta property=\"og:locale\" content=\"pt_BR\" \/>\n<meta property=\"og:type\" content=\"article\" \/>\n<meta property=\"og:title\" content=\"Retrofit: Intelig\u00eancia e estrat\u00e9gia aplicada \u00e0 Arquitetura Corporativa - DABUS ARQUITETURA\" \/>\n<meta property=\"og:description\" content=\"A estrutura f\u00edsica de uma empresa \u00e9 um valor que deve ser entendido como uma marca a partir da qual \u00e9 poss\u00edvel compreender e se [&hellip;]\" \/>\n<meta property=\"og:url\" content=\"https:\/\/www.dabusarquitetura.com.br\/blog\/retrofit-inteligencia-e-estrategia-aplicada-a-arquitetura-corporativa\/\" \/>\n<meta property=\"og:site_name\" content=\"DABUS ARQUITETURA\" \/>\n<meta property=\"article:published_time\" content=\"2010-12-08T10:00:30+00:00\" \/>\n<meta property=\"article:modified_time\" content=\"2022-07-26T14:20:35+00:00\" \/>\n<meta property=\"og:image\" content=\"http:\/\/www.dabusarquitetura.com.br\/blog\/wp-content\/uploads\/2010\/12\/Retrofit.jpg\" \/>\n<meta name=\"author\" content=\"heloisa.dabus\" \/>\n<meta name=\"twitter:card\" content=\"summary_large_image\" \/>\n<meta name=\"twitter:label1\" content=\"Escrito por\" \/>\n\t<meta name=\"twitter:data1\" content=\"heloisa.dabus\" \/>\n\t<meta name=\"twitter:label2\" content=\"Est. tempo de leitura\" \/>\n\t<meta name=\"twitter:data2\" content=\"3 minutos\" \/>\n<script type=\"application\/ld+json\" class=\"yoast-schema-graph\">{\"@context\":\"https:\/\/schema.org\",\"@graph\":[{\"@type\":\"WebPage\",\"@id\":\"https:\/\/www.dabusarquitetura.com.br\/blog\/retrofit-inteligencia-e-estrategia-aplicada-a-arquitetura-corporativa\/\",\"url\":\"https:\/\/www.dabusarquitetura.com.br\/blog\/retrofit-inteligencia-e-estrategia-aplicada-a-arquitetura-corporativa\/\",\"name\":\"Retrofit: Intelig\u00eancia e estrat\u00e9gia aplicada \u00e0 Arquitetura Corporativa - DABUS ARQUITETURA\",\"isPartOf\":{\"@id\":\"https:\/\/www.dabusarquitetura.com.br\/blog\/#website\"},\"datePublished\":\"2010-12-08T10:00:30+00:00\",\"dateModified\":\"2022-07-26T14:20:35+00:00\",\"author\":{\"@id\":\"https:\/\/www.dabusarquitetura.com.br\/blog\/#\/schema\/person\/978b78d74759412a1cd43634996237c4\"},\"breadcrumb\":{\"@id\":\"https:\/\/www.dabusarquitetura.com.br\/blog\/retrofit-inteligencia-e-estrategia-aplicada-a-arquitetura-corporativa\/#breadcrumb\"},\"inLanguage\":\"pt-BR\",\"potentialAction\":[{\"@type\":\"ReadAction\",\"target\":[\"https:\/\/www.dabusarquitetura.com.br\/blog\/retrofit-inteligencia-e-estrategia-aplicada-a-arquitetura-corporativa\/\"]}]},{\"@type\":\"BreadcrumbList\",\"@id\":\"https:\/\/www.dabusarquitetura.com.br\/blog\/retrofit-inteligencia-e-estrategia-aplicada-a-arquitetura-corporativa\/#breadcrumb\",\"itemListElement\":[{\"@type\":\"ListItem\",\"position\":1,\"name\":\"In\u00edcio\",\"item\":\"https:\/\/www.dabusarquitetura.com.br\/blog\/\"},{\"@type\":\"ListItem\",\"position\":2,\"name\":\"Retrofit: Intelig\u00eancia e estrat\u00e9gia aplicada \u00e0 Arquitetura Corporativa\"}]},{\"@type\":\"WebSite\",\"@id\":\"https:\/\/www.dabusarquitetura.com.br\/blog\/#website\",\"url\":\"https:\/\/www.dabusarquitetura.com.br\/blog\/\",\"name\":\"DABUS ARQUITETURA\",\"description\":\"Arquitetura Corporativa\",\"potentialAction\":[{\"@type\":\"SearchAction\",\"target\":{\"@type\":\"EntryPoint\",\"urlTemplate\":\"https:\/\/www.dabusarquitetura.com.br\/blog\/?s={search_term_string}\"},\"query-input\":\"required name=search_term_string\"}],\"inLanguage\":\"pt-BR\"},{\"@type\":\"Person\",\"@id\":\"https:\/\/www.dabusarquitetura.com.br\/blog\/#\/schema\/person\/978b78d74759412a1cd43634996237c4\",\"name\":\"heloisa.dabus\",\"image\":{\"@type\":\"ImageObject\",\"inLanguage\":\"pt-BR\",\"@id\":\"https:\/\/www.dabusarquitetura.com.br\/blog\/#\/schema\/person\/image\/\",\"url\":\"https:\/\/secure.gravatar.com\/avatar\/4078f4f8e54fb70a99a5e9edc642ecb1?s=96&d=mm&r=g\",\"contentUrl\":\"https:\/\/secure.gravatar.com\/avatar\/4078f4f8e54fb70a99a5e9edc642ecb1?s=96&d=mm&r=g\",\"caption\":\"heloisa.dabus\"},\"url\":\"https:\/\/www.dabusarquitetura.com.br\/blog\/author\/heloisa-dabus\/\"}]}<\/script>\n<!-- \/ Yoast SEO plugin. -->","yoast_head_json":{"title":"Retrofit: Intelig\u00eancia e estrat\u00e9gia aplicada \u00e0 Arquitetura Corporativa - DABUS ARQUITETURA","robots":{"index":"index","follow":"follow","max-snippet":"max-snippet:-1","max-image-preview":"max-image-preview:large","max-video-preview":"max-video-preview:-1"},"canonical":"https:\/\/www.dabusarquitetura.com.br\/blog\/retrofit-inteligencia-e-estrategia-aplicada-a-arquitetura-corporativa\/","og_locale":"pt_BR","og_type":"article","og_title":"Retrofit: Intelig\u00eancia e estrat\u00e9gia aplicada \u00e0 Arquitetura Corporativa - DABUS ARQUITETURA","og_description":"A estrutura f\u00edsica de uma empresa \u00e9 um valor que deve ser entendido como uma marca a partir da qual \u00e9 poss\u00edvel compreender e se [&hellip;]","og_url":"https:\/\/www.dabusarquitetura.com.br\/blog\/retrofit-inteligencia-e-estrategia-aplicada-a-arquitetura-corporativa\/","og_site_name":"DABUS ARQUITETURA","article_published_time":"2010-12-08T10:00:30+00:00","article_modified_time":"2022-07-26T14:20:35+00:00","og_image":[{"url":"http:\/\/www.dabusarquitetura.com.br\/blog\/wp-content\/uploads\/2010\/12\/Retrofit.jpg"}],"author":"heloisa.dabus","twitter_card":"summary_large_image","twitter_misc":{"Escrito por":"heloisa.dabus","Est. tempo de leitura":"3 minutos"},"schema":{"@context":"https:\/\/schema.org","@graph":[{"@type":"WebPage","@id":"https:\/\/www.dabusarquitetura.com.br\/blog\/retrofit-inteligencia-e-estrategia-aplicada-a-arquitetura-corporativa\/","url":"https:\/\/www.dabusarquitetura.com.br\/blog\/retrofit-inteligencia-e-estrategia-aplicada-a-arquitetura-corporativa\/","name":"Retrofit: Intelig\u00eancia e estrat\u00e9gia aplicada \u00e0 Arquitetura Corporativa - DABUS ARQUITETURA","isPartOf":{"@id":"https:\/\/www.dabusarquitetura.com.br\/blog\/#website"},"datePublished":"2010-12-08T10:00:30+00:00","dateModified":"2022-07-26T14:20:35+00:00","author":{"@id":"https:\/\/www.dabusarquitetura.com.br\/blog\/#\/schema\/person\/978b78d74759412a1cd43634996237c4"},"breadcrumb":{"@id":"https:\/\/www.dabusarquitetura.com.br\/blog\/retrofit-inteligencia-e-estrategia-aplicada-a-arquitetura-corporativa\/#breadcrumb"},"inLanguage":"pt-BR","potentialAction":[{"@type":"ReadAction","target":["https:\/\/www.dabusarquitetura.com.br\/blog\/retrofit-inteligencia-e-estrategia-aplicada-a-arquitetura-corporativa\/"]}]},{"@type":"BreadcrumbList","@id":"https:\/\/www.dabusarquitetura.com.br\/blog\/retrofit-inteligencia-e-estrategia-aplicada-a-arquitetura-corporativa\/#breadcrumb","itemListElement":[{"@type":"ListItem","position":1,"name":"In\u00edcio","item":"https:\/\/www.dabusarquitetura.com.br\/blog\/"},{"@type":"ListItem","position":2,"name":"Retrofit: Intelig\u00eancia e estrat\u00e9gia aplicada \u00e0 Arquitetura Corporativa"}]},{"@type":"WebSite","@id":"https:\/\/www.dabusarquitetura.com.br\/blog\/#website","url":"https:\/\/www.dabusarquitetura.com.br\/blog\/","name":"DABUS ARQUITETURA","description":"Arquitetura Corporativa","potentialAction":[{"@type":"SearchAction","target":{"@type":"EntryPoint","urlTemplate":"https:\/\/www.dabusarquitetura.com.br\/blog\/?s={search_term_string}"},"query-input":"required name=search_term_string"}],"inLanguage":"pt-BR"},{"@type":"Person","@id":"https:\/\/www.dabusarquitetura.com.br\/blog\/#\/schema\/person\/978b78d74759412a1cd43634996237c4","name":"heloisa.dabus","image":{"@type":"ImageObject","inLanguage":"pt-BR","@id":"https:\/\/www.dabusarquitetura.com.br\/blog\/#\/schema\/person\/image\/","url":"https:\/\/secure.gravatar.com\/avatar\/4078f4f8e54fb70a99a5e9edc642ecb1?s=96&d=mm&r=g","contentUrl":"https:\/\/secure.gravatar.com\/avatar\/4078f4f8e54fb70a99a5e9edc642ecb1?s=96&d=mm&r=g","caption":"heloisa.dabus"},"url":"https:\/\/www.dabusarquitetura.com.br\/blog\/author\/heloisa-dabus\/"}]}},"_links":{"self":[{"href":"https:\/\/www.dabusarquitetura.com.br\/blog\/wp-json\/wp\/v2\/posts\/2486"}],"collection":[{"href":"https:\/\/www.dabusarquitetura.com.br\/blog\/wp-json\/wp\/v2\/posts"}],"about":[{"href":"https:\/\/www.dabusarquitetura.com.br\/blog\/wp-json\/wp\/v2\/types\/post"}],"author":[{"embeddable":true,"href":"https:\/\/www.dabusarquitetura.com.br\/blog\/wp-json\/wp\/v2\/users\/3"}],"replies":[{"embeddable":true,"href":"https:\/\/www.dabusarquitetura.com.br\/blog\/wp-json\/wp\/v2\/comments?post=2486"}],"version-history":[{"count":1,"href":"https:\/\/www.dabusarquitetura.com.br\/blog\/wp-json\/wp\/v2\/posts\/2486\/revisions"}],"predecessor-version":[{"id":16184,"href":"https:\/\/www.dabusarquitetura.com.br\/blog\/wp-json\/wp\/v2\/posts\/2486\/revisions\/16184"}],"wp:attachment":[{"href":"https:\/\/www.dabusarquitetura.com.br\/blog\/wp-json\/wp\/v2\/media?parent=2486"}],"wp:term":[{"taxonomy":"category","embeddable":true,"href":"https:\/\/www.dabusarquitetura.com.br\/blog\/wp-json\/wp\/v2\/categories?post=2486"},{"taxonomy":"post_tag","embeddable":true,"href":"https:\/\/www.dabusarquitetura.com.br\/blog\/wp-json\/wp\/v2\/tags?post=2486"}],"curies":[{"name":"wp","href":"https:\/\/api.w.org\/{rel}","templated":true}]}}