{"id":2091,"date":"2010-11-08T18:35:45","date_gmt":"2010-11-08T18:35:45","guid":{"rendered":"http:\/\/www.dabus.com.br\/blog\/?p=2091"},"modified":"2022-07-25T20:08:02","modified_gmt":"2022-07-25T17:08:02","slug":"heloisa-dabus-apresenta-projeto-corporativo-para-clinica-medica-na-casa-office-2010","status":"publish","type":"post","link":"https:\/\/www.dabusarquitetura.com.br\/blog\/heloisa-dabus-apresenta-projeto-corporativo-para-clinica-medica-na-casa-office-2010\/","title":{"rendered":"Heloisa Dabus apresenta projeto corporativo para cl\u00ednica m\u00e9dica na CASA OFFICE 2010"},"content":{"rendered":"<p>Tend\u00eancias, novos conceitos e tecnologias, materiais e espa\u00e7os inovadores, projetos diferenciados e muita criatividade, a <a title=\"Saiba mais!\" href=\"http:\/\/www.dabusarquitetura.com.br\/blog\/2010\/11\/casa-cor-trio-2010-apresentara-casa-boa-mesa-casa-office-e-a-inedita-casa-festa\/\" target=\"_self\" rel=\"noopener noreferrer\"><strong>CASA COR TRIO 2010<\/strong><\/a> apresenta a partir desta semana as maiores novidades nas \u00e1reas de <strong>Arquitetura e Decora\u00e7\u00e3o <\/strong>em tr\u00eas grandes mostras simult\u00e2neas: a <strong>CASA BOA MESA,<\/strong> a <strong>CASA FESTA<\/strong> e a <strong>CASA OFFICE.<\/strong><\/p>\n<p>Focada sobre o universo da <strong>Arquitetura Corporativa,<\/strong> a <strong>CASA OFFICE 2010 <\/strong>traz o tema <strong>&#8220;Sabor e Inova\u00e7\u00e3o&#8221;<\/strong> debru\u00e7ando-se sobre <strong>a rela\u00e7\u00e3o do homem com o seu trabalho e suas mudan\u00e7as com o passar do tempo.<\/strong><\/p>\n<p>Neste sentido, um grupo de renomados empres\u00e1rios ser\u00e1 homenageado com ambientes especiais.<strong> Heloisa Dabus<\/strong> assina o espa\u00e7o em homenagem ao oftalmologista <a title=\"moacir-cunha.com.br\" href=\"http:\/\/www.moacir-cunha.com.br\/\" target=\"_blank\" rel=\"noopener noreferrer\">Moacir Cunha<\/a> (1926-2003) cuja cl\u00ednica completou <strong>70 anos <\/strong>agora em 2010.<\/p>\n<p>A partir de um <strong>olhar monocrom\u00e1tico,<\/strong> o projeto \u00e9 um verdadeiro <strong>t\u00fanel do tempo pela hist\u00f3ria da cl\u00ednica<\/strong>, no qual foram destacados conceitos, objetos e m\u00f3veis que representam a <strong>evolu\u00e7\u00e3o do espa\u00e7o m\u00e9dico.<\/strong><\/p>\n<p style=\"text-align: center;\"><a title=\"Clique para ampliar\" href=\"http:\/\/www.dabusarquitetura.com.br\/blog\/wp-content\/uploads\/2010\/11\/Dabus-Arquitetura-Cl%C3%ADnica-do-Moacir-Cunha-Casa-Office-20102.jpg\" target=\"_blank\" rel=\"noopener noreferrer\"><img decoding=\"async\" loading=\"lazy\" class=\"alignnone size-full wp-image-2179\" title=\"Dabus Arquitetura - Cl\u00ednica do Moacir Cunha Casa Office 2010\" src=\"http:\/\/www.dabusarquitetura.com.br\/blog\/wp-content\/uploads\/2010\/11\/Dabus-Arquitetura-Cl\u00ednica-do-Moacir-Cunha-Casa-Office-20101.jpg\" alt=\"\" width=\"375\" height=\"250\" srcset=\"https:\/\/www.dabusarquitetura.com.br\/blog\/wp-content\/uploads\/2010\/11\/Dabus-Arquitetura-Cl\u00ednica-do-Moacir-Cunha-Casa-Office-20101.jpg 375w, https:\/\/www.dabusarquitetura.com.br\/blog\/wp-content\/uploads\/2010\/11\/Dabus-Arquitetura-Cl\u00ednica-do-Moacir-Cunha-Casa-Office-20101-300x200.jpg 300w\" sizes=\"(max-width: 375px) 100vw, 375px\" \/><\/a><\/p>\n<p>Segundo os<strong> Drs. Marcelo e Rosana Cunha<\/strong>, o<strong> m\u00e9dico do futuro<\/strong> utilizar\u00e1 o <strong>avan\u00e7o tecnol\u00f3gico<\/strong> <strong>para agilizar o diagn\u00f3stico e o tratamento das doen\u00e7as<\/strong> e usar\u00e1&nbsp; o seu<strong> tempo dispon\u00edvel para ouvir mais o seu paciente, <\/strong>esclarecer o que est\u00e1 havendo em seu corpo e ter a humildade de reconhecer suas limita\u00e7\u00f5es, al\u00e9m de ter a <strong>sensibilidade de compreender quando o problema \u00e9 realmente f\u00edsico e quando \u00e9 psicol\u00f3gico.<\/strong><\/p>\n<p>Observando estes caminhos, o projeto apresentado na <strong>CASA OFFICE 2010<\/strong> buscou promover um ambiente onde os<strong> recursos tecnol\u00f3gicos<\/strong> e a <strong>aproxima\u00e7\u00e3o com o paciente<\/strong> foram priorizados. Desta forma, a <strong>busca pela excel\u00eancia<\/strong> em todos os sentidos foi essencial.<\/p>\n<p>O Espa\u00e7o do M\u00e9dico, do Exame, da Consulta e a \u00c1rea de Espera foram desenvolvidos com a utiliza\u00e7\u00e3o de v\u00e1rios<strong> materiais inovadores em lan\u00e7amento,<\/strong> como os pain\u00e9is vin\u00edlicos impressos da Gicle\u00e9, os m\u00f3veis diferenciados da Imense, os pain\u00e9is decorativos da Ecopainel e o piso vin\u00edlico da Fademac.<\/p>\n<p style=\"text-align: center;\"><a title=\"Clique para ampliar\" href=\"http:\/\/www.dabusarquitetura.com.br\/blog\/wp-content\/uploads\/2010\/11\/Casa-Office-2010-Painel-Piso-e-M%C3%B3veis-para-Cl%C3%ADnica-do-Dr.-Moacir-Cunha4.jpg\" target=\"_blank\" rel=\"noopener noreferrer\"><img decoding=\"async\" loading=\"lazy\" class=\"alignnone size-full wp-image-2180\" title=\"Casa Office 2010 - Painel, Piso e M\u00f3veis para Cl\u00ednica do Dr. Moacir Cunha\" src=\"http:\/\/www.dabusarquitetura.com.br\/blog\/wp-content\/uploads\/2010\/11\/Casa-Office-2010-Painel-Piso-e-M\u00f3veis-para-Cl\u00ednica-do-Dr.-Moacir-Cunha2.jpg\" alt=\"\" width=\"375\" height=\"250\" srcset=\"https:\/\/www.dabusarquitetura.com.br\/blog\/wp-content\/uploads\/2010\/11\/Casa-Office-2010-Painel-Piso-e-M\u00f3veis-para-Cl\u00ednica-do-Dr.-Moacir-Cunha2.jpg 375w, https:\/\/www.dabusarquitetura.com.br\/blog\/wp-content\/uploads\/2010\/11\/Casa-Office-2010-Painel-Piso-e-M\u00f3veis-para-Cl\u00ednica-do-Dr.-Moacir-Cunha2-300x200.jpg 300w\" sizes=\"(max-width: 375px) 100vw, 375px\" \/><\/a><\/p>\n<p>Para criar um<strong> espa\u00e7o diferenciado e sofisticado<\/strong> foi utilizado em cima da mesa do m\u00e9dico um<strong> pendente de cristal Swarovski<\/strong> respons\u00e1vel por iluminar a sala com <strong>sobriedade e estilo. <\/strong>Outro diferencial \u00e9 a<strong> obra de arte <\/strong>elaborada pelo renomado artista pl\u00e1stico Gustavo Rosa e reproduzida pela Gicle\u00e9 <strong>especialmente para a ocasi\u00e3o dos 70 anos da cl\u00ednica.<\/strong><\/p>\n<p style=\"text-align: center;\"><a title=\"Clique para ampliar\" href=\"http:\/\/www.dabusarquitetura.com.br\/blog\/wp-content\/uploads\/2010\/11\/Casa-Office-2010-Mesa-do-M%C3%A9dico-e-Pendente-Swarovski-para-Cl%C3%ADnica-do-Dr.-Moacir-Cunha3.jpg\" target=\"_blank\" rel=\"noopener noreferrer\"><img decoding=\"async\" loading=\"lazy\" class=\"alignnone size-full wp-image-2181\" title=\"Casa Office 2010 - Mesa do M\u00e9dico e Pendente Swarovski para Cl\u00ednica do Dr. Moacir Cunha\" src=\"http:\/\/www.dabusarquitetura.com.br\/blog\/wp-content\/uploads\/2010\/11\/Casa-Office-2010-Mesa-do-M\u00e9dico-e-Pendente-Swarovski-para-Cl\u00ednica-do-Dr.-Moacir-Cunha2.jpg\" alt=\"\" width=\"379\" height=\"250\" srcset=\"https:\/\/www.dabusarquitetura.com.br\/blog\/wp-content\/uploads\/2010\/11\/Casa-Office-2010-Mesa-do-M\u00e9dico-e-Pendente-Swarovski-para-Cl\u00ednica-do-Dr.-Moacir-Cunha2.jpg 379w, https:\/\/www.dabusarquitetura.com.br\/blog\/wp-content\/uploads\/2010\/11\/Casa-Office-2010-Mesa-do-M\u00e9dico-e-Pendente-Swarovski-para-Cl\u00ednica-do-Dr.-Moacir-Cunha2-300x197.jpg 300w\" sizes=\"(max-width: 379px) 100vw, 379px\" \/><\/a><\/p>\n<p>Ao mesmo tempo em que foram empregadas novidades tecnol\u00f3gicas e materiais inovadores, o projeto veio para resgatar a<strong> hist\u00f3ria da cl\u00ednica do Dr. Moacir Cunha <\/strong>atrav\u00e9s de uma viagem no tempo com a<strong> exposi\u00e7\u00e3o de \u00f3culos do museu Gioconda Giannini.<\/strong><\/p>\n<blockquote><p>O desafio foi reproduzir o cen\u00e1rio ideal para o <strong>oftalmologista do futuro,<\/strong> que n\u00e3o pode esquecer dos<strong> conceitos da Ecologia <\/strong>(com as plantas em hidrocultura), onde o<strong> uso de materiais certificados, com seus equipamentos tecnol\u00f3gicos e vis\u00e3o de futuro<\/strong> s\u00e3o essenciais&#8221; &#8211; <strong>Heloisa Dabus.<\/strong><\/p><\/blockquote>\n<p>O resultado incr\u00edvel do projeto s\u00f3 p\u00f4de ser concretizado gra\u00e7as \u00e0 participa\u00e7\u00e3o de<strong> fornecedores de credibilidade,<\/strong> aos quais a <a title=\"Quem Somos\" href=\"http:\/\/www.dabusarquitetura.com.br\/blog\/quem-somos\/\" target=\"_self\" rel=\"noopener noreferrer\"><strong>DABUS ARQUITETURA<\/strong><\/a> faz quest\u00e3o de agradecer e destacar:<\/p>\n<ul>\n<li>Estampa e impress\u00e3o: <strong><a title=\"estudiogiclee.com.br\" href=\"http:\/\/www.estudiogiclee.com.br\/\" target=\"_blank\" rel=\"noopener noreferrer\">GICL\u00c9E<\/a><\/strong><\/li>\n<li>Painel decorado: <strong><a title=\"decopainel.com.br\" href=\"http:\/\/www.decopainel.com.br\/\">DECOPAINEL<\/a><\/strong><\/li>\n<li>Piso: <strong><a title=\"fademac.com.br\" href=\"http:\/\/www.fademac.com.br\/novo\/\" target=\"_blank\" rel=\"noopener noreferrer\">TARKETT FADEMAC<\/a><\/strong><\/li>\n<li>M\u00f3veis: <strong><a title=\"immense.com.br\" href=\"http:\/\/www.immense.com.br\/\" target=\"_blank\" rel=\"noopener noreferrer\">IMMENSE<\/a><\/strong><\/li>\n<li>Comunica\u00e7\u00e3o Visual: <strong><a title=\"h2e.com.br\" href=\"http:\/\/www.h2e.com.br\/\" target=\"_blank\" rel=\"noopener noreferrer\">H2E DESIGN<\/a><\/strong><\/li>\n<li>Acr\u00edlico: <strong><a title=\"evonik.com.br\" href=\"http:\/\/www.evonik.com.br\/region\/brazil\/pt\/Pages\/default.aspx\" target=\"_blank\" rel=\"noopener noreferrer\">EVONIK<\/a><\/strong><\/li>\n<li>Papel de parede: <strong><a title=\"casaronim.com.br\" href=\"http:\/\/www.casaronim.com.br\/\" target=\"_blank\" rel=\"noopener noreferrer\">CASA RONIM<\/a><\/strong><\/li>\n<li>Objetos de decora\u00e7\u00e3o: <strong><a title=\"papelcraft.com.br\" href=\"http:\/\/www.papelcraft.com.br\/\" target=\"_blank\" rel=\"noopener noreferrer\">PAPEL CRAFT<\/a><\/strong> e <strong><a title=\"uniquedecor.com.br\" href=\"http:\/\/www.uniquedecor.com.br\/v1\/\" target=\"_blank\" rel=\"noopener noreferrer\">UNIQUE D\u00c9COR<\/a><\/strong><\/li>\n<li>Hidrocultura de plantas: <strong><a title=\"molenplanten.com.br\" href=\"http:\/\/www.molenplanten.com.br\/\" target=\"_blank\" rel=\"noopener noreferrer\">MOLEN PLANTEN<\/a><\/strong><\/li>\n<li>\u00d3culos: <a title=\"miguelgiannini.com.br\" href=\"http:\/\/www.miguelgiannini.com.br\/\" target=\"_blank\" rel=\"noopener noreferrer\"><strong>MUSEU DOS \u00d3CULOS GIOCONDA GIANNINI<\/strong><\/a><\/li>\n<li>Consultoria Luminot\u00e9cnica: <strong><a title=\"acenda.com.br\" href=\"http:\/\/www.acenda.com.br\/site_full.html\" target=\"_blank\" rel=\"noopener noreferrer\">ACENDA<\/a><\/strong><\/li>\n<li>Lumin\u00e1rias: <strong><a title=\"bellaluce.com.br\" href=\"http:\/\/www.bellaluce.com.br\/\" target=\"_blank\" rel=\"noopener noreferrer\">BELLA LUCE<\/a><\/strong><\/li>\n<li>Lustres <a title=\"artecristallo.com.br\" href=\"http:\/\/www.artecristallo.com.br\/\" target=\"_blank\" rel=\"noopener noreferrer\"><strong>ARTE CRISTALLO<\/strong><\/a><\/li>\n<li>Tintas: <strong><a title=\"suvinil.com.br\" href=\"http:\/\/www.suvinil.com.br\/\" target=\"_blank\" rel=\"noopener noreferrer\">SUVINIL<\/a><\/strong><\/li>\n<li>Pinturas gerais e especiais: CLAYTON MONTICHEL<\/li>\n<li>Computador: <strong><a title=\"itautec.com.br\" href=\"http:\/\/www.itautec.com.br\/pt-br\/\" target=\"_blank\" rel=\"noopener noreferrer\">ITAUTEC<\/a><\/strong><\/li>\n<li>Televis\u00e3o: <strong><a title=\"samsung.com.br\" href=\"http:\/\/www.samsung.com.br\/\" target=\"_blank\" rel=\"noopener noreferrer\">SAMSUNG<\/a><\/strong><\/li>\n<\/ul>\n<p>Gostou? Ent\u00e3o <strong>deixe o seu coment\u00e1rio<\/strong> sobre a participa\u00e7\u00e3o da <strong>DABUS ARQUITETURA<\/strong> na <strong>CASA OFFICE 2010! <\/strong>A sua opini\u00e3o tamb\u00e9m faz parte de nossos projetos&#8230;<strong><br \/>\n<\/strong><\/p>\n","protected":false},"excerpt":{"rendered":"<p>Tend\u00eancias, novos conceitos e tecnologias, materiais e espa\u00e7os inovadores, projetos diferenciados e muita criatividade, a CASA COR TRIO 2010 apresenta a partir desta semana as [&hellip;]<\/p>\n","protected":false},"author":3,"featured_media":0,"comment_status":"open","ping_status":"open","sticky":false,"template":"","format":"standard","meta":[],"categories":[7,11,89,12,93],"tags":[24,51,273,130,127,23,29,75,47,53,131,54,84],"yoast_head":"<!-- This site is optimized with the Yoast SEO plugin v20.8 - https:\/\/yoast.com\/wordpress\/plugins\/seo\/ -->\n<title>Heloisa Dabus apresenta projeto corporativo para cl\u00ednica m\u00e9dica na CASA OFFICE 2010 - DABUS ARQUITETURA<\/title>\n<meta name=\"robots\" content=\"index, follow, max-snippet:-1, max-image-preview:large, max-video-preview:-1\" \/>\n<link rel=\"canonical\" href=\"https:\/\/www.dabusarquitetura.com.br\/blog\/heloisa-dabus-apresenta-projeto-corporativo-para-clinica-medica-na-casa-office-2010\/\" \/>\n<meta property=\"og:locale\" content=\"pt_BR\" \/>\n<meta property=\"og:type\" content=\"article\" \/>\n<meta property=\"og:title\" content=\"Heloisa Dabus apresenta projeto corporativo para cl\u00ednica m\u00e9dica na CASA OFFICE 2010 - DABUS ARQUITETURA\" \/>\n<meta property=\"og:description\" content=\"Tend\u00eancias, novos conceitos e tecnologias, materiais e espa\u00e7os inovadores, projetos diferenciados e muita criatividade, a CASA COR TRIO 2010 apresenta a partir desta semana as [&hellip;]\" \/>\n<meta property=\"og:url\" content=\"https:\/\/www.dabusarquitetura.com.br\/blog\/heloisa-dabus-apresenta-projeto-corporativo-para-clinica-medica-na-casa-office-2010\/\" \/>\n<meta property=\"og:site_name\" content=\"DABUS ARQUITETURA\" \/>\n<meta property=\"article:published_time\" content=\"2010-11-08T18:35:45+00:00\" \/>\n<meta property=\"article:modified_time\" content=\"2022-07-25T17:08:02+00:00\" \/>\n<meta name=\"author\" content=\"heloisa.dabus\" \/>\n<meta name=\"twitter:card\" content=\"summary_large_image\" \/>\n<meta name=\"twitter:label1\" content=\"Escrito por\" \/>\n\t<meta name=\"twitter:data1\" content=\"heloisa.dabus\" \/>\n\t<meta name=\"twitter:label2\" content=\"Est. tempo de leitura\" \/>\n\t<meta name=\"twitter:data2\" content=\"3 minutos\" \/>\n<script type=\"application\/ld+json\" class=\"yoast-schema-graph\">{\"@context\":\"https:\/\/schema.org\",\"@graph\":[{\"@type\":\"WebPage\",\"@id\":\"https:\/\/www.dabusarquitetura.com.br\/blog\/heloisa-dabus-apresenta-projeto-corporativo-para-clinica-medica-na-casa-office-2010\/\",\"url\":\"https:\/\/www.dabusarquitetura.com.br\/blog\/heloisa-dabus-apresenta-projeto-corporativo-para-clinica-medica-na-casa-office-2010\/\",\"name\":\"Heloisa Dabus apresenta projeto corporativo para cl\u00ednica m\u00e9dica na CASA OFFICE 2010 - DABUS ARQUITETURA\",\"isPartOf\":{\"@id\":\"https:\/\/www.dabusarquitetura.com.br\/blog\/#website\"},\"datePublished\":\"2010-11-08T18:35:45+00:00\",\"dateModified\":\"2022-07-25T17:08:02+00:00\",\"author\":{\"@id\":\"https:\/\/www.dabusarquitetura.com.br\/blog\/#\/schema\/person\/978b78d74759412a1cd43634996237c4\"},\"breadcrumb\":{\"@id\":\"https:\/\/www.dabusarquitetura.com.br\/blog\/heloisa-dabus-apresenta-projeto-corporativo-para-clinica-medica-na-casa-office-2010\/#breadcrumb\"},\"inLanguage\":\"pt-BR\",\"potentialAction\":[{\"@type\":\"ReadAction\",\"target\":[\"https:\/\/www.dabusarquitetura.com.br\/blog\/heloisa-dabus-apresenta-projeto-corporativo-para-clinica-medica-na-casa-office-2010\/\"]}]},{\"@type\":\"BreadcrumbList\",\"@id\":\"https:\/\/www.dabusarquitetura.com.br\/blog\/heloisa-dabus-apresenta-projeto-corporativo-para-clinica-medica-na-casa-office-2010\/#breadcrumb\",\"itemListElement\":[{\"@type\":\"ListItem\",\"position\":1,\"name\":\"In\u00edcio\",\"item\":\"https:\/\/www.dabusarquitetura.com.br\/blog\/\"},{\"@type\":\"ListItem\",\"position\":2,\"name\":\"Heloisa Dabus apresenta projeto corporativo para cl\u00ednica m\u00e9dica na CASA OFFICE 2010\"}]},{\"@type\":\"WebSite\",\"@id\":\"https:\/\/www.dabusarquitetura.com.br\/blog\/#website\",\"url\":\"https:\/\/www.dabusarquitetura.com.br\/blog\/\",\"name\":\"DABUS ARQUITETURA\",\"description\":\"Arquitetura Corporativa\",\"potentialAction\":[{\"@type\":\"SearchAction\",\"target\":{\"@type\":\"EntryPoint\",\"urlTemplate\":\"https:\/\/www.dabusarquitetura.com.br\/blog\/?s={search_term_string}\"},\"query-input\":\"required name=search_term_string\"}],\"inLanguage\":\"pt-BR\"},{\"@type\":\"Person\",\"@id\":\"https:\/\/www.dabusarquitetura.com.br\/blog\/#\/schema\/person\/978b78d74759412a1cd43634996237c4\",\"name\":\"heloisa.dabus\",\"image\":{\"@type\":\"ImageObject\",\"inLanguage\":\"pt-BR\",\"@id\":\"https:\/\/www.dabusarquitetura.com.br\/blog\/#\/schema\/person\/image\/\",\"url\":\"https:\/\/secure.gravatar.com\/avatar\/4078f4f8e54fb70a99a5e9edc642ecb1?s=96&d=mm&r=g\",\"contentUrl\":\"https:\/\/secure.gravatar.com\/avatar\/4078f4f8e54fb70a99a5e9edc642ecb1?s=96&d=mm&r=g\",\"caption\":\"heloisa.dabus\"},\"url\":\"https:\/\/www.dabusarquitetura.com.br\/blog\/author\/heloisa-dabus\/\"}]}<\/script>\n<!-- \/ Yoast SEO plugin. -->","yoast_head_json":{"title":"Heloisa Dabus apresenta projeto corporativo para cl\u00ednica m\u00e9dica na CASA OFFICE 2010 - DABUS ARQUITETURA","robots":{"index":"index","follow":"follow","max-snippet":"max-snippet:-1","max-image-preview":"max-image-preview:large","max-video-preview":"max-video-preview:-1"},"canonical":"https:\/\/www.dabusarquitetura.com.br\/blog\/heloisa-dabus-apresenta-projeto-corporativo-para-clinica-medica-na-casa-office-2010\/","og_locale":"pt_BR","og_type":"article","og_title":"Heloisa Dabus apresenta projeto corporativo para cl\u00ednica m\u00e9dica na CASA OFFICE 2010 - DABUS ARQUITETURA","og_description":"Tend\u00eancias, novos conceitos e tecnologias, materiais e espa\u00e7os inovadores, projetos diferenciados e muita criatividade, a CASA COR TRIO 2010 apresenta a partir desta semana as [&hellip;]","og_url":"https:\/\/www.dabusarquitetura.com.br\/blog\/heloisa-dabus-apresenta-projeto-corporativo-para-clinica-medica-na-casa-office-2010\/","og_site_name":"DABUS ARQUITETURA","article_published_time":"2010-11-08T18:35:45+00:00","article_modified_time":"2022-07-25T17:08:02+00:00","author":"heloisa.dabus","twitter_card":"summary_large_image","twitter_misc":{"Escrito por":"heloisa.dabus","Est. tempo de leitura":"3 minutos"},"schema":{"@context":"https:\/\/schema.org","@graph":[{"@type":"WebPage","@id":"https:\/\/www.dabusarquitetura.com.br\/blog\/heloisa-dabus-apresenta-projeto-corporativo-para-clinica-medica-na-casa-office-2010\/","url":"https:\/\/www.dabusarquitetura.com.br\/blog\/heloisa-dabus-apresenta-projeto-corporativo-para-clinica-medica-na-casa-office-2010\/","name":"Heloisa Dabus apresenta projeto corporativo para cl\u00ednica m\u00e9dica na CASA OFFICE 2010 - DABUS ARQUITETURA","isPartOf":{"@id":"https:\/\/www.dabusarquitetura.com.br\/blog\/#website"},"datePublished":"2010-11-08T18:35:45+00:00","dateModified":"2022-07-25T17:08:02+00:00","author":{"@id":"https:\/\/www.dabusarquitetura.com.br\/blog\/#\/schema\/person\/978b78d74759412a1cd43634996237c4"},"breadcrumb":{"@id":"https:\/\/www.dabusarquitetura.com.br\/blog\/heloisa-dabus-apresenta-projeto-corporativo-para-clinica-medica-na-casa-office-2010\/#breadcrumb"},"inLanguage":"pt-BR","potentialAction":[{"@type":"ReadAction","target":["https:\/\/www.dabusarquitetura.com.br\/blog\/heloisa-dabus-apresenta-projeto-corporativo-para-clinica-medica-na-casa-office-2010\/"]}]},{"@type":"BreadcrumbList","@id":"https:\/\/www.dabusarquitetura.com.br\/blog\/heloisa-dabus-apresenta-projeto-corporativo-para-clinica-medica-na-casa-office-2010\/#breadcrumb","itemListElement":[{"@type":"ListItem","position":1,"name":"In\u00edcio","item":"https:\/\/www.dabusarquitetura.com.br\/blog\/"},{"@type":"ListItem","position":2,"name":"Heloisa Dabus apresenta projeto corporativo para cl\u00ednica m\u00e9dica na CASA OFFICE 2010"}]},{"@type":"WebSite","@id":"https:\/\/www.dabusarquitetura.com.br\/blog\/#website","url":"https:\/\/www.dabusarquitetura.com.br\/blog\/","name":"DABUS ARQUITETURA","description":"Arquitetura Corporativa","potentialAction":[{"@type":"SearchAction","target":{"@type":"EntryPoint","urlTemplate":"https:\/\/www.dabusarquitetura.com.br\/blog\/?s={search_term_string}"},"query-input":"required name=search_term_string"}],"inLanguage":"pt-BR"},{"@type":"Person","@id":"https:\/\/www.dabusarquitetura.com.br\/blog\/#\/schema\/person\/978b78d74759412a1cd43634996237c4","name":"heloisa.dabus","image":{"@type":"ImageObject","inLanguage":"pt-BR","@id":"https:\/\/www.dabusarquitetura.com.br\/blog\/#\/schema\/person\/image\/","url":"https:\/\/secure.gravatar.com\/avatar\/4078f4f8e54fb70a99a5e9edc642ecb1?s=96&d=mm&r=g","contentUrl":"https:\/\/secure.gravatar.com\/avatar\/4078f4f8e54fb70a99a5e9edc642ecb1?s=96&d=mm&r=g","caption":"heloisa.dabus"},"url":"https:\/\/www.dabusarquitetura.com.br\/blog\/author\/heloisa-dabus\/"}]}},"_links":{"self":[{"href":"https:\/\/www.dabusarquitetura.com.br\/blog\/wp-json\/wp\/v2\/posts\/2091"}],"collection":[{"href":"https:\/\/www.dabusarquitetura.com.br\/blog\/wp-json\/wp\/v2\/posts"}],"about":[{"href":"https:\/\/www.dabusarquitetura.com.br\/blog\/wp-json\/wp\/v2\/types\/post"}],"author":[{"embeddable":true,"href":"https:\/\/www.dabusarquitetura.com.br\/blog\/wp-json\/wp\/v2\/users\/3"}],"replies":[{"embeddable":true,"href":"https:\/\/www.dabusarquitetura.com.br\/blog\/wp-json\/wp\/v2\/comments?post=2091"}],"version-history":[{"count":1,"href":"https:\/\/www.dabusarquitetura.com.br\/blog\/wp-json\/wp\/v2\/posts\/2091\/revisions"}],"predecessor-version":[{"id":16138,"href":"https:\/\/www.dabusarquitetura.com.br\/blog\/wp-json\/wp\/v2\/posts\/2091\/revisions\/16138"}],"wp:attachment":[{"href":"https:\/\/www.dabusarquitetura.com.br\/blog\/wp-json\/wp\/v2\/media?parent=2091"}],"wp:term":[{"taxonomy":"category","embeddable":true,"href":"https:\/\/www.dabusarquitetura.com.br\/blog\/wp-json\/wp\/v2\/categories?post=2091"},{"taxonomy":"post_tag","embeddable":true,"href":"https:\/\/www.dabusarquitetura.com.br\/blog\/wp-json\/wp\/v2\/tags?post=2091"}],"curies":[{"name":"wp","href":"https:\/\/api.w.org\/{rel}","templated":true}]}}