{"id":2067,"date":"2010-11-03T10:00:23","date_gmt":"2010-11-03T10:00:23","guid":{"rendered":"http:\/\/www.dabus.com.br\/blog\/?p=2067"},"modified":"2022-07-25T20:08:17","modified_gmt":"2022-07-25T17:08:17","slug":"casa-cor-trio-2010-apresentara-casa-boa-mesa-casa-office-e-a-inedita-casa-festa","status":"publish","type":"post","link":"https:\/\/www.dabusarquitetura.com.br\/blog\/casa-cor-trio-2010-apresentara-casa-boa-mesa-casa-office-e-a-inedita-casa-festa\/","title":{"rendered":"CASA COR TRIO 2010 apresentar\u00e1 CASA BOA MESA, CASA OFFICE e a in\u00e9dita CASA FESTA"},"content":{"rendered":"<p><strong>Informa\u00e7\u00e3o: <\/strong>esta \u00e9 a chave para o desenvolvimento de <strong>projetos bem sucedidos, <\/strong>ancorados em <strong>novidades e tend\u00eancias<\/strong> que buscam traduzir a <strong>rela\u00e7\u00e3o do homem com os mais diferentes espa\u00e7os em sua <\/strong><strong>realidade <\/strong><strong>atual.<\/strong><\/p>\n<p>Neste sentido, estar atento \u00e0s mostras e eventos \u00e9 fundamental, ainda mais quando estamos falando das oportunidades promovidas pelo <a title=\"casacor.com.br\" href=\"http:\/\/www.casacor.com.br\/\" target=\"_blank\" rel=\"noopener noreferrer\"><strong>Grupo CASA COR<\/strong><\/a>, que ir\u00e1 realizar a partir da pr\u00f3xima semana a<strong> <a title=\"Saiba mais sobre o Casa Cor Trio\" href=\"http:\/\/www.mundowalmart.com.br\/casa-cor-trio\/\" target=\"_blank\" rel=\"noopener noreferrer\">CASA COR TRIO<\/a><\/strong><a title=\"Saiba mais sobre o Casa Cor Trio\" href=\"http:\/\/www.mundowalmart.com.br\/casa-cor-trio\/\" target=\"_blank\" rel=\"noopener noreferrer\">.<\/a><\/p>\n<p style=\"text-align: center;\"><a href=\"http:\/\/www.casacor.com.br\/casacortrio\/casacortrio.htm\" target=\"_blank\" rel=\"noopener noreferrer\"><img decoding=\"async\" loading=\"lazy\" class=\"size-full wp-image-2101 aligncenter\" title=\"Casa Cor Trio 2010\" src=\"http:\/\/www.dabusarquitetura.com.br\/blog\/wp-content\/uploads\/2010\/11\/Casa-Cor-Trio-20101.jpg\" alt=\"\" width=\"473\" height=\"172\" srcset=\"https:\/\/www.dabusarquitetura.com.br\/blog\/wp-content\/uploads\/2010\/11\/Casa-Cor-Trio-20101.jpg 549w, https:\/\/www.dabusarquitetura.com.br\/blog\/wp-content\/uploads\/2010\/11\/Casa-Cor-Trio-20101-300x109.jpg 300w\" sizes=\"(max-width: 473px) 100vw, 473px\" \/><\/a><\/p>\n<p>O evento que acontecer\u00e1 no <a title=\"jockeysp.com.br\" href=\"http:\/\/www.jockeysp.com.br\/\" target=\"_blank\" rel=\"noopener noreferrer\">Jockey Club<\/a> em S\u00e3o Paulo trar\u00e1 <strong>3 mostras simult\u00e2neas<\/strong>, reunindo o que h\u00e1 de mais moderno e exclusivo em <strong>Decora\u00e7\u00e3o, Arquitetura, Tecnologia, <em>Design<\/em> e Moda.<\/strong><\/p>\n<ul>\n<li><strong>&#8211; CASA BOA MESA:<\/strong> com o tema <strong>&#8220;A Boa Mesa Brasileira&#8221; <\/strong>a exposi\u00e7\u00e3o trar\u00e1 as novidades para os <strong>ambientes relacionados ao prazer de cozinhar e receber bem,<\/strong> contando ainda com eventos gratuitos que oferecer\u00e3o aulas de culin\u00e1ria, degusta\u00e7\u00f5es e workshops com renomados <em>chefs<\/em>;<\/li>\n<\/ul>\n<ul>\n<li><strong>&#8211; CASA OFFICE:<\/strong> mostrar\u00e1 a <strong>evolu\u00e7\u00e3o dos ambientes corporativos <\/strong>em reposta \u00e0s <strong>transforma\u00e7\u00f5es na rela\u00e7\u00e3o do homem com o trabalho,<\/strong> revelando as tend\u00eancias em <strong>Mobili\u00e1rio Corporativo, Ergonomia, Decora\u00e7\u00e3o Empresarial, Paisagismo e novas tecnologias. <\/strong>Al\u00e9m disso, um time de empres\u00e1rios renomados ser\u00e1 homenageado com ambientes especiais assinados por profissionais participantes. <strong>Heloisa Dabus <\/strong>apresentar\u00e1 um projeto em homenagem ao oftalmologista <a title=\"moacir-cunha.com.br\" href=\"http:\/\/www.moacir-cunha.com.br\/\" target=\"_blank\" rel=\"noopener noreferrer\">Moacir Cunha<\/a>, no qual a inten\u00e7\u00e3o ser\u00e1 mostrar a <strong>evolu\u00e7\u00e3o da cl\u00ednica m\u00e9dica em quatro gera\u00e7\u00f5es <\/strong>(saiba mais no pr\u00f3ximo <em>post<\/em>);<\/li>\n<\/ul>\n<ul>\n<li><strong>&#8211; CASA FESTA:<\/strong> in\u00e9dita, a exposi\u00e7\u00e3o apresentar\u00e1 <strong>solu\u00e7\u00f5es criativas em Decora\u00e7\u00e3o <\/strong>voltadas exclusivamente para os <strong>segmentos de festas,<\/strong> explorando os diferentes formatos e oportunidades.<\/li>\n<\/ul>\n<p>Segundo <strong>Jo\u00e3o Doria Jr.,<\/strong> presidente do <strong>Conselho CASA COR,<\/strong> &#8220;os projetos  t\u00eam a <strong>sustentabilidade <\/strong>como conceito sob um tema, mas <strong>sem restringir  a criatividade dos arquitetos e decoradores<\/strong>&#8220;. Completando, ele afirma que &#8220;<strong>CASA COR TRIO<\/strong> \u00e9 uma oportunidade de estar em contato direto com um <strong> p\u00fablico direcionado, corporativo<\/strong> e com alta capacidade de comprar as  ideias e solu\u00e7\u00f5es apresentadas&#8221;.<\/p>\n<p>O evento que traz como tema<strong> &#8220;Sabor e Inova\u00e7\u00e3o&#8221;<\/strong> ser\u00e1 realizado do <strong>dia 8 a30 de novembro <\/strong>no <strong>Jockey Club de S\u00e3o Paulo.<br \/>\n<\/strong><\/p>\n<p>A <a title=\"Quem Somos\" href=\"http:\/\/www.dabusarquitetura.com.br\/blog\/quem-somos\/\" target=\"_self\" rel=\"noopener noreferrer\"><strong>DABUS ARQUITETURA<\/strong><\/a> estar\u00e1 l\u00e1, e voc\u00ea?<\/p>\n","protected":false},"excerpt":{"rendered":"<p>Informa\u00e7\u00e3o: esta \u00e9 a chave para o desenvolvimento de projetos bem sucedidos, ancorados em novidades e tend\u00eancias que buscam traduzir a rela\u00e7\u00e3o do homem com [&hellip;]<\/p>\n","protected":false},"author":3,"featured_media":0,"comment_status":"closed","ping_status":"closed","sticky":false,"template":"","format":"standard","meta":[],"categories":[4,7,49,11,89,12,93],"tags":[273,83,123,124,125,127,128,129,23,29,47,54,65,126],"yoast_head":"<!-- This site is optimized with the Yoast SEO plugin v20.8 - https:\/\/yoast.com\/wordpress\/plugins\/seo\/ -->\n<title>CASA COR TRIO 2010 apresentar\u00e1 CASA BOA MESA, CASA OFFICE e a in\u00e9dita CASA FESTA - DABUS ARQUITETURA<\/title>\n<meta name=\"robots\" content=\"index, follow, max-snippet:-1, max-image-preview:large, max-video-preview:-1\" \/>\n<link rel=\"canonical\" href=\"https:\/\/www.dabusarquitetura.com.br\/blog\/casa-cor-trio-2010-apresentara-casa-boa-mesa-casa-office-e-a-inedita-casa-festa\/\" \/>\n<meta property=\"og:locale\" content=\"pt_BR\" \/>\n<meta property=\"og:type\" content=\"article\" \/>\n<meta property=\"og:title\" content=\"CASA COR TRIO 2010 apresentar\u00e1 CASA BOA MESA, CASA OFFICE e a in\u00e9dita CASA FESTA - DABUS ARQUITETURA\" \/>\n<meta property=\"og:description\" content=\"Informa\u00e7\u00e3o: esta \u00e9 a chave para o desenvolvimento de projetos bem sucedidos, ancorados em novidades e tend\u00eancias que buscam traduzir a rela\u00e7\u00e3o do homem com [&hellip;]\" \/>\n<meta property=\"og:url\" content=\"https:\/\/www.dabusarquitetura.com.br\/blog\/casa-cor-trio-2010-apresentara-casa-boa-mesa-casa-office-e-a-inedita-casa-festa\/\" \/>\n<meta property=\"og:site_name\" content=\"DABUS ARQUITETURA\" \/>\n<meta property=\"article:published_time\" content=\"2010-11-03T10:00:23+00:00\" \/>\n<meta property=\"article:modified_time\" content=\"2022-07-25T17:08:17+00:00\" \/>\n<meta property=\"og:image\" content=\"http:\/\/www.dabusarquitetura.com.br\/blog\/wp-content\/uploads\/2010\/11\/Casa-Cor-Trio-20101.jpg\" \/>\n<meta name=\"author\" content=\"heloisa.dabus\" \/>\n<meta name=\"twitter:card\" content=\"summary_large_image\" \/>\n<meta name=\"twitter:label1\" content=\"Escrito por\" \/>\n\t<meta name=\"twitter:data1\" content=\"heloisa.dabus\" \/>\n\t<meta name=\"twitter:label2\" content=\"Est. tempo de leitura\" \/>\n\t<meta name=\"twitter:data2\" content=\"2 minutos\" \/>\n<script type=\"application\/ld+json\" class=\"yoast-schema-graph\">{\"@context\":\"https:\/\/schema.org\",\"@graph\":[{\"@type\":\"WebPage\",\"@id\":\"https:\/\/www.dabusarquitetura.com.br\/blog\/casa-cor-trio-2010-apresentara-casa-boa-mesa-casa-office-e-a-inedita-casa-festa\/\",\"url\":\"https:\/\/www.dabusarquitetura.com.br\/blog\/casa-cor-trio-2010-apresentara-casa-boa-mesa-casa-office-e-a-inedita-casa-festa\/\",\"name\":\"CASA COR TRIO 2010 apresentar\u00e1 CASA BOA MESA, CASA OFFICE e a in\u00e9dita CASA FESTA - DABUS ARQUITETURA\",\"isPartOf\":{\"@id\":\"https:\/\/www.dabusarquitetura.com.br\/blog\/#website\"},\"datePublished\":\"2010-11-03T10:00:23+00:00\",\"dateModified\":\"2022-07-25T17:08:17+00:00\",\"author\":{\"@id\":\"https:\/\/www.dabusarquitetura.com.br\/blog\/#\/schema\/person\/978b78d74759412a1cd43634996237c4\"},\"breadcrumb\":{\"@id\":\"https:\/\/www.dabusarquitetura.com.br\/blog\/casa-cor-trio-2010-apresentara-casa-boa-mesa-casa-office-e-a-inedita-casa-festa\/#breadcrumb\"},\"inLanguage\":\"pt-BR\",\"potentialAction\":[{\"@type\":\"ReadAction\",\"target\":[\"https:\/\/www.dabusarquitetura.com.br\/blog\/casa-cor-trio-2010-apresentara-casa-boa-mesa-casa-office-e-a-inedita-casa-festa\/\"]}]},{\"@type\":\"BreadcrumbList\",\"@id\":\"https:\/\/www.dabusarquitetura.com.br\/blog\/casa-cor-trio-2010-apresentara-casa-boa-mesa-casa-office-e-a-inedita-casa-festa\/#breadcrumb\",\"itemListElement\":[{\"@type\":\"ListItem\",\"position\":1,\"name\":\"In\u00edcio\",\"item\":\"https:\/\/www.dabusarquitetura.com.br\/blog\/\"},{\"@type\":\"ListItem\",\"position\":2,\"name\":\"CASA COR TRIO 2010 apresentar\u00e1 CASA BOA MESA, CASA OFFICE e a in\u00e9dita CASA FESTA\"}]},{\"@type\":\"WebSite\",\"@id\":\"https:\/\/www.dabusarquitetura.com.br\/blog\/#website\",\"url\":\"https:\/\/www.dabusarquitetura.com.br\/blog\/\",\"name\":\"DABUS ARQUITETURA\",\"description\":\"Arquitetura Corporativa\",\"potentialAction\":[{\"@type\":\"SearchAction\",\"target\":{\"@type\":\"EntryPoint\",\"urlTemplate\":\"https:\/\/www.dabusarquitetura.com.br\/blog\/?s={search_term_string}\"},\"query-input\":\"required name=search_term_string\"}],\"inLanguage\":\"pt-BR\"},{\"@type\":\"Person\",\"@id\":\"https:\/\/www.dabusarquitetura.com.br\/blog\/#\/schema\/person\/978b78d74759412a1cd43634996237c4\",\"name\":\"heloisa.dabus\",\"image\":{\"@type\":\"ImageObject\",\"inLanguage\":\"pt-BR\",\"@id\":\"https:\/\/www.dabusarquitetura.com.br\/blog\/#\/schema\/person\/image\/\",\"url\":\"https:\/\/secure.gravatar.com\/avatar\/4078f4f8e54fb70a99a5e9edc642ecb1?s=96&d=mm&r=g\",\"contentUrl\":\"https:\/\/secure.gravatar.com\/avatar\/4078f4f8e54fb70a99a5e9edc642ecb1?s=96&d=mm&r=g\",\"caption\":\"heloisa.dabus\"},\"url\":\"https:\/\/www.dabusarquitetura.com.br\/blog\/author\/heloisa-dabus\/\"}]}<\/script>\n<!-- \/ Yoast SEO plugin. -->","yoast_head_json":{"title":"CASA COR TRIO 2010 apresentar\u00e1 CASA BOA MESA, CASA OFFICE e a in\u00e9dita CASA FESTA - DABUS ARQUITETURA","robots":{"index":"index","follow":"follow","max-snippet":"max-snippet:-1","max-image-preview":"max-image-preview:large","max-video-preview":"max-video-preview:-1"},"canonical":"https:\/\/www.dabusarquitetura.com.br\/blog\/casa-cor-trio-2010-apresentara-casa-boa-mesa-casa-office-e-a-inedita-casa-festa\/","og_locale":"pt_BR","og_type":"article","og_title":"CASA COR TRIO 2010 apresentar\u00e1 CASA BOA MESA, CASA OFFICE e a in\u00e9dita CASA FESTA - DABUS ARQUITETURA","og_description":"Informa\u00e7\u00e3o: esta \u00e9 a chave para o desenvolvimento de projetos bem sucedidos, ancorados em novidades e tend\u00eancias que buscam traduzir a rela\u00e7\u00e3o do homem com [&hellip;]","og_url":"https:\/\/www.dabusarquitetura.com.br\/blog\/casa-cor-trio-2010-apresentara-casa-boa-mesa-casa-office-e-a-inedita-casa-festa\/","og_site_name":"DABUS ARQUITETURA","article_published_time":"2010-11-03T10:00:23+00:00","article_modified_time":"2022-07-25T17:08:17+00:00","og_image":[{"url":"http:\/\/www.dabusarquitetura.com.br\/blog\/wp-content\/uploads\/2010\/11\/Casa-Cor-Trio-20101.jpg"}],"author":"heloisa.dabus","twitter_card":"summary_large_image","twitter_misc":{"Escrito por":"heloisa.dabus","Est. tempo de leitura":"2 minutos"},"schema":{"@context":"https:\/\/schema.org","@graph":[{"@type":"WebPage","@id":"https:\/\/www.dabusarquitetura.com.br\/blog\/casa-cor-trio-2010-apresentara-casa-boa-mesa-casa-office-e-a-inedita-casa-festa\/","url":"https:\/\/www.dabusarquitetura.com.br\/blog\/casa-cor-trio-2010-apresentara-casa-boa-mesa-casa-office-e-a-inedita-casa-festa\/","name":"CASA COR TRIO 2010 apresentar\u00e1 CASA BOA MESA, CASA OFFICE e a in\u00e9dita CASA FESTA - DABUS ARQUITETURA","isPartOf":{"@id":"https:\/\/www.dabusarquitetura.com.br\/blog\/#website"},"datePublished":"2010-11-03T10:00:23+00:00","dateModified":"2022-07-25T17:08:17+00:00","author":{"@id":"https:\/\/www.dabusarquitetura.com.br\/blog\/#\/schema\/person\/978b78d74759412a1cd43634996237c4"},"breadcrumb":{"@id":"https:\/\/www.dabusarquitetura.com.br\/blog\/casa-cor-trio-2010-apresentara-casa-boa-mesa-casa-office-e-a-inedita-casa-festa\/#breadcrumb"},"inLanguage":"pt-BR","potentialAction":[{"@type":"ReadAction","target":["https:\/\/www.dabusarquitetura.com.br\/blog\/casa-cor-trio-2010-apresentara-casa-boa-mesa-casa-office-e-a-inedita-casa-festa\/"]}]},{"@type":"BreadcrumbList","@id":"https:\/\/www.dabusarquitetura.com.br\/blog\/casa-cor-trio-2010-apresentara-casa-boa-mesa-casa-office-e-a-inedita-casa-festa\/#breadcrumb","itemListElement":[{"@type":"ListItem","position":1,"name":"In\u00edcio","item":"https:\/\/www.dabusarquitetura.com.br\/blog\/"},{"@type":"ListItem","position":2,"name":"CASA COR TRIO 2010 apresentar\u00e1 CASA BOA MESA, CASA OFFICE e a in\u00e9dita CASA FESTA"}]},{"@type":"WebSite","@id":"https:\/\/www.dabusarquitetura.com.br\/blog\/#website","url":"https:\/\/www.dabusarquitetura.com.br\/blog\/","name":"DABUS ARQUITETURA","description":"Arquitetura Corporativa","potentialAction":[{"@type":"SearchAction","target":{"@type":"EntryPoint","urlTemplate":"https:\/\/www.dabusarquitetura.com.br\/blog\/?s={search_term_string}"},"query-input":"required name=search_term_string"}],"inLanguage":"pt-BR"},{"@type":"Person","@id":"https:\/\/www.dabusarquitetura.com.br\/blog\/#\/schema\/person\/978b78d74759412a1cd43634996237c4","name":"heloisa.dabus","image":{"@type":"ImageObject","inLanguage":"pt-BR","@id":"https:\/\/www.dabusarquitetura.com.br\/blog\/#\/schema\/person\/image\/","url":"https:\/\/secure.gravatar.com\/avatar\/4078f4f8e54fb70a99a5e9edc642ecb1?s=96&d=mm&r=g","contentUrl":"https:\/\/secure.gravatar.com\/avatar\/4078f4f8e54fb70a99a5e9edc642ecb1?s=96&d=mm&r=g","caption":"heloisa.dabus"},"url":"https:\/\/www.dabusarquitetura.com.br\/blog\/author\/heloisa-dabus\/"}]}},"_links":{"self":[{"href":"https:\/\/www.dabusarquitetura.com.br\/blog\/wp-json\/wp\/v2\/posts\/2067"}],"collection":[{"href":"https:\/\/www.dabusarquitetura.com.br\/blog\/wp-json\/wp\/v2\/posts"}],"about":[{"href":"https:\/\/www.dabusarquitetura.com.br\/blog\/wp-json\/wp\/v2\/types\/post"}],"author":[{"embeddable":true,"href":"https:\/\/www.dabusarquitetura.com.br\/blog\/wp-json\/wp\/v2\/users\/3"}],"replies":[{"embeddable":true,"href":"https:\/\/www.dabusarquitetura.com.br\/blog\/wp-json\/wp\/v2\/comments?post=2067"}],"version-history":[{"count":1,"href":"https:\/\/www.dabusarquitetura.com.br\/blog\/wp-json\/wp\/v2\/posts\/2067\/revisions"}],"predecessor-version":[{"id":16139,"href":"https:\/\/www.dabusarquitetura.com.br\/blog\/wp-json\/wp\/v2\/posts\/2067\/revisions\/16139"}],"wp:attachment":[{"href":"https:\/\/www.dabusarquitetura.com.br\/blog\/wp-json\/wp\/v2\/media?parent=2067"}],"wp:term":[{"taxonomy":"category","embeddable":true,"href":"https:\/\/www.dabusarquitetura.com.br\/blog\/wp-json\/wp\/v2\/categories?post=2067"},{"taxonomy":"post_tag","embeddable":true,"href":"https:\/\/www.dabusarquitetura.com.br\/blog\/wp-json\/wp\/v2\/tags?post=2067"}],"curies":[{"name":"wp","href":"https:\/\/api.w.org\/{rel}","templated":true}]}}