{"id":193,"date":"2010-07-07T09:00:50","date_gmt":"2010-07-07T09:00:50","guid":{"rendered":"http:\/\/www.dabus.com.br\/blog\/?p=193"},"modified":"2022-07-25T19:58:59","modified_gmt":"2022-07-25T16:58:59","slug":"marketing-e-arquitetura-comercial-a-alianca","status":"publish","type":"post","link":"https:\/\/www.dabusarquitetura.com.br\/blog\/marketing-e-arquitetura-comercial-a-alianca\/","title":{"rendered":"Marketing e Arquitetura Comercial: A alian\u00e7a"},"content":{"rendered":"<p>A <strong>concep\u00e7\u00e3o de um neg\u00f3cio<\/strong> \u00e9 sem d\u00favida alguma um grande momento na vida do empreendedor. Sua concretiza\u00e7\u00e3o envolve sonhos, projetos de vida, realiza\u00e7\u00e3o profissional, e, do mesmo modo, quest\u00f5es fundamentais como <strong>a marca e seu conceito, o plano estrat\u00e9gico de marketing e o modelo de vendas<\/strong>.<\/p>\n<p><strong>Encontrar diferenciais e investir em uma atua\u00e7\u00e3o inovadora<\/strong> comp\u00f5em a regra para se destacar no <strong>mercado cada vez mais competitivo<\/strong>. Como fator que une todas essas vari\u00e1veis est\u00e1 a <strong>Arquitetura Comercial<\/strong>.<\/p>\n<p>Pode ser uma loja, padaria, livraria, um sal\u00e3o de beleza, restaurante, caf\u00e9, n\u00e3o importa, seu <strong>estabelecimento comercial<\/strong> deve ser o seu maior atrativo, <strong>a sua maior propaganda<\/strong>. Afinal, quem n\u00e3o se sente tentado a entrar em um lugar bem organizado, iluminado e que <strong>apresenta de forma clara aquilo que estamos procurando?<\/strong><\/p>\n<p>A <strong>alian\u00e7a entre a Arquitetura e o Marketing<\/strong> \u00e9 capaz de gerar <strong>projetos<\/strong> <strong>comerciais<\/strong> mais funcionais, personalizados, com consistente fundamenta\u00e7\u00e3o conceitual e <strong>forte apelo de venda<\/strong>, aliando as necessidades de seus consumidores a divulga\u00e7\u00e3o de sua marca, apresentando sua <strong>proposta de consumo e atendimento<\/strong>.<\/p>\n<p>A seguir alguns projetos desenvolvidos pela <strong>DABUS ARQUITETURA<\/strong>:<\/p>\n<p><object classid=\"clsid:d27cdb6e-ae6d-11cf-96b8-444553540000\" codebase=\"http:\/\/download.macromedia.com\/pub\/shockwave\/cabs\/flash\/swflash.cab#version=6,0,40,0\" width=\"413\" height=\"333\"><param name=\"allowFullScreen\" value=\"true\"><param name=\"allowscriptaccess\" value=\"always\"><param name=\"src\" value=\"http:\/\/www.youtube.com\/v\/YfSGtG38H7s&amp;hl=pt_BR&amp;fs=1\"><param name=\"allowfullscreen\" value=\"true\"><embed type=\"application\/x-shockwave-flash\" src=\"http:\/\/www.youtube.com\/v\/YfSGtG38H7s&amp;hl=pt_BR&amp;fs=1\" allowscriptaccess=\"always\" allowfullscreen=\"allowfullscreen\" width=\"413\" height=\"333\"><\/object><\/p>\n<p>Hoje <strong>as pessoas procuram muito mais por servi\u00e7os do que por mercadorias<\/strong>. Elas querem <strong>viver experi\u00eanicas agrad\u00e1veis<\/strong>, pois com a internet ficou f\u00e1cil encontrar produtos. O que diferencia uma <strong>compra presencial <\/strong>de uma<strong> compra online <\/strong>\u00e9 a experi\u00eancia do atendimento, da sensa\u00e7\u00e3o de estar em um lugar que lhe oferece conforto, relacionamento e um prazer est\u00e9tico diferenciado. A partir da\u00ed ampliam-se os<strong> benef\u00edcios comerciais <\/strong>do empreendimento.<\/p>\n<p>A <strong>Arquitetura Comercial<\/strong> aliada ao <strong>Marketing <\/strong>influencia o <strong>comportamento do consumidor<\/strong>, sendo capaz n\u00e3o s\u00f3 de atra\u00ed-lo, mas tamb\u00e9m de <strong>direcionar o seu tempo e percurso dentro do estabelecimento<\/strong>, assim como a percep\u00e7\u00e3o ideal e a <strong>sensa\u00e7\u00e3o agrad\u00e1vel<\/strong> que resultar\u00e1 em maior <strong>motiva\u00e7\u00e3o para a compra<\/strong>.<\/p>\n<p>A <a title=\"Saiba Mais!\" href=\"http:\/\/www.dabusarquitetura.com.br\/blog\/2010\/06\/a-importancia-do-manual-de-identidade-visual-para-redes-de-franquias\/\" target=\"_self\" rel=\"noopener noreferrer\"><strong>caracteriza\u00e7\u00e3o da<\/strong> <strong>marca e identidade visual<\/strong><\/a> s\u00e3o os pontos de partida dos <strong>projetos comerciais da DABUS ARQUITETURA<\/strong>, desenvolvidos para que sua mensagem e objetivos sejam <strong>comunicados integrada e imediatamente<\/strong>, tanto na concep\u00e7\u00e3o arquitet\u00f4nica, quanto no <em>design <\/em>do ambiente.<\/p>\n<p>O seu empreendimento \u00e9 \u00fanico, por isso n\u00f3s o estudamos profundamente para que a <strong>Arquitetura Comercial<\/strong> seja eficiente e gere <strong>resultados de neg\u00f3cios.<br \/>\n<\/strong><\/p>\n<p>Para saber como podemos te ajudar basta <a title=\"Clique Aqui!\" href=\"http:\/\/www.dabusarquitetura.com.br\/blog\/fale-conosco\/\" target=\"_self\" rel=\"noopener noreferrer\"><strong>entrar em contato conosco<\/strong><\/a>. N\u00f3s queremos conhecer o seu sonho e transform\u00e1-lo em realidade&#8230;<\/p>\n","protected":false},"excerpt":{"rendered":"<p>A concep\u00e7\u00e3o de um neg\u00f3cio \u00e9 sem d\u00favida alguma um grande momento na vida do empreendedor. Sua concretiza\u00e7\u00e3o envolve sonhos, projetos de vida, realiza\u00e7\u00e3o profissional, [&hellip;]<\/p>\n","protected":false},"author":3,"featured_media":0,"comment_status":"open","ping_status":"open","sticky":false,"template":"","format":"standard","meta":[],"categories":[6,25],"tags":[272,32,29,39,38,40,36,37],"yoast_head":"<!-- This site is optimized with the Yoast SEO plugin v20.8 - https:\/\/yoast.com\/wordpress\/plugins\/seo\/ -->\n<title>Marketing e Arquitetura Comercial: A alian\u00e7a - DABUS ARQUITETURA<\/title>\n<meta name=\"robots\" content=\"index, follow, max-snippet:-1, max-image-preview:large, max-video-preview:-1\" \/>\n<link rel=\"canonical\" href=\"https:\/\/www.dabusarquitetura.com.br\/blog\/marketing-e-arquitetura-comercial-a-alianca\/\" \/>\n<meta property=\"og:locale\" content=\"pt_BR\" \/>\n<meta property=\"og:type\" content=\"article\" \/>\n<meta property=\"og:title\" content=\"Marketing e Arquitetura Comercial: A alian\u00e7a - DABUS ARQUITETURA\" \/>\n<meta property=\"og:description\" content=\"A concep\u00e7\u00e3o de um neg\u00f3cio \u00e9 sem d\u00favida alguma um grande momento na vida do empreendedor. Sua concretiza\u00e7\u00e3o envolve sonhos, projetos de vida, realiza\u00e7\u00e3o profissional, [&hellip;]\" \/>\n<meta property=\"og:url\" content=\"https:\/\/www.dabusarquitetura.com.br\/blog\/marketing-e-arquitetura-comercial-a-alianca\/\" \/>\n<meta property=\"og:site_name\" content=\"DABUS ARQUITETURA\" \/>\n<meta property=\"article:published_time\" content=\"2010-07-07T09:00:50+00:00\" \/>\n<meta property=\"article:modified_time\" content=\"2022-07-25T16:58:59+00:00\" \/>\n<meta name=\"author\" content=\"heloisa.dabus\" \/>\n<meta name=\"twitter:card\" content=\"summary_large_image\" \/>\n<meta name=\"twitter:label1\" content=\"Escrito por\" \/>\n\t<meta name=\"twitter:data1\" content=\"heloisa.dabus\" \/>\n\t<meta name=\"twitter:label2\" content=\"Est. tempo de leitura\" \/>\n\t<meta name=\"twitter:data2\" content=\"2 minutos\" \/>\n<script type=\"application\/ld+json\" class=\"yoast-schema-graph\">{\"@context\":\"https:\/\/schema.org\",\"@graph\":[{\"@type\":\"WebPage\",\"@id\":\"https:\/\/www.dabusarquitetura.com.br\/blog\/marketing-e-arquitetura-comercial-a-alianca\/\",\"url\":\"https:\/\/www.dabusarquitetura.com.br\/blog\/marketing-e-arquitetura-comercial-a-alianca\/\",\"name\":\"Marketing e Arquitetura Comercial: A alian\u00e7a - DABUS ARQUITETURA\",\"isPartOf\":{\"@id\":\"https:\/\/www.dabusarquitetura.com.br\/blog\/#website\"},\"datePublished\":\"2010-07-07T09:00:50+00:00\",\"dateModified\":\"2022-07-25T16:58:59+00:00\",\"author\":{\"@id\":\"https:\/\/www.dabusarquitetura.com.br\/blog\/#\/schema\/person\/978b78d74759412a1cd43634996237c4\"},\"breadcrumb\":{\"@id\":\"https:\/\/www.dabusarquitetura.com.br\/blog\/marketing-e-arquitetura-comercial-a-alianca\/#breadcrumb\"},\"inLanguage\":\"pt-BR\",\"potentialAction\":[{\"@type\":\"ReadAction\",\"target\":[\"https:\/\/www.dabusarquitetura.com.br\/blog\/marketing-e-arquitetura-comercial-a-alianca\/\"]}]},{\"@type\":\"BreadcrumbList\",\"@id\":\"https:\/\/www.dabusarquitetura.com.br\/blog\/marketing-e-arquitetura-comercial-a-alianca\/#breadcrumb\",\"itemListElement\":[{\"@type\":\"ListItem\",\"position\":1,\"name\":\"In\u00edcio\",\"item\":\"https:\/\/www.dabusarquitetura.com.br\/blog\/\"},{\"@type\":\"ListItem\",\"position\":2,\"name\":\"Marketing e Arquitetura Comercial: A alian\u00e7a\"}]},{\"@type\":\"WebSite\",\"@id\":\"https:\/\/www.dabusarquitetura.com.br\/blog\/#website\",\"url\":\"https:\/\/www.dabusarquitetura.com.br\/blog\/\",\"name\":\"DABUS ARQUITETURA\",\"description\":\"Arquitetura Corporativa\",\"potentialAction\":[{\"@type\":\"SearchAction\",\"target\":{\"@type\":\"EntryPoint\",\"urlTemplate\":\"https:\/\/www.dabusarquitetura.com.br\/blog\/?s={search_term_string}\"},\"query-input\":\"required name=search_term_string\"}],\"inLanguage\":\"pt-BR\"},{\"@type\":\"Person\",\"@id\":\"https:\/\/www.dabusarquitetura.com.br\/blog\/#\/schema\/person\/978b78d74759412a1cd43634996237c4\",\"name\":\"heloisa.dabus\",\"image\":{\"@type\":\"ImageObject\",\"inLanguage\":\"pt-BR\",\"@id\":\"https:\/\/www.dabusarquitetura.com.br\/blog\/#\/schema\/person\/image\/\",\"url\":\"https:\/\/secure.gravatar.com\/avatar\/4078f4f8e54fb70a99a5e9edc642ecb1?s=96&d=mm&r=g\",\"contentUrl\":\"https:\/\/secure.gravatar.com\/avatar\/4078f4f8e54fb70a99a5e9edc642ecb1?s=96&d=mm&r=g\",\"caption\":\"heloisa.dabus\"},\"url\":\"https:\/\/www.dabusarquitetura.com.br\/blog\/author\/heloisa-dabus\/\"}]}<\/script>\n<!-- \/ Yoast SEO plugin. -->","yoast_head_json":{"title":"Marketing e Arquitetura Comercial: A alian\u00e7a - DABUS ARQUITETURA","robots":{"index":"index","follow":"follow","max-snippet":"max-snippet:-1","max-image-preview":"max-image-preview:large","max-video-preview":"max-video-preview:-1"},"canonical":"https:\/\/www.dabusarquitetura.com.br\/blog\/marketing-e-arquitetura-comercial-a-alianca\/","og_locale":"pt_BR","og_type":"article","og_title":"Marketing e Arquitetura Comercial: A alian\u00e7a - DABUS ARQUITETURA","og_description":"A concep\u00e7\u00e3o de um neg\u00f3cio \u00e9 sem d\u00favida alguma um grande momento na vida do empreendedor. Sua concretiza\u00e7\u00e3o envolve sonhos, projetos de vida, realiza\u00e7\u00e3o profissional, [&hellip;]","og_url":"https:\/\/www.dabusarquitetura.com.br\/blog\/marketing-e-arquitetura-comercial-a-alianca\/","og_site_name":"DABUS ARQUITETURA","article_published_time":"2010-07-07T09:00:50+00:00","article_modified_time":"2022-07-25T16:58:59+00:00","author":"heloisa.dabus","twitter_card":"summary_large_image","twitter_misc":{"Escrito por":"heloisa.dabus","Est. tempo de leitura":"2 minutos"},"schema":{"@context":"https:\/\/schema.org","@graph":[{"@type":"WebPage","@id":"https:\/\/www.dabusarquitetura.com.br\/blog\/marketing-e-arquitetura-comercial-a-alianca\/","url":"https:\/\/www.dabusarquitetura.com.br\/blog\/marketing-e-arquitetura-comercial-a-alianca\/","name":"Marketing e Arquitetura Comercial: A alian\u00e7a - DABUS ARQUITETURA","isPartOf":{"@id":"https:\/\/www.dabusarquitetura.com.br\/blog\/#website"},"datePublished":"2010-07-07T09:00:50+00:00","dateModified":"2022-07-25T16:58:59+00:00","author":{"@id":"https:\/\/www.dabusarquitetura.com.br\/blog\/#\/schema\/person\/978b78d74759412a1cd43634996237c4"},"breadcrumb":{"@id":"https:\/\/www.dabusarquitetura.com.br\/blog\/marketing-e-arquitetura-comercial-a-alianca\/#breadcrumb"},"inLanguage":"pt-BR","potentialAction":[{"@type":"ReadAction","target":["https:\/\/www.dabusarquitetura.com.br\/blog\/marketing-e-arquitetura-comercial-a-alianca\/"]}]},{"@type":"BreadcrumbList","@id":"https:\/\/www.dabusarquitetura.com.br\/blog\/marketing-e-arquitetura-comercial-a-alianca\/#breadcrumb","itemListElement":[{"@type":"ListItem","position":1,"name":"In\u00edcio","item":"https:\/\/www.dabusarquitetura.com.br\/blog\/"},{"@type":"ListItem","position":2,"name":"Marketing e Arquitetura Comercial: A alian\u00e7a"}]},{"@type":"WebSite","@id":"https:\/\/www.dabusarquitetura.com.br\/blog\/#website","url":"https:\/\/www.dabusarquitetura.com.br\/blog\/","name":"DABUS ARQUITETURA","description":"Arquitetura Corporativa","potentialAction":[{"@type":"SearchAction","target":{"@type":"EntryPoint","urlTemplate":"https:\/\/www.dabusarquitetura.com.br\/blog\/?s={search_term_string}"},"query-input":"required name=search_term_string"}],"inLanguage":"pt-BR"},{"@type":"Person","@id":"https:\/\/www.dabusarquitetura.com.br\/blog\/#\/schema\/person\/978b78d74759412a1cd43634996237c4","name":"heloisa.dabus","image":{"@type":"ImageObject","inLanguage":"pt-BR","@id":"https:\/\/www.dabusarquitetura.com.br\/blog\/#\/schema\/person\/image\/","url":"https:\/\/secure.gravatar.com\/avatar\/4078f4f8e54fb70a99a5e9edc642ecb1?s=96&d=mm&r=g","contentUrl":"https:\/\/secure.gravatar.com\/avatar\/4078f4f8e54fb70a99a5e9edc642ecb1?s=96&d=mm&r=g","caption":"heloisa.dabus"},"url":"https:\/\/www.dabusarquitetura.com.br\/blog\/author\/heloisa-dabus\/"}]}},"_links":{"self":[{"href":"https:\/\/www.dabusarquitetura.com.br\/blog\/wp-json\/wp\/v2\/posts\/193"}],"collection":[{"href":"https:\/\/www.dabusarquitetura.com.br\/blog\/wp-json\/wp\/v2\/posts"}],"about":[{"href":"https:\/\/www.dabusarquitetura.com.br\/blog\/wp-json\/wp\/v2\/types\/post"}],"author":[{"embeddable":true,"href":"https:\/\/www.dabusarquitetura.com.br\/blog\/wp-json\/wp\/v2\/users\/3"}],"replies":[{"embeddable":true,"href":"https:\/\/www.dabusarquitetura.com.br\/blog\/wp-json\/wp\/v2\/comments?post=193"}],"version-history":[{"count":1,"href":"https:\/\/www.dabusarquitetura.com.br\/blog\/wp-json\/wp\/v2\/posts\/193\/revisions"}],"predecessor-version":[{"id":16119,"href":"https:\/\/www.dabusarquitetura.com.br\/blog\/wp-json\/wp\/v2\/posts\/193\/revisions\/16119"}],"wp:attachment":[{"href":"https:\/\/www.dabusarquitetura.com.br\/blog\/wp-json\/wp\/v2\/media?parent=193"}],"wp:term":[{"taxonomy":"category","embeddable":true,"href":"https:\/\/www.dabusarquitetura.com.br\/blog\/wp-json\/wp\/v2\/categories?post=193"},{"taxonomy":"post_tag","embeddable":true,"href":"https:\/\/www.dabusarquitetura.com.br\/blog\/wp-json\/wp\/v2\/tags?post=193"}],"curies":[{"name":"wp","href":"https:\/\/api.w.org\/{rel}","templated":true}]}}