{"id":1907,"date":"2010-10-27T15:41:23","date_gmt":"2010-10-27T15:41:23","guid":{"rendered":"http:\/\/www.dabus.com.br\/blog\/?p=1907"},"modified":"2022-07-25T20:08:33","modified_gmt":"2022-07-25T17:08:33","slug":"identidade-elegancia-e-funcionalidade-o-papel-dos-revestimentos-na-arquitetura-corporativa","status":"publish","type":"post","link":"https:\/\/www.dabusarquitetura.com.br\/blog\/identidade-elegancia-e-funcionalidade-o-papel-dos-revestimentos-na-arquitetura-corporativa\/","title":{"rendered":"Identidade, eleg\u00e2ncia e funcionalidade: O papel dos revestimentos na Arquitetura Corporativa"},"content":{"rendered":"<p><em>Quando o assunto \u00e9 <strong>&#8220;revestimento para ambientes corporativos&#8221;<\/strong> \u00e9 imprescind\u00edvel pensar em solu\u00e7\u00f5es que valorizem <strong>a funcionalidade, a eleg\u00e2ncia e a<\/strong><strong> identidade da empresa,<\/strong> tendo o <strong>&#8220;adequamento&#8221;<\/strong> como a palavra de ordem.<\/em><\/p>\n<p>Os revestimentos traduzem <strong>personalidade, estilo, sobriedade ou descontra\u00e7\u00e3o, sofistica\u00e7\u00e3o ou despojamento, <\/strong>entre outras caracter\u00edsticas que precisam estar claras na<strong> Arquitetura Corporativa,<\/strong> uma vez que <strong>ela ir\u00e1 interferir diretamente na vis\u00e3o e no conceito percebidos por clientes e fornecedores, assim como pelos pr\u00f3prios funcion\u00e1rios.<\/strong><\/p>\n<p><strong>Aplicados da maneira certa e nos lugares certos,<\/strong> os revestimentos podem garantir por muito tempo a performance adequada do <strong>espa\u00e7o corporativo. <\/strong>Para isto, uma dica fundamental \u00e9<strong> nunca utilizar revestimentos de parede em pisos,<\/strong> pois, por mais que pare\u00e7am resistentes, eles quebrar\u00e3o com facilidade.<\/p>\n<p>Uma solu\u00e7\u00e3o pr\u00e1tica que vem se destacando s\u00e3o os <strong>carpetes em placas <\/strong>que, ao contr\u00e1rio dos carpetes em rolo, oferecem <strong>maior possibilidade de aproveitamento futuro, <\/strong>bem como a facilidade para eventual remanejamento, al\u00e9m de possibilitar a troca da placa e n\u00e3o da sala no caso de algum incidente.<\/p>\n<p>Seguindo esta tend\u00eancia, os <strong>carpetes com fio de nylon<\/strong> t\u00eam sido bastante utilizados por serem resistentes, f\u00e1ceis de limpar e por n\u00e3o ficarem com marcas ap\u00f3s a movimenta\u00e7\u00e3o de m\u00f3veis.<\/p>\n<p>V\u00e1rias marcas de carpete importado est\u00e3o ganhando for\u00e7a no mercado como a <a title=\"interfaceflorla.com\/brasil\" href=\"http:\/\/www.interfaceflorla.com\/brasil\/\" target=\"_blank\" rel=\"noopener noreferrer\">Interface<\/a> e a <a title=\"millikencarpet.com\" href=\"http:\/\/www.millikencarpet.com\/Pages\/GlobalHome.aspx\" target=\"_blank\" rel=\"noopener noreferrer\">Milliken<\/a>. J\u00e1 entre os nacionais se destacam a <a title=\"beaulieu.com.br\" href=\"http:\/\/www.beaulieu.com.br\/\" target=\"_blank\" rel=\"noopener noreferrer\">Beaulieu<\/a> e a <a title=\"veronacarpetes.com.br\" href=\"http:\/\/www.veronacarpetes.com.br\/\" target=\"_blank\" rel=\"noopener noreferrer\">Verona.<\/a> Vale a pena conferir!<\/p>\n<p>\u00c9 importante lembrar que a defini\u00e7\u00e3o do <strong>tipo de material<\/strong> depender\u00e1 muito do uso que ser\u00e1 feito de cada local. Por exemplo: os <strong>carpetes <\/strong>s\u00e3o indicados para escrit\u00f3rios e ambientes corporativos onde n\u00e3o h\u00e1 grandes press\u00f5es de cargas. J\u00e1 em locais onde h\u00e1 grande fluxo de pessoas os<strong> pisos laminados e vin\u00edlicos<\/strong> s\u00e3o os mais adequados. Os <strong>emborrachados <\/strong>al\u00e9m de poderem ser usados como revestimentos para pisos elevados tamb\u00e9m servem para cobrir contrapisos de concreto.<\/p>\n<blockquote><p>A <a title=\"fademac.com.br\" href=\"http:\/\/www.fademac.com.br\/novo\/\" target=\"_blank\" rel=\"noopener noreferrer\">Fademac<\/a> tem solu\u00e7\u00f5es muito interessantes para \u00e1rea de trabalho com produtos diferenciados para utiliza\u00e7\u00e3o em escrit\u00f3rios&#8221; &#8211; <strong>Heloisa Dabus.<\/strong><\/p><\/blockquote>\n<div id=\"attachment_2037\" style=\"width: 198px\" class=\"wp-caption alignleft\"><a title=\"Clique Aqui!\" href=\"http:\/\/www.fademac.com.br\/novo\/handler.php?module=fademac&amp;action=view&amp;section=1&amp;article=3&amp;area=5&amp;ambiente=19&amp;familia=28&amp;produto=41\" target=\"_blank\" rel=\"noopener noreferrer\"><img aria-describedby=\"caption-attachment-2037\" decoding=\"async\" loading=\"lazy\" class=\"size-full wp-image-2037  \" title=\"Fademac - Ambientada\" src=\"http:\/\/www.dabusarquitetura.com.br\/blog\/wp-content\/uploads\/2010\/10\/Fademac-Ambientada.jpg\" alt=\"\" width=\"188\" height=\"192\"><\/a><p id=\"caption-attachment-2037\" class=\"wp-caption-text\">Piso vin\u00edlico da Fademac criado a partir de PVC reciclado &#8211; Linha Ambienta\u00ae, piso tipo &#8220;liso&#8221;.<\/p><\/div>\n<div id=\"attachment_2048\" style=\"width: 198px\" class=\"wp-caption alignright\"><a title=\"Clique Aqui!\" href=\"http:\/\/www.fademac.com.br\/novo\/handler.php?module=fademac&amp;action=view&amp;section=1&amp;article=3&amp;area=5&amp;ambiente=19&amp;familia=28&amp;produto=45\" target=\"_blank\" rel=\"noopener noreferrer\"><img aria-describedby=\"caption-attachment-2048\" decoding=\"async\" loading=\"lazy\" class=\"size-full wp-image-2048\" title=\"Fademac - Ambientada, Bambu\" src=\"http:\/\/www.dabusarquitetura.com.br\/blog\/wp-content\/uploads\/2010\/10\/Fademac-Ambientada-Bambu.jpg\" alt=\"\" width=\"188\" height=\"192\"><\/a><p id=\"caption-attachment-2048\" class=\"wp-caption-text\">Piso vin\u00edlico da Fademac criado a partir de PVC reciclado &#8211; Linha Ambienta\u00ae, piso tipo &#8220;bambu&#8221;.<\/p><\/div>\n<p style=\"text-align: left;\">Atualmente a variedade (e qualidade) dos materiais de revestimento dispon\u00edveis \u00e9 enorme, apresentando in\u00fameras possibilidades para a <strong>composi\u00e7\u00e3o de ambientes corporativos. <\/strong>Mas, vale destacar que para eles a grande tend\u00eancia s\u00e3o as<strong> solu\u00e7\u00f5es ecologicamente corretas.<\/strong><\/p>\n<p>Um projeto completo de <strong>Arquitetura Corporativa<\/strong> \u00e9 capaz de identificar as necessidades da sua empresa e prever solu\u00e7\u00f5es que as atendam de modo exclusivo, associando <strong>novas tend\u00eancias e tecnologias<\/strong> em benef\u00edcio de <strong>ambientes elegantes e funcionais,<\/strong> onde <strong>os revestimentos reafirmam a identidade corporativa com estilo e conforto.<\/strong><\/p>\n<h3>Quer saber quais s\u00e3o as melhores aplica\u00e7\u00f5es para a sua empresa?<\/h3>\n<p>Ent\u00e3o <a title=\"Clique Aqui!\" href=\"..\/..\/..\/..\/..\/fale-conosco\/\" target=\"_self\" rel=\"noopener noreferrer\"><strong>entre em contato<\/strong><\/a> com a <a title=\"Quem Somos\" href=\"..\/..\/..\/..\/..\/quem-somos\/\" target=\"_self\" rel=\"noopener noreferrer\"><strong>DABUS ARQUITETURA<\/strong><\/a> e saiba como podemos te atender.<\/p>\n<p>O mercado, assim como todos os seus clientes e funcion\u00e1rios, com certeza, <strong>sentir\u00e3o a diferen\u00e7a&#8230;<\/strong><\/p>\n","protected":false},"excerpt":{"rendered":"<p>Quando o assunto \u00e9 &#8220;revestimento para ambientes corporativos&#8221; \u00e9 imprescind\u00edvel pensar em solu\u00e7\u00f5es que valorizem a funcionalidade, a eleg\u00e2ncia e a identidade da empresa, tendo [&hellip;]<\/p>\n","protected":false},"author":3,"featured_media":0,"comment_status":"open","ping_status":"open","sticky":false,"template":"","format":"standard","meta":[],"categories":[7,49],"tags":[273,83,23,29,38,54,84,122,121,120,65],"yoast_head":"<!-- This site is optimized with the Yoast SEO plugin v20.8 - https:\/\/yoast.com\/wordpress\/plugins\/seo\/ -->\n<title>Identidade, eleg\u00e2ncia e funcionalidade: O papel dos revestimentos na Arquitetura Corporativa - DABUS ARQUITETURA<\/title>\n<meta name=\"robots\" content=\"index, follow, max-snippet:-1, max-image-preview:large, max-video-preview:-1\" \/>\n<link rel=\"canonical\" href=\"https:\/\/www.dabusarquitetura.com.br\/blog\/identidade-elegancia-e-funcionalidade-o-papel-dos-revestimentos-na-arquitetura-corporativa\/\" \/>\n<meta property=\"og:locale\" content=\"pt_BR\" \/>\n<meta property=\"og:type\" content=\"article\" \/>\n<meta property=\"og:title\" content=\"Identidade, eleg\u00e2ncia e funcionalidade: O papel dos revestimentos na Arquitetura Corporativa - DABUS ARQUITETURA\" \/>\n<meta property=\"og:description\" content=\"Quando o assunto \u00e9 &#8220;revestimento para ambientes corporativos&#8221; \u00e9 imprescind\u00edvel pensar em solu\u00e7\u00f5es que valorizem a funcionalidade, a eleg\u00e2ncia e a identidade da empresa, tendo [&hellip;]\" \/>\n<meta property=\"og:url\" content=\"https:\/\/www.dabusarquitetura.com.br\/blog\/identidade-elegancia-e-funcionalidade-o-papel-dos-revestimentos-na-arquitetura-corporativa\/\" \/>\n<meta property=\"og:site_name\" content=\"DABUS ARQUITETURA\" \/>\n<meta property=\"article:published_time\" content=\"2010-10-27T15:41:23+00:00\" \/>\n<meta property=\"article:modified_time\" content=\"2022-07-25T17:08:33+00:00\" \/>\n<meta property=\"og:image\" content=\"http:\/\/www.dabusarquitetura.com.br\/blog\/wp-content\/uploads\/2010\/10\/Fademac-Ambientada.jpg\" \/>\n<meta name=\"author\" content=\"heloisa.dabus\" \/>\n<meta name=\"twitter:card\" content=\"summary_large_image\" \/>\n<meta name=\"twitter:label1\" content=\"Escrito por\" \/>\n\t<meta name=\"twitter:data1\" content=\"heloisa.dabus\" \/>\n\t<meta name=\"twitter:label2\" content=\"Est. tempo de leitura\" \/>\n\t<meta name=\"twitter:data2\" content=\"3 minutos\" \/>\n<script type=\"application\/ld+json\" class=\"yoast-schema-graph\">{\"@context\":\"https:\/\/schema.org\",\"@graph\":[{\"@type\":\"WebPage\",\"@id\":\"https:\/\/www.dabusarquitetura.com.br\/blog\/identidade-elegancia-e-funcionalidade-o-papel-dos-revestimentos-na-arquitetura-corporativa\/\",\"url\":\"https:\/\/www.dabusarquitetura.com.br\/blog\/identidade-elegancia-e-funcionalidade-o-papel-dos-revestimentos-na-arquitetura-corporativa\/\",\"name\":\"Identidade, eleg\u00e2ncia e funcionalidade: O papel dos revestimentos na Arquitetura Corporativa - DABUS ARQUITETURA\",\"isPartOf\":{\"@id\":\"https:\/\/www.dabusarquitetura.com.br\/blog\/#website\"},\"datePublished\":\"2010-10-27T15:41:23+00:00\",\"dateModified\":\"2022-07-25T17:08:33+00:00\",\"author\":{\"@id\":\"https:\/\/www.dabusarquitetura.com.br\/blog\/#\/schema\/person\/978b78d74759412a1cd43634996237c4\"},\"breadcrumb\":{\"@id\":\"https:\/\/www.dabusarquitetura.com.br\/blog\/identidade-elegancia-e-funcionalidade-o-papel-dos-revestimentos-na-arquitetura-corporativa\/#breadcrumb\"},\"inLanguage\":\"pt-BR\",\"potentialAction\":[{\"@type\":\"ReadAction\",\"target\":[\"https:\/\/www.dabusarquitetura.com.br\/blog\/identidade-elegancia-e-funcionalidade-o-papel-dos-revestimentos-na-arquitetura-corporativa\/\"]}]},{\"@type\":\"BreadcrumbList\",\"@id\":\"https:\/\/www.dabusarquitetura.com.br\/blog\/identidade-elegancia-e-funcionalidade-o-papel-dos-revestimentos-na-arquitetura-corporativa\/#breadcrumb\",\"itemListElement\":[{\"@type\":\"ListItem\",\"position\":1,\"name\":\"In\u00edcio\",\"item\":\"https:\/\/www.dabusarquitetura.com.br\/blog\/\"},{\"@type\":\"ListItem\",\"position\":2,\"name\":\"Identidade, eleg\u00e2ncia e funcionalidade: O papel dos revestimentos na Arquitetura Corporativa\"}]},{\"@type\":\"WebSite\",\"@id\":\"https:\/\/www.dabusarquitetura.com.br\/blog\/#website\",\"url\":\"https:\/\/www.dabusarquitetura.com.br\/blog\/\",\"name\":\"DABUS ARQUITETURA\",\"description\":\"Arquitetura Corporativa\",\"potentialAction\":[{\"@type\":\"SearchAction\",\"target\":{\"@type\":\"EntryPoint\",\"urlTemplate\":\"https:\/\/www.dabusarquitetura.com.br\/blog\/?s={search_term_string}\"},\"query-input\":\"required name=search_term_string\"}],\"inLanguage\":\"pt-BR\"},{\"@type\":\"Person\",\"@id\":\"https:\/\/www.dabusarquitetura.com.br\/blog\/#\/schema\/person\/978b78d74759412a1cd43634996237c4\",\"name\":\"heloisa.dabus\",\"image\":{\"@type\":\"ImageObject\",\"inLanguage\":\"pt-BR\",\"@id\":\"https:\/\/www.dabusarquitetura.com.br\/blog\/#\/schema\/person\/image\/\",\"url\":\"https:\/\/secure.gravatar.com\/avatar\/4078f4f8e54fb70a99a5e9edc642ecb1?s=96&d=mm&r=g\",\"contentUrl\":\"https:\/\/secure.gravatar.com\/avatar\/4078f4f8e54fb70a99a5e9edc642ecb1?s=96&d=mm&r=g\",\"caption\":\"heloisa.dabus\"},\"url\":\"https:\/\/www.dabusarquitetura.com.br\/blog\/author\/heloisa-dabus\/\"}]}<\/script>\n<!-- \/ Yoast SEO plugin. -->","yoast_head_json":{"title":"Identidade, eleg\u00e2ncia e funcionalidade: O papel dos revestimentos na Arquitetura Corporativa - DABUS ARQUITETURA","robots":{"index":"index","follow":"follow","max-snippet":"max-snippet:-1","max-image-preview":"max-image-preview:large","max-video-preview":"max-video-preview:-1"},"canonical":"https:\/\/www.dabusarquitetura.com.br\/blog\/identidade-elegancia-e-funcionalidade-o-papel-dos-revestimentos-na-arquitetura-corporativa\/","og_locale":"pt_BR","og_type":"article","og_title":"Identidade, eleg\u00e2ncia e funcionalidade: O papel dos revestimentos na Arquitetura Corporativa - DABUS ARQUITETURA","og_description":"Quando o assunto \u00e9 &#8220;revestimento para ambientes corporativos&#8221; \u00e9 imprescind\u00edvel pensar em solu\u00e7\u00f5es que valorizem a funcionalidade, a eleg\u00e2ncia e a identidade da empresa, tendo [&hellip;]","og_url":"https:\/\/www.dabusarquitetura.com.br\/blog\/identidade-elegancia-e-funcionalidade-o-papel-dos-revestimentos-na-arquitetura-corporativa\/","og_site_name":"DABUS ARQUITETURA","article_published_time":"2010-10-27T15:41:23+00:00","article_modified_time":"2022-07-25T17:08:33+00:00","og_image":[{"url":"http:\/\/www.dabusarquitetura.com.br\/blog\/wp-content\/uploads\/2010\/10\/Fademac-Ambientada.jpg"}],"author":"heloisa.dabus","twitter_card":"summary_large_image","twitter_misc":{"Escrito por":"heloisa.dabus","Est. tempo de leitura":"3 minutos"},"schema":{"@context":"https:\/\/schema.org","@graph":[{"@type":"WebPage","@id":"https:\/\/www.dabusarquitetura.com.br\/blog\/identidade-elegancia-e-funcionalidade-o-papel-dos-revestimentos-na-arquitetura-corporativa\/","url":"https:\/\/www.dabusarquitetura.com.br\/blog\/identidade-elegancia-e-funcionalidade-o-papel-dos-revestimentos-na-arquitetura-corporativa\/","name":"Identidade, eleg\u00e2ncia e funcionalidade: O papel dos revestimentos na Arquitetura Corporativa - DABUS ARQUITETURA","isPartOf":{"@id":"https:\/\/www.dabusarquitetura.com.br\/blog\/#website"},"datePublished":"2010-10-27T15:41:23+00:00","dateModified":"2022-07-25T17:08:33+00:00","author":{"@id":"https:\/\/www.dabusarquitetura.com.br\/blog\/#\/schema\/person\/978b78d74759412a1cd43634996237c4"},"breadcrumb":{"@id":"https:\/\/www.dabusarquitetura.com.br\/blog\/identidade-elegancia-e-funcionalidade-o-papel-dos-revestimentos-na-arquitetura-corporativa\/#breadcrumb"},"inLanguage":"pt-BR","potentialAction":[{"@type":"ReadAction","target":["https:\/\/www.dabusarquitetura.com.br\/blog\/identidade-elegancia-e-funcionalidade-o-papel-dos-revestimentos-na-arquitetura-corporativa\/"]}]},{"@type":"BreadcrumbList","@id":"https:\/\/www.dabusarquitetura.com.br\/blog\/identidade-elegancia-e-funcionalidade-o-papel-dos-revestimentos-na-arquitetura-corporativa\/#breadcrumb","itemListElement":[{"@type":"ListItem","position":1,"name":"In\u00edcio","item":"https:\/\/www.dabusarquitetura.com.br\/blog\/"},{"@type":"ListItem","position":2,"name":"Identidade, eleg\u00e2ncia e funcionalidade: O papel dos revestimentos na Arquitetura Corporativa"}]},{"@type":"WebSite","@id":"https:\/\/www.dabusarquitetura.com.br\/blog\/#website","url":"https:\/\/www.dabusarquitetura.com.br\/blog\/","name":"DABUS ARQUITETURA","description":"Arquitetura Corporativa","potentialAction":[{"@type":"SearchAction","target":{"@type":"EntryPoint","urlTemplate":"https:\/\/www.dabusarquitetura.com.br\/blog\/?s={search_term_string}"},"query-input":"required name=search_term_string"}],"inLanguage":"pt-BR"},{"@type":"Person","@id":"https:\/\/www.dabusarquitetura.com.br\/blog\/#\/schema\/person\/978b78d74759412a1cd43634996237c4","name":"heloisa.dabus","image":{"@type":"ImageObject","inLanguage":"pt-BR","@id":"https:\/\/www.dabusarquitetura.com.br\/blog\/#\/schema\/person\/image\/","url":"https:\/\/secure.gravatar.com\/avatar\/4078f4f8e54fb70a99a5e9edc642ecb1?s=96&d=mm&r=g","contentUrl":"https:\/\/secure.gravatar.com\/avatar\/4078f4f8e54fb70a99a5e9edc642ecb1?s=96&d=mm&r=g","caption":"heloisa.dabus"},"url":"https:\/\/www.dabusarquitetura.com.br\/blog\/author\/heloisa-dabus\/"}]}},"_links":{"self":[{"href":"https:\/\/www.dabusarquitetura.com.br\/blog\/wp-json\/wp\/v2\/posts\/1907"}],"collection":[{"href":"https:\/\/www.dabusarquitetura.com.br\/blog\/wp-json\/wp\/v2\/posts"}],"about":[{"href":"https:\/\/www.dabusarquitetura.com.br\/blog\/wp-json\/wp\/v2\/types\/post"}],"author":[{"embeddable":true,"href":"https:\/\/www.dabusarquitetura.com.br\/blog\/wp-json\/wp\/v2\/users\/3"}],"replies":[{"embeddable":true,"href":"https:\/\/www.dabusarquitetura.com.br\/blog\/wp-json\/wp\/v2\/comments?post=1907"}],"version-history":[{"count":1,"href":"https:\/\/www.dabusarquitetura.com.br\/blog\/wp-json\/wp\/v2\/posts\/1907\/revisions"}],"predecessor-version":[{"id":16140,"href":"https:\/\/www.dabusarquitetura.com.br\/blog\/wp-json\/wp\/v2\/posts\/1907\/revisions\/16140"}],"wp:attachment":[{"href":"https:\/\/www.dabusarquitetura.com.br\/blog\/wp-json\/wp\/v2\/media?parent=1907"}],"wp:term":[{"taxonomy":"category","embeddable":true,"href":"https:\/\/www.dabusarquitetura.com.br\/blog\/wp-json\/wp\/v2\/categories?post=1907"},{"taxonomy":"post_tag","embeddable":true,"href":"https:\/\/www.dabusarquitetura.com.br\/blog\/wp-json\/wp\/v2\/tags?post=1907"}],"curies":[{"name":"wp","href":"https:\/\/api.w.org\/{rel}","templated":true}]}}