{"id":17907,"date":"2026-04-27T19:24:59","date_gmt":"2026-04-27T16:24:59","guid":{"rendered":"https:\/\/www.dabusarquitetura.com.br\/blog\/?p=17907"},"modified":"2026-04-27T19:25:06","modified_gmt":"2026-04-27T16:25:06","slug":"erros-arquitetura-climatizacao-corporativa","status":"publish","type":"post","link":"https:\/\/www.dabusarquitetura.com.br\/blog\/erros-arquitetura-climatizacao-corporativa\/","title":{"rendered":"7 erros de Arquitetura que comprometem a climatiza\u00e7\u00e3o corporativa"},"content":{"rendered":"<div class=\"wp-block-image\">\n<figure class=\"aligncenter size-full\"><img decoding=\"async\" loading=\"lazy\" width=\"1024\" height=\"436\" src=\"https:\/\/www.dabusarquitetura.com.br\/blog\/wp-content\/uploads\/2026\/04\/WhatsApp-Image-2022-05-10-at-12.29.36-1.jpeg\" alt=\"Climatiza\u00e7\u00e3o corporativa na Arquitetura \" class=\"wp-image-17909\" title=\"Projeto DABUS ARQUITETURA\" srcset=\"https:\/\/www.dabusarquitetura.com.br\/blog\/wp-content\/uploads\/2026\/04\/WhatsApp-Image-2022-05-10-at-12.29.36-1.jpeg 1024w, https:\/\/www.dabusarquitetura.com.br\/blog\/wp-content\/uploads\/2026\/04\/WhatsApp-Image-2022-05-10-at-12.29.36-1-300x128.jpeg 300w, https:\/\/www.dabusarquitetura.com.br\/blog\/wp-content\/uploads\/2026\/04\/WhatsApp-Image-2022-05-10-at-12.29.36-1-768x327.jpeg 768w\" sizes=\"(max-width: 1024px) 100vw, 1024px\" \/><figcaption class=\"wp-element-caption\">Solu\u00e7\u00f5es inteligentes integradas \u00e0 Arquitetura favorecem a climatiza\u00e7\u00e3o nos escrit\u00f3rios.<\/figcaption><\/figure><\/div>\n\n\n<p>A <strong>climatiza\u00e7\u00e3o corporativa<\/strong> \u00e9 um dos fatores mais cr\u00edticos para o desempenho dos ambientes de trabalho. Ainda assim, muitos projetos negligenciam decis\u00f5es fundamentais de Arquitetura. Isso <strong>compromete o conforto, aumenta custos operacionais e reduz a produtividad<\/strong>e. Portanto, entender os erros mais comuns \u00e9 essencial para evitar problemas recorrentes no dia a dia.<\/p>\n\n\n\n<p>Al\u00e9m disso, a climatiza\u00e7\u00e3o corporativa n\u00e3o depende apenas de equipamentos. Ela come\u00e7a no desenho do espa\u00e7o. Nesse sentido, <strong>escolhas arquitet\u00f4nicas impactam diretamente o controle t\u00e9rmico<\/strong>. Assim, ignorar esses pontos pode gerar ambientes desconfort\u00e1veis e ineficientes.<\/p>\n\n\n\n<p>Quer saber mais? Ent\u00e3o, acompanhe o post de hoje!&nbsp;<\/p>\n\n\n\n<h2 class=\"wp-block-heading\">1. Ignorar a orienta\u00e7\u00e3o solar do edif\u00edcio<\/h2>\n\n\n\n<p>A incid\u00eancia solar <strong>influencia diretamente a temperatura interna<\/strong>. Ambientes muito expostos ao sol tendem a aquecer mais. Entretanto, muitos projetos n\u00e3o consideram esse fator desde o in\u00edcio.<\/p>\n\n\n\n<p>Por isso, fachadas mal posicionadas aumentam a carga t\u00e9rmica. E, consequentemente, exigem <strong>maior esfor\u00e7o dos sistemas de climatiza\u00e7\u00e3o<\/strong>. Desse modo, o consumo de energia tamb\u00e9m cresce.<\/p>\n\n\n\n<h3 class=\"wp-block-heading\">2. Uso inadequado de materiais<\/h3>\n\n\n\n<p>Os materiais t\u00eam papel fundamental na troca t\u00e9rmica. <strong>Superf\u00edcies que absorvem muito calor prejudicam o equil\u00edbrio do ambiente<\/strong>. Contudo, essa escolha muitas vezes \u00e9 feita apenas com base est\u00e9tica.<\/p>\n\n\n\n<p>Al\u00e9m disso, a falta de <a href=\"https:\/\/www.dabusarquitetura.com.br\/blog\/estrategias-conforto-termico-no-escritorio\/\"><strong>isolamento t\u00e9rmico<\/strong><\/a> agrava o problema. Portanto, especificar materiais adequados \u00e9 essencial para uma climatiza\u00e7\u00e3o corporativa eficiente.<\/p>\n\n\n\n<h3 class=\"wp-block-heading\">3. Falta de integra\u00e7\u00e3o entre Arquitetura e sistemas de climatiza\u00e7\u00e3o<\/h3>\n\n\n\n<p>Um erro recorrente \u00e9 tratar a climatiza\u00e7\u00e3o como etapa final. Os equipamentos s\u00e3o inseridos depois que o projeto j\u00e1 est\u00e1 definido. Entretanto, isso limita as solu\u00e7\u00f5es.<\/p>\n\n\n\n<p>Nesse sentido, <strong>a integra\u00e7\u00e3o desde o in\u00edcio permite melhores resultados<\/strong>. Assim, o sistema funciona de forma mais eficiente e equilibrada.<\/p>\n\n\n\n<h3 class=\"wp-block-heading\">4. Layout que bloqueia circula\u00e7\u00e3o de ar<\/h3>\n\n\n\n<p>A disposi\u00e7\u00e3o do mobili\u00e1rio interfere diretamente no fluxo de ar. <strong>Ambientes muito densos dificultam a ventila\u00e7\u00e3o<\/strong>. Al\u00e9m disso, criam zonas de calor e desconforto.<\/p>\n\n\n\n<p>Portanto, <strong>o <\/strong><a href=\"https:\/\/www.dabusarquitetura.com.br\/blog\/sucesso-layout-corporativo-influencia-kpis\/\"><strong>layout<\/strong><\/a><strong> precisa considerar a circula\u00e7\u00e3o natural e mec\u00e2nica<\/strong>. A\u00ed sim a climatiza\u00e7\u00e3o corporativa se torna mais uniforme.<\/p>\n\n\n\n<h3 class=\"wp-block-heading\">5. Ilumina\u00e7\u00e3o que gera calor excessivo<\/h3>\n\n\n\n<p>A ilumina\u00e7\u00e3o artificial tamb\u00e9m impacta a temperatura. <strong>L\u00e2mpadas inadequadas emitem calor e sobrecarregam o ambiente<\/strong>. Todavia, esse fator costuma ser negligenciado.<\/p>\n\n\n\n<p>Al\u00e9m disso, a <strong>falta de aproveitamento da luz natural <\/strong>aumenta o uso da artificial. Por isso, o planejamento luminot\u00e9cnico deve estar alinhado \u00e0 <a href=\"https:\/\/www.dabusarquitetura.com.br\/site\/arquitetura-corporativa\"><strong>Arquitetura Corporativa<\/strong><\/a>.<\/p>\n\n\n\n<h3 class=\"wp-block-heading\">6. Aus\u00eancia de estrat\u00e9gias passivas<\/h3>\n\n\n\n<p>Estrat\u00e9gias passivas s\u00e3o solu\u00e7\u00f5es que <strong>reduzem a depend\u00eancia de sistemas mec\u00e2nicos<\/strong>. Ventila\u00e7\u00e3o cruzada, sombreamento e uso de brises s\u00e3o alguns exemplos. Entretanto, nem sempre s\u00e3o explorados.<\/p>\n\n\n\n<p>Assim, o ambiente se torna dependente de ar-condicionado e, consequentemente, <strong>menos eficiente<\/strong>. Nesse sentido, a Arquitetura deve atuar de forma inteligente desde o in\u00edcio.<\/p>\n\n\n\n<h3 class=\"wp-block-heading\">7. Climatiza\u00e7\u00e3o corporativa tratada como detalhe<\/h3>\n\n\n\n<p>Climatiza\u00e7\u00e3o corporativa n\u00e3o \u00e9 complemento, \u00e9 estrat\u00e9gia! Talvez o maior erro seja subestimar a import\u00e2ncia desse fator. Muitas empresas enxergam como um quesito meramente t\u00e9cnico. Contudo, ele <strong>impacta diretamente o bem-estar e a produtividade dos ocupantes<\/strong>.<\/p>\n\n\n\n<p>Escrit\u00f3rios desconfort\u00e1veis afetam a concentra\u00e7\u00e3o e tamb\u00e9m a percep\u00e7\u00e3o de qualidade do espa\u00e7o. Portanto, tratar esse tema como prioridade \u00e9 fundamental.<\/p>\n\n\n\n<h3 class=\"wp-block-heading\">Arquitetura que equilibra conforto e efici\u00eancia<\/h3>\n\n\n\n<p>A climatiza\u00e7\u00e3o corporativa eficiente <strong>nasce de decis\u00f5es integradas<\/strong>. Arquitetura, tecnologia e estrat\u00e9gia devem caminhar juntas. Assim, \u00e9 poss\u00edvel criar ambientes mais saud\u00e1veis e produtivos.<\/p>\n\n\n\n<p>Nesse sentido, todos os detalhes importam. Desde a orienta\u00e7\u00e3o solar at\u00e9 a escolha dos materiais. Na <strong>DABUS ARQUITETURA<\/strong>, cada projeto \u00e9 pensado para entregar desempenho real. Criamos ambientes que equilibram conforto t\u00e9rmico, efici\u00eancia e experi\u00eancia.<\/p>\n\n\n\n<p>Fale com a gente e transforme seu local de trabalho. Chame no <a href=\"https:\/\/api.whatsapp.com\/send?l=pt&amp;phone=5511983276060\" target=\"_blank\" rel=\"noreferrer noopener\"><strong>WhatsApp: 11 98327-6060<\/strong><\/a>.<\/p>\n","protected":false},"excerpt":{"rendered":"<p>A climatiza\u00e7\u00e3o corporativa \u00e9 um dos fatores mais cr\u00edticos para o desempenho dos ambientes de trabalho. Ainda assim, muitos projetos negligenciam decis\u00f5es fundamentais de Arquitetura. [&hellip;]<\/p>\n","protected":false},"author":3,"featured_media":0,"comment_status":"open","ping_status":"open","sticky":false,"template":"","format":"standard","meta":[],"categories":[7],"tags":[],"yoast_head":"<!-- This site is optimized with the Yoast SEO plugin v20.8 - https:\/\/yoast.com\/wordpress\/plugins\/seo\/ -->\n<title>7 erros que comprometem a climatiza\u00e7\u00e3o corporativa<\/title>\n<meta name=\"description\" content=\"A climatiza\u00e7\u00e3o corporativa deve ser encarada como estrat\u00e9gia e n\u00e3o mera aplica\u00e7\u00e3o t\u00e9cnica. Evite esses erros e tenha mais desempenho!\" \/>\n<meta name=\"robots\" content=\"index, follow, max-snippet:-1, max-image-preview:large, max-video-preview:-1\" \/>\n<link rel=\"canonical\" href=\"https:\/\/www.dabusarquitetura.com.br\/blog\/erros-arquitetura-climatizacao-corporativa\/\" \/>\n<meta property=\"og:locale\" content=\"pt_BR\" \/>\n<meta property=\"og:type\" content=\"article\" \/>\n<meta property=\"og:title\" content=\"7 erros que comprometem a climatiza\u00e7\u00e3o corporativa\" \/>\n<meta property=\"og:description\" content=\"A climatiza\u00e7\u00e3o corporativa deve ser encarada como estrat\u00e9gia e n\u00e3o mera aplica\u00e7\u00e3o t\u00e9cnica. Evite esses erros e tenha mais desempenho!\" \/>\n<meta property=\"og:url\" content=\"https:\/\/www.dabusarquitetura.com.br\/blog\/erros-arquitetura-climatizacao-corporativa\/\" \/>\n<meta property=\"og:site_name\" content=\"DABUS ARQUITETURA\" \/>\n<meta property=\"article:published_time\" content=\"2026-04-27T16:24:59+00:00\" \/>\n<meta property=\"article:modified_time\" content=\"2026-04-27T16:25:06+00:00\" \/>\n<meta property=\"og:image\" content=\"https:\/\/www.dabusarquitetura.com.br\/blog\/wp-content\/uploads\/2026\/04\/WhatsApp-Image-2022-05-10-at-12.29.36-1.jpeg\" \/>\n<meta name=\"author\" content=\"heloisa.dabus\" \/>\n<meta name=\"twitter:card\" content=\"summary_large_image\" \/>\n<meta name=\"twitter:label1\" content=\"Escrito por\" \/>\n\t<meta name=\"twitter:data1\" content=\"heloisa.dabus\" \/>\n\t<meta name=\"twitter:label2\" content=\"Est. tempo de leitura\" \/>\n\t<meta name=\"twitter:data2\" content=\"4 minutos\" \/>\n<script type=\"application\/ld+json\" class=\"yoast-schema-graph\">{\"@context\":\"https:\/\/schema.org\",\"@graph\":[{\"@type\":\"WebPage\",\"@id\":\"https:\/\/www.dabusarquitetura.com.br\/blog\/erros-arquitetura-climatizacao-corporativa\/\",\"url\":\"https:\/\/www.dabusarquitetura.com.br\/blog\/erros-arquitetura-climatizacao-corporativa\/\",\"name\":\"7 erros que comprometem a climatiza\u00e7\u00e3o corporativa\",\"isPartOf\":{\"@id\":\"https:\/\/www.dabusarquitetura.com.br\/blog\/#website\"},\"datePublished\":\"2026-04-27T16:24:59+00:00\",\"dateModified\":\"2026-04-27T16:25:06+00:00\",\"author\":{\"@id\":\"https:\/\/www.dabusarquitetura.com.br\/blog\/#\/schema\/person\/978b78d74759412a1cd43634996237c4\"},\"description\":\"A climatiza\u00e7\u00e3o corporativa deve ser encarada como estrat\u00e9gia e n\u00e3o mera aplica\u00e7\u00e3o t\u00e9cnica. Evite esses erros e tenha mais desempenho!\",\"breadcrumb\":{\"@id\":\"https:\/\/www.dabusarquitetura.com.br\/blog\/erros-arquitetura-climatizacao-corporativa\/#breadcrumb\"},\"inLanguage\":\"pt-BR\",\"potentialAction\":[{\"@type\":\"ReadAction\",\"target\":[\"https:\/\/www.dabusarquitetura.com.br\/blog\/erros-arquitetura-climatizacao-corporativa\/\"]}]},{\"@type\":\"BreadcrumbList\",\"@id\":\"https:\/\/www.dabusarquitetura.com.br\/blog\/erros-arquitetura-climatizacao-corporativa\/#breadcrumb\",\"itemListElement\":[{\"@type\":\"ListItem\",\"position\":1,\"name\":\"In\u00edcio\",\"item\":\"https:\/\/www.dabusarquitetura.com.br\/blog\/\"},{\"@type\":\"ListItem\",\"position\":2,\"name\":\"7 erros de Arquitetura que comprometem a climatiza\u00e7\u00e3o corporativa\"}]},{\"@type\":\"WebSite\",\"@id\":\"https:\/\/www.dabusarquitetura.com.br\/blog\/#website\",\"url\":\"https:\/\/www.dabusarquitetura.com.br\/blog\/\",\"name\":\"DABUS ARQUITETURA\",\"description\":\"Arquitetura Corporativa\",\"potentialAction\":[{\"@type\":\"SearchAction\",\"target\":{\"@type\":\"EntryPoint\",\"urlTemplate\":\"https:\/\/www.dabusarquitetura.com.br\/blog\/?s={search_term_string}\"},\"query-input\":\"required name=search_term_string\"}],\"inLanguage\":\"pt-BR\"},{\"@type\":\"Person\",\"@id\":\"https:\/\/www.dabusarquitetura.com.br\/blog\/#\/schema\/person\/978b78d74759412a1cd43634996237c4\",\"name\":\"heloisa.dabus\",\"image\":{\"@type\":\"ImageObject\",\"inLanguage\":\"pt-BR\",\"@id\":\"https:\/\/www.dabusarquitetura.com.br\/blog\/#\/schema\/person\/image\/\",\"url\":\"https:\/\/secure.gravatar.com\/avatar\/4078f4f8e54fb70a99a5e9edc642ecb1?s=96&d=mm&r=g\",\"contentUrl\":\"https:\/\/secure.gravatar.com\/avatar\/4078f4f8e54fb70a99a5e9edc642ecb1?s=96&d=mm&r=g\",\"caption\":\"heloisa.dabus\"},\"url\":\"https:\/\/www.dabusarquitetura.com.br\/blog\/author\/heloisa-dabus\/\"}]}<\/script>\n<!-- \/ Yoast SEO plugin. -->","yoast_head_json":{"title":"7 erros que comprometem a climatiza\u00e7\u00e3o corporativa","description":"A climatiza\u00e7\u00e3o corporativa deve ser encarada como estrat\u00e9gia e n\u00e3o mera aplica\u00e7\u00e3o t\u00e9cnica. Evite esses erros e tenha mais desempenho!","robots":{"index":"index","follow":"follow","max-snippet":"max-snippet:-1","max-image-preview":"max-image-preview:large","max-video-preview":"max-video-preview:-1"},"canonical":"https:\/\/www.dabusarquitetura.com.br\/blog\/erros-arquitetura-climatizacao-corporativa\/","og_locale":"pt_BR","og_type":"article","og_title":"7 erros que comprometem a climatiza\u00e7\u00e3o corporativa","og_description":"A climatiza\u00e7\u00e3o corporativa deve ser encarada como estrat\u00e9gia e n\u00e3o mera aplica\u00e7\u00e3o t\u00e9cnica. Evite esses erros e tenha mais desempenho!","og_url":"https:\/\/www.dabusarquitetura.com.br\/blog\/erros-arquitetura-climatizacao-corporativa\/","og_site_name":"DABUS ARQUITETURA","article_published_time":"2026-04-27T16:24:59+00:00","article_modified_time":"2026-04-27T16:25:06+00:00","og_image":[{"url":"https:\/\/www.dabusarquitetura.com.br\/blog\/wp-content\/uploads\/2026\/04\/WhatsApp-Image-2022-05-10-at-12.29.36-1.jpeg"}],"author":"heloisa.dabus","twitter_card":"summary_large_image","twitter_misc":{"Escrito por":"heloisa.dabus","Est. tempo de leitura":"4 minutos"},"schema":{"@context":"https:\/\/schema.org","@graph":[{"@type":"WebPage","@id":"https:\/\/www.dabusarquitetura.com.br\/blog\/erros-arquitetura-climatizacao-corporativa\/","url":"https:\/\/www.dabusarquitetura.com.br\/blog\/erros-arquitetura-climatizacao-corporativa\/","name":"7 erros que comprometem a climatiza\u00e7\u00e3o corporativa","isPartOf":{"@id":"https:\/\/www.dabusarquitetura.com.br\/blog\/#website"},"datePublished":"2026-04-27T16:24:59+00:00","dateModified":"2026-04-27T16:25:06+00:00","author":{"@id":"https:\/\/www.dabusarquitetura.com.br\/blog\/#\/schema\/person\/978b78d74759412a1cd43634996237c4"},"description":"A climatiza\u00e7\u00e3o corporativa deve ser encarada como estrat\u00e9gia e n\u00e3o mera aplica\u00e7\u00e3o t\u00e9cnica. Evite esses erros e tenha mais desempenho!","breadcrumb":{"@id":"https:\/\/www.dabusarquitetura.com.br\/blog\/erros-arquitetura-climatizacao-corporativa\/#breadcrumb"},"inLanguage":"pt-BR","potentialAction":[{"@type":"ReadAction","target":["https:\/\/www.dabusarquitetura.com.br\/blog\/erros-arquitetura-climatizacao-corporativa\/"]}]},{"@type":"BreadcrumbList","@id":"https:\/\/www.dabusarquitetura.com.br\/blog\/erros-arquitetura-climatizacao-corporativa\/#breadcrumb","itemListElement":[{"@type":"ListItem","position":1,"name":"In\u00edcio","item":"https:\/\/www.dabusarquitetura.com.br\/blog\/"},{"@type":"ListItem","position":2,"name":"7 erros de Arquitetura que comprometem a climatiza\u00e7\u00e3o corporativa"}]},{"@type":"WebSite","@id":"https:\/\/www.dabusarquitetura.com.br\/blog\/#website","url":"https:\/\/www.dabusarquitetura.com.br\/blog\/","name":"DABUS ARQUITETURA","description":"Arquitetura Corporativa","potentialAction":[{"@type":"SearchAction","target":{"@type":"EntryPoint","urlTemplate":"https:\/\/www.dabusarquitetura.com.br\/blog\/?s={search_term_string}"},"query-input":"required name=search_term_string"}],"inLanguage":"pt-BR"},{"@type":"Person","@id":"https:\/\/www.dabusarquitetura.com.br\/blog\/#\/schema\/person\/978b78d74759412a1cd43634996237c4","name":"heloisa.dabus","image":{"@type":"ImageObject","inLanguage":"pt-BR","@id":"https:\/\/www.dabusarquitetura.com.br\/blog\/#\/schema\/person\/image\/","url":"https:\/\/secure.gravatar.com\/avatar\/4078f4f8e54fb70a99a5e9edc642ecb1?s=96&d=mm&r=g","contentUrl":"https:\/\/secure.gravatar.com\/avatar\/4078f4f8e54fb70a99a5e9edc642ecb1?s=96&d=mm&r=g","caption":"heloisa.dabus"},"url":"https:\/\/www.dabusarquitetura.com.br\/blog\/author\/heloisa-dabus\/"}]}},"_links":{"self":[{"href":"https:\/\/www.dabusarquitetura.com.br\/blog\/wp-json\/wp\/v2\/posts\/17907"}],"collection":[{"href":"https:\/\/www.dabusarquitetura.com.br\/blog\/wp-json\/wp\/v2\/posts"}],"about":[{"href":"https:\/\/www.dabusarquitetura.com.br\/blog\/wp-json\/wp\/v2\/types\/post"}],"author":[{"embeddable":true,"href":"https:\/\/www.dabusarquitetura.com.br\/blog\/wp-json\/wp\/v2\/users\/3"}],"replies":[{"embeddable":true,"href":"https:\/\/www.dabusarquitetura.com.br\/blog\/wp-json\/wp\/v2\/comments?post=17907"}],"version-history":[{"count":3,"href":"https:\/\/www.dabusarquitetura.com.br\/blog\/wp-json\/wp\/v2\/posts\/17907\/revisions"}],"predecessor-version":[{"id":17911,"href":"https:\/\/www.dabusarquitetura.com.br\/blog\/wp-json\/wp\/v2\/posts\/17907\/revisions\/17911"}],"wp:attachment":[{"href":"https:\/\/www.dabusarquitetura.com.br\/blog\/wp-json\/wp\/v2\/media?parent=17907"}],"wp:term":[{"taxonomy":"category","embeddable":true,"href":"https:\/\/www.dabusarquitetura.com.br\/blog\/wp-json\/wp\/v2\/categories?post=17907"},{"taxonomy":"post_tag","embeddable":true,"href":"https:\/\/www.dabusarquitetura.com.br\/blog\/wp-json\/wp\/v2\/tags?post=17907"}],"curies":[{"name":"wp","href":"https:\/\/api.w.org\/{rel}","templated":true}]}}