{"id":17864,"date":"2026-03-17T16:10:15","date_gmt":"2026-03-17T13:10:15","guid":{"rendered":"https:\/\/www.dabusarquitetura.com.br\/blog\/?p=17864"},"modified":"2026-03-17T16:11:30","modified_gmt":"2026-03-17T13:11:30","slug":"arquitetura-desenvolvimento-infantil-escolas","status":"publish","type":"post","link":"https:\/\/www.dabusarquitetura.com.br\/blog\/arquitetura-desenvolvimento-infantil-escolas\/","title":{"rendered":"Como a Arquitetura impulsiona o desenvolvimento infantil nas escolas?"},"content":{"rendered":"<div class=\"wp-block-image\">\n<figure class=\"aligncenter size-large\"><img decoding=\"async\" loading=\"lazy\" width=\"1024\" height=\"421\" src=\"https:\/\/www.dabusarquitetura.com.br\/blog\/wp-content\/uploads\/2026\/03\/arquitetura-desenvolvimento-infantil--1024x421.jpg\" alt=\"Arquitetura e desenvolvimento infantil \" class=\"wp-image-17866\" title=\"Projeto DABUS ARQUITETURA\" srcset=\"https:\/\/www.dabusarquitetura.com.br\/blog\/wp-content\/uploads\/2026\/03\/arquitetura-desenvolvimento-infantil--1024x421.jpg 1024w, https:\/\/www.dabusarquitetura.com.br\/blog\/wp-content\/uploads\/2026\/03\/arquitetura-desenvolvimento-infantil--300x123.jpg 300w, https:\/\/www.dabusarquitetura.com.br\/blog\/wp-content\/uploads\/2026\/03\/arquitetura-desenvolvimento-infantil--768x316.jpg 768w, https:\/\/www.dabusarquitetura.com.br\/blog\/wp-content\/uploads\/2026\/03\/arquitetura-desenvolvimento-infantil-.jpg 1280w\" sizes=\"(max-width: 1024px) 100vw, 1024px\" \/><\/figure><\/div>\n\n\n<p>O <strong>desenvolvimento infantil <\/strong>est\u00e1 diretamente relacionado aos est\u00edmulos que a crian\u00e7a recebe no ambiente escolar. Nesse sentido, a Arquitetura deixa de ser apenas suporte f\u00edsico e passa a atuar como <strong>ferramenta estrat\u00e9gica no aprendizado<\/strong>. Contudo, projetar espa\u00e7os educacionais exige vis\u00e3o integrada entre pedagogia, comportamento e funcionalidade.<\/p>\n\n\n\n<p>Assim, escolas que <strong>investem em planejamento arquitet\u00f4nico adequado<\/strong> conseguem potencializar habilidades cognitivas, emocionais e sociais desde os primeiros anos. Al\u00e9m disso, o espa\u00e7o influencia a forma como as crian\u00e7as exploram, interagem e <strong>constroem autonomia<\/strong>.&nbsp;<\/p>\n\n\n\n<p>Por isso, ambientes bem estruturados contribuem para uma experi\u00eancia educacional mais rica e significativa. Portanto, compreender o papel da Arquitetura no desenvolvimento infantil \u00e9 essencial para institui\u00e7\u00f5es que desejam <strong>inovar e fortalecer sua proposta pedag\u00f3gica<\/strong>.<\/p>\n\n\n\n<h2 class=\"wp-block-heading\">Ambientes que estimulam autonomia e descobertas<\/h2>\n\n\n\n<p>A autonomia infantil \u00e9 constru\u00edda gradualmente. Mas, o ambiente f\u00edsico pode <strong>acelerar ou limitar <\/strong>esse processo. Assim, projetos escolares devem considerar a escala dos ocupantes, a clareza dos fluxos e a organiza\u00e7\u00e3o intuitiva dos espa\u00e7os.<\/p>\n\n\n\n<p>Al\u00e9m disso, circula\u00e7\u00f5es amplas e \u00e1reas de conviv\u00eancia acess\u00edveis favorecem a seguran\u00e7a e a liberdade ao mesmo tempo. Nesse sentido, a Arquitetura cria condi\u00e7\u00f5es para que os alunos experimentem o espa\u00e7o com confian\u00e7a.<\/p>\n\n\n\n<p>Projetos educacionais contempor\u00e2neos t\u00eam priorizado ambientes integrados e visualmente conectados. Em iniciativas recentes desenvolvidas pela <strong>DABUS ARQUITETURA<\/strong>, como o <a href=\"https:\/\/www.dabusarquitetura.com.br\/blog\/solucoes-ambiente-escolar-fourc\/\"><strong>projeto de expans\u00e3o da FourC Bilingual Academy<\/strong><\/a> em Bauru-SP, essa estrat\u00e9gia foi adotada para estimular a intera\u00e7\u00e3o e a curiosidade desde a Educa\u00e7\u00e3o Infantil.<\/p>\n\n\n\n<h3 class=\"wp-block-heading\">Desenvolvimento infantil e aprendizagem ativa<\/h3>\n\n\n\n<p>O desenvolvimento infantil tamb\u00e9m depende das metodologias educacionais adotadas pela escola. Contudo, essas pr\u00e1ticas precisam ser apoiadas por espa\u00e7os flex\u00edveis e adapt\u00e1veis. Por isso, a <a href=\"https:\/\/www.dabusarquitetura.com.br\/site\/arquitetura-escolas\"><strong>Arquitetura Escolar<\/strong><\/a> deve prever <strong>salas modulares e ambientes multifuncionais<\/strong>.<\/p>\n\n\n\n<p>Assim, o mesmo espa\u00e7o pode receber atividades colaborativas, momentos de concentra\u00e7\u00e3o ou experi\u00eancias pr\u00e1ticas. Al\u00e9m disso, <strong>a integra\u00e7\u00e3o entre \u00e1reas internas e externas amplia as possibilidades pedag\u00f3gicas<\/strong>.<\/p>\n\n\n\n<p>Projetos recentes t\u00eam incorporado p\u00e1tios educativos e \u00e1reas verdes como extens\u00e3o das salas de aula. Desse modo, <strong>o aprendizado acontece de forma mais din\u00e2mica e envolvente<\/strong>. No caso da nova unidade da FourC, por exemplo, o planejamento arquitet\u00f4nico incluiu espa\u00e7os amplos e contato direto com a natureza, refor\u00e7ando <strong>metodologias de aprendizagem ativa<\/strong>.<\/p>\n\n\n\n<h3 class=\"wp-block-heading\">Natureza, bem-estar e est\u00edmulos sensoriais<\/h3>\n\n\n\n<p>A presen\u00e7a de elementos naturais contribui significativamente para o <strong>equil\u00edbrio emocional das crian\u00e7as<\/strong>. Entretanto, esse cuidado ainda n\u00e3o \u00e9 prioridade em muitos projetos escolares. Assim, o <strong>design biof\u00edlico<\/strong> surge como solu\u00e7\u00e3o para promover bem-estar e concentra\u00e7\u00e3o.<\/p>\n\n\n\n<p>Ilumina\u00e7\u00e3o natural abundante, ventila\u00e7\u00e3o cruzada e uso de materiais org\u00e2nicos criam ambientes mais saud\u00e1veis. Al\u00e9m disso, <strong>favorecem o v\u00ednculo afetivo com o espa\u00e7o<\/strong>. Logo, a Arquitetura Escolar precisa considerar esses aspectos desde a concep\u00e7\u00e3o do projeto.<\/p>\n\n\n\n<p>Solu\u00e7\u00f5es desse tipo t\u00eam sido aplicadas em projetos educacionais desenvolvidos pela <strong>DABUS ARQUITETURA<\/strong>, com foco em <strong>fortalecer o desenvolvimento infantil&nbsp; por meio da rela\u00e7\u00e3o entre ambiente e est\u00edmulo sensorial<\/strong>.<\/p>\n\n\n\n<h3 class=\"wp-block-heading\">Flexibilidade e vis\u00e3o de crescimento institucional<\/h3>\n\n\n\n<p>As institui\u00e7\u00f5es de ensino precisam <strong>acompanhar mudan\u00e7as pedag\u00f3gicas e demandas de mercado<\/strong>. Contudo, muitas enfrentam limita\u00e7\u00f5es f\u00edsicas que dificultam esse processo. Ent\u00e3o, o planejamento arquitet\u00f4nico deve prever possibilidades de expans\u00e3o e reorganiza\u00e7\u00e3o dos espa\u00e7os.<\/p>\n\n\n\n<p>Ambientes compartilhados e infraestrutura adapt\u00e1vel permitem <strong>crescimento sustent\u00e1vel<\/strong>. Tamb\u00e9m contribuem para a efici\u00eancia operacional e a otimiza\u00e7\u00e3o de recursos. Com isso, a Arquitetura Escolar se torna uma verdadeira aliada da gest\u00e3o estrat\u00e9gica.<\/p>\n\n\n\n<p>Projetos de amplia\u00e7\u00e3o, como o da FourC em Bauru, demonstram como \u00e9 poss\u00edvel estruturar novas unidades <strong>mantendo identidade arquitet\u00f4nica e coer\u00eancia funcional<\/strong> entre os edif\u00edcios.<\/p>\n\n\n\n<h3 class=\"wp-block-heading\">Arquitetura como investimento no desenvolvimento infantil<\/h3>\n\n\n\n<p>O ambiente escolar influencia a <strong>percep\u00e7\u00e3o da qualidade educacional <\/strong>por parte das fam\u00edlias. Nesse sentido, espa\u00e7os bem planejados fortalecem a imagem institucional e contribuem para reten\u00e7\u00e3o e atra\u00e7\u00e3o de alunos. Al\u00e9m disso, promovem experi\u00eancias mais significativas no cotidiano escolar.<\/p>\n\n\n\n<p>Por isso, a Arquitetura deve ser vista como <strong>investimento no presente e no futuro da educa\u00e7\u00e3o<\/strong>. Projetos alinhados \u00e0s necessidades pedag\u00f3gicas potencializam resultados e favorecem o desenvolvimento infantil de forma integrada.<\/p>\n\n\n\n<p>A DABUS ARQUITETURA possui <strong>expertise na cria\u00e7\u00e3o de ambientes educacionais inovadores<\/strong>, humanizados e estrat\u00e9gicos. Se sua escola busca evoluir por meio do espa\u00e7o, fale com nossa equipe pelo <a href=\"https:\/\/api.whatsapp.com\/send?l=pt&amp;phone=5511983276060\" target=\"_blank\" rel=\"noreferrer noopener\"><strong>WhatsApp 11 98327-6060<\/strong><\/a>.<\/p>\n","protected":false},"excerpt":{"rendered":"<p>O desenvolvimento infantil est\u00e1 diretamente relacionado aos est\u00edmulos que a crian\u00e7a recebe no ambiente escolar. Nesse sentido, a Arquitetura deixa de ser apenas suporte f\u00edsico [&hellip;]<\/p>\n","protected":false},"author":3,"featured_media":0,"comment_status":"open","ping_status":"open","sticky":false,"template":"","format":"standard","meta":[],"categories":[268],"tags":[],"yoast_head":"<!-- This site is optimized with the Yoast SEO plugin v20.8 - https:\/\/yoast.com\/wordpress\/plugins\/seo\/ -->\n<title>Arquitetura e desenvolvimento infantil nas escolas<\/title>\n<meta name=\"description\" content=\"O desenvolvimento infantil exige uma serie de compet\u00eancias que podem ser apoiadas pelo espa\u00e7o. Entenda o que a Arquitetura pode fazer!\" \/>\n<meta name=\"robots\" content=\"index, follow, max-snippet:-1, max-image-preview:large, max-video-preview:-1\" \/>\n<link rel=\"canonical\" href=\"https:\/\/www.dabusarquitetura.com.br\/blog\/arquitetura-desenvolvimento-infantil-escolas\/\" \/>\n<meta property=\"og:locale\" content=\"pt_BR\" \/>\n<meta property=\"og:type\" content=\"article\" \/>\n<meta property=\"og:title\" content=\"Arquitetura e desenvolvimento infantil nas escolas\" \/>\n<meta property=\"og:description\" content=\"O desenvolvimento infantil exige uma serie de compet\u00eancias que podem ser apoiadas pelo espa\u00e7o. Entenda o que a Arquitetura pode fazer!\" \/>\n<meta property=\"og:url\" content=\"https:\/\/www.dabusarquitetura.com.br\/blog\/arquitetura-desenvolvimento-infantil-escolas\/\" \/>\n<meta property=\"og:site_name\" content=\"DABUS ARQUITETURA\" \/>\n<meta property=\"article:published_time\" content=\"2026-03-17T13:10:15+00:00\" \/>\n<meta property=\"article:modified_time\" content=\"2026-03-17T13:11:30+00:00\" \/>\n<meta property=\"og:image\" content=\"https:\/\/www.dabusarquitetura.com.br\/blog\/wp-content\/uploads\/2026\/03\/arquitetura-desenvolvimento-infantil--1024x421.jpg\" \/>\n<meta name=\"author\" content=\"heloisa.dabus\" \/>\n<meta name=\"twitter:card\" content=\"summary_large_image\" \/>\n<meta name=\"twitter:label1\" content=\"Escrito por\" \/>\n\t<meta name=\"twitter:data1\" content=\"heloisa.dabus\" \/>\n\t<meta name=\"twitter:label2\" content=\"Est. tempo de leitura\" \/>\n\t<meta name=\"twitter:data2\" content=\"4 minutos\" \/>\n<script type=\"application\/ld+json\" class=\"yoast-schema-graph\">{\"@context\":\"https:\/\/schema.org\",\"@graph\":[{\"@type\":\"WebPage\",\"@id\":\"https:\/\/www.dabusarquitetura.com.br\/blog\/arquitetura-desenvolvimento-infantil-escolas\/\",\"url\":\"https:\/\/www.dabusarquitetura.com.br\/blog\/arquitetura-desenvolvimento-infantil-escolas\/\",\"name\":\"Arquitetura e desenvolvimento infantil nas escolas\",\"isPartOf\":{\"@id\":\"https:\/\/www.dabusarquitetura.com.br\/blog\/#website\"},\"datePublished\":\"2026-03-17T13:10:15+00:00\",\"dateModified\":\"2026-03-17T13:11:30+00:00\",\"author\":{\"@id\":\"https:\/\/www.dabusarquitetura.com.br\/blog\/#\/schema\/person\/978b78d74759412a1cd43634996237c4\"},\"description\":\"O desenvolvimento infantil exige uma serie de compet\u00eancias que podem ser apoiadas pelo espa\u00e7o. Entenda o que a Arquitetura pode fazer!\",\"breadcrumb\":{\"@id\":\"https:\/\/www.dabusarquitetura.com.br\/blog\/arquitetura-desenvolvimento-infantil-escolas\/#breadcrumb\"},\"inLanguage\":\"pt-BR\",\"potentialAction\":[{\"@type\":\"ReadAction\",\"target\":[\"https:\/\/www.dabusarquitetura.com.br\/blog\/arquitetura-desenvolvimento-infantil-escolas\/\"]}]},{\"@type\":\"BreadcrumbList\",\"@id\":\"https:\/\/www.dabusarquitetura.com.br\/blog\/arquitetura-desenvolvimento-infantil-escolas\/#breadcrumb\",\"itemListElement\":[{\"@type\":\"ListItem\",\"position\":1,\"name\":\"In\u00edcio\",\"item\":\"https:\/\/www.dabusarquitetura.com.br\/blog\/\"},{\"@type\":\"ListItem\",\"position\":2,\"name\":\"Como a Arquitetura impulsiona o desenvolvimento infantil nas escolas?\"}]},{\"@type\":\"WebSite\",\"@id\":\"https:\/\/www.dabusarquitetura.com.br\/blog\/#website\",\"url\":\"https:\/\/www.dabusarquitetura.com.br\/blog\/\",\"name\":\"DABUS ARQUITETURA\",\"description\":\"Arquitetura Corporativa\",\"potentialAction\":[{\"@type\":\"SearchAction\",\"target\":{\"@type\":\"EntryPoint\",\"urlTemplate\":\"https:\/\/www.dabusarquitetura.com.br\/blog\/?s={search_term_string}\"},\"query-input\":\"required name=search_term_string\"}],\"inLanguage\":\"pt-BR\"},{\"@type\":\"Person\",\"@id\":\"https:\/\/www.dabusarquitetura.com.br\/blog\/#\/schema\/person\/978b78d74759412a1cd43634996237c4\",\"name\":\"heloisa.dabus\",\"image\":{\"@type\":\"ImageObject\",\"inLanguage\":\"pt-BR\",\"@id\":\"https:\/\/www.dabusarquitetura.com.br\/blog\/#\/schema\/person\/image\/\",\"url\":\"https:\/\/secure.gravatar.com\/avatar\/4078f4f8e54fb70a99a5e9edc642ecb1?s=96&d=mm&r=g\",\"contentUrl\":\"https:\/\/secure.gravatar.com\/avatar\/4078f4f8e54fb70a99a5e9edc642ecb1?s=96&d=mm&r=g\",\"caption\":\"heloisa.dabus\"},\"url\":\"https:\/\/www.dabusarquitetura.com.br\/blog\/author\/heloisa-dabus\/\"}]}<\/script>\n<!-- \/ Yoast SEO plugin. -->","yoast_head_json":{"title":"Arquitetura e desenvolvimento infantil nas escolas","description":"O desenvolvimento infantil exige uma serie de compet\u00eancias que podem ser apoiadas pelo espa\u00e7o. Entenda o que a Arquitetura pode fazer!","robots":{"index":"index","follow":"follow","max-snippet":"max-snippet:-1","max-image-preview":"max-image-preview:large","max-video-preview":"max-video-preview:-1"},"canonical":"https:\/\/www.dabusarquitetura.com.br\/blog\/arquitetura-desenvolvimento-infantil-escolas\/","og_locale":"pt_BR","og_type":"article","og_title":"Arquitetura e desenvolvimento infantil nas escolas","og_description":"O desenvolvimento infantil exige uma serie de compet\u00eancias que podem ser apoiadas pelo espa\u00e7o. Entenda o que a Arquitetura pode fazer!","og_url":"https:\/\/www.dabusarquitetura.com.br\/blog\/arquitetura-desenvolvimento-infantil-escolas\/","og_site_name":"DABUS ARQUITETURA","article_published_time":"2026-03-17T13:10:15+00:00","article_modified_time":"2026-03-17T13:11:30+00:00","og_image":[{"url":"https:\/\/www.dabusarquitetura.com.br\/blog\/wp-content\/uploads\/2026\/03\/arquitetura-desenvolvimento-infantil--1024x421.jpg"}],"author":"heloisa.dabus","twitter_card":"summary_large_image","twitter_misc":{"Escrito por":"heloisa.dabus","Est. tempo de leitura":"4 minutos"},"schema":{"@context":"https:\/\/schema.org","@graph":[{"@type":"WebPage","@id":"https:\/\/www.dabusarquitetura.com.br\/blog\/arquitetura-desenvolvimento-infantil-escolas\/","url":"https:\/\/www.dabusarquitetura.com.br\/blog\/arquitetura-desenvolvimento-infantil-escolas\/","name":"Arquitetura e desenvolvimento infantil nas escolas","isPartOf":{"@id":"https:\/\/www.dabusarquitetura.com.br\/blog\/#website"},"datePublished":"2026-03-17T13:10:15+00:00","dateModified":"2026-03-17T13:11:30+00:00","author":{"@id":"https:\/\/www.dabusarquitetura.com.br\/blog\/#\/schema\/person\/978b78d74759412a1cd43634996237c4"},"description":"O desenvolvimento infantil exige uma serie de compet\u00eancias que podem ser apoiadas pelo espa\u00e7o. Entenda o que a Arquitetura pode fazer!","breadcrumb":{"@id":"https:\/\/www.dabusarquitetura.com.br\/blog\/arquitetura-desenvolvimento-infantil-escolas\/#breadcrumb"},"inLanguage":"pt-BR","potentialAction":[{"@type":"ReadAction","target":["https:\/\/www.dabusarquitetura.com.br\/blog\/arquitetura-desenvolvimento-infantil-escolas\/"]}]},{"@type":"BreadcrumbList","@id":"https:\/\/www.dabusarquitetura.com.br\/blog\/arquitetura-desenvolvimento-infantil-escolas\/#breadcrumb","itemListElement":[{"@type":"ListItem","position":1,"name":"In\u00edcio","item":"https:\/\/www.dabusarquitetura.com.br\/blog\/"},{"@type":"ListItem","position":2,"name":"Como a Arquitetura impulsiona o desenvolvimento infantil nas escolas?"}]},{"@type":"WebSite","@id":"https:\/\/www.dabusarquitetura.com.br\/blog\/#website","url":"https:\/\/www.dabusarquitetura.com.br\/blog\/","name":"DABUS ARQUITETURA","description":"Arquitetura Corporativa","potentialAction":[{"@type":"SearchAction","target":{"@type":"EntryPoint","urlTemplate":"https:\/\/www.dabusarquitetura.com.br\/blog\/?s={search_term_string}"},"query-input":"required name=search_term_string"}],"inLanguage":"pt-BR"},{"@type":"Person","@id":"https:\/\/www.dabusarquitetura.com.br\/blog\/#\/schema\/person\/978b78d74759412a1cd43634996237c4","name":"heloisa.dabus","image":{"@type":"ImageObject","inLanguage":"pt-BR","@id":"https:\/\/www.dabusarquitetura.com.br\/blog\/#\/schema\/person\/image\/","url":"https:\/\/secure.gravatar.com\/avatar\/4078f4f8e54fb70a99a5e9edc642ecb1?s=96&d=mm&r=g","contentUrl":"https:\/\/secure.gravatar.com\/avatar\/4078f4f8e54fb70a99a5e9edc642ecb1?s=96&d=mm&r=g","caption":"heloisa.dabus"},"url":"https:\/\/www.dabusarquitetura.com.br\/blog\/author\/heloisa-dabus\/"}]}},"_links":{"self":[{"href":"https:\/\/www.dabusarquitetura.com.br\/blog\/wp-json\/wp\/v2\/posts\/17864"}],"collection":[{"href":"https:\/\/www.dabusarquitetura.com.br\/blog\/wp-json\/wp\/v2\/posts"}],"about":[{"href":"https:\/\/www.dabusarquitetura.com.br\/blog\/wp-json\/wp\/v2\/types\/post"}],"author":[{"embeddable":true,"href":"https:\/\/www.dabusarquitetura.com.br\/blog\/wp-json\/wp\/v2\/users\/3"}],"replies":[{"embeddable":true,"href":"https:\/\/www.dabusarquitetura.com.br\/blog\/wp-json\/wp\/v2\/comments?post=17864"}],"version-history":[{"count":5,"href":"https:\/\/www.dabusarquitetura.com.br\/blog\/wp-json\/wp\/v2\/posts\/17864\/revisions"}],"predecessor-version":[{"id":17872,"href":"https:\/\/www.dabusarquitetura.com.br\/blog\/wp-json\/wp\/v2\/posts\/17864\/revisions\/17872"}],"wp:attachment":[{"href":"https:\/\/www.dabusarquitetura.com.br\/blog\/wp-json\/wp\/v2\/media?parent=17864"}],"wp:term":[{"taxonomy":"category","embeddable":true,"href":"https:\/\/www.dabusarquitetura.com.br\/blog\/wp-json\/wp\/v2\/categories?post=17864"},{"taxonomy":"post_tag","embeddable":true,"href":"https:\/\/www.dabusarquitetura.com.br\/blog\/wp-json\/wp\/v2\/tags?post=17864"}],"curies":[{"name":"wp","href":"https:\/\/api.w.org\/{rel}","templated":true}]}}