{"id":17793,"date":"2026-01-05T21:12:52","date_gmt":"2026-01-05T18:12:52","guid":{"rendered":"https:\/\/www.dabusarquitetura.com.br\/blog\/?p=17793"},"modified":"2026-01-05T21:12:53","modified_gmt":"2026-01-05T18:12:53","slug":"arquitetura-potencializa-tecnologia-educacional","status":"publish","type":"post","link":"https:\/\/www.dabusarquitetura.com.br\/blog\/arquitetura-potencializa-tecnologia-educacional\/","title":{"rendered":"Como a Arquitetura pode incorporar e potencializar a tecnologia educacional"},"content":{"rendered":"<div class=\"wp-block-image\">\n<figure class=\"aligncenter size-large\"><img decoding=\"async\" loading=\"lazy\" width=\"1024\" height=\"415\" src=\"https:\/\/www.dabusarquitetura.com.br\/blog\/wp-content\/uploads\/2026\/01\/arquitetura-tecnologia-educacional-1024x415.jpg\" alt=\"Tecnologia educacional\" class=\"wp-image-17794\" title=\"Imagem meramente ilustrativa \" srcset=\"https:\/\/www.dabusarquitetura.com.br\/blog\/wp-content\/uploads\/2026\/01\/arquitetura-tecnologia-educacional-1024x415.jpg 1024w, https:\/\/www.dabusarquitetura.com.br\/blog\/wp-content\/uploads\/2026\/01\/arquitetura-tecnologia-educacional-300x121.jpg 300w, https:\/\/www.dabusarquitetura.com.br\/blog\/wp-content\/uploads\/2026\/01\/arquitetura-tecnologia-educacional-768x311.jpg 768w, https:\/\/www.dabusarquitetura.com.br\/blog\/wp-content\/uploads\/2026\/01\/arquitetura-tecnologia-educacional-1536x622.jpg 1536w, https:\/\/www.dabusarquitetura.com.br\/blog\/wp-content\/uploads\/2026\/01\/arquitetura-tecnologia-educacional-2048x829.jpg 2048w\" sizes=\"(max-width: 1024px) 100vw, 1024px\" \/><\/figure><\/div>\n\n\n<p>A <strong>tecnologia educacional<\/strong> j\u00e1 faz parte da rotina das escolas. Ela est\u00e1 presente em plataformas digitais, recursos interativos, ambientes virtuais e ferramentas de apoio ao ensino. Contudo, seu desempenho <strong>n\u00e3o depende apenas de equipamentos ou softwares<\/strong>. O espa\u00e7o f\u00edsico exerce papel decisivo nesse processo.&nbsp;<\/p>\n\n\n\n<p>Por isso, a <strong>Arquitetura Escolar <\/strong>precisa ser pensada como suporte ativo para que a tecnologia educacional funcione de forma eficiente, confort\u00e1vel e coerente com a proposta pedag\u00f3gica.<\/p>\n\n\n\n<p>Projetar escolas exige ir muito al\u00e9m da est\u00e9tica. \u00c9 necess\u00e1rio compreender como alunos, professores e gestores utilizam a tecnologia no dia a dia. Nesse sentido, <strong>a Arquitetura deixa de ser cen\u00e1rio e passa a atuar como infraestrutura estrat\u00e9gica<\/strong> para o aprendizado.<\/p>\n\n\n\n<p>Quer saber mais? Ent\u00e3o, acompanhe o post de hoje!<\/p>\n\n\n\n<h2 class=\"wp-block-heading\">A tecnologia educacional come\u00e7a no espa\u00e7o, n\u00e3o na tela<\/h2>\n\n\n\n<p>A tecnologia educacional n\u00e3o se resume ao uso de dispositivos. Ela depende de condi\u00e7\u00f5es ambientais adequadas. Ilumina\u00e7\u00e3o correta, ac\u00fastica controlada, conforto t\u00e9rmico e ergonomia. Tudo isso impacta diretamente o uso da tecnologia.&nbsp;<\/p>\n\n\n\n<p>Um <strong>ambiente mal iluminado<\/strong>, por exemplo, dificulta a leitura em telas. J\u00e1 uma <a href=\"https:\/\/www.dabusarquitetura.com.br\/blog\/acustica-escolar-estrategias-conforto-qualidade\/\"><strong>sala com ac\u00fastica inadequada<\/strong><\/a><strong> <\/strong>compromete aulas h\u00edbridas e conte\u00fados audiovisuais. Al\u00e9m disso, a <strong>disposi\u00e7\u00e3o do mobili\u00e1rio <\/strong>interfere na din\u00e2mica pedag\u00f3gica. Salas r\u00edgidas limitam o uso de recursos digitais colaborativos. Espa\u00e7os flex\u00edveis, por outro lado, permitem diferentes configura\u00e7\u00f5es de aula.&nbsp;<\/p>\n\n\n\n<p>Portanto, a Arquitetura precisa antecipar essas necessidades e traduzi-las em solu\u00e7\u00f5es claras e funcionais.<\/p>\n\n\n\n<h3 class=\"wp-block-heading\">Infraestrutura invis\u00edvel, mas essencial<\/h3>\n\n\n\n<p>Muitas decis\u00f5es arquitet\u00f4nicas n\u00e3o aparecem no projeto final. Contudo, s\u00e3o elas que garantem o bom uso da tecnologia educacional.&nbsp;<\/p>\n\n\n\n<p>Infraestrutura el\u00e9trica bem dimensionada, pontos de energia estrategicamente posicionados, redes de dados organizadas e espa\u00e7os t\u00e9cnicos acess\u00edveis para manuten\u00e7\u00e3o.Quando esses aspectos n\u00e3o s\u00e3o <strong>considerados desde o in\u00edcio<\/strong>, surgem adapta\u00e7\u00f5es improvisadas, como: cabos aparentes, sobrecarga de tomadas e ambientes visualmente polu\u00eddos.&nbsp;<\/p>\n\n\n\n<p>Por isso, o projeto arquitet\u00f4nico deve <strong>integrar tecnologia de forma planejada<\/strong>, evitando solu\u00e7\u00f5es paliativas que comprometem o espa\u00e7o ao longo do tempo.<\/p>\n\n\n\n<h3 class=\"wp-block-heading\">Arquitetura que favorece a concentra\u00e7\u00e3o e a intera\u00e7\u00e3o<\/h3>\n\n\n\n<p>A tecnologia educacional exige equil\u00edbrio. Ela precisa <strong>estimular a intera\u00e7\u00e3o sem gerar distra\u00e7\u00f5es excessivas<\/strong>. Nesse sentido, a Arquitetura tem papel fundamental. Ambientes com excesso de est\u00edmulos visuais prejudicam a concentra\u00e7\u00e3o. J\u00e1 espa\u00e7os neutros demais podem tornar a experi\u00eancia fria e pouco acolhedora.<\/p>\n\n\n\n<p>O desafio est\u00e1 em criar <strong>ambientes que favore\u00e7am o foco, a <\/strong><a href=\"https:\/\/www.dabusarquitetura.com.br\/blog\/ambiente-escolar-aprendizagem-colaborativa\/\"><strong>colabora\u00e7\u00e3o<\/strong><\/a><strong> e a autonomia<\/strong>. Salas de aula bem proporcionadas, \u00e1reas de apoio para atividades em grupo e espa\u00e7os informais para estudo e troca de ideias, por exemplo, ampliam o potencial da tecnologia educacional sem competir com o processo de aprendizagem.<\/p>\n\n\n\n<h3 class=\"wp-block-heading\">Flexibilidade para diferentes m\u00e9todos de ensino<\/h3>\n\n\n\n<p>As pr\u00e1ticas pedag\u00f3gicas mudam. As ferramentas tamb\u00e9m. Por isso, a Arquitetura Escolar n\u00e3o pode ser r\u00edgida. Ambientes flex\u00edveis permitem que a tecnologia educacional seja <strong>aplicada de diferentes formas ao longo do tempo<\/strong>. Assim, solu\u00e7\u00f5es como paredes m\u00f3veis, mobili\u00e1rio modular e infraestruturas adapt\u00e1veis s\u00e3o bem-vindas. Desse modo, a escola se mant\u00e9m atual sem depender de reformas constantes.<\/p>\n\n\n\n<p>A flexibilidade <strong>reduz custos futuros e amplia a vida \u00fatil do edif\u00edcio<\/strong>. Al\u00e9m disso, oferece <strong>liberdade para que educadores explorem novas abordagens de ensino<\/strong> conforme suas necessidades reais.<\/p>\n\n\n\n<h3 class=\"wp-block-heading\">Integra\u00e7\u00e3o entre tecnologia, Arquitetura e pedagogia<\/h3>\n\n\n\n<p>A tecnologia educacional s\u00f3 atinge seu potencial m\u00e1ximo quando Arquitetura e pedagogia caminham juntas. Portanto, <strong>n\u00e3o basta apenas inserir equipamentos em espa\u00e7os prontos<\/strong>. \u00c9 preciso compreender o projeto pedag\u00f3gico da institui\u00e7\u00e3o, como as aulas acontecem, quais metodologias s\u00e3o adotadas, como os alunos se movimentam e interagem.<\/p>\n\n\n\n<p>Nesse contexto, <strong>o arquiteto atua como um mediador<\/strong>, traduzindo conceitos educacionais em solu\u00e7\u00f5es espaciais e alinhando tecnologia, conforto e funcionalidade. Assim, o projeto deixa de ser gen\u00e9rico e passa a ser verdadeiramente estrat\u00e9gico.<\/p>\n\n\n\n<h3 class=\"wp-block-heading\">Arquitetura como suporte ao aprendizado contempor\u00e2neo<\/h3>\n\n\n\n<p>A incorpora\u00e7\u00e3o da tecnologia educacional n\u00e3o deve ser um fim em si mesma. Ela precisa servir ao aprendizado, \u00e0 inclus\u00e3o e ao desenvolvimento humano. A Arquitetura, por sua vez, \u00e9 o meio que <strong>sustenta essa experi\u00eancia de forma equilibrada e duradoura<\/strong>.<\/p>\n\n\n\n<p>Quando bem planejado, o espa\u00e7o escolar potencializa o uso da tecnologia sem excessos. Ele organiza fluxos, qualifica o ambiente e melhora a experi\u00eancia de alunos e professores. Por isso, <strong>investir em Arquitetura Escolar \u00e9 investir na qualidade do ensino como um todo<\/strong>.<\/p>\n\n\n\n<p>Se voc\u00ea busca solu\u00e7\u00f5es arquitet\u00f4nicas que integrem tecnologia educacional de forma inteligente, funcional e <strong>alinhada \u00e0 proposta pedag\u00f3gica <\/strong>da sua institui\u00e7\u00e3o, entre em contato conosco pelo <a href=\"https:\/\/api.whatsapp.com\/send?l=pt&amp;phone=5511983276060\" target=\"_blank\" rel=\"noreferrer noopener\"><strong>WhatsApp 11 98327-6060<\/strong><\/a>.<\/p>\n\n\n\n<p>Estamos prontos para conversar e desenvolver projetos que realmente fa\u00e7am sentido.<\/p>\n","protected":false},"excerpt":{"rendered":"<p>A tecnologia educacional j\u00e1 faz parte da rotina das escolas. Ela est\u00e1 presente em plataformas digitais, recursos interativos, ambientes virtuais e ferramentas de apoio ao [&hellip;]<\/p>\n","protected":false},"author":3,"featured_media":0,"comment_status":"open","ping_status":"open","sticky":false,"template":"","format":"standard","meta":[],"categories":[268],"tags":[],"yoast_head":"<!-- This site is optimized with the Yoast SEO plugin v20.8 - https:\/\/yoast.com\/wordpress\/plugins\/seo\/ -->\n<title>Como a Arquitetura pode potencializar a tecnologia educacional<\/title>\n<meta name=\"description\" content=\"A tecnologia educacional n\u00e3o depende apenas de equipamentos ou softwares. O espa\u00e7o f\u00edsico exerce papel decisivo\u2026\" \/>\n<meta name=\"robots\" content=\"index, follow, max-snippet:-1, max-image-preview:large, max-video-preview:-1\" \/>\n<link rel=\"canonical\" href=\"https:\/\/www.dabusarquitetura.com.br\/blog\/arquitetura-potencializa-tecnologia-educacional\/\" \/>\n<meta property=\"og:locale\" content=\"pt_BR\" \/>\n<meta property=\"og:type\" content=\"article\" \/>\n<meta property=\"og:title\" content=\"Como a Arquitetura pode potencializar a tecnologia educacional\" \/>\n<meta property=\"og:description\" content=\"A tecnologia educacional n\u00e3o depende apenas de equipamentos ou softwares. O espa\u00e7o f\u00edsico exerce papel decisivo\u2026\" \/>\n<meta property=\"og:url\" content=\"https:\/\/www.dabusarquitetura.com.br\/blog\/arquitetura-potencializa-tecnologia-educacional\/\" \/>\n<meta property=\"og:site_name\" content=\"DABUS ARQUITETURA\" \/>\n<meta property=\"article:published_time\" content=\"2026-01-05T18:12:52+00:00\" \/>\n<meta property=\"article:modified_time\" content=\"2026-01-05T18:12:53+00:00\" \/>\n<meta property=\"og:image\" content=\"https:\/\/www.dabusarquitetura.com.br\/blog\/wp-content\/uploads\/2026\/01\/arquitetura-tecnologia-educacional-1024x415.jpg\" \/>\n<meta name=\"author\" content=\"heloisa.dabus\" \/>\n<meta name=\"twitter:card\" content=\"summary_large_image\" \/>\n<meta name=\"twitter:label1\" content=\"Escrito por\" \/>\n\t<meta name=\"twitter:data1\" content=\"heloisa.dabus\" \/>\n\t<meta name=\"twitter:label2\" content=\"Est. tempo de leitura\" \/>\n\t<meta name=\"twitter:data2\" content=\"5 minutos\" \/>\n<script type=\"application\/ld+json\" class=\"yoast-schema-graph\">{\"@context\":\"https:\/\/schema.org\",\"@graph\":[{\"@type\":\"WebPage\",\"@id\":\"https:\/\/www.dabusarquitetura.com.br\/blog\/arquitetura-potencializa-tecnologia-educacional\/\",\"url\":\"https:\/\/www.dabusarquitetura.com.br\/blog\/arquitetura-potencializa-tecnologia-educacional\/\",\"name\":\"Como a Arquitetura pode potencializar a tecnologia educacional\",\"isPartOf\":{\"@id\":\"https:\/\/www.dabusarquitetura.com.br\/blog\/#website\"},\"datePublished\":\"2026-01-05T18:12:52+00:00\",\"dateModified\":\"2026-01-05T18:12:53+00:00\",\"author\":{\"@id\":\"https:\/\/www.dabusarquitetura.com.br\/blog\/#\/schema\/person\/978b78d74759412a1cd43634996237c4\"},\"description\":\"A tecnologia educacional n\u00e3o depende apenas de equipamentos ou softwares. O espa\u00e7o f\u00edsico exerce papel decisivo\u2026\",\"breadcrumb\":{\"@id\":\"https:\/\/www.dabusarquitetura.com.br\/blog\/arquitetura-potencializa-tecnologia-educacional\/#breadcrumb\"},\"inLanguage\":\"pt-BR\",\"potentialAction\":[{\"@type\":\"ReadAction\",\"target\":[\"https:\/\/www.dabusarquitetura.com.br\/blog\/arquitetura-potencializa-tecnologia-educacional\/\"]}]},{\"@type\":\"BreadcrumbList\",\"@id\":\"https:\/\/www.dabusarquitetura.com.br\/blog\/arquitetura-potencializa-tecnologia-educacional\/#breadcrumb\",\"itemListElement\":[{\"@type\":\"ListItem\",\"position\":1,\"name\":\"In\u00edcio\",\"item\":\"https:\/\/www.dabusarquitetura.com.br\/blog\/\"},{\"@type\":\"ListItem\",\"position\":2,\"name\":\"Como a Arquitetura pode incorporar e potencializar a tecnologia educacional\"}]},{\"@type\":\"WebSite\",\"@id\":\"https:\/\/www.dabusarquitetura.com.br\/blog\/#website\",\"url\":\"https:\/\/www.dabusarquitetura.com.br\/blog\/\",\"name\":\"DABUS ARQUITETURA\",\"description\":\"Arquitetura Corporativa\",\"potentialAction\":[{\"@type\":\"SearchAction\",\"target\":{\"@type\":\"EntryPoint\",\"urlTemplate\":\"https:\/\/www.dabusarquitetura.com.br\/blog\/?s={search_term_string}\"},\"query-input\":\"required name=search_term_string\"}],\"inLanguage\":\"pt-BR\"},{\"@type\":\"Person\",\"@id\":\"https:\/\/www.dabusarquitetura.com.br\/blog\/#\/schema\/person\/978b78d74759412a1cd43634996237c4\",\"name\":\"heloisa.dabus\",\"image\":{\"@type\":\"ImageObject\",\"inLanguage\":\"pt-BR\",\"@id\":\"https:\/\/www.dabusarquitetura.com.br\/blog\/#\/schema\/person\/image\/\",\"url\":\"https:\/\/secure.gravatar.com\/avatar\/4078f4f8e54fb70a99a5e9edc642ecb1?s=96&d=mm&r=g\",\"contentUrl\":\"https:\/\/secure.gravatar.com\/avatar\/4078f4f8e54fb70a99a5e9edc642ecb1?s=96&d=mm&r=g\",\"caption\":\"heloisa.dabus\"},\"url\":\"https:\/\/www.dabusarquitetura.com.br\/blog\/author\/heloisa-dabus\/\"}]}<\/script>\n<!-- \/ Yoast SEO plugin. -->","yoast_head_json":{"title":"Como a Arquitetura pode potencializar a tecnologia educacional","description":"A tecnologia educacional n\u00e3o depende apenas de equipamentos ou softwares. O espa\u00e7o f\u00edsico exerce papel decisivo\u2026","robots":{"index":"index","follow":"follow","max-snippet":"max-snippet:-1","max-image-preview":"max-image-preview:large","max-video-preview":"max-video-preview:-1"},"canonical":"https:\/\/www.dabusarquitetura.com.br\/blog\/arquitetura-potencializa-tecnologia-educacional\/","og_locale":"pt_BR","og_type":"article","og_title":"Como a Arquitetura pode potencializar a tecnologia educacional","og_description":"A tecnologia educacional n\u00e3o depende apenas de equipamentos ou softwares. O espa\u00e7o f\u00edsico exerce papel decisivo\u2026","og_url":"https:\/\/www.dabusarquitetura.com.br\/blog\/arquitetura-potencializa-tecnologia-educacional\/","og_site_name":"DABUS ARQUITETURA","article_published_time":"2026-01-05T18:12:52+00:00","article_modified_time":"2026-01-05T18:12:53+00:00","og_image":[{"url":"https:\/\/www.dabusarquitetura.com.br\/blog\/wp-content\/uploads\/2026\/01\/arquitetura-tecnologia-educacional-1024x415.jpg"}],"author":"heloisa.dabus","twitter_card":"summary_large_image","twitter_misc":{"Escrito por":"heloisa.dabus","Est. tempo de leitura":"5 minutos"},"schema":{"@context":"https:\/\/schema.org","@graph":[{"@type":"WebPage","@id":"https:\/\/www.dabusarquitetura.com.br\/blog\/arquitetura-potencializa-tecnologia-educacional\/","url":"https:\/\/www.dabusarquitetura.com.br\/blog\/arquitetura-potencializa-tecnologia-educacional\/","name":"Como a Arquitetura pode potencializar a tecnologia educacional","isPartOf":{"@id":"https:\/\/www.dabusarquitetura.com.br\/blog\/#website"},"datePublished":"2026-01-05T18:12:52+00:00","dateModified":"2026-01-05T18:12:53+00:00","author":{"@id":"https:\/\/www.dabusarquitetura.com.br\/blog\/#\/schema\/person\/978b78d74759412a1cd43634996237c4"},"description":"A tecnologia educacional n\u00e3o depende apenas de equipamentos ou softwares. O espa\u00e7o f\u00edsico exerce papel decisivo\u2026","breadcrumb":{"@id":"https:\/\/www.dabusarquitetura.com.br\/blog\/arquitetura-potencializa-tecnologia-educacional\/#breadcrumb"},"inLanguage":"pt-BR","potentialAction":[{"@type":"ReadAction","target":["https:\/\/www.dabusarquitetura.com.br\/blog\/arquitetura-potencializa-tecnologia-educacional\/"]}]},{"@type":"BreadcrumbList","@id":"https:\/\/www.dabusarquitetura.com.br\/blog\/arquitetura-potencializa-tecnologia-educacional\/#breadcrumb","itemListElement":[{"@type":"ListItem","position":1,"name":"In\u00edcio","item":"https:\/\/www.dabusarquitetura.com.br\/blog\/"},{"@type":"ListItem","position":2,"name":"Como a Arquitetura pode incorporar e potencializar a tecnologia educacional"}]},{"@type":"WebSite","@id":"https:\/\/www.dabusarquitetura.com.br\/blog\/#website","url":"https:\/\/www.dabusarquitetura.com.br\/blog\/","name":"DABUS ARQUITETURA","description":"Arquitetura Corporativa","potentialAction":[{"@type":"SearchAction","target":{"@type":"EntryPoint","urlTemplate":"https:\/\/www.dabusarquitetura.com.br\/blog\/?s={search_term_string}"},"query-input":"required name=search_term_string"}],"inLanguage":"pt-BR"},{"@type":"Person","@id":"https:\/\/www.dabusarquitetura.com.br\/blog\/#\/schema\/person\/978b78d74759412a1cd43634996237c4","name":"heloisa.dabus","image":{"@type":"ImageObject","inLanguage":"pt-BR","@id":"https:\/\/www.dabusarquitetura.com.br\/blog\/#\/schema\/person\/image\/","url":"https:\/\/secure.gravatar.com\/avatar\/4078f4f8e54fb70a99a5e9edc642ecb1?s=96&d=mm&r=g","contentUrl":"https:\/\/secure.gravatar.com\/avatar\/4078f4f8e54fb70a99a5e9edc642ecb1?s=96&d=mm&r=g","caption":"heloisa.dabus"},"url":"https:\/\/www.dabusarquitetura.com.br\/blog\/author\/heloisa-dabus\/"}]}},"_links":{"self":[{"href":"https:\/\/www.dabusarquitetura.com.br\/blog\/wp-json\/wp\/v2\/posts\/17793"}],"collection":[{"href":"https:\/\/www.dabusarquitetura.com.br\/blog\/wp-json\/wp\/v2\/posts"}],"about":[{"href":"https:\/\/www.dabusarquitetura.com.br\/blog\/wp-json\/wp\/v2\/types\/post"}],"author":[{"embeddable":true,"href":"https:\/\/www.dabusarquitetura.com.br\/blog\/wp-json\/wp\/v2\/users\/3"}],"replies":[{"embeddable":true,"href":"https:\/\/www.dabusarquitetura.com.br\/blog\/wp-json\/wp\/v2\/comments?post=17793"}],"version-history":[{"count":2,"href":"https:\/\/www.dabusarquitetura.com.br\/blog\/wp-json\/wp\/v2\/posts\/17793\/revisions"}],"predecessor-version":[{"id":17796,"href":"https:\/\/www.dabusarquitetura.com.br\/blog\/wp-json\/wp\/v2\/posts\/17793\/revisions\/17796"}],"wp:attachment":[{"href":"https:\/\/www.dabusarquitetura.com.br\/blog\/wp-json\/wp\/v2\/media?parent=17793"}],"wp:term":[{"taxonomy":"category","embeddable":true,"href":"https:\/\/www.dabusarquitetura.com.br\/blog\/wp-json\/wp\/v2\/categories?post=17793"},{"taxonomy":"post_tag","embeddable":true,"href":"https:\/\/www.dabusarquitetura.com.br\/blog\/wp-json\/wp\/v2\/tags?post=17793"}],"curies":[{"name":"wp","href":"https:\/\/api.w.org\/{rel}","templated":true}]}}