{"id":17761,"date":"2025-12-02T03:26:19","date_gmt":"2025-12-02T00:26:19","guid":{"rendered":"https:\/\/www.dabusarquitetura.com.br\/blog\/?p=17761"},"modified":"2025-12-02T03:26:19","modified_gmt":"2025-12-02T00:26:19","slug":"arquitetura-adaptativa-para-ambientes-corporativos","status":"publish","type":"post","link":"https:\/\/www.dabusarquitetura.com.br\/blog\/arquitetura-adaptativa-para-ambientes-corporativos\/","title":{"rendered":"Arquitetura adaptativa e resili\u00eancia clim\u00e1tica para ambientes corporativos"},"content":{"rendered":"<div class=\"wp-block-image\">\n<figure class=\"aligncenter size-large\"><img decoding=\"async\" loading=\"lazy\" width=\"1024\" height=\"395\" src=\"https:\/\/www.dabusarquitetura.com.br\/blog\/wp-content\/uploads\/2025\/12\/arquitetura-adaptativa-1024x395.jpg\" alt=\"Arquitetura adaptativa\" class=\"wp-image-17763\" title=\"Imagem meramente ilustrativa \" srcset=\"https:\/\/www.dabusarquitetura.com.br\/blog\/wp-content\/uploads\/2025\/12\/arquitetura-adaptativa-1024x395.jpg 1024w, https:\/\/www.dabusarquitetura.com.br\/blog\/wp-content\/uploads\/2025\/12\/arquitetura-adaptativa-300x116.jpg 300w, https:\/\/www.dabusarquitetura.com.br\/blog\/wp-content\/uploads\/2025\/12\/arquitetura-adaptativa-768x296.jpg 768w, https:\/\/www.dabusarquitetura.com.br\/blog\/wp-content\/uploads\/2025\/12\/arquitetura-adaptativa-1536x593.jpg 1536w, https:\/\/www.dabusarquitetura.com.br\/blog\/wp-content\/uploads\/2025\/12\/arquitetura-adaptativa-2048x791.jpg 2048w\" sizes=\"(max-width: 1024px) 100vw, 1024px\" \/><\/figure><\/div>\n\n\n<p>A <strong>Arquitetura adaptativa<\/strong> tornou-se indispens\u00e1vel diante de cen\u00e1rios clim\u00e1ticos cada vez mais extremos. Assim, as organiza\u00e7\u00f5es precisam de edif\u00edcios capazes de responder a calor intenso, chuvas fortes, interrup\u00e7\u00f5es energ\u00e9ticas e novas exig\u00eancias regulat\u00f3rias. Al\u00e9m disso, as&nbsp; empresas buscam modelos que apoiem a <strong>continuidade dos neg\u00f3cios, com seguran\u00e7a e efici\u00eancia operacional<\/strong>. Nesse sentido, a Arquitetura assume papel estrat\u00e9gico ao integrar <strong>solu\u00e7\u00f5es preventivas, inteligentes e resilientes<\/strong>.&nbsp;<\/p>\n\n\n\n<p>Ambientes corporativos dependem de estabilidade. Contudo, eventos clim\u00e1ticos podem colocar em risco opera\u00e7\u00f5es, pessoas e patrim\u00f4nios. Portanto, adotar <strong>estrat\u00e9gias adaptativas<\/strong> deixou de ser tend\u00eancia para se tornar uma necessidade.&nbsp;<\/p>\n\n\n\n<p>Vale dizer ainda que <strong>decis\u00f5es baseadas em dados <\/strong>reduzem custos futuros, melhoram desempenho e fortalecem a reputa\u00e7\u00e3o das empresas.<\/p>\n\n\n\n<h2 class=\"wp-block-heading\">Por que a Arquitetura adaptativa \u00e9 essencial hoje?<\/h2>\n\n\n\n<p>A Arquitetura adaptativa <strong>responde \u00e0s mudan\u00e7as do clima e antecipa riscos<\/strong>. Desse modo, ela garante que os espa\u00e7os continuem funcionais mesmo diante de eventos inesperados. Al\u00e9m disso, cria <strong>locais mais seguros, confort\u00e1veis e alinhados \u00e0s <\/strong><a href=\"https:\/\/www.dabusarquitetura.com.br\/blog\/esg-no-ambiente-de-trabalho-solucoes\/\"><strong>metas de ESG<\/strong><\/a>.<\/p>\n\n\n\n<p>Empresas enfrentam calor extremo, ilhas de calor, alagamentos e instabilidade energ\u00e9tica. Entretanto, o projeto arquitet\u00f4nico pode reduzir drasticamente esses impactos. Por isso, <strong>sistemas passivos, tecnologias eficientes e infraestruturas redundantes<\/strong> recebem cada vez mais aten\u00e7\u00e3o.<\/p>\n\n\n\n<h3 class=\"wp-block-heading\">Arquitetura adaptativa e inova\u00e7\u00e3o nos ambientes corporativos<\/h3>\n\n\n\n<p>A seguir, est\u00e3o solu\u00e7\u00f5es que fortalecem a <strong>resili\u00eancia clim\u00e1tica<\/strong> e demonstram como o projeto arquitet\u00f4nico se tornou pe\u00e7a-chave no desempenho empresarial.<\/p>\n\n\n\n<h3 class=\"wp-block-heading\">1. Avalia\u00e7\u00e3o de risco clim\u00e1tico<\/h3>\n\n\n\n<p>A an\u00e1lise <strong>identifica vulnerabilidades<\/strong> como enchentes, insola\u00e7\u00e3o excessiva e temperatura interna elevada. Assim, ela orienta decis\u00f5es t\u00e9cnicas e financeiras, e permite prever cen\u00e1rios e mitigar poss\u00edveis falhas.<\/p>\n\n\n\n<h3 class=\"wp-block-heading\">2. Medidas passivas de controle t\u00e9rmico<\/h3>\n\n\n\n<p>Sombreamentos, brises, ventila\u00e7\u00e3o cruzada e materiais de alta performance <strong>reduzem o calor sem elevar o consumo energ\u00e9tico<\/strong>. Nesse sentido, o uso de estrat\u00e9gias passivas torna o ambiente mais est\u00e1vel e ainda otimiza o conforto dos colaboradores.<\/p>\n\n\n\n<p><strong>3. Envelope t\u00e9rmico de alta efici\u00eancia<\/strong><\/p>\n\n\n\n<p>O envelope refor\u00e7ado protege contra varia\u00e7\u00f5es clim\u00e1ticas intensas. Por isso, ele minimiza perdas t\u00e9rmicas, reduz ru\u00eddos e <strong>melhora o desempenho geral do edif\u00edcio<\/strong>. Al\u00e9m disso, aumenta a vida \u00fatil dos sistemas internos.<\/p>\n\n\n\n<h3 class=\"wp-block-heading\">4. Gest\u00e3o inteligente de energia<\/h3>\n\n\n\n<p>Ambientes corporativos precisam de <strong>energia constante<\/strong>, pois as interrup\u00e7\u00f5es podem comprometer toda a opera\u00e7\u00e3o. Por isso, sistemas inteligentes, sensores e automa\u00e7\u00e3o garantem controle cont\u00ednuo e reduzem desperd\u00edcios.<\/p>\n\n\n\n<h3 class=\"wp-block-heading\">5. Infraestrutura redundante<\/h3>\n\n\n\n<p>Geradores, reservas de \u00e1gua e sistemas paralelos de climatiza\u00e7\u00e3o ampliam a seguran\u00e7a. Fora isso, garantem continuidade mesmo em falhas cr\u00edticas. Desse modo, essa redund\u00e2ncia <strong>protege processos, dados e pessoas<\/strong>.<\/p>\n\n\n\n<h3 class=\"wp-block-heading\">6. Planos de conting\u00eancia integrados ao espa\u00e7o<\/h3>\n\n\n\n<p>A Arquitetura adaptativa considera rotas de fuga, sinaliza\u00e7\u00f5es, \u00e1reas de seguran\u00e7a e fluxos emergenciais. Assim, ela integra <strong>fatores t\u00e9cnicos e operacionais<\/strong>. Al\u00e9m disso, facilita treinamentos e respostas r\u00e1pidas.&nbsp;<\/p>\n\n\n\n<h3 class=\"wp-block-heading\">7. Recupera\u00e7\u00e3o p\u00f3s-evento<\/h3>\n\n\n\n<p>O projeto deve prever solu\u00e7\u00f5es para limpeza r\u00e1pida, drenagem eficiente e retomada operacional imediata. Contudo, isso exige planejamento detalhado. Por isso, a Arquitetura precisa <strong>conectar equipes de facilities, manuten\u00e7\u00e3o e seguran\u00e7a<\/strong>.<\/p>\n\n\n\n<h3 class=\"wp-block-heading\">Benef\u00edcios diretos para as empresas<\/h3>\n\n\n\n<p>Ambientes adaptativos reduzem riscos, fortalecem a reputa\u00e7\u00e3o organizacional, otimizam recursos e elevam o valor do ativo imobili\u00e1rio. Al\u00e9m disso, demonstra responsabilidade corporativa, atende \u00e0s exig\u00eancias de ESG e <strong>prepara os neg\u00f3cios para o futuro<\/strong>.<\/p>\n\n\n\n<p>A transforma\u00e7\u00e3o clim\u00e1tica exige a\u00e7\u00e3o imediata. A Arquitetura adaptativa oferece as respostas: <strong>espa\u00e7os flex\u00edveis, inteligentes e resilientes,<\/strong> alinhados \u00e0s demandas atuais e \u00e0s estrat\u00e9gias corporativas de longo prazo.<\/p>\n\n\n\n<p>Mas, para alcan\u00e7ar resultados consistentes, \u00e9 fundamental trabalhar com profissionais especializados e solu\u00e7\u00f5es desenvolvidas sob medida. N\u00f3s, da <strong>DABUS ARQUITETURA<\/strong>, somos a equipe que voc\u00ea precisa! Entre em contato com a gente e saiba como podemos te ajudar: <a href=\"https:\/\/api.whatsapp.com\/send?l=pt&amp;phone=5511983276060\" target=\"_blank\" rel=\"noreferrer noopener\"><strong>WhatsApp 11 98327-6060<\/strong><\/a>.<\/p>\n","protected":false},"excerpt":{"rendered":"<p>A Arquitetura adaptativa tornou-se indispens\u00e1vel diante de cen\u00e1rios clim\u00e1ticos cada vez mais extremos. Assim, as organiza\u00e7\u00f5es precisam de edif\u00edcios capazes de responder a calor intenso, [&hellip;]<\/p>\n","protected":false},"author":3,"featured_media":0,"comment_status":"open","ping_status":"open","sticky":false,"template":"","format":"standard","meta":[],"categories":[1],"tags":[],"yoast_head":"<!-- This site is optimized with the Yoast SEO plugin v20.8 - https:\/\/yoast.com\/wordpress\/plugins\/seo\/ -->\n<title>Arquitetura adaptativa para ambientes corporativos<\/title>\n<meta name=\"description\" content=\"A transforma\u00e7\u00e3o clim\u00e1tica exige a\u00e7\u00e3o imediata. A Arquitetura adaptativa oferece as respostas: espa\u00e7os flex\u00edveis, inteligentes e resilientes.\" \/>\n<meta name=\"robots\" content=\"index, follow, max-snippet:-1, max-image-preview:large, max-video-preview:-1\" \/>\n<link rel=\"canonical\" href=\"https:\/\/www.dabusarquitetura.com.br\/blog\/?p=17761\" \/>\n<meta property=\"og:locale\" content=\"pt_BR\" \/>\n<meta property=\"og:type\" content=\"article\" \/>\n<meta property=\"og:title\" content=\"Arquitetura adaptativa para ambientes corporativos\" \/>\n<meta property=\"og:description\" content=\"A transforma\u00e7\u00e3o clim\u00e1tica exige a\u00e7\u00e3o imediata. A Arquitetura adaptativa oferece as respostas: espa\u00e7os flex\u00edveis, inteligentes e resilientes.\" \/>\n<meta property=\"og:url\" content=\"https:\/\/www.dabusarquitetura.com.br\/blog\/?p=17761\" \/>\n<meta property=\"og:site_name\" content=\"DABUS ARQUITETURA\" \/>\n<meta property=\"article:published_time\" content=\"2025-12-02T00:26:19+00:00\" \/>\n<meta property=\"og:image\" content=\"https:\/\/www.dabusarquitetura.com.br\/blog\/wp-content\/uploads\/2025\/12\/arquitetura-adaptativa-1024x395.jpg\" \/>\n<meta name=\"author\" content=\"heloisa.dabus\" \/>\n<meta name=\"twitter:card\" content=\"summary_large_image\" \/>\n<meta name=\"twitter:label1\" content=\"Escrito por\" \/>\n\t<meta name=\"twitter:data1\" content=\"heloisa.dabus\" \/>\n\t<meta name=\"twitter:label2\" content=\"Est. tempo de leitura\" \/>\n\t<meta name=\"twitter:data2\" content=\"4 minutos\" \/>\n<script type=\"application\/ld+json\" class=\"yoast-schema-graph\">{\"@context\":\"https:\/\/schema.org\",\"@graph\":[{\"@type\":\"WebPage\",\"@id\":\"https:\/\/www.dabusarquitetura.com.br\/blog\/?p=17761\",\"url\":\"https:\/\/www.dabusarquitetura.com.br\/blog\/?p=17761\",\"name\":\"Arquitetura adaptativa para ambientes corporativos\",\"isPartOf\":{\"@id\":\"https:\/\/www.dabusarquitetura.com.br\/blog\/#website\"},\"datePublished\":\"2025-12-02T00:26:19+00:00\",\"dateModified\":\"2025-12-02T00:26:19+00:00\",\"author\":{\"@id\":\"https:\/\/www.dabusarquitetura.com.br\/blog\/#\/schema\/person\/978b78d74759412a1cd43634996237c4\"},\"description\":\"A transforma\u00e7\u00e3o clim\u00e1tica exige a\u00e7\u00e3o imediata. A Arquitetura adaptativa oferece as respostas: espa\u00e7os flex\u00edveis, inteligentes e resilientes.\",\"breadcrumb\":{\"@id\":\"https:\/\/www.dabusarquitetura.com.br\/blog\/?p=17761#breadcrumb\"},\"inLanguage\":\"pt-BR\",\"potentialAction\":[{\"@type\":\"ReadAction\",\"target\":[\"https:\/\/www.dabusarquitetura.com.br\/blog\/?p=17761\"]}]},{\"@type\":\"BreadcrumbList\",\"@id\":\"https:\/\/www.dabusarquitetura.com.br\/blog\/?p=17761#breadcrumb\",\"itemListElement\":[{\"@type\":\"ListItem\",\"position\":1,\"name\":\"In\u00edcio\",\"item\":\"https:\/\/www.dabusarquitetura.com.br\/blog\/\"},{\"@type\":\"ListItem\",\"position\":2,\"name\":\"Arquitetura adaptativa e resili\u00eancia clim\u00e1tica para ambientes corporativos\"}]},{\"@type\":\"WebSite\",\"@id\":\"https:\/\/www.dabusarquitetura.com.br\/blog\/#website\",\"url\":\"https:\/\/www.dabusarquitetura.com.br\/blog\/\",\"name\":\"DABUS ARQUITETURA\",\"description\":\"Arquitetura Corporativa\",\"potentialAction\":[{\"@type\":\"SearchAction\",\"target\":{\"@type\":\"EntryPoint\",\"urlTemplate\":\"https:\/\/www.dabusarquitetura.com.br\/blog\/?s={search_term_string}\"},\"query-input\":\"required name=search_term_string\"}],\"inLanguage\":\"pt-BR\"},{\"@type\":\"Person\",\"@id\":\"https:\/\/www.dabusarquitetura.com.br\/blog\/#\/schema\/person\/978b78d74759412a1cd43634996237c4\",\"name\":\"heloisa.dabus\",\"image\":{\"@type\":\"ImageObject\",\"inLanguage\":\"pt-BR\",\"@id\":\"https:\/\/www.dabusarquitetura.com.br\/blog\/#\/schema\/person\/image\/\",\"url\":\"https:\/\/secure.gravatar.com\/avatar\/4078f4f8e54fb70a99a5e9edc642ecb1?s=96&d=mm&r=g\",\"contentUrl\":\"https:\/\/secure.gravatar.com\/avatar\/4078f4f8e54fb70a99a5e9edc642ecb1?s=96&d=mm&r=g\",\"caption\":\"heloisa.dabus\"},\"url\":\"https:\/\/www.dabusarquitetura.com.br\/blog\/author\/heloisa-dabus\/\"}]}<\/script>\n<!-- \/ Yoast SEO plugin. -->","yoast_head_json":{"title":"Arquitetura adaptativa para ambientes corporativos","description":"A transforma\u00e7\u00e3o clim\u00e1tica exige a\u00e7\u00e3o imediata. A Arquitetura adaptativa oferece as respostas: espa\u00e7os flex\u00edveis, inteligentes e resilientes.","robots":{"index":"index","follow":"follow","max-snippet":"max-snippet:-1","max-image-preview":"max-image-preview:large","max-video-preview":"max-video-preview:-1"},"canonical":"https:\/\/www.dabusarquitetura.com.br\/blog\/?p=17761","og_locale":"pt_BR","og_type":"article","og_title":"Arquitetura adaptativa para ambientes corporativos","og_description":"A transforma\u00e7\u00e3o clim\u00e1tica exige a\u00e7\u00e3o imediata. A Arquitetura adaptativa oferece as respostas: espa\u00e7os flex\u00edveis, inteligentes e resilientes.","og_url":"https:\/\/www.dabusarquitetura.com.br\/blog\/?p=17761","og_site_name":"DABUS ARQUITETURA","article_published_time":"2025-12-02T00:26:19+00:00","og_image":[{"url":"https:\/\/www.dabusarquitetura.com.br\/blog\/wp-content\/uploads\/2025\/12\/arquitetura-adaptativa-1024x395.jpg"}],"author":"heloisa.dabus","twitter_card":"summary_large_image","twitter_misc":{"Escrito por":"heloisa.dabus","Est. tempo de leitura":"4 minutos"},"schema":{"@context":"https:\/\/schema.org","@graph":[{"@type":"WebPage","@id":"https:\/\/www.dabusarquitetura.com.br\/blog\/?p=17761","url":"https:\/\/www.dabusarquitetura.com.br\/blog\/?p=17761","name":"Arquitetura adaptativa para ambientes corporativos","isPartOf":{"@id":"https:\/\/www.dabusarquitetura.com.br\/blog\/#website"},"datePublished":"2025-12-02T00:26:19+00:00","dateModified":"2025-12-02T00:26:19+00:00","author":{"@id":"https:\/\/www.dabusarquitetura.com.br\/blog\/#\/schema\/person\/978b78d74759412a1cd43634996237c4"},"description":"A transforma\u00e7\u00e3o clim\u00e1tica exige a\u00e7\u00e3o imediata. A Arquitetura adaptativa oferece as respostas: espa\u00e7os flex\u00edveis, inteligentes e resilientes.","breadcrumb":{"@id":"https:\/\/www.dabusarquitetura.com.br\/blog\/?p=17761#breadcrumb"},"inLanguage":"pt-BR","potentialAction":[{"@type":"ReadAction","target":["https:\/\/www.dabusarquitetura.com.br\/blog\/?p=17761"]}]},{"@type":"BreadcrumbList","@id":"https:\/\/www.dabusarquitetura.com.br\/blog\/?p=17761#breadcrumb","itemListElement":[{"@type":"ListItem","position":1,"name":"In\u00edcio","item":"https:\/\/www.dabusarquitetura.com.br\/blog\/"},{"@type":"ListItem","position":2,"name":"Arquitetura adaptativa e resili\u00eancia clim\u00e1tica para ambientes corporativos"}]},{"@type":"WebSite","@id":"https:\/\/www.dabusarquitetura.com.br\/blog\/#website","url":"https:\/\/www.dabusarquitetura.com.br\/blog\/","name":"DABUS ARQUITETURA","description":"Arquitetura Corporativa","potentialAction":[{"@type":"SearchAction","target":{"@type":"EntryPoint","urlTemplate":"https:\/\/www.dabusarquitetura.com.br\/blog\/?s={search_term_string}"},"query-input":"required name=search_term_string"}],"inLanguage":"pt-BR"},{"@type":"Person","@id":"https:\/\/www.dabusarquitetura.com.br\/blog\/#\/schema\/person\/978b78d74759412a1cd43634996237c4","name":"heloisa.dabus","image":{"@type":"ImageObject","inLanguage":"pt-BR","@id":"https:\/\/www.dabusarquitetura.com.br\/blog\/#\/schema\/person\/image\/","url":"https:\/\/secure.gravatar.com\/avatar\/4078f4f8e54fb70a99a5e9edc642ecb1?s=96&d=mm&r=g","contentUrl":"https:\/\/secure.gravatar.com\/avatar\/4078f4f8e54fb70a99a5e9edc642ecb1?s=96&d=mm&r=g","caption":"heloisa.dabus"},"url":"https:\/\/www.dabusarquitetura.com.br\/blog\/author\/heloisa-dabus\/"}]}},"_links":{"self":[{"href":"https:\/\/www.dabusarquitetura.com.br\/blog\/wp-json\/wp\/v2\/posts\/17761"}],"collection":[{"href":"https:\/\/www.dabusarquitetura.com.br\/blog\/wp-json\/wp\/v2\/posts"}],"about":[{"href":"https:\/\/www.dabusarquitetura.com.br\/blog\/wp-json\/wp\/v2\/types\/post"}],"author":[{"embeddable":true,"href":"https:\/\/www.dabusarquitetura.com.br\/blog\/wp-json\/wp\/v2\/users\/3"}],"replies":[{"embeddable":true,"href":"https:\/\/www.dabusarquitetura.com.br\/blog\/wp-json\/wp\/v2\/comments?post=17761"}],"version-history":[{"count":4,"href":"https:\/\/www.dabusarquitetura.com.br\/blog\/wp-json\/wp\/v2\/posts\/17761\/revisions"}],"predecessor-version":[{"id":17766,"href":"https:\/\/www.dabusarquitetura.com.br\/blog\/wp-json\/wp\/v2\/posts\/17761\/revisions\/17766"}],"wp:attachment":[{"href":"https:\/\/www.dabusarquitetura.com.br\/blog\/wp-json\/wp\/v2\/media?parent=17761"}],"wp:term":[{"taxonomy":"category","embeddable":true,"href":"https:\/\/www.dabusarquitetura.com.br\/blog\/wp-json\/wp\/v2\/categories?post=17761"},{"taxonomy":"post_tag","embeddable":true,"href":"https:\/\/www.dabusarquitetura.com.br\/blog\/wp-json\/wp\/v2\/tags?post=17761"}],"curies":[{"name":"wp","href":"https:\/\/api.w.org\/{rel}","templated":true}]}}