{"id":17756,"date":"2025-11-24T17:25:01","date_gmt":"2025-11-24T14:25:01","guid":{"rendered":"https:\/\/www.dabusarquitetura.com.br\/blog\/?p=17756"},"modified":"2025-11-24T17:25:02","modified_gmt":"2025-11-24T14:25:02","slug":"esg-no-ambiente-de-trabalho-solucoes","status":"publish","type":"post","link":"https:\/\/www.dabusarquitetura.com.br\/blog\/esg-no-ambiente-de-trabalho-solucoes\/","title":{"rendered":"ESG no ambiente de trabalho: 12 solu\u00e7\u00f5es de Arquitetura"},"content":{"rendered":"<div class=\"wp-block-image\">\n<figure class=\"aligncenter size-large\"><img decoding=\"async\" loading=\"lazy\" width=\"1024\" height=\"394\" src=\"https:\/\/www.dabusarquitetura.com.br\/blog\/wp-content\/uploads\/2025\/11\/esg-ambiente-trabalho-1024x394.jpg\" alt=\"ESG no ambiente de trabalho\" class=\"wp-image-17757\" title=\"Projeto DABUS ARQUITETO \" srcset=\"https:\/\/www.dabusarquitetura.com.br\/blog\/wp-content\/uploads\/2025\/11\/esg-ambiente-trabalho-1024x394.jpg 1024w, https:\/\/www.dabusarquitetura.com.br\/blog\/wp-content\/uploads\/2025\/11\/esg-ambiente-trabalho-300x115.jpg 300w, https:\/\/www.dabusarquitetura.com.br\/blog\/wp-content\/uploads\/2025\/11\/esg-ambiente-trabalho-768x295.jpg 768w, https:\/\/www.dabusarquitetura.com.br\/blog\/wp-content\/uploads\/2025\/11\/esg-ambiente-trabalho-1536x591.jpg 1536w, https:\/\/www.dabusarquitetura.com.br\/blog\/wp-content\/uploads\/2025\/11\/esg-ambiente-trabalho-2048x788.jpg 2048w\" sizes=\"(max-width: 1024px) 100vw, 1024px\" \/><\/figure><\/div>\n\n\n<p><strong>ESG no ambiente de trabalho<\/strong> tornou-se prioridade para empresas que desejam crescer, atrair talentos e fortalecer sua reputa\u00e7\u00e3o. Portanto, a Arquitetura desempenha um papel essencial nesse processo. Al\u00e9m disso, solu\u00e7\u00f5es bem planejadas reduzem impactos ambientais, melhoram a cultura interna e refor\u00e7am a governan\u00e7a por meio de <strong>espa\u00e7os eficientes e transparentes<\/strong>.<\/p>\n\n\n\n<p>A seguir, apresentamos 12 solu\u00e7\u00f5es arquitet\u00f4nicas&nbsp; que colocam o ESG em pr\u00e1tica de forma real e mensur\u00e1vel.<\/p>\n\n\n\n<h2 class=\"wp-block-heading\">1. Materiais sustent\u00e1veis e de baixo carbono<\/h2>\n\n\n\n<p>A escolha de materiais \u00e9 uma etapa de suma import\u00e2ncia. Assim, o foco deve estar em itens reciclados, certificados e de baixa emiss\u00e3o. A sele\u00e7\u00e3o consciente <strong>reduzir\u00e1 o carbono incorporado da obra<\/strong>.<\/p>\n\n\n\n<h3 class=\"wp-block-heading\">2. Gest\u00e3o eficiente de energia<\/h3>\n\n\n\n<p>Projetos que priorizam <a href=\"https:\/\/www.dabusarquitetura.com.br\/blog\/como-otimizar-iluminacao-natural-ambiente-trabalho\/\"><strong>ilumina\u00e7\u00e3o natural<\/strong><\/a>, sensores, LEDs e automa\u00e7\u00e3o energ\u00e9tica fortalecem o pilar ambiental. Al\u00e9m disso, <strong>diminuem custos<\/strong> e aumentam o conforto dos colaboradores.<\/p>\n\n\n\n<h3 class=\"wp-block-heading\">3. Reuso e economia de \u00e1gua<\/h3>\n\n\n\n<p>Banheiros inteligentes, torneiras autom\u00e1ticas e sistemas de reuso impactam diretamente a estrat\u00e9gia ESG. Contudo, \u00e9 vital que <strong>o projeto integre essas solu\u00e7\u00f5es desde o in\u00edcio<\/strong> para evitar desperd\u00edcios e retrabalhos.<\/p>\n\n\n\n<h3 class=\"wp-block-heading\">4. Biofilia aplicada<\/h3>\n\n\n\n<p><em>Plant walls<\/em>, jardins internos e materiais naturais aumentam o bem-estar dos usu\u00e1rios. Por isso, a <a href=\"https:\/\/www.dabusarquitetura.com.br\/blog\/o-que-e-biofilia-adotar-arquitetura\/\"><strong>biofilia<\/strong><\/a> tornou-se refer\u00eancia em ambientes corporativos. Al\u00e9m disso, ajuda a <strong>estimular a produtividade<\/strong> e a <strong>reduzir os n\u00edveis de estresse<\/strong>.<\/p>\n\n\n\n<h3 class=\"wp-block-heading\">5. Acessibilidade total<\/h3>\n\n\n\n<p>A inclus\u00e3o \u00e9 parte fundamental do <strong>\u201cS\u201d de ESG.<\/strong> Ent\u00e3o, os projetos corporativos devem garantir circula\u00e7\u00e3o plena, sinaliza\u00e7\u00e3o adequada, mobili\u00e1rio acess\u00edvel e <a href=\"https:\/\/www.dabusarquitetura.com.br\/blog\/conforto-acustico-ambiente-trabalho\/\"><strong>conforto ac\u00fastico<\/strong><\/a>. Entretanto, muitas empresas ainda negligenciam esse ponto.<\/p>\n\n\n\n<h3 class=\"wp-block-heading\">6. Solu\u00e7\u00f5es de ergonomia<\/h3>\n\n\n\n<p>Mobili\u00e1rios ajust\u00e1veis, mesas com altura regul\u00e1vel e zonas de foco elevam a prote\u00e7\u00e3o \u00e0 sa\u00fade. Afinal, a ergonomia \u00e9 uma camada indispens\u00e1vel para o ESG no ambiente de trabalho, j\u00e1 que <strong>evita les\u00f5es e eleva a experi\u00eancia di\u00e1ria<\/strong>.<\/p>\n\n\n\n<h3 class=\"wp-block-heading\">7. Ambientes h\u00edbridos com ocupa\u00e7\u00e3o inteligente<\/h3>\n\n\n\n<p>Hoje, as empresas precisam de <strong>espa\u00e7os flex\u00edveis<\/strong>. Portanto, \u00e1reas modul\u00e1veis, salas \u201cmultiuso\u201d e zonas de trabalho h\u00edbrido <strong>otimizam a ocupa\u00e7\u00e3o<\/strong>. Al\u00e9m disso, reduzem o m\u00b2 necess\u00e1rio e melhoram a governan\u00e7a.<\/p>\n\n\n\n<h3 class=\"wp-block-heading\">8. Gest\u00e3o de res\u00edduos integrada<\/h3>\n\n\n\n<p>A <a href=\"https:\/\/www.dabusarquitetura.com.br\/site\/arquitetura-corporativa\"><strong>Arquitetura Corporativa<\/strong><\/a> pode contribuir com esta\u00e7\u00f5es de coleta bem distribu\u00eddas, \u00e1reas t\u00e9cnicas adequadas e sinaliza\u00e7\u00e3o intuitiva. Desse modo, <strong>torna o descarte consciente algo natural<\/strong> no cotidiano do escrit\u00f3rio.<\/p>\n\n\n\n<h3 class=\"wp-block-heading\">9. Ambientes saud\u00e1veis e com boa qualidade do ar<\/h3>\n\n\n\n<p>Ventila\u00e7\u00e3o cruzada, filtros adequados e monitoramento de CO\u2082 elevam a qualidade do ar. Entretanto, <strong>essas estrat\u00e9gias precisam ser permanentes<\/strong> para gerar valor real.<\/p>\n\n\n\n<h3 class=\"wp-block-heading\">10. Ac\u00fastica de alto desempenho<\/h3>\n\n\n\n<p>Ru\u00eddos prejudicam a concentra\u00e7\u00e3o e a sa\u00fade mental. Para evitar ou combater esses problemas \u00e9 poss\u00edvel recorrer a solu\u00e7\u00f5es como pain\u00e9is ac\u00fasticos, divis\u00f3rias adequadas e materiais absorventes. At\u00e9 mesmo as <strong>rela\u00e7\u00f5es de trabalho ser\u00e3o beneficiadas<\/strong>.<\/p>\n\n\n\n<h3 class=\"wp-block-heading\">11. Espa\u00e7os de conviv\u00eancia<\/h3>\n\n\n\n<p>\u00c1reas de descompress\u00e3o, caf\u00e9s e lounges <strong>fomentam cultura, pertencimento e integra\u00e7\u00e3o<\/strong>. Por isso, s\u00e3o parte importante do componente social do ESG.<\/p>\n\n\n\n<h3 class=\"wp-block-heading\">12. Transpar\u00eancia do espa\u00e7o como ferramenta de governan\u00e7a<\/h3>\n\n\n\n<p>Salas de reuni\u00e3o com visibilidade, \u00e1reas de circula\u00e7\u00e3o claras e sinaliza\u00e7\u00e3o refor\u00e7am a governan\u00e7a. Contudo, \u00e9 necess\u00e1rio equilibrar privacidade e abertura arquitet\u00f4nica. Assim, o projeto deve <strong>considerar rotinas e processos da empresa<\/strong>.<\/p>\n\n\n\n<h3 class=\"wp-block-heading\">Como garantir ESG no ambiente de trabalho?<\/h3>\n\n\n\n<p>ESG no ambiente de trabalho demanda <strong>planejamento, estrat\u00e9gia e boas decis\u00f5es arquitet\u00f4nicas<\/strong>.Vale destacar ainda que espa\u00e7os respons\u00e1veis tornam as empresas mais <strong>competitivas, humanas e inovadoras<\/strong>.&nbsp;<\/p>\n\n\n\n<p>Portanto, ao investir em solu\u00e7\u00f5es conscientes, a organiza\u00e7\u00e3o <strong>fortalece sua cultura, efici\u00eancia e imagem no mercado<\/strong>. Entre em contato com a gente pelo <a href=\"https:\/\/api.whatsapp.com\/send?l=pt&amp;phone=5511983276060\" target=\"_blank\" rel=\"noreferrer noopener\"><strong>WhatsApp 11 98327-6060<\/strong><\/a> e saiba como podemos desenvolver o seu projeto.\u00a0<\/p>\n","protected":false},"excerpt":{"rendered":"<p>ESG no ambiente de trabalho tornou-se prioridade para empresas que desejam crescer, atrair talentos e fortalecer sua reputa\u00e7\u00e3o. Portanto, a Arquitetura desempenha um papel essencial [&hellip;]<\/p>\n","protected":false},"author":3,"featured_media":0,"comment_status":"open","ping_status":"open","sticky":false,"template":"","format":"standard","meta":[],"categories":[1],"tags":[],"yoast_head":"<!-- This site is optimized with the Yoast SEO plugin v20.8 - https:\/\/yoast.com\/wordpress\/plugins\/seo\/ -->\n<title>ESG no ambiente de trabalho: 12 solu\u00e7\u00f5es de Arquitetura<\/title>\n<meta name=\"description\" content=\"Muito se fala em ESG no ambiente de trabalho, mas agora voc\u00ea ver\u00e1 como constru\u00ed-lo na pr\u00e1tica por meio da Arquitetura Corporativa.\" \/>\n<meta name=\"robots\" content=\"index, follow, max-snippet:-1, max-image-preview:large, max-video-preview:-1\" \/>\n<link rel=\"canonical\" href=\"https:\/\/www.dabusarquitetura.com.br\/blog\/esg-no-ambiente-de-trabalho-solucoes\/\" \/>\n<meta property=\"og:locale\" content=\"pt_BR\" \/>\n<meta property=\"og:type\" content=\"article\" \/>\n<meta property=\"og:title\" content=\"ESG no ambiente de trabalho: 12 solu\u00e7\u00f5es de Arquitetura\" \/>\n<meta property=\"og:description\" content=\"Muito se fala em ESG no ambiente de trabalho, mas agora voc\u00ea ver\u00e1 como constru\u00ed-lo na pr\u00e1tica por meio da Arquitetura Corporativa.\" \/>\n<meta property=\"og:url\" content=\"https:\/\/www.dabusarquitetura.com.br\/blog\/esg-no-ambiente-de-trabalho-solucoes\/\" \/>\n<meta property=\"og:site_name\" content=\"DABUS ARQUITETURA\" \/>\n<meta property=\"article:published_time\" content=\"2025-11-24T14:25:01+00:00\" \/>\n<meta property=\"article:modified_time\" content=\"2025-11-24T14:25:02+00:00\" \/>\n<meta property=\"og:image\" content=\"https:\/\/www.dabusarquitetura.com.br\/blog\/wp-content\/uploads\/2025\/11\/esg-ambiente-trabalho-1024x394.jpg\" \/>\n<meta name=\"author\" content=\"heloisa.dabus\" \/>\n<meta name=\"twitter:card\" content=\"summary_large_image\" \/>\n<meta name=\"twitter:label1\" content=\"Escrito por\" \/>\n\t<meta name=\"twitter:data1\" content=\"heloisa.dabus\" \/>\n\t<meta name=\"twitter:label2\" content=\"Est. tempo de leitura\" \/>\n\t<meta name=\"twitter:data2\" content=\"4 minutos\" \/>\n<script type=\"application\/ld+json\" class=\"yoast-schema-graph\">{\"@context\":\"https:\/\/schema.org\",\"@graph\":[{\"@type\":\"WebPage\",\"@id\":\"https:\/\/www.dabusarquitetura.com.br\/blog\/esg-no-ambiente-de-trabalho-solucoes\/\",\"url\":\"https:\/\/www.dabusarquitetura.com.br\/blog\/esg-no-ambiente-de-trabalho-solucoes\/\",\"name\":\"ESG no ambiente de trabalho: 12 solu\u00e7\u00f5es de Arquitetura\",\"isPartOf\":{\"@id\":\"https:\/\/www.dabusarquitetura.com.br\/blog\/#website\"},\"datePublished\":\"2025-11-24T14:25:01+00:00\",\"dateModified\":\"2025-11-24T14:25:02+00:00\",\"author\":{\"@id\":\"https:\/\/www.dabusarquitetura.com.br\/blog\/#\/schema\/person\/978b78d74759412a1cd43634996237c4\"},\"description\":\"Muito se fala em ESG no ambiente de trabalho, mas agora voc\u00ea ver\u00e1 como constru\u00ed-lo na pr\u00e1tica por meio da Arquitetura Corporativa.\",\"breadcrumb\":{\"@id\":\"https:\/\/www.dabusarquitetura.com.br\/blog\/esg-no-ambiente-de-trabalho-solucoes\/#breadcrumb\"},\"inLanguage\":\"pt-BR\",\"potentialAction\":[{\"@type\":\"ReadAction\",\"target\":[\"https:\/\/www.dabusarquitetura.com.br\/blog\/esg-no-ambiente-de-trabalho-solucoes\/\"]}]},{\"@type\":\"BreadcrumbList\",\"@id\":\"https:\/\/www.dabusarquitetura.com.br\/blog\/esg-no-ambiente-de-trabalho-solucoes\/#breadcrumb\",\"itemListElement\":[{\"@type\":\"ListItem\",\"position\":1,\"name\":\"In\u00edcio\",\"item\":\"https:\/\/www.dabusarquitetura.com.br\/blog\/\"},{\"@type\":\"ListItem\",\"position\":2,\"name\":\"ESG no ambiente de trabalho: 12 solu\u00e7\u00f5es de Arquitetura\"}]},{\"@type\":\"WebSite\",\"@id\":\"https:\/\/www.dabusarquitetura.com.br\/blog\/#website\",\"url\":\"https:\/\/www.dabusarquitetura.com.br\/blog\/\",\"name\":\"DABUS ARQUITETURA\",\"description\":\"Arquitetura Corporativa\",\"potentialAction\":[{\"@type\":\"SearchAction\",\"target\":{\"@type\":\"EntryPoint\",\"urlTemplate\":\"https:\/\/www.dabusarquitetura.com.br\/blog\/?s={search_term_string}\"},\"query-input\":\"required name=search_term_string\"}],\"inLanguage\":\"pt-BR\"},{\"@type\":\"Person\",\"@id\":\"https:\/\/www.dabusarquitetura.com.br\/blog\/#\/schema\/person\/978b78d74759412a1cd43634996237c4\",\"name\":\"heloisa.dabus\",\"image\":{\"@type\":\"ImageObject\",\"inLanguage\":\"pt-BR\",\"@id\":\"https:\/\/www.dabusarquitetura.com.br\/blog\/#\/schema\/person\/image\/\",\"url\":\"https:\/\/secure.gravatar.com\/avatar\/4078f4f8e54fb70a99a5e9edc642ecb1?s=96&d=mm&r=g\",\"contentUrl\":\"https:\/\/secure.gravatar.com\/avatar\/4078f4f8e54fb70a99a5e9edc642ecb1?s=96&d=mm&r=g\",\"caption\":\"heloisa.dabus\"},\"url\":\"https:\/\/www.dabusarquitetura.com.br\/blog\/author\/heloisa-dabus\/\"}]}<\/script>\n<!-- \/ Yoast SEO plugin. -->","yoast_head_json":{"title":"ESG no ambiente de trabalho: 12 solu\u00e7\u00f5es de Arquitetura","description":"Muito se fala em ESG no ambiente de trabalho, mas agora voc\u00ea ver\u00e1 como constru\u00ed-lo na pr\u00e1tica por meio da Arquitetura Corporativa.","robots":{"index":"index","follow":"follow","max-snippet":"max-snippet:-1","max-image-preview":"max-image-preview:large","max-video-preview":"max-video-preview:-1"},"canonical":"https:\/\/www.dabusarquitetura.com.br\/blog\/esg-no-ambiente-de-trabalho-solucoes\/","og_locale":"pt_BR","og_type":"article","og_title":"ESG no ambiente de trabalho: 12 solu\u00e7\u00f5es de Arquitetura","og_description":"Muito se fala em ESG no ambiente de trabalho, mas agora voc\u00ea ver\u00e1 como constru\u00ed-lo na pr\u00e1tica por meio da Arquitetura Corporativa.","og_url":"https:\/\/www.dabusarquitetura.com.br\/blog\/esg-no-ambiente-de-trabalho-solucoes\/","og_site_name":"DABUS ARQUITETURA","article_published_time":"2025-11-24T14:25:01+00:00","article_modified_time":"2025-11-24T14:25:02+00:00","og_image":[{"url":"https:\/\/www.dabusarquitetura.com.br\/blog\/wp-content\/uploads\/2025\/11\/esg-ambiente-trabalho-1024x394.jpg"}],"author":"heloisa.dabus","twitter_card":"summary_large_image","twitter_misc":{"Escrito por":"heloisa.dabus","Est. tempo de leitura":"4 minutos"},"schema":{"@context":"https:\/\/schema.org","@graph":[{"@type":"WebPage","@id":"https:\/\/www.dabusarquitetura.com.br\/blog\/esg-no-ambiente-de-trabalho-solucoes\/","url":"https:\/\/www.dabusarquitetura.com.br\/blog\/esg-no-ambiente-de-trabalho-solucoes\/","name":"ESG no ambiente de trabalho: 12 solu\u00e7\u00f5es de Arquitetura","isPartOf":{"@id":"https:\/\/www.dabusarquitetura.com.br\/blog\/#website"},"datePublished":"2025-11-24T14:25:01+00:00","dateModified":"2025-11-24T14:25:02+00:00","author":{"@id":"https:\/\/www.dabusarquitetura.com.br\/blog\/#\/schema\/person\/978b78d74759412a1cd43634996237c4"},"description":"Muito se fala em ESG no ambiente de trabalho, mas agora voc\u00ea ver\u00e1 como constru\u00ed-lo na pr\u00e1tica por meio da Arquitetura Corporativa.","breadcrumb":{"@id":"https:\/\/www.dabusarquitetura.com.br\/blog\/esg-no-ambiente-de-trabalho-solucoes\/#breadcrumb"},"inLanguage":"pt-BR","potentialAction":[{"@type":"ReadAction","target":["https:\/\/www.dabusarquitetura.com.br\/blog\/esg-no-ambiente-de-trabalho-solucoes\/"]}]},{"@type":"BreadcrumbList","@id":"https:\/\/www.dabusarquitetura.com.br\/blog\/esg-no-ambiente-de-trabalho-solucoes\/#breadcrumb","itemListElement":[{"@type":"ListItem","position":1,"name":"In\u00edcio","item":"https:\/\/www.dabusarquitetura.com.br\/blog\/"},{"@type":"ListItem","position":2,"name":"ESG no ambiente de trabalho: 12 solu\u00e7\u00f5es de Arquitetura"}]},{"@type":"WebSite","@id":"https:\/\/www.dabusarquitetura.com.br\/blog\/#website","url":"https:\/\/www.dabusarquitetura.com.br\/blog\/","name":"DABUS ARQUITETURA","description":"Arquitetura Corporativa","potentialAction":[{"@type":"SearchAction","target":{"@type":"EntryPoint","urlTemplate":"https:\/\/www.dabusarquitetura.com.br\/blog\/?s={search_term_string}"},"query-input":"required name=search_term_string"}],"inLanguage":"pt-BR"},{"@type":"Person","@id":"https:\/\/www.dabusarquitetura.com.br\/blog\/#\/schema\/person\/978b78d74759412a1cd43634996237c4","name":"heloisa.dabus","image":{"@type":"ImageObject","inLanguage":"pt-BR","@id":"https:\/\/www.dabusarquitetura.com.br\/blog\/#\/schema\/person\/image\/","url":"https:\/\/secure.gravatar.com\/avatar\/4078f4f8e54fb70a99a5e9edc642ecb1?s=96&d=mm&r=g","contentUrl":"https:\/\/secure.gravatar.com\/avatar\/4078f4f8e54fb70a99a5e9edc642ecb1?s=96&d=mm&r=g","caption":"heloisa.dabus"},"url":"https:\/\/www.dabusarquitetura.com.br\/blog\/author\/heloisa-dabus\/"}]}},"_links":{"self":[{"href":"https:\/\/www.dabusarquitetura.com.br\/blog\/wp-json\/wp\/v2\/posts\/17756"}],"collection":[{"href":"https:\/\/www.dabusarquitetura.com.br\/blog\/wp-json\/wp\/v2\/posts"}],"about":[{"href":"https:\/\/www.dabusarquitetura.com.br\/blog\/wp-json\/wp\/v2\/types\/post"}],"author":[{"embeddable":true,"href":"https:\/\/www.dabusarquitetura.com.br\/blog\/wp-json\/wp\/v2\/users\/3"}],"replies":[{"embeddable":true,"href":"https:\/\/www.dabusarquitetura.com.br\/blog\/wp-json\/wp\/v2\/comments?post=17756"}],"version-history":[{"count":3,"href":"https:\/\/www.dabusarquitetura.com.br\/blog\/wp-json\/wp\/v2\/posts\/17756\/revisions"}],"predecessor-version":[{"id":17760,"href":"https:\/\/www.dabusarquitetura.com.br\/blog\/wp-json\/wp\/v2\/posts\/17756\/revisions\/17760"}],"wp:attachment":[{"href":"https:\/\/www.dabusarquitetura.com.br\/blog\/wp-json\/wp\/v2\/media?parent=17756"}],"wp:term":[{"taxonomy":"category","embeddable":true,"href":"https:\/\/www.dabusarquitetura.com.br\/blog\/wp-json\/wp\/v2\/categories?post=17756"},{"taxonomy":"post_tag","embeddable":true,"href":"https:\/\/www.dabusarquitetura.com.br\/blog\/wp-json\/wp\/v2\/tags?post=17756"}],"curies":[{"name":"wp","href":"https:\/\/api.w.org\/{rel}","templated":true}]}}