{"id":17750,"date":"2025-11-17T23:58:01","date_gmt":"2025-11-17T20:58:01","guid":{"rendered":"https:\/\/www.dabusarquitetura.com.br\/blog\/?p=17750"},"modified":"2025-11-17T23:58:08","modified_gmt":"2025-11-17T20:58:08","slug":"escola-em-2026-tendencias-arquitetura","status":"publish","type":"post","link":"https:\/\/www.dabusarquitetura.com.br\/blog\/escola-em-2026-tendencias-arquitetura\/","title":{"rendered":"Escola em 2026: as tend\u00eancias que v\u00e3o influenciar a Arquitetura educacional"},"content":{"rendered":"<div class=\"wp-block-image\">\n<figure class=\"aligncenter size-full\"><img decoding=\"async\" loading=\"lazy\" width=\"1024\" height=\"397\" src=\"https:\/\/www.dabusarquitetura.com.br\/blog\/wp-content\/uploads\/2025\/11\/escola-2026-tendencias.jpg\" alt=\"Tend\u00eancias para a escola em 2026\" class=\"wp-image-17752\" title=\"Imagem gerada por IA\" srcset=\"https:\/\/www.dabusarquitetura.com.br\/blog\/wp-content\/uploads\/2025\/11\/escola-2026-tendencias.jpg 1024w, https:\/\/www.dabusarquitetura.com.br\/blog\/wp-content\/uploads\/2025\/11\/escola-2026-tendencias-300x116.jpg 300w, https:\/\/www.dabusarquitetura.com.br\/blog\/wp-content\/uploads\/2025\/11\/escola-2026-tendencias-768x298.jpg 768w\" sizes=\"(max-width: 1024px) 100vw, 1024px\" \/><\/figure><\/div>\n\n\n<p>A <strong>Arquitetura Escolar<\/strong> vive um momento de mudan\u00e7as profundas. Assim, a <strong>escola em 2026<\/strong> surge como um ambiente mais flex\u00edvel, tecnol\u00f3gico e conectado ao bem-estar dos alunos. O espa\u00e7o deixa de ser apenas um local de ensino. Ele passa a atuar como <strong>ferramenta pedag\u00f3gica e apoio direto<\/strong> \u00e0s novas metodologias educativas.&nbsp;<\/p>\n\n\n\n<p>Nesse sentido, projetar ambientes educacionais alinhados \u00e0s tend\u00eancias de 2026 \u00e9 essencial para garantir institui\u00e7\u00f5es preparadas para o <strong>futuro da aprendizagem<\/strong>. Ent\u00e3o, acompanhe e fique por dentro!<\/p>\n\n\n\n<h2 class=\"wp-block-heading\">A escola em 2026 e seus novos modelos espaciais<\/h2>\n\n\n\n<p>A escola em 2026 adota solu\u00e7\u00f5es flex\u00edveis. Os ambientes se tornam modul\u00e1veis e adapt\u00e1veis a diferentes formatos de ensino. As salas deixam de ter um \u00fanico uso. Podem se transformar rapidamente conforme a atividade. Desse modo, o espa\u00e7o apoia <strong>metodologias ativas, pr\u00e1ticas colaborativas e trabalhos em grupo<\/strong>. Al\u00e9m disso, o mobili\u00e1rio tem papel fundamental. Ele precisa ser leve, ergon\u00f4mico e f\u00e1cil de reorganizar. Assim, <strong>o ambiente estimula a autonomia dos estudantes.<\/strong><\/p>\n\n\n\n<h3 class=\"wp-block-heading\">Sustentabilidade como prioridade<\/h3>\n\n\n\n<p>A escola em 2026 tamb\u00e9m refor\u00e7a o compromisso ambiental. O uso de materiais sustent\u00e1veis ganha destaque, como a madeira engenheirada e os biocomp\u00f3sitos. Contudo, n\u00e3o \u00e9 apenas a escolha do material que importa. Sistemas de ventila\u00e7\u00e3o cruzada, <a href=\"https:\/\/www.dabusarquitetura.com.br\/blog\/influencia-iluminacao-escolar\/\"><strong>ilumina\u00e7\u00e3o natural<\/strong><\/a> e telhados verdes ampliam a efici\u00eancia energ\u00e9tica. Por isso, <strong>a escola se torna mais saud\u00e1vel e econ\u00f4mica<\/strong>. Os espa\u00e7os externos tamb\u00e9m ganham for\u00e7a. Jardins, p\u00e1tios e \u00e1reas ao ar livre favorecem o bem-estar e ampliam as possibilidades pedag\u00f3gicas.<\/p>\n\n\n\n<h3 class=\"wp-block-heading\">Tecnologia integrada ao cotidiano escolar<\/h3>\n\n\n\n<p>A presen\u00e7a da tecnologia se torna central na escola em 2026. Sensores inteligentes monitoram a qualidade do ar. <strong>Sistemas automatizados regulam ilumina\u00e7\u00e3o e climatiza\u00e7\u00e3o<\/strong>. Entretanto, a tecnologia n\u00e3o deve ser vista apenas como ferramenta de gest\u00e3o. Ela tamb\u00e9m apoia as pr\u00e1ticas de ensino. Laborat\u00f3rios <em>maker<\/em>, ambientes para realidade virtual e <em>hubs<\/em> tecnol\u00f3gicos ampliam o repert\u00f3rio de aprendizagem.&nbsp;<\/p>\n\n\n\n<p>Portanto, <strong>o projeto arquitet\u00f4nico precisa prever infraestrutura robusta<\/strong>. Cabeamento, conectividade e espa\u00e7os silenciosos para concentra\u00e7\u00e3o s\u00e3o essenciais.<\/p>\n\n\n\n<h3 class=\"wp-block-heading\">Inclus\u00e3o e bem-estar como diretrizes do projeto<\/h3>\n\n\n\n<p>A inclus\u00e3o \u00e9 um pilar da escola em 2026. O <strong>design universal <\/strong>garante acessibilidade para todos os alunos. Rampas, sinaliza\u00e7\u00f5es t\u00e1teis e mobili\u00e1rio adaptado fazem parte do projeto. Mas a inclus\u00e3o vai al\u00e9m da acessibilidade f\u00edsica. <strong>Ambientes sensoriais <\/strong>contribuem para alunos neurodivergentes. Espa\u00e7os de descanso melhoram o bem-estar emocional. Nesse sentido, a Arquitetura cria condi\u00e7\u00f5es para uma experi\u00eancia mais humana e acolhedora.<\/p>\n\n\n\n<h3 class=\"wp-block-heading\">Constru\u00e7\u00e3o modular e otimiza\u00e7\u00e3o de recursos<\/h3>\n\n\n\n<p>A escola em 2026 utiliza cada vez mais a constru\u00e7\u00e3o modular. Essa solu\u00e7\u00e3o reduz prazos e custos. Al\u00e9m disso, <strong>facilita amplia\u00e7\u00f5es futuras<\/strong>. Os m\u00f3dulos podem crescer conforme a demanda da institui\u00e7\u00e3o. Desse modo, a institui\u00e7\u00e3o se mant\u00e9m atual sem grandes interven\u00e7\u00f5es.<\/p>\n\n\n\n<p>A escola em 2026 representa uma evolu\u00e7\u00e3o no modo de <a href=\"https:\/\/www.dabusarquitetura.com.br\/blog\/projeto-arquitetura-escolar-fourc\/\"><strong>projetar ambientes educacionais<\/strong><\/a>. Sustentabilidade, flexibilidade, tecnologia, inclus\u00e3o e bem-estar formam a base dessa transforma\u00e7\u00e3o.<\/p>\n\n\n\n<p>Para desenvolver um projeto alinhado \u00e0s necessidades da sua institui\u00e7\u00e3o, entre em contato com a gente pelo <a href=\"https:\/\/api.whatsapp.com\/send?l=pt&amp;phone=5511983276060\" target=\"_blank\" rel=\"noreferrer noopener\"><strong>WhatsApp 11 98327-6060<\/strong><\/a>.<\/p>\n","protected":false},"excerpt":{"rendered":"<p>A Arquitetura Escolar vive um momento de mudan\u00e7as profundas. Assim, a escola em 2026 surge como um ambiente mais flex\u00edvel, tecnol\u00f3gico e conectado ao bem-estar [&hellip;]<\/p>\n","protected":false},"author":3,"featured_media":0,"comment_status":"open","ping_status":"open","sticky":false,"template":"","format":"standard","meta":[],"categories":[268],"tags":[],"yoast_head":"<!-- This site is optimized with the Yoast SEO plugin v20.8 - https:\/\/yoast.com\/wordpress\/plugins\/seo\/ -->\n<title>Escola em 2026: as tend\u00eancias que v\u00e3o influenciar a Arquitetura<\/title>\n<meta name=\"description\" content=\"A escola em 2026 ser\u00e1 um ambiente ainda mais diverso. Entenda como a Arquitetura deve acompanhar esse movimento de adapta\u00e7\u00e3o.\" \/>\n<meta name=\"robots\" content=\"index, follow, max-snippet:-1, max-image-preview:large, max-video-preview:-1\" \/>\n<link rel=\"canonical\" href=\"https:\/\/www.dabusarquitetura.com.br\/blog\/escola-em-2026-tendencias-arquitetura\/\" \/>\n<meta property=\"og:locale\" content=\"pt_BR\" \/>\n<meta property=\"og:type\" content=\"article\" \/>\n<meta property=\"og:title\" content=\"Escola em 2026: as tend\u00eancias que v\u00e3o influenciar a Arquitetura\" \/>\n<meta property=\"og:description\" content=\"A escola em 2026 ser\u00e1 um ambiente ainda mais diverso. Entenda como a Arquitetura deve acompanhar esse movimento de adapta\u00e7\u00e3o.\" \/>\n<meta property=\"og:url\" content=\"https:\/\/www.dabusarquitetura.com.br\/blog\/escola-em-2026-tendencias-arquitetura\/\" \/>\n<meta property=\"og:site_name\" content=\"DABUS ARQUITETURA\" \/>\n<meta property=\"article:published_time\" content=\"2025-11-17T20:58:01+00:00\" \/>\n<meta property=\"article:modified_time\" content=\"2025-11-17T20:58:08+00:00\" \/>\n<meta property=\"og:image\" content=\"https:\/\/www.dabusarquitetura.com.br\/blog\/wp-content\/uploads\/2025\/11\/escola-2026-tendencias.jpg\" \/>\n<meta name=\"author\" content=\"heloisa.dabus\" \/>\n<meta name=\"twitter:card\" content=\"summary_large_image\" \/>\n<meta name=\"twitter:label1\" content=\"Escrito por\" \/>\n\t<meta name=\"twitter:data1\" content=\"heloisa.dabus\" \/>\n\t<meta name=\"twitter:label2\" content=\"Est. tempo de leitura\" \/>\n\t<meta name=\"twitter:data2\" content=\"3 minutos\" \/>\n<script type=\"application\/ld+json\" class=\"yoast-schema-graph\">{\"@context\":\"https:\/\/schema.org\",\"@graph\":[{\"@type\":\"WebPage\",\"@id\":\"https:\/\/www.dabusarquitetura.com.br\/blog\/escola-em-2026-tendencias-arquitetura\/\",\"url\":\"https:\/\/www.dabusarquitetura.com.br\/blog\/escola-em-2026-tendencias-arquitetura\/\",\"name\":\"Escola em 2026: as tend\u00eancias que v\u00e3o influenciar a Arquitetura\",\"isPartOf\":{\"@id\":\"https:\/\/www.dabusarquitetura.com.br\/blog\/#website\"},\"datePublished\":\"2025-11-17T20:58:01+00:00\",\"dateModified\":\"2025-11-17T20:58:08+00:00\",\"author\":{\"@id\":\"https:\/\/www.dabusarquitetura.com.br\/blog\/#\/schema\/person\/978b78d74759412a1cd43634996237c4\"},\"description\":\"A escola em 2026 ser\u00e1 um ambiente ainda mais diverso. Entenda como a Arquitetura deve acompanhar esse movimento de adapta\u00e7\u00e3o.\",\"breadcrumb\":{\"@id\":\"https:\/\/www.dabusarquitetura.com.br\/blog\/escola-em-2026-tendencias-arquitetura\/#breadcrumb\"},\"inLanguage\":\"pt-BR\",\"potentialAction\":[{\"@type\":\"ReadAction\",\"target\":[\"https:\/\/www.dabusarquitetura.com.br\/blog\/escola-em-2026-tendencias-arquitetura\/\"]}]},{\"@type\":\"BreadcrumbList\",\"@id\":\"https:\/\/www.dabusarquitetura.com.br\/blog\/escola-em-2026-tendencias-arquitetura\/#breadcrumb\",\"itemListElement\":[{\"@type\":\"ListItem\",\"position\":1,\"name\":\"In\u00edcio\",\"item\":\"https:\/\/www.dabusarquitetura.com.br\/blog\/\"},{\"@type\":\"ListItem\",\"position\":2,\"name\":\"Escola em 2026: as tend\u00eancias que v\u00e3o influenciar a Arquitetura educacional\"}]},{\"@type\":\"WebSite\",\"@id\":\"https:\/\/www.dabusarquitetura.com.br\/blog\/#website\",\"url\":\"https:\/\/www.dabusarquitetura.com.br\/blog\/\",\"name\":\"DABUS ARQUITETURA\",\"description\":\"Arquitetura Corporativa\",\"potentialAction\":[{\"@type\":\"SearchAction\",\"target\":{\"@type\":\"EntryPoint\",\"urlTemplate\":\"https:\/\/www.dabusarquitetura.com.br\/blog\/?s={search_term_string}\"},\"query-input\":\"required name=search_term_string\"}],\"inLanguage\":\"pt-BR\"},{\"@type\":\"Person\",\"@id\":\"https:\/\/www.dabusarquitetura.com.br\/blog\/#\/schema\/person\/978b78d74759412a1cd43634996237c4\",\"name\":\"heloisa.dabus\",\"image\":{\"@type\":\"ImageObject\",\"inLanguage\":\"pt-BR\",\"@id\":\"https:\/\/www.dabusarquitetura.com.br\/blog\/#\/schema\/person\/image\/\",\"url\":\"https:\/\/secure.gravatar.com\/avatar\/4078f4f8e54fb70a99a5e9edc642ecb1?s=96&d=mm&r=g\",\"contentUrl\":\"https:\/\/secure.gravatar.com\/avatar\/4078f4f8e54fb70a99a5e9edc642ecb1?s=96&d=mm&r=g\",\"caption\":\"heloisa.dabus\"},\"url\":\"https:\/\/www.dabusarquitetura.com.br\/blog\/author\/heloisa-dabus\/\"}]}<\/script>\n<!-- \/ Yoast SEO plugin. -->","yoast_head_json":{"title":"Escola em 2026: as tend\u00eancias que v\u00e3o influenciar a Arquitetura","description":"A escola em 2026 ser\u00e1 um ambiente ainda mais diverso. Entenda como a Arquitetura deve acompanhar esse movimento de adapta\u00e7\u00e3o.","robots":{"index":"index","follow":"follow","max-snippet":"max-snippet:-1","max-image-preview":"max-image-preview:large","max-video-preview":"max-video-preview:-1"},"canonical":"https:\/\/www.dabusarquitetura.com.br\/blog\/escola-em-2026-tendencias-arquitetura\/","og_locale":"pt_BR","og_type":"article","og_title":"Escola em 2026: as tend\u00eancias que v\u00e3o influenciar a Arquitetura","og_description":"A escola em 2026 ser\u00e1 um ambiente ainda mais diverso. Entenda como a Arquitetura deve acompanhar esse movimento de adapta\u00e7\u00e3o.","og_url":"https:\/\/www.dabusarquitetura.com.br\/blog\/escola-em-2026-tendencias-arquitetura\/","og_site_name":"DABUS ARQUITETURA","article_published_time":"2025-11-17T20:58:01+00:00","article_modified_time":"2025-11-17T20:58:08+00:00","og_image":[{"url":"https:\/\/www.dabusarquitetura.com.br\/blog\/wp-content\/uploads\/2025\/11\/escola-2026-tendencias.jpg"}],"author":"heloisa.dabus","twitter_card":"summary_large_image","twitter_misc":{"Escrito por":"heloisa.dabus","Est. tempo de leitura":"3 minutos"},"schema":{"@context":"https:\/\/schema.org","@graph":[{"@type":"WebPage","@id":"https:\/\/www.dabusarquitetura.com.br\/blog\/escola-em-2026-tendencias-arquitetura\/","url":"https:\/\/www.dabusarquitetura.com.br\/blog\/escola-em-2026-tendencias-arquitetura\/","name":"Escola em 2026: as tend\u00eancias que v\u00e3o influenciar a Arquitetura","isPartOf":{"@id":"https:\/\/www.dabusarquitetura.com.br\/blog\/#website"},"datePublished":"2025-11-17T20:58:01+00:00","dateModified":"2025-11-17T20:58:08+00:00","author":{"@id":"https:\/\/www.dabusarquitetura.com.br\/blog\/#\/schema\/person\/978b78d74759412a1cd43634996237c4"},"description":"A escola em 2026 ser\u00e1 um ambiente ainda mais diverso. Entenda como a Arquitetura deve acompanhar esse movimento de adapta\u00e7\u00e3o.","breadcrumb":{"@id":"https:\/\/www.dabusarquitetura.com.br\/blog\/escola-em-2026-tendencias-arquitetura\/#breadcrumb"},"inLanguage":"pt-BR","potentialAction":[{"@type":"ReadAction","target":["https:\/\/www.dabusarquitetura.com.br\/blog\/escola-em-2026-tendencias-arquitetura\/"]}]},{"@type":"BreadcrumbList","@id":"https:\/\/www.dabusarquitetura.com.br\/blog\/escola-em-2026-tendencias-arquitetura\/#breadcrumb","itemListElement":[{"@type":"ListItem","position":1,"name":"In\u00edcio","item":"https:\/\/www.dabusarquitetura.com.br\/blog\/"},{"@type":"ListItem","position":2,"name":"Escola em 2026: as tend\u00eancias que v\u00e3o influenciar a Arquitetura educacional"}]},{"@type":"WebSite","@id":"https:\/\/www.dabusarquitetura.com.br\/blog\/#website","url":"https:\/\/www.dabusarquitetura.com.br\/blog\/","name":"DABUS ARQUITETURA","description":"Arquitetura Corporativa","potentialAction":[{"@type":"SearchAction","target":{"@type":"EntryPoint","urlTemplate":"https:\/\/www.dabusarquitetura.com.br\/blog\/?s={search_term_string}"},"query-input":"required name=search_term_string"}],"inLanguage":"pt-BR"},{"@type":"Person","@id":"https:\/\/www.dabusarquitetura.com.br\/blog\/#\/schema\/person\/978b78d74759412a1cd43634996237c4","name":"heloisa.dabus","image":{"@type":"ImageObject","inLanguage":"pt-BR","@id":"https:\/\/www.dabusarquitetura.com.br\/blog\/#\/schema\/person\/image\/","url":"https:\/\/secure.gravatar.com\/avatar\/4078f4f8e54fb70a99a5e9edc642ecb1?s=96&d=mm&r=g","contentUrl":"https:\/\/secure.gravatar.com\/avatar\/4078f4f8e54fb70a99a5e9edc642ecb1?s=96&d=mm&r=g","caption":"heloisa.dabus"},"url":"https:\/\/www.dabusarquitetura.com.br\/blog\/author\/heloisa-dabus\/"}]}},"_links":{"self":[{"href":"https:\/\/www.dabusarquitetura.com.br\/blog\/wp-json\/wp\/v2\/posts\/17750"}],"collection":[{"href":"https:\/\/www.dabusarquitetura.com.br\/blog\/wp-json\/wp\/v2\/posts"}],"about":[{"href":"https:\/\/www.dabusarquitetura.com.br\/blog\/wp-json\/wp\/v2\/types\/post"}],"author":[{"embeddable":true,"href":"https:\/\/www.dabusarquitetura.com.br\/blog\/wp-json\/wp\/v2\/users\/3"}],"replies":[{"embeddable":true,"href":"https:\/\/www.dabusarquitetura.com.br\/blog\/wp-json\/wp\/v2\/comments?post=17750"}],"version-history":[{"count":3,"href":"https:\/\/www.dabusarquitetura.com.br\/blog\/wp-json\/wp\/v2\/posts\/17750\/revisions"}],"predecessor-version":[{"id":17754,"href":"https:\/\/www.dabusarquitetura.com.br\/blog\/wp-json\/wp\/v2\/posts\/17750\/revisions\/17754"}],"wp:attachment":[{"href":"https:\/\/www.dabusarquitetura.com.br\/blog\/wp-json\/wp\/v2\/media?parent=17750"}],"wp:term":[{"taxonomy":"category","embeddable":true,"href":"https:\/\/www.dabusarquitetura.com.br\/blog\/wp-json\/wp\/v2\/categories?post=17750"},{"taxonomy":"post_tag","embeddable":true,"href":"https:\/\/www.dabusarquitetura.com.br\/blog\/wp-json\/wp\/v2\/tags?post=17750"}],"curies":[{"name":"wp","href":"https:\/\/api.w.org\/{rel}","templated":true}]}}