{"id":17711,"date":"2025-10-07T02:48:51","date_gmt":"2025-10-06T23:48:51","guid":{"rendered":"https:\/\/www.dabusarquitetura.com.br\/blog\/?p=17711"},"modified":"2025-11-15T00:40:50","modified_gmt":"2025-11-14T21:40:50","slug":"erros-branding-arquitetonico-como-resolver","status":"publish","type":"post","link":"https:\/\/www.dabusarquitetura.com.br\/blog\/erros-branding-arquitetonico-como-resolver\/","title":{"rendered":"6 erros de branding arquitet\u00f4nico e como resolv\u00ea-los"},"content":{"rendered":"<div class=\"wp-block-image\">\n<figure class=\"aligncenter size-large\"><img decoding=\"async\" loading=\"lazy\" width=\"1024\" height=\"416\" src=\"https:\/\/www.dabusarquitetura.com.br\/blog\/wp-content\/uploads\/2025\/10\/erros-branding-arquitetonico-1024x416.jpg\" alt=\"Erros de branding arquitet\u00f4nico\" class=\"wp-image-17712\" title=\"Imagem meramente ilustrativa\" srcset=\"https:\/\/www.dabusarquitetura.com.br\/blog\/wp-content\/uploads\/2025\/10\/erros-branding-arquitetonico-1024x416.jpg 1024w, https:\/\/www.dabusarquitetura.com.br\/blog\/wp-content\/uploads\/2025\/10\/erros-branding-arquitetonico-300x122.jpg 300w, https:\/\/www.dabusarquitetura.com.br\/blog\/wp-content\/uploads\/2025\/10\/erros-branding-arquitetonico-768x312.jpg 768w, https:\/\/www.dabusarquitetura.com.br\/blog\/wp-content\/uploads\/2025\/10\/erros-branding-arquitetonico-1536x625.jpg 1536w, https:\/\/www.dabusarquitetura.com.br\/blog\/wp-content\/uploads\/2025\/10\/erros-branding-arquitetonico-2048x833.jpg 2048w\" sizes=\"(max-width: 1024px) 100vw, 1024px\" \/><\/figure><\/div>\n\n\n<p>O <strong>branding arquitet\u00f4nico <\/strong>vai muito al\u00e9m da est\u00e9tica. Ele transforma o <strong>espa\u00e7o f\u00edsico em uma extens\u00e3o da marca<\/strong>, conectando prop\u00f3sito, identidade e experi\u00eancia. No entanto, erros comuns podem comprometer a percep\u00e7\u00e3o do p\u00fablico e enfraquecer a comunica\u00e7\u00e3o da empresa.<\/p>\n\n\n\n<p>A seguir, veja os principais equ\u00edvocos \u2014 e como evit\u00e1-los!&nbsp;<\/p>\n\n\n\n<h2 class=\"wp-block-heading\">1. Desalinhamento entre Arquitetura e identidade da marca<\/h2>\n\n\n\n<p>O primeiro erro \u00e9 n\u00e3o refletir a ess\u00eancia da marca no ambiente. Muitas empresas escolhem cores, mobili\u00e1rio e materiais apenas por gosto pessoal. Mas no branding arquitet\u00f4nico, cada escolha deve representar um valor da marca.<\/p>\n\n\n\n<p>Para corrigir isso, comece pelo <strong>brandbook<\/strong>. Em seguida, traduza seus conceitos para o espa\u00e7o f\u00edsico com coer\u00eancia e prop\u00f3sito.<\/p>\n\n\n\n<h3 class=\"wp-block-heading\">2. Excesso de elementos visuais<\/h3>\n\n\n\n<p>Outro problema recorrente \u00e9 o uso exagerado de est\u00edmulos visuais. Murais, texturas e sinaliza\u00e7\u00f5es em excesso confundem o olhar e poluem o ambiente.<br><\/p>\n\n\n\n<p>Assim, prefira uma <strong>comunica\u00e7\u00e3o limpa e equilibrada<\/strong>. Menos \u00e9 mais quando se busca transmitir credibilidade e sofistica\u00e7\u00e3o.<\/p>\n\n\n\n<h3 class=\"wp-block-heading\">3. Ignorar a experi\u00eancia do usu\u00e1rio<\/h3>\n\n\n\n<p>N\u00e3o adianta ter um espa\u00e7o bonito, mas pouco funcional. O branding arquitet\u00f4nico deve pensar na <strong>jornada de quem ocupa e visita o ambiente<\/strong>.<\/p>\n\n\n\n<p>Por isso, avalie fluxos, ergonomia e conforto.<br>A Arquitetura deve <strong>acolher, orientar e inspirar<\/strong> \u2014 n\u00e3o apenas impressionar.<\/p>\n\n\n\n<h3 class=\"wp-block-heading\">4. Falta de integra\u00e7\u00e3o com o digital<\/h3>\n\n\n\n<p>Muitas empresas ainda tratam o espa\u00e7o f\u00edsico e o digital como mundos separados. Contudo, esse \u00e9 um erro grave<\/p>\n\n\n\n<p>A comunica\u00e7\u00e3o precisa ser integrada, com o mesmo tom visual nas redes, no site e no ambiente. Desse modo, a experi\u00eancia do p\u00fablico se torna cont\u00ednua e coerente.<\/p>\n\n\n\n<h3 class=\"wp-block-heading\">5. Desconsiderar a ilumina\u00e7\u00e3o e o impacto sensorial<\/h3>\n\n\n\n<p>Luz \u00e9 comunica\u00e7\u00e3o. Ambientes escuros ou mal iluminados prejudicam a leitura da identidade visual. Al\u00e9m disso, comprometem o bem-estar.<\/p>\n\n\n\n<p>Portanto, invista em uma <strong>ilumina\u00e7\u00e3o estrat\u00e9gica que valorize cores, texturas e detalhes<\/strong>. Ent\u00e3o, o branding arquitet\u00f4nico se tornar\u00e1 completo, envolvendo todos os sentidos.<\/p>\n\n\n\n<h3 class=\"wp-block-heading\">6. N\u00e3o mensurar resultados<\/h3>\n\n\n\n<p>Por fim, um erro frequente \u00e9 n\u00e3o <strong>avaliar o impacto das decis\u00f5es de design<\/strong>. Pesquise a percep\u00e7\u00e3o dos colaboradores e visitantes. Observe como o ambiente influencia comportamentos e engajamento.<\/p>\n\n\n\n<p>Mensurar \u00e9 essencial para ajustar o projeto e manter a marca viva no espa\u00e7o.<\/p>\n\n\n\n<h3 class=\"wp-block-heading\">Transforme seu branding arquitet\u00f4nico e seu espa\u00e7o<\/h3>\n\n\n\n<p>O branding arquitet\u00f4nico \u00e9 uma ferramenta poderosa de comunica\u00e7\u00e3o e posicionamento.<br>Evitar esses erros garante que o ambiente fale pela empresa \u2014 com <strong>autenticidade, clareza e prop\u00f3sito<\/strong>.<\/p>\n\n\n\n<p>Quer construir um espa\u00e7o que traduza a ess\u00eancia da sua marca? Fale com nossa equipe pelo <a href=\"https:\/\/api.whatsapp.com\/send?l=pt&amp;phone=5511983276060\" target=\"_blank\" rel=\"noreferrer noopener\"><strong>WhatsApp 11 98327-6060<\/strong><\/a>.<\/p>\n","protected":false},"excerpt":{"rendered":"<p>O branding arquitet\u00f4nico vai muito al\u00e9m da est\u00e9tica. Ele transforma o espa\u00e7o f\u00edsico em uma extens\u00e3o da marca, conectando prop\u00f3sito, identidade e experi\u00eancia. No entanto, [&hellip;]<\/p>\n","protected":false},"author":3,"featured_media":0,"comment_status":"open","ping_status":"open","sticky":false,"template":"","format":"standard","meta":[],"categories":[281],"tags":[],"yoast_head":"<!-- This site is optimized with the Yoast SEO plugin v20.8 - https:\/\/yoast.com\/wordpress\/plugins\/seo\/ -->\n<title>6 erros de branding arquitet\u00f4nico e como resolv\u00ea-los<\/title>\n<meta name=\"description\" content=\"Conhe\u00e7a as pr\u00e1ticas que comprometem o branding arquitet\u00f4nico e as estrat\u00e9gias para solucion\u00e1-las. Seu neg\u00f3cio e sua marca dependem disso!\" \/>\n<meta name=\"robots\" content=\"index, follow, max-snippet:-1, max-image-preview:large, max-video-preview:-1\" \/>\n<link rel=\"canonical\" href=\"https:\/\/www.dabusarquitetura.com.br\/blog\/erros-branding-arquitetonico-como-resolver\/\" \/>\n<meta property=\"og:locale\" content=\"pt_BR\" \/>\n<meta property=\"og:type\" content=\"article\" \/>\n<meta property=\"og:title\" content=\"6 erros de branding arquitet\u00f4nico e como resolv\u00ea-los\" \/>\n<meta property=\"og:description\" content=\"Conhe\u00e7a as pr\u00e1ticas que comprometem o branding arquitet\u00f4nico e as estrat\u00e9gias para solucion\u00e1-las. Seu neg\u00f3cio e sua marca dependem disso!\" \/>\n<meta property=\"og:url\" content=\"https:\/\/www.dabusarquitetura.com.br\/blog\/erros-branding-arquitetonico-como-resolver\/\" \/>\n<meta property=\"og:site_name\" content=\"DABUS ARQUITETURA\" \/>\n<meta property=\"article:published_time\" content=\"2025-10-06T23:48:51+00:00\" \/>\n<meta property=\"article:modified_time\" content=\"2025-11-14T21:40:50+00:00\" \/>\n<meta property=\"og:image\" content=\"https:\/\/www.dabusarquitetura.com.br\/blog\/wp-content\/uploads\/2025\/10\/erros-branding-arquitetonico-1024x416.jpg\" \/>\n<meta name=\"author\" content=\"heloisa.dabus\" \/>\n<meta name=\"twitter:card\" content=\"summary_large_image\" \/>\n<meta name=\"twitter:label1\" content=\"Escrito por\" \/>\n\t<meta name=\"twitter:data1\" content=\"heloisa.dabus\" \/>\n\t<meta name=\"twitter:label2\" content=\"Est. tempo de leitura\" \/>\n\t<meta name=\"twitter:data2\" content=\"3 minutos\" \/>\n<script type=\"application\/ld+json\" class=\"yoast-schema-graph\">{\"@context\":\"https:\/\/schema.org\",\"@graph\":[{\"@type\":\"WebPage\",\"@id\":\"https:\/\/www.dabusarquitetura.com.br\/blog\/erros-branding-arquitetonico-como-resolver\/\",\"url\":\"https:\/\/www.dabusarquitetura.com.br\/blog\/erros-branding-arquitetonico-como-resolver\/\",\"name\":\"6 erros de branding arquitet\u00f4nico e como resolv\u00ea-los\",\"isPartOf\":{\"@id\":\"https:\/\/www.dabusarquitetura.com.br\/blog\/#website\"},\"datePublished\":\"2025-10-06T23:48:51+00:00\",\"dateModified\":\"2025-11-14T21:40:50+00:00\",\"author\":{\"@id\":\"https:\/\/www.dabusarquitetura.com.br\/blog\/#\/schema\/person\/978b78d74759412a1cd43634996237c4\"},\"description\":\"Conhe\u00e7a as pr\u00e1ticas que comprometem o branding arquitet\u00f4nico e as estrat\u00e9gias para solucion\u00e1-las. Seu neg\u00f3cio e sua marca dependem disso!\",\"breadcrumb\":{\"@id\":\"https:\/\/www.dabusarquitetura.com.br\/blog\/erros-branding-arquitetonico-como-resolver\/#breadcrumb\"},\"inLanguage\":\"pt-BR\",\"potentialAction\":[{\"@type\":\"ReadAction\",\"target\":[\"https:\/\/www.dabusarquitetura.com.br\/blog\/erros-branding-arquitetonico-como-resolver\/\"]}]},{\"@type\":\"BreadcrumbList\",\"@id\":\"https:\/\/www.dabusarquitetura.com.br\/blog\/erros-branding-arquitetonico-como-resolver\/#breadcrumb\",\"itemListElement\":[{\"@type\":\"ListItem\",\"position\":1,\"name\":\"In\u00edcio\",\"item\":\"https:\/\/www.dabusarquitetura.com.br\/blog\/\"},{\"@type\":\"ListItem\",\"position\":2,\"name\":\"6 erros de branding arquitet\u00f4nico e como resolv\u00ea-los\"}]},{\"@type\":\"WebSite\",\"@id\":\"https:\/\/www.dabusarquitetura.com.br\/blog\/#website\",\"url\":\"https:\/\/www.dabusarquitetura.com.br\/blog\/\",\"name\":\"DABUS ARQUITETURA\",\"description\":\"Arquitetura Corporativa\",\"potentialAction\":[{\"@type\":\"SearchAction\",\"target\":{\"@type\":\"EntryPoint\",\"urlTemplate\":\"https:\/\/www.dabusarquitetura.com.br\/blog\/?s={search_term_string}\"},\"query-input\":\"required name=search_term_string\"}],\"inLanguage\":\"pt-BR\"},{\"@type\":\"Person\",\"@id\":\"https:\/\/www.dabusarquitetura.com.br\/blog\/#\/schema\/person\/978b78d74759412a1cd43634996237c4\",\"name\":\"heloisa.dabus\",\"image\":{\"@type\":\"ImageObject\",\"inLanguage\":\"pt-BR\",\"@id\":\"https:\/\/www.dabusarquitetura.com.br\/blog\/#\/schema\/person\/image\/\",\"url\":\"https:\/\/secure.gravatar.com\/avatar\/4078f4f8e54fb70a99a5e9edc642ecb1?s=96&d=mm&r=g\",\"contentUrl\":\"https:\/\/secure.gravatar.com\/avatar\/4078f4f8e54fb70a99a5e9edc642ecb1?s=96&d=mm&r=g\",\"caption\":\"heloisa.dabus\"},\"url\":\"https:\/\/www.dabusarquitetura.com.br\/blog\/author\/heloisa-dabus\/\"}]}<\/script>\n<!-- \/ Yoast SEO plugin. -->","yoast_head_json":{"title":"6 erros de branding arquitet\u00f4nico e como resolv\u00ea-los","description":"Conhe\u00e7a as pr\u00e1ticas que comprometem o branding arquitet\u00f4nico e as estrat\u00e9gias para solucion\u00e1-las. Seu neg\u00f3cio e sua marca dependem disso!","robots":{"index":"index","follow":"follow","max-snippet":"max-snippet:-1","max-image-preview":"max-image-preview:large","max-video-preview":"max-video-preview:-1"},"canonical":"https:\/\/www.dabusarquitetura.com.br\/blog\/erros-branding-arquitetonico-como-resolver\/","og_locale":"pt_BR","og_type":"article","og_title":"6 erros de branding arquitet\u00f4nico e como resolv\u00ea-los","og_description":"Conhe\u00e7a as pr\u00e1ticas que comprometem o branding arquitet\u00f4nico e as estrat\u00e9gias para solucion\u00e1-las. Seu neg\u00f3cio e sua marca dependem disso!","og_url":"https:\/\/www.dabusarquitetura.com.br\/blog\/erros-branding-arquitetonico-como-resolver\/","og_site_name":"DABUS ARQUITETURA","article_published_time":"2025-10-06T23:48:51+00:00","article_modified_time":"2025-11-14T21:40:50+00:00","og_image":[{"url":"https:\/\/www.dabusarquitetura.com.br\/blog\/wp-content\/uploads\/2025\/10\/erros-branding-arquitetonico-1024x416.jpg"}],"author":"heloisa.dabus","twitter_card":"summary_large_image","twitter_misc":{"Escrito por":"heloisa.dabus","Est. tempo de leitura":"3 minutos"},"schema":{"@context":"https:\/\/schema.org","@graph":[{"@type":"WebPage","@id":"https:\/\/www.dabusarquitetura.com.br\/blog\/erros-branding-arquitetonico-como-resolver\/","url":"https:\/\/www.dabusarquitetura.com.br\/blog\/erros-branding-arquitetonico-como-resolver\/","name":"6 erros de branding arquitet\u00f4nico e como resolv\u00ea-los","isPartOf":{"@id":"https:\/\/www.dabusarquitetura.com.br\/blog\/#website"},"datePublished":"2025-10-06T23:48:51+00:00","dateModified":"2025-11-14T21:40:50+00:00","author":{"@id":"https:\/\/www.dabusarquitetura.com.br\/blog\/#\/schema\/person\/978b78d74759412a1cd43634996237c4"},"description":"Conhe\u00e7a as pr\u00e1ticas que comprometem o branding arquitet\u00f4nico e as estrat\u00e9gias para solucion\u00e1-las. Seu neg\u00f3cio e sua marca dependem disso!","breadcrumb":{"@id":"https:\/\/www.dabusarquitetura.com.br\/blog\/erros-branding-arquitetonico-como-resolver\/#breadcrumb"},"inLanguage":"pt-BR","potentialAction":[{"@type":"ReadAction","target":["https:\/\/www.dabusarquitetura.com.br\/blog\/erros-branding-arquitetonico-como-resolver\/"]}]},{"@type":"BreadcrumbList","@id":"https:\/\/www.dabusarquitetura.com.br\/blog\/erros-branding-arquitetonico-como-resolver\/#breadcrumb","itemListElement":[{"@type":"ListItem","position":1,"name":"In\u00edcio","item":"https:\/\/www.dabusarquitetura.com.br\/blog\/"},{"@type":"ListItem","position":2,"name":"6 erros de branding arquitet\u00f4nico e como resolv\u00ea-los"}]},{"@type":"WebSite","@id":"https:\/\/www.dabusarquitetura.com.br\/blog\/#website","url":"https:\/\/www.dabusarquitetura.com.br\/blog\/","name":"DABUS ARQUITETURA","description":"Arquitetura Corporativa","potentialAction":[{"@type":"SearchAction","target":{"@type":"EntryPoint","urlTemplate":"https:\/\/www.dabusarquitetura.com.br\/blog\/?s={search_term_string}"},"query-input":"required name=search_term_string"}],"inLanguage":"pt-BR"},{"@type":"Person","@id":"https:\/\/www.dabusarquitetura.com.br\/blog\/#\/schema\/person\/978b78d74759412a1cd43634996237c4","name":"heloisa.dabus","image":{"@type":"ImageObject","inLanguage":"pt-BR","@id":"https:\/\/www.dabusarquitetura.com.br\/blog\/#\/schema\/person\/image\/","url":"https:\/\/secure.gravatar.com\/avatar\/4078f4f8e54fb70a99a5e9edc642ecb1?s=96&d=mm&r=g","contentUrl":"https:\/\/secure.gravatar.com\/avatar\/4078f4f8e54fb70a99a5e9edc642ecb1?s=96&d=mm&r=g","caption":"heloisa.dabus"},"url":"https:\/\/www.dabusarquitetura.com.br\/blog\/author\/heloisa-dabus\/"}]}},"_links":{"self":[{"href":"https:\/\/www.dabusarquitetura.com.br\/blog\/wp-json\/wp\/v2\/posts\/17711"}],"collection":[{"href":"https:\/\/www.dabusarquitetura.com.br\/blog\/wp-json\/wp\/v2\/posts"}],"about":[{"href":"https:\/\/www.dabusarquitetura.com.br\/blog\/wp-json\/wp\/v2\/types\/post"}],"author":[{"embeddable":true,"href":"https:\/\/www.dabusarquitetura.com.br\/blog\/wp-json\/wp\/v2\/users\/3"}],"replies":[{"embeddable":true,"href":"https:\/\/www.dabusarquitetura.com.br\/blog\/wp-json\/wp\/v2\/comments?post=17711"}],"version-history":[{"count":1,"href":"https:\/\/www.dabusarquitetura.com.br\/blog\/wp-json\/wp\/v2\/posts\/17711\/revisions"}],"predecessor-version":[{"id":17713,"href":"https:\/\/www.dabusarquitetura.com.br\/blog\/wp-json\/wp\/v2\/posts\/17711\/revisions\/17713"}],"wp:attachment":[{"href":"https:\/\/www.dabusarquitetura.com.br\/blog\/wp-json\/wp\/v2\/media?parent=17711"}],"wp:term":[{"taxonomy":"category","embeddable":true,"href":"https:\/\/www.dabusarquitetura.com.br\/blog\/wp-json\/wp\/v2\/categories?post=17711"},{"taxonomy":"post_tag","embeddable":true,"href":"https:\/\/www.dabusarquitetura.com.br\/blog\/wp-json\/wp\/v2\/tags?post=17711"}],"curies":[{"name":"wp","href":"https:\/\/api.w.org\/{rel}","templated":true}]}}