{"id":17693,"date":"2025-09-17T16:48:03","date_gmt":"2025-09-17T13:48:03","guid":{"rendered":"https:\/\/www.dabusarquitetura.com.br\/blog\/?p=17693"},"modified":"2025-11-15T00:39:19","modified_gmt":"2025-11-14T21:39:19","slug":"repertorio-do-arquiteto-impactos-avaliar","status":"publish","type":"post","link":"https:\/\/www.dabusarquitetura.com.br\/blog\/repertorio-do-arquiteto-impactos-avaliar\/","title":{"rendered":"Repert\u00f3rio do arquiteto: impactos e como avaliar"},"content":{"rendered":"<div class=\"wp-block-image\">\n<figure class=\"aligncenter size-large\"><img decoding=\"async\" loading=\"lazy\" width=\"1024\" height=\"410\" src=\"https:\/\/www.dabusarquitetura.com.br\/blog\/wp-content\/uploads\/2025\/09\/repertorio-arquiteto-1024x410.jpg\" alt=\"Repert\u00f3rio do arquiteto\" class=\"wp-image-17695\" title=\"Imagem gerada por IA\" srcset=\"https:\/\/www.dabusarquitetura.com.br\/blog\/wp-content\/uploads\/2025\/09\/repertorio-arquiteto-1024x410.jpg 1024w, https:\/\/www.dabusarquitetura.com.br\/blog\/wp-content\/uploads\/2025\/09\/repertorio-arquiteto-300x120.jpg 300w, https:\/\/www.dabusarquitetura.com.br\/blog\/wp-content\/uploads\/2025\/09\/repertorio-arquiteto-768x308.jpg 768w, https:\/\/www.dabusarquitetura.com.br\/blog\/wp-content\/uploads\/2025\/09\/repertorio-arquiteto.jpg 1536w\" sizes=\"(max-width: 1024px) 100vw, 1024px\" \/><\/figure><\/div>\n\n\n<p>O <strong>repert\u00f3rio do arquiteto <\/strong>\u00e9 um dos fatores que mais influenciam na qualidade de um projeto. Ele se forma a partir de viv\u00eancias, estudos, experi\u00eancias profissionais e culturais que moldam a vis\u00e3o diante de cada desafio. Assim, quanto mais amplo, consistente e bem trabalhado, maior a capacidade do arquiteto de <strong>propor solu\u00e7\u00f5es criativas, funcionais e inovadoras<\/strong>.<\/p>\n\n\n\n<p>Esse repert\u00f3rio n\u00e3o se limita apenas a refer\u00eancias visuais. Mas envolve t\u00e9cnica, cultura, sensibilidade est\u00e9tica, dom\u00ednio de normas e, sobretudo, <strong>capacidade de compreender pessoas e contextos<\/strong>. Ent\u00e3o, avaliar esse conjunto \u00e9 fundamental para quem busca contratar um profissional ou entender melhor como sua atua\u00e7\u00e3o se diferencia.<\/p>\n\n\n\n<p>Acompanhe e fique por dentro!<\/p>\n\n\n\n<h2 class=\"wp-block-heading\">Afinal, o que comp\u00f5e o repert\u00f3rio do arquiteto?<\/h2>\n\n\n\n<p>O repert\u00f3rio do arquiteto \u00e9 resultado de um <strong>processo cont\u00ednuo de aprendizado<\/strong>. Portanto, ele se forma com a experi\u00eancia pr\u00e1tica em obras, a an\u00e1lise de diferentes estilos arquitet\u00f4nicos, a visita a espa\u00e7os de refer\u00eancia e at\u00e9 o contato com manifesta\u00e7\u00f5es culturais.<\/p>\n\n\n\n<p>Nesse sentido, <strong>o repert\u00f3rio \u00e9 multidimensional<\/strong>. Por isso, inclui conhecimentos t\u00e9cnicos, como estruturas e materiais. Abrange tamb\u00e9m influ\u00eancias hist\u00f3ricas, tend\u00eancias contempor\u00e2neas e solu\u00e7\u00f5es sustent\u00e1veis. Desse modo, n\u00e3o pode ser visto apenas como est\u00e9tica ou estilo. Trata-se de uma base que d\u00e1 ao profissional seguran\u00e7a e criatividade.<\/p>\n\n\n\n<p>Al\u00e9m disso, o arquiteto utiliza esse repert\u00f3rio como filtro para <strong>adaptar solu\u00e7\u00f5es \u00e0s necessidades do cliente<\/strong>. O mesmo conceito pode ser traduzido de formas distintas dependendo do contexto, do or\u00e7amento ou da fun\u00e7\u00e3o do espa\u00e7o.<\/p>\n\n\n\n<h3 class=\"wp-block-heading\">Impactos de um repert\u00f3rio s\u00f3lido no projeto<\/h3>\n\n\n\n<p>O repert\u00f3rio do arquiteto impacta diretamente o resultado final. Em primeiro lugar, <strong>amplia as possibilidades de cria\u00e7\u00e3o<\/strong>. Afinal, um profissional que conhece diferentes linguagens tem mais recursos para atender perfis variados de clientes.<\/p>\n\n\n\n<p>Em segundo lugar, <strong>reduz riscos<\/strong>. O repert\u00f3rio t\u00e9cnico d\u00e1 ao respons\u00e1vel maior capacidade de prever problemas de obra, <a href=\"https:\/\/www.dabusarquitetura.com.br\/blog\/sustentabilidade-corporativa-como-aplicar-projetos\/\"><strong>indicar materiais adequados<\/strong><\/a> e respeitar normas. Dessa forma, o cliente ganha <strong>seguran\u00e7a em cada decis\u00e3o<\/strong>.<\/p>\n\n\n\n<p>Outro impacto \u00e9 a <strong>valoriza\u00e7\u00e3o do im\u00f3vel<\/strong>. Espa\u00e7os concebidos por arquitetos com repert\u00f3rio rico costumam se destacar pela funcionalidade, pelo conforto e pela est\u00e9tica atemporal. Assim, isso significa que a obra n\u00e3o apenas atende ao presente, mas tamb\u00e9m <strong>se mant\u00e9m relevante no futuro<\/strong>.<\/p>\n\n\n\n<p>Por fim, um repert\u00f3rio consistente fortalece a identidade do profissional. <a href=\"https:\/\/www.dabusarquitetura.com.br\/blog\/arquitetura-autoral-como-desenvolver\/\"><strong>Projetos autorais<\/strong><\/a> ganham assinatura reconhec\u00edvel, o que <strong>aumenta o valor de mercado e transmite confian\u00e7a<\/strong> ao cliente.<\/p>\n\n\n\n<h3 class=\"wp-block-heading\">Mas como avaliar o repert\u00f3rio do arquiteto?<\/h3>\n\n\n\n<p>Ao escolher um arquiteto, \u00e9 importante observar mais do que o portf\u00f3lio de obras finalizadas. O repert\u00f3rio pode ser avaliado por diferentes indicadores.<\/p>\n\n\n\n<p>Primeiro, o <strong>portf\u00f3lio deve ser variado<\/strong> e mostrar capacidade de adapta\u00e7\u00e3o. Ou seja, arquitetos ou escrit\u00f3rios que apresentam projetos residenciais, comerciais e institucionais demonstram versatilidade.<\/p>\n\n\n\n<p>Segundo, \u00e9 essencial perceber <strong>como o arquiteto articula refer\u00eancias<\/strong>. Ele consegue traduzir tend\u00eancias de forma personalizada? Consegue equilibrar est\u00e9tica e funcionalidade? Essas respostas mostram maturidade no uso do repert\u00f3rio.<\/p>\n\n\n\n<p>Outro ponto de an\u00e1lise est\u00e1 na <strong>postura do profissional durante o <\/strong><a href=\"https:\/\/www.dabusarquitetura.com.br\/blog\/briefing-de-arquitetura\/\"><strong>processo de briefing<\/strong><\/a>. Um arquiteto atento, que faz perguntas detalhadas e busca entender a rotina do cliente, revela capacidade de aplicar seu repert\u00f3rio de forma pr\u00e1tica.<\/p>\n\n\n\n<p>Al\u00e9m disso, vale <strong>investigar a forma\u00e7\u00e3o e atualiza\u00e7\u00e3o do arquiteto<\/strong>. Participa\u00e7\u00e3o em cursos, congressos e uso de tecnologias digitais, como BIM e realidade virtual, indicam um repert\u00f3rio em constante evolu\u00e7\u00e3o.<\/p>\n\n\n\n<h3 class=\"wp-block-heading\">A import\u00e2ncia de valorizar o repert\u00f3rio do arquiteto<\/h3>\n\n\n\n<p>O repert\u00f3rio do arquiteto n\u00e3o \u00e9 apenas um conjunto de refer\u00eancias. Ele \u00e9 a soma de experi\u00eancias que garantem inova\u00e7\u00e3o, qualidade e identidade a cada projeto. Assim, valorizar esse aspecto \u00e9 reconhecer que a Arquitetura vai muito al\u00e9m de est\u00e9tica: trata-se de transformar espa\u00e7os em <strong>lugares significativos para viver e trabalhar<\/strong>.<\/p>\n\n\n\n<p>Ao avaliar o repert\u00f3rio, o cliente n\u00e3o est\u00e1 apenas contratando um servi\u00e7o. Est\u00e1 <strong>investindo em vis\u00e3o, sensibilidade e compet\u00eancia<\/strong> que far\u00e3o toda a diferen\u00e7a no resultado. E \u00e9 justamente nesse ponto que a escolha de um profissional de confian\u00e7a se torna decisiva.<\/p>\n\n\n\n<p>Quer transformar seu espa\u00e7o com a experi\u00eancia comprovada e o repert\u00f3rio da <strong>DABUS ARQUITETURA<\/strong>? Ent\u00e3o, fale conosco pelo <a href=\"https:\/\/api.whatsapp.com\/send?l=pt&amp;phone=5511983276060\" target=\"_blank\" rel=\"noreferrer noopener\"><strong>WhatsApp 11 98327-6060<\/strong><\/a>.<\/p>\n","protected":false},"excerpt":{"rendered":"<p>O repert\u00f3rio do arquiteto \u00e9 um dos fatores que mais influenciam na qualidade de um projeto. Ele se forma a partir de viv\u00eancias, estudos, experi\u00eancias [&hellip;]<\/p>\n","protected":false},"author":3,"featured_media":0,"comment_status":"open","ping_status":"open","sticky":false,"template":"","format":"standard","meta":[],"categories":[283],"tags":[],"yoast_head":"<!-- This site is optimized with the Yoast SEO plugin v20.8 - https:\/\/yoast.com\/wordpress\/plugins\/seo\/ -->\n<title>Repert\u00f3rio do arquiteto: impactos e como avaliar<\/title>\n<meta name=\"description\" content=\"O repert\u00f3rio do arquiteto \u00e9 mais uma importante ferramenta desse profissional. Entenda melhor sua import\u00e2ncia e o que levar em considera\u00e7\u00e3o.\" \/>\n<meta name=\"robots\" content=\"index, follow, max-snippet:-1, max-image-preview:large, max-video-preview:-1\" \/>\n<link rel=\"canonical\" href=\"https:\/\/www.dabusarquitetura.com.br\/blog\/repertorio-do-arquiteto-impactos-avaliar\/\" \/>\n<meta property=\"og:locale\" content=\"pt_BR\" \/>\n<meta property=\"og:type\" content=\"article\" \/>\n<meta property=\"og:title\" content=\"Repert\u00f3rio do arquiteto: impactos e como avaliar\" \/>\n<meta property=\"og:description\" content=\"O repert\u00f3rio do arquiteto \u00e9 mais uma importante ferramenta desse profissional. Entenda melhor sua import\u00e2ncia e o que levar em considera\u00e7\u00e3o.\" \/>\n<meta property=\"og:url\" content=\"https:\/\/www.dabusarquitetura.com.br\/blog\/repertorio-do-arquiteto-impactos-avaliar\/\" \/>\n<meta property=\"og:site_name\" content=\"DABUS ARQUITETURA\" \/>\n<meta property=\"article:published_time\" content=\"2025-09-17T13:48:03+00:00\" \/>\n<meta property=\"article:modified_time\" content=\"2025-11-14T21:39:19+00:00\" \/>\n<meta property=\"og:image\" content=\"https:\/\/www.dabusarquitetura.com.br\/blog\/wp-content\/uploads\/2025\/09\/repertorio-arquiteto-1024x410.jpg\" \/>\n<meta name=\"author\" content=\"heloisa.dabus\" \/>\n<meta name=\"twitter:card\" content=\"summary_large_image\" \/>\n<meta name=\"twitter:label1\" content=\"Escrito por\" \/>\n\t<meta name=\"twitter:data1\" content=\"heloisa.dabus\" \/>\n\t<meta name=\"twitter:label2\" content=\"Est. tempo de leitura\" \/>\n\t<meta name=\"twitter:data2\" content=\"4 minutos\" \/>\n<script type=\"application\/ld+json\" class=\"yoast-schema-graph\">{\"@context\":\"https:\/\/schema.org\",\"@graph\":[{\"@type\":\"WebPage\",\"@id\":\"https:\/\/www.dabusarquitetura.com.br\/blog\/repertorio-do-arquiteto-impactos-avaliar\/\",\"url\":\"https:\/\/www.dabusarquitetura.com.br\/blog\/repertorio-do-arquiteto-impactos-avaliar\/\",\"name\":\"Repert\u00f3rio do arquiteto: impactos e como avaliar\",\"isPartOf\":{\"@id\":\"https:\/\/www.dabusarquitetura.com.br\/blog\/#website\"},\"datePublished\":\"2025-09-17T13:48:03+00:00\",\"dateModified\":\"2025-11-14T21:39:19+00:00\",\"author\":{\"@id\":\"https:\/\/www.dabusarquitetura.com.br\/blog\/#\/schema\/person\/978b78d74759412a1cd43634996237c4\"},\"description\":\"O repert\u00f3rio do arquiteto \u00e9 mais uma importante ferramenta desse profissional. Entenda melhor sua import\u00e2ncia e o que levar em considera\u00e7\u00e3o.\",\"breadcrumb\":{\"@id\":\"https:\/\/www.dabusarquitetura.com.br\/blog\/repertorio-do-arquiteto-impactos-avaliar\/#breadcrumb\"},\"inLanguage\":\"pt-BR\",\"potentialAction\":[{\"@type\":\"ReadAction\",\"target\":[\"https:\/\/www.dabusarquitetura.com.br\/blog\/repertorio-do-arquiteto-impactos-avaliar\/\"]}]},{\"@type\":\"BreadcrumbList\",\"@id\":\"https:\/\/www.dabusarquitetura.com.br\/blog\/repertorio-do-arquiteto-impactos-avaliar\/#breadcrumb\",\"itemListElement\":[{\"@type\":\"ListItem\",\"position\":1,\"name\":\"In\u00edcio\",\"item\":\"https:\/\/www.dabusarquitetura.com.br\/blog\/\"},{\"@type\":\"ListItem\",\"position\":2,\"name\":\"Repert\u00f3rio do arquiteto: impactos e como avaliar\"}]},{\"@type\":\"WebSite\",\"@id\":\"https:\/\/www.dabusarquitetura.com.br\/blog\/#website\",\"url\":\"https:\/\/www.dabusarquitetura.com.br\/blog\/\",\"name\":\"DABUS ARQUITETURA\",\"description\":\"Arquitetura Corporativa\",\"potentialAction\":[{\"@type\":\"SearchAction\",\"target\":{\"@type\":\"EntryPoint\",\"urlTemplate\":\"https:\/\/www.dabusarquitetura.com.br\/blog\/?s={search_term_string}\"},\"query-input\":\"required name=search_term_string\"}],\"inLanguage\":\"pt-BR\"},{\"@type\":\"Person\",\"@id\":\"https:\/\/www.dabusarquitetura.com.br\/blog\/#\/schema\/person\/978b78d74759412a1cd43634996237c4\",\"name\":\"heloisa.dabus\",\"image\":{\"@type\":\"ImageObject\",\"inLanguage\":\"pt-BR\",\"@id\":\"https:\/\/www.dabusarquitetura.com.br\/blog\/#\/schema\/person\/image\/\",\"url\":\"https:\/\/secure.gravatar.com\/avatar\/4078f4f8e54fb70a99a5e9edc642ecb1?s=96&d=mm&r=g\",\"contentUrl\":\"https:\/\/secure.gravatar.com\/avatar\/4078f4f8e54fb70a99a5e9edc642ecb1?s=96&d=mm&r=g\",\"caption\":\"heloisa.dabus\"},\"url\":\"https:\/\/www.dabusarquitetura.com.br\/blog\/author\/heloisa-dabus\/\"}]}<\/script>\n<!-- \/ Yoast SEO plugin. -->","yoast_head_json":{"title":"Repert\u00f3rio do arquiteto: impactos e como avaliar","description":"O repert\u00f3rio do arquiteto \u00e9 mais uma importante ferramenta desse profissional. Entenda melhor sua import\u00e2ncia e o que levar em considera\u00e7\u00e3o.","robots":{"index":"index","follow":"follow","max-snippet":"max-snippet:-1","max-image-preview":"max-image-preview:large","max-video-preview":"max-video-preview:-1"},"canonical":"https:\/\/www.dabusarquitetura.com.br\/blog\/repertorio-do-arquiteto-impactos-avaliar\/","og_locale":"pt_BR","og_type":"article","og_title":"Repert\u00f3rio do arquiteto: impactos e como avaliar","og_description":"O repert\u00f3rio do arquiteto \u00e9 mais uma importante ferramenta desse profissional. Entenda melhor sua import\u00e2ncia e o que levar em considera\u00e7\u00e3o.","og_url":"https:\/\/www.dabusarquitetura.com.br\/blog\/repertorio-do-arquiteto-impactos-avaliar\/","og_site_name":"DABUS ARQUITETURA","article_published_time":"2025-09-17T13:48:03+00:00","article_modified_time":"2025-11-14T21:39:19+00:00","og_image":[{"url":"https:\/\/www.dabusarquitetura.com.br\/blog\/wp-content\/uploads\/2025\/09\/repertorio-arquiteto-1024x410.jpg"}],"author":"heloisa.dabus","twitter_card":"summary_large_image","twitter_misc":{"Escrito por":"heloisa.dabus","Est. tempo de leitura":"4 minutos"},"schema":{"@context":"https:\/\/schema.org","@graph":[{"@type":"WebPage","@id":"https:\/\/www.dabusarquitetura.com.br\/blog\/repertorio-do-arquiteto-impactos-avaliar\/","url":"https:\/\/www.dabusarquitetura.com.br\/blog\/repertorio-do-arquiteto-impactos-avaliar\/","name":"Repert\u00f3rio do arquiteto: impactos e como avaliar","isPartOf":{"@id":"https:\/\/www.dabusarquitetura.com.br\/blog\/#website"},"datePublished":"2025-09-17T13:48:03+00:00","dateModified":"2025-11-14T21:39:19+00:00","author":{"@id":"https:\/\/www.dabusarquitetura.com.br\/blog\/#\/schema\/person\/978b78d74759412a1cd43634996237c4"},"description":"O repert\u00f3rio do arquiteto \u00e9 mais uma importante ferramenta desse profissional. Entenda melhor sua import\u00e2ncia e o que levar em considera\u00e7\u00e3o.","breadcrumb":{"@id":"https:\/\/www.dabusarquitetura.com.br\/blog\/repertorio-do-arquiteto-impactos-avaliar\/#breadcrumb"},"inLanguage":"pt-BR","potentialAction":[{"@type":"ReadAction","target":["https:\/\/www.dabusarquitetura.com.br\/blog\/repertorio-do-arquiteto-impactos-avaliar\/"]}]},{"@type":"BreadcrumbList","@id":"https:\/\/www.dabusarquitetura.com.br\/blog\/repertorio-do-arquiteto-impactos-avaliar\/#breadcrumb","itemListElement":[{"@type":"ListItem","position":1,"name":"In\u00edcio","item":"https:\/\/www.dabusarquitetura.com.br\/blog\/"},{"@type":"ListItem","position":2,"name":"Repert\u00f3rio do arquiteto: impactos e como avaliar"}]},{"@type":"WebSite","@id":"https:\/\/www.dabusarquitetura.com.br\/blog\/#website","url":"https:\/\/www.dabusarquitetura.com.br\/blog\/","name":"DABUS ARQUITETURA","description":"Arquitetura Corporativa","potentialAction":[{"@type":"SearchAction","target":{"@type":"EntryPoint","urlTemplate":"https:\/\/www.dabusarquitetura.com.br\/blog\/?s={search_term_string}"},"query-input":"required name=search_term_string"}],"inLanguage":"pt-BR"},{"@type":"Person","@id":"https:\/\/www.dabusarquitetura.com.br\/blog\/#\/schema\/person\/978b78d74759412a1cd43634996237c4","name":"heloisa.dabus","image":{"@type":"ImageObject","inLanguage":"pt-BR","@id":"https:\/\/www.dabusarquitetura.com.br\/blog\/#\/schema\/person\/image\/","url":"https:\/\/secure.gravatar.com\/avatar\/4078f4f8e54fb70a99a5e9edc642ecb1?s=96&d=mm&r=g","contentUrl":"https:\/\/secure.gravatar.com\/avatar\/4078f4f8e54fb70a99a5e9edc642ecb1?s=96&d=mm&r=g","caption":"heloisa.dabus"},"url":"https:\/\/www.dabusarquitetura.com.br\/blog\/author\/heloisa-dabus\/"}]}},"_links":{"self":[{"href":"https:\/\/www.dabusarquitetura.com.br\/blog\/wp-json\/wp\/v2\/posts\/17693"}],"collection":[{"href":"https:\/\/www.dabusarquitetura.com.br\/blog\/wp-json\/wp\/v2\/posts"}],"about":[{"href":"https:\/\/www.dabusarquitetura.com.br\/blog\/wp-json\/wp\/v2\/types\/post"}],"author":[{"embeddable":true,"href":"https:\/\/www.dabusarquitetura.com.br\/blog\/wp-json\/wp\/v2\/users\/3"}],"replies":[{"embeddable":true,"href":"https:\/\/www.dabusarquitetura.com.br\/blog\/wp-json\/wp\/v2\/comments?post=17693"}],"version-history":[{"count":3,"href":"https:\/\/www.dabusarquitetura.com.br\/blog\/wp-json\/wp\/v2\/posts\/17693\/revisions"}],"predecessor-version":[{"id":17697,"href":"https:\/\/www.dabusarquitetura.com.br\/blog\/wp-json\/wp\/v2\/posts\/17693\/revisions\/17697"}],"wp:attachment":[{"href":"https:\/\/www.dabusarquitetura.com.br\/blog\/wp-json\/wp\/v2\/media?parent=17693"}],"wp:term":[{"taxonomy":"category","embeddable":true,"href":"https:\/\/www.dabusarquitetura.com.br\/blog\/wp-json\/wp\/v2\/categories?post=17693"},{"taxonomy":"post_tag","embeddable":true,"href":"https:\/\/www.dabusarquitetura.com.br\/blog\/wp-json\/wp\/v2\/tags?post=17693"}],"curies":[{"name":"wp","href":"https:\/\/api.w.org\/{rel}","templated":true}]}}