{"id":17667,"date":"2025-08-19T02:28:50","date_gmt":"2025-08-18T23:28:50","guid":{"rendered":"https:\/\/www.dabusarquitetura.com.br\/blog\/?p=17667"},"modified":"2025-08-19T02:28:51","modified_gmt":"2025-08-18T23:28:51","slug":"como-implementar-cabines-acusticas-escritorio","status":"publish","type":"post","link":"https:\/\/www.dabusarquitetura.com.br\/blog\/como-implementar-cabines-acusticas-escritorio\/","title":{"rendered":"Como implementar cabines ac\u00fasticas para escrit\u00f3rio?"},"content":{"rendered":"<div class=\"wp-block-image\">\n<figure class=\"aligncenter size-large\"><img decoding=\"async\" loading=\"lazy\" width=\"1024\" height=\"400\" src=\"https:\/\/www.dabusarquitetura.com.br\/blog\/wp-content\/uploads\/2025\/08\/cabines-acusticas-escritorio-1024x400.jpg\" alt=\"Cabines ac\u00fasticas para escrit\u00f3rio?\" class=\"wp-image-17668\" title=\"Projeto da DABUS ARQUITETURA\" srcset=\"https:\/\/www.dabusarquitetura.com.br\/blog\/wp-content\/uploads\/2025\/08\/cabines-acusticas-escritorio-1024x400.jpg 1024w, https:\/\/www.dabusarquitetura.com.br\/blog\/wp-content\/uploads\/2025\/08\/cabines-acusticas-escritorio-300x117.jpg 300w, https:\/\/www.dabusarquitetura.com.br\/blog\/wp-content\/uploads\/2025\/08\/cabines-acusticas-escritorio-768x300.jpg 768w, https:\/\/www.dabusarquitetura.com.br\/blog\/wp-content\/uploads\/2025\/08\/cabines-acusticas-escritorio.jpg 1440w\" sizes=\"(max-width: 1024px) 100vw, 1024px\" \/><figcaption class=\"wp-element-caption\">Projeto da DABUS ARQUITETURA para a Vivest.<\/figcaption><\/figure><\/div>\n\n\n<p>As <strong>cabines ac\u00fasticas<\/strong> se tornaram uma solu\u00e7\u00e3o pr\u00e1tica e eficiente para empresas que buscam melhorar o ambiente de trabalho. Com a rotina h\u00edbrida e a alta demanda por reuni\u00f5es online, ter espa\u00e7os que garantem <strong>privacidade e redu\u00e7\u00e3o de ru\u00eddo<\/strong> deixou de ser um diferencial. Hoje \u00e9 uma necessidade.<\/p>\n\n\n\n<p>Esse tipo de recurso ajuda a evitar distra\u00e7\u00f5es, melhora a concentra\u00e7\u00e3o e <strong>aumenta a produtividade das equipes<\/strong>. Al\u00e9m disso, promove bem-estar, j\u00e1 que funcion\u00e1rios podem contar com um espa\u00e7o adequado para reuni\u00f5es, liga\u00e7\u00f5es ou momentos de foco. Por isso, entender como implementar cabines ac\u00fasticas no escrit\u00f3rio \u00e9 essencial para transformar a rotina corporativa.<\/p>\n\n\n\n<p>A seguir, confira os principais pontos que voc\u00ea deve considerar na hora de adotar essa solu\u00e7\u00e3o.<\/p>\n\n\n\n<h2 class=\"wp-block-heading\">1. Avalie a necessidade real do seu time<\/h2>\n\n\n\n<p>O primeiro passo \u00e9 entender como sua equipe trabalha. H\u00e1 muitas reuni\u00f5es por v\u00eddeo? Os colaboradores sentem falta de <strong>privacidade para liga\u00e7\u00f5es importantes<\/strong>? As reclama\u00e7\u00f5es sobre barulho s\u00e3o frequentes? Se as respostas forem sim, as <a href=\"https:\/\/www.dabusarquitetura.com.br\/blog\/quando-adotar-cabines-de-trabalho\/\"><strong>cabines ac\u00fasticas podem trazer benef\u00edcios imediatos<\/strong><\/a>. Esse diagn\u00f3stico inicial evita desperd\u00edcio de investimento e garante que a solu\u00e7\u00e3o seja aplicada nos locais mais estrat\u00e9gicos.<\/p>\n\n\n\n<h3 class=\"wp-block-heading\">2. Planeje a localiza\u00e7\u00e3o das cabines ac\u00fasticas<\/h3>\n\n\n\n<p>A posi\u00e7\u00e3o dentro do escrit\u00f3rio \u00e9 fundamental. Assim, prefira <strong>\u00e1reas com grande circula\u00e7\u00e3o de pessoas<\/strong>, onde \u00e9 necess\u00e1rio contar com uma quiet zone. Outra op\u00e7\u00e3o \u00e9 instalar pr\u00f3ximo a <strong>setores de atendimento ou de vendas<\/strong>, que utilizam o telefone com frequ\u00eancia. Quando bem localizadas, as cabines ac\u00fasticas resolvem de forma pontual as situa\u00e7\u00f5es de maior desconforto.<\/p>\n\n\n\n<h3 class=\"wp-block-heading\">3. Defina o modelo ideal<\/h3>\n\n\n\n<p>Existem vers\u00f5es individuais, pr\u00f3prias para chamadas r\u00e1pidas, e modelos maiores, que acomodam reuni\u00f5es em grupo. Tamb\u00e9m h\u00e1 cabines que oferecem recursos extras, como ventila\u00e7\u00e3o autom\u00e1tica e conex\u00e3o el\u00e9trica. Portanto, a escolha deve considerar <strong>a rotina da empresa, o n\u00famero de colaboradores e os tipos de atividades realizadas<\/strong>.<\/p>\n\n\n\n<h3 class=\"wp-block-heading\">4. Pense no design e na integra\u00e7\u00e3o<\/h3>\n\n\n\n<p>As cabines ac\u00fasticas n\u00e3o precisam ser apenas funcionais. Afinal, hoje existem op\u00e7\u00f5es modernas, com design diferenciado e materiais sustent\u00e1veis. Desse modo, elas podem <strong>se integrar ao conceito visual do escrit\u00f3rio<\/strong> e at\u00e9 refor\u00e7ar a<strong> <\/strong><a href=\"https:\/\/www.dabusarquitetura.com.br\/blog\/a-clara-identidade-no-escritorio-da-vivest\/\"><strong>identidade da marca<\/strong><\/a>. Ent\u00e3o, al\u00e9m de reduzir o ru\u00eddo, agregam est\u00e9tica e inova\u00e7\u00e3o ao espa\u00e7o.<\/p>\n\n\n\n<h3 class=\"wp-block-heading\">5. Treine a equipe para o uso correto<\/h3>\n\n\n\n<p>Um erro comum \u00e9 instalar cabines ac\u00fasticas sem explicar como utiliz\u00e1-las. Por isso, oriente sobre o tempo de perman\u00eancia, cuidados com a limpeza e a import\u00e2ncia de reservar o local de forma justa. Assim, <strong>o uso ser\u00e1 equilibrado<\/strong> e todos poder\u00e3o aproveitar os benef\u00edcios da solu\u00e7\u00e3o.<\/p>\n\n\n\n<h3 class=\"wp-block-heading\">6. Monitore os resultados<\/h3>\n\n\n\n<p>Depois da implementa\u00e7\u00e3o, <strong>acompanhe o impacto na rotina<\/strong>. Afinal, o time se tornou mais produtivo? As reuni\u00f5es est\u00e3o fluindo melhor? O n\u00edvel de estresse reduziu? Esses feedbacks ajudam a identificar ajustes e a planejar novas instala\u00e7\u00f5es, se necess\u00e1rio.<\/p>\n\n\n\n<p>As cabines ac\u00fasticas s\u00e3o uma ferramenta acess\u00edvel, funcional e estrat\u00e9gica para <strong>empresas que valorizam o bem-estar e a produtividade<\/strong>. Mas \u00e9 imprescind\u00edvel realizar uma implementa\u00e7\u00e3o bem planejada. Desse modo, ser\u00e1 poss\u00edvel transformar o escrit\u00f3rio em um ambiente mais silencioso, eficiente e moderno.<\/p>\n\n\n\n<p>Entre em contato conosco pelo <a href=\"https:\/\/api.whatsapp.com\/send?l=pt&amp;phone=5511983276060\" target=\"_blank\" rel=\"noreferrer noopener\"><strong>WhatsApp 11 98327-6060<\/strong><\/a> e saiba como podemos desenvolver o seu <strong>projeto de Arquitetura Corporativa<\/strong>!<\/p>\n","protected":false},"excerpt":{"rendered":"<p>As cabines ac\u00fasticas se tornaram uma solu\u00e7\u00e3o pr\u00e1tica e eficiente para empresas que buscam melhorar o ambiente de trabalho. Com a rotina h\u00edbrida e a [&hellip;]<\/p>\n","protected":false},"author":3,"featured_media":0,"comment_status":"open","ping_status":"open","sticky":false,"template":"","format":"standard","meta":[],"categories":[7],"tags":[],"yoast_head":"<!-- This site is optimized with the Yoast SEO plugin v20.8 - https:\/\/yoast.com\/wordpress\/plugins\/seo\/ -->\n<title>Como implementar cabines ac\u00fasticas para escrit\u00f3rio?<\/title>\n<meta name=\"description\" content=\"A ado\u00e7\u00e3o de cabines ac\u00fasticas na empresa deve ser planejada. Conhe\u00e7a, hoje, 6 dicas para acertar nesse processo!\" \/>\n<meta name=\"robots\" content=\"index, follow, max-snippet:-1, max-image-preview:large, max-video-preview:-1\" \/>\n<link rel=\"canonical\" href=\"https:\/\/www.dabusarquitetura.com.br\/blog\/como-implementar-cabines-acusticas-escritorio\/\" \/>\n<meta property=\"og:locale\" content=\"pt_BR\" \/>\n<meta property=\"og:type\" content=\"article\" \/>\n<meta property=\"og:title\" content=\"Como implementar cabines ac\u00fasticas para escrit\u00f3rio?\" \/>\n<meta property=\"og:description\" content=\"A ado\u00e7\u00e3o de cabines ac\u00fasticas na empresa deve ser planejada. Conhe\u00e7a, hoje, 6 dicas para acertar nesse processo!\" \/>\n<meta property=\"og:url\" content=\"https:\/\/www.dabusarquitetura.com.br\/blog\/como-implementar-cabines-acusticas-escritorio\/\" \/>\n<meta property=\"og:site_name\" content=\"DABUS ARQUITETURA\" \/>\n<meta property=\"article:published_time\" content=\"2025-08-18T23:28:50+00:00\" \/>\n<meta property=\"article:modified_time\" content=\"2025-08-18T23:28:51+00:00\" \/>\n<meta property=\"og:image\" content=\"https:\/\/www.dabusarquitetura.com.br\/blog\/wp-content\/uploads\/2025\/08\/cabines-acusticas-escritorio-1024x400.jpg\" \/>\n<meta name=\"author\" content=\"heloisa.dabus\" \/>\n<meta name=\"twitter:card\" content=\"summary_large_image\" \/>\n<meta name=\"twitter:label1\" content=\"Escrito por\" \/>\n\t<meta name=\"twitter:data1\" content=\"heloisa.dabus\" \/>\n\t<meta name=\"twitter:label2\" content=\"Est. tempo de leitura\" \/>\n\t<meta name=\"twitter:data2\" content=\"4 minutos\" \/>\n<script type=\"application\/ld+json\" class=\"yoast-schema-graph\">{\"@context\":\"https:\/\/schema.org\",\"@graph\":[{\"@type\":\"WebPage\",\"@id\":\"https:\/\/www.dabusarquitetura.com.br\/blog\/como-implementar-cabines-acusticas-escritorio\/\",\"url\":\"https:\/\/www.dabusarquitetura.com.br\/blog\/como-implementar-cabines-acusticas-escritorio\/\",\"name\":\"Como implementar cabines ac\u00fasticas para escrit\u00f3rio?\",\"isPartOf\":{\"@id\":\"https:\/\/www.dabusarquitetura.com.br\/blog\/#website\"},\"datePublished\":\"2025-08-18T23:28:50+00:00\",\"dateModified\":\"2025-08-18T23:28:51+00:00\",\"author\":{\"@id\":\"https:\/\/www.dabusarquitetura.com.br\/blog\/#\/schema\/person\/978b78d74759412a1cd43634996237c4\"},\"description\":\"A ado\u00e7\u00e3o de cabines ac\u00fasticas na empresa deve ser planejada. Conhe\u00e7a, hoje, 6 dicas para acertar nesse processo!\",\"breadcrumb\":{\"@id\":\"https:\/\/www.dabusarquitetura.com.br\/blog\/como-implementar-cabines-acusticas-escritorio\/#breadcrumb\"},\"inLanguage\":\"pt-BR\",\"potentialAction\":[{\"@type\":\"ReadAction\",\"target\":[\"https:\/\/www.dabusarquitetura.com.br\/blog\/como-implementar-cabines-acusticas-escritorio\/\"]}]},{\"@type\":\"BreadcrumbList\",\"@id\":\"https:\/\/www.dabusarquitetura.com.br\/blog\/como-implementar-cabines-acusticas-escritorio\/#breadcrumb\",\"itemListElement\":[{\"@type\":\"ListItem\",\"position\":1,\"name\":\"In\u00edcio\",\"item\":\"https:\/\/www.dabusarquitetura.com.br\/blog\/\"},{\"@type\":\"ListItem\",\"position\":2,\"name\":\"Como implementar cabines ac\u00fasticas para escrit\u00f3rio?\"}]},{\"@type\":\"WebSite\",\"@id\":\"https:\/\/www.dabusarquitetura.com.br\/blog\/#website\",\"url\":\"https:\/\/www.dabusarquitetura.com.br\/blog\/\",\"name\":\"DABUS ARQUITETURA\",\"description\":\"Arquitetura Corporativa\",\"potentialAction\":[{\"@type\":\"SearchAction\",\"target\":{\"@type\":\"EntryPoint\",\"urlTemplate\":\"https:\/\/www.dabusarquitetura.com.br\/blog\/?s={search_term_string}\"},\"query-input\":\"required name=search_term_string\"}],\"inLanguage\":\"pt-BR\"},{\"@type\":\"Person\",\"@id\":\"https:\/\/www.dabusarquitetura.com.br\/blog\/#\/schema\/person\/978b78d74759412a1cd43634996237c4\",\"name\":\"heloisa.dabus\",\"image\":{\"@type\":\"ImageObject\",\"inLanguage\":\"pt-BR\",\"@id\":\"https:\/\/www.dabusarquitetura.com.br\/blog\/#\/schema\/person\/image\/\",\"url\":\"https:\/\/secure.gravatar.com\/avatar\/4078f4f8e54fb70a99a5e9edc642ecb1?s=96&d=mm&r=g\",\"contentUrl\":\"https:\/\/secure.gravatar.com\/avatar\/4078f4f8e54fb70a99a5e9edc642ecb1?s=96&d=mm&r=g\",\"caption\":\"heloisa.dabus\"},\"url\":\"https:\/\/www.dabusarquitetura.com.br\/blog\/author\/heloisa-dabus\/\"}]}<\/script>\n<!-- \/ Yoast SEO plugin. -->","yoast_head_json":{"title":"Como implementar cabines ac\u00fasticas para escrit\u00f3rio?","description":"A ado\u00e7\u00e3o de cabines ac\u00fasticas na empresa deve ser planejada. Conhe\u00e7a, hoje, 6 dicas para acertar nesse processo!","robots":{"index":"index","follow":"follow","max-snippet":"max-snippet:-1","max-image-preview":"max-image-preview:large","max-video-preview":"max-video-preview:-1"},"canonical":"https:\/\/www.dabusarquitetura.com.br\/blog\/como-implementar-cabines-acusticas-escritorio\/","og_locale":"pt_BR","og_type":"article","og_title":"Como implementar cabines ac\u00fasticas para escrit\u00f3rio?","og_description":"A ado\u00e7\u00e3o de cabines ac\u00fasticas na empresa deve ser planejada. Conhe\u00e7a, hoje, 6 dicas para acertar nesse processo!","og_url":"https:\/\/www.dabusarquitetura.com.br\/blog\/como-implementar-cabines-acusticas-escritorio\/","og_site_name":"DABUS ARQUITETURA","article_published_time":"2025-08-18T23:28:50+00:00","article_modified_time":"2025-08-18T23:28:51+00:00","og_image":[{"url":"https:\/\/www.dabusarquitetura.com.br\/blog\/wp-content\/uploads\/2025\/08\/cabines-acusticas-escritorio-1024x400.jpg"}],"author":"heloisa.dabus","twitter_card":"summary_large_image","twitter_misc":{"Escrito por":"heloisa.dabus","Est. tempo de leitura":"4 minutos"},"schema":{"@context":"https:\/\/schema.org","@graph":[{"@type":"WebPage","@id":"https:\/\/www.dabusarquitetura.com.br\/blog\/como-implementar-cabines-acusticas-escritorio\/","url":"https:\/\/www.dabusarquitetura.com.br\/blog\/como-implementar-cabines-acusticas-escritorio\/","name":"Como implementar cabines ac\u00fasticas para escrit\u00f3rio?","isPartOf":{"@id":"https:\/\/www.dabusarquitetura.com.br\/blog\/#website"},"datePublished":"2025-08-18T23:28:50+00:00","dateModified":"2025-08-18T23:28:51+00:00","author":{"@id":"https:\/\/www.dabusarquitetura.com.br\/blog\/#\/schema\/person\/978b78d74759412a1cd43634996237c4"},"description":"A ado\u00e7\u00e3o de cabines ac\u00fasticas na empresa deve ser planejada. Conhe\u00e7a, hoje, 6 dicas para acertar nesse processo!","breadcrumb":{"@id":"https:\/\/www.dabusarquitetura.com.br\/blog\/como-implementar-cabines-acusticas-escritorio\/#breadcrumb"},"inLanguage":"pt-BR","potentialAction":[{"@type":"ReadAction","target":["https:\/\/www.dabusarquitetura.com.br\/blog\/como-implementar-cabines-acusticas-escritorio\/"]}]},{"@type":"BreadcrumbList","@id":"https:\/\/www.dabusarquitetura.com.br\/blog\/como-implementar-cabines-acusticas-escritorio\/#breadcrumb","itemListElement":[{"@type":"ListItem","position":1,"name":"In\u00edcio","item":"https:\/\/www.dabusarquitetura.com.br\/blog\/"},{"@type":"ListItem","position":2,"name":"Como implementar cabines ac\u00fasticas para escrit\u00f3rio?"}]},{"@type":"WebSite","@id":"https:\/\/www.dabusarquitetura.com.br\/blog\/#website","url":"https:\/\/www.dabusarquitetura.com.br\/blog\/","name":"DABUS ARQUITETURA","description":"Arquitetura Corporativa","potentialAction":[{"@type":"SearchAction","target":{"@type":"EntryPoint","urlTemplate":"https:\/\/www.dabusarquitetura.com.br\/blog\/?s={search_term_string}"},"query-input":"required name=search_term_string"}],"inLanguage":"pt-BR"},{"@type":"Person","@id":"https:\/\/www.dabusarquitetura.com.br\/blog\/#\/schema\/person\/978b78d74759412a1cd43634996237c4","name":"heloisa.dabus","image":{"@type":"ImageObject","inLanguage":"pt-BR","@id":"https:\/\/www.dabusarquitetura.com.br\/blog\/#\/schema\/person\/image\/","url":"https:\/\/secure.gravatar.com\/avatar\/4078f4f8e54fb70a99a5e9edc642ecb1?s=96&d=mm&r=g","contentUrl":"https:\/\/secure.gravatar.com\/avatar\/4078f4f8e54fb70a99a5e9edc642ecb1?s=96&d=mm&r=g","caption":"heloisa.dabus"},"url":"https:\/\/www.dabusarquitetura.com.br\/blog\/author\/heloisa-dabus\/"}]}},"_links":{"self":[{"href":"https:\/\/www.dabusarquitetura.com.br\/blog\/wp-json\/wp\/v2\/posts\/17667"}],"collection":[{"href":"https:\/\/www.dabusarquitetura.com.br\/blog\/wp-json\/wp\/v2\/posts"}],"about":[{"href":"https:\/\/www.dabusarquitetura.com.br\/blog\/wp-json\/wp\/v2\/types\/post"}],"author":[{"embeddable":true,"href":"https:\/\/www.dabusarquitetura.com.br\/blog\/wp-json\/wp\/v2\/users\/3"}],"replies":[{"embeddable":true,"href":"https:\/\/www.dabusarquitetura.com.br\/blog\/wp-json\/wp\/v2\/comments?post=17667"}],"version-history":[{"count":3,"href":"https:\/\/www.dabusarquitetura.com.br\/blog\/wp-json\/wp\/v2\/posts\/17667\/revisions"}],"predecessor-version":[{"id":17671,"href":"https:\/\/www.dabusarquitetura.com.br\/blog\/wp-json\/wp\/v2\/posts\/17667\/revisions\/17671"}],"wp:attachment":[{"href":"https:\/\/www.dabusarquitetura.com.br\/blog\/wp-json\/wp\/v2\/media?parent=17667"}],"wp:term":[{"taxonomy":"category","embeddable":true,"href":"https:\/\/www.dabusarquitetura.com.br\/blog\/wp-json\/wp\/v2\/categories?post=17667"},{"taxonomy":"post_tag","embeddable":true,"href":"https:\/\/www.dabusarquitetura.com.br\/blog\/wp-json\/wp\/v2\/tags?post=17667"}],"curies":[{"name":"wp","href":"https:\/\/api.w.org\/{rel}","templated":true}]}}